{"id":95700,"date":"2016-03-30T18:59:37","date_gmt":"2016-03-30T17:59:37","guid":{"rendered":"http:\/\/www.visit-ulcinj.com\/blog\/?p=95700"},"modified":"2016-03-30T18:59:37","modified_gmt":"2016-03-30T17:59:37","slug":"pobjeda-malazezet-qe-iu-bashkuan-isis-nje-nga-ulqini","status":"publish","type":"post","link":"https:\/\/www.visit-ulcinj.com\/blog\/2016\/03\/30\/pobjeda-malazezet-qe-iu-bashkuan-isis-nje-nga-ulqini\/","title":{"rendered":"Pobjeda: Malazez\u00ebt q\u00eb iu bashkuan ISIS, nj\u00eb nga Ulqini"},"content":{"rendered":"<p><a href=\"http:\/\/www.visit-ulcinj.com\/blog\/wp-content\/uploads\/2016\/03\/Pobjeda-nga-ulqini-ISIS.jpg\"><img loading=\"lazy\" class=\"alignleft wp-image-95701\" src=\"http:\/\/www.visit-ulcinj.com\/blog\/wp-content\/uploads\/2016\/03\/Pobjeda-nga-ulqini-ISIS.jpg\" alt=\"Pobjeda-nga-ulqini-ISIS\" width=\"508\" height=\"276\" \/><\/a>E p\u00ebrditshmja shtet\u00ebrore malazeze \u201cPobjeda\u201d ka publikuar investigimet e saj p\u00ebr shtetasit malazez t\u00eb cil\u00ebt kan\u00eb humbur jet\u00ebn ose luftojn\u00eb n\u00eb Siri, Irak dhe Libi n\u00eb an\u00ebn e organizat\u00ebs terroriste t\u00eb quajtur \u201cShteti Islamik i Irakut dhe Levantit\u201d(ISIL).<\/p>\n<p>Duke u bazuar n\u00eb burime t\u00eb mir\u00ebinformuara, kjo gazet\u00eb p\u00ebrmend emrat e kat\u00ebr shtetasve malazez t\u00eb cil\u00ebt humb\u00ebn jet\u00ebn si p\u00ebrfaq\u00ebsues t\u00eb ISIL-it.<\/p>\n<p>Shtohet q\u00eb edhe tet\u00eb persona nga Mali i Zi luftojn\u00eb dhe se ato konsiderohen t\u00eb \u201czhdukur\u201d.<\/p>\n<p>Nd\u00ebr to \u00ebsht\u00eb edhe nj\u00eb person nga Ulqini, p\u00ebr t\u00eb cilin thuhet se nuk dihet ku ndodhet momentalisht dhe a \u00ebsht\u00eb gjall\u00eb.<\/p>\n<p>Sipas t\u00eb dh\u00ebnave nga Agjencia Komb\u00ebtare e Mbrojtjes e Malit t\u00eb Zi b\u00ebh\u00ebt fjal\u00eb p\u00ebr shtetasin me inicialet S.R, i cili ndodhet n\u00eb Siri q\u00eb n\u00eb fillim t\u00eb vitit 2015.<\/p>\n<p>Po k\u00ebshtu e p\u00ebrditshmja malazeze \u201cPobjeda\u201d v\u00eb n\u00eb dije edhe p\u00ebr l\u00ebvizjet e grupeve radikale islamiste t\u00eb njohur si Vehabi.<\/p>\n<p>T\u00eb cil\u00ebt sipas saj q\u00ebndren e rekrutimit e kan\u00eb n\u00eb Sarajev\u00eb, nd\u00ebrsa l\u00ebvizin n\u00eb drejtim t\u00eb Siris\u00eb p\u00ebrmes qytetit Tutin n\u00eb Serbin\u00eb jug-per\u00ebndimore, Rozhaj\u00ebs n\u00eb veri t\u00eb Malit t\u00eb Zi dhe Ka\u00e7anikut n\u00eb Kosov\u00eb.<\/p>\n<p><strong>ORA NEWS<\/strong><\/p>\n","protected":false},"excerpt":{"rendered":"<p>E p\u00ebrditshmja shtet\u00ebrore malazeze \u201cPobjeda\u201d ka publikuar investigimet e saj p\u00ebr shtetasit malazez t\u00eb cil\u00ebt kan\u00eb humbur jet\u00ebn ose luftojn\u00eb n\u00eb Siri, Irak dhe Libi n\u00eb an\u00ebn e organizat\u00ebs terroriste t\u00eb quajtur \u201cShteti Islamik i Irakut dhe Levantit\u201d(ISIL). Duke u bazuar n\u00eb burime t\u00eb mir\u00ebinformuara, kjo gazet\u00eb p\u00ebrmend emrat e kat\u00ebr shtetasve malazez t\u00eb cil\u00ebt [&hellip;]<\/p>\n","protected":false},"author":1,"featured_media":0,"comment_status":"closed","ping_status":"closed","sticky":false,"template":"","format":"standard","meta":{"spay_email":"","jetpack_publicize_message":"","jetpack_is_tweetstorm":false,"jetpack_publicize_feature_enabled":true},"categories":[2451],"tags":[],"jetpack_publicize_connections":[],"yoast_head":"<!-- This site is optimized with the Yoast SEO plugin v19.1 - https:\/\/yoast.com\/wordpress\/plugins\/seo\/ -->\n<title>Pobjeda: Malazez\u00ebt q\u00eb iu bashkuan ISIS, nj\u00eb nga Ulqini - Lajme nga Ulqini<\/title>\n<meta name=\"description\" content=\"E p\u00ebrditshmja shtet\u00ebrore malazeze \u201cPobjeda\u201d ka publikuar investigimet e saj p\u00ebr shtetasit malazez t\u00eb cil\u00ebt kan\u00eb humbur jet\u00ebn ose luftojn\u00eb n\u00eb Siri, Irak\" \/>\n<meta name=\"robots\" content=\"index, follow, max-snippet:-1, max-image-preview:large, max-video-preview:-1\" \/>\n<link rel=\"canonical\" href=\"https:\/\/www.visit-ulcinj.com\/blog\/2016\/03\/30\/pobjeda-malazezet-qe-iu-bashkuan-isis-nje-nga-ulqini\/\" \/>\n<meta property=\"og:locale\" content=\"en_US\" \/>\n<meta property=\"og:type\" content=\"article\" \/>\n<meta property=\"og:title\" content=\"Pobjeda: Malazez\u00ebt q\u00eb iu bashkuan ISIS, nj\u00eb nga Ulqini - Lajme nga Ulqini\" \/>\n<meta property=\"og:description\" content=\"E p\u00ebrditshmja shtet\u00ebrore malazeze \u201cPobjeda\u201d ka publikuar investigimet e saj p\u00ebr shtetasit malazez t\u00eb cil\u00ebt kan\u00eb humbur jet\u00ebn ose luftojn\u00eb n\u00eb Siri, Irak\" \/>\n<meta property=\"og:url\" content=\"https:\/\/www.visit-ulcinj.com\/blog\/2016\/03\/30\/pobjeda-malazezet-qe-iu-bashkuan-isis-nje-nga-ulqini\/\" \/>\n<meta property=\"og:site_name\" content=\"Lajme nga Ulqini\" \/>\n<meta property=\"article:published_time\" content=\"2016-03-30T17:59:37+00:00\" \/>\n<meta property=\"og:image\" content=\"http:\/\/www.visit-ulcinj.com\/blog\/wp-content\/uploads\/2016\/03\/Pobjeda-nga-ulqini-ISIS.jpg\" \/>\n<meta name=\"twitter:label1\" content=\"Written by\" \/>\n\t<meta name=\"twitter:data1\" content=\"ulqini\" \/>\n\t<meta name=\"twitter:label2\" content=\"Est. reading time\" \/>\n\t<meta name=\"twitter:data2\" content=\"1 minute\" \/>\n<script type=\"application\/ld+json\" class=\"yoast-schema-graph\">{\"@context\":\"https:\/\/schema.org\",\"@graph\":[{\"@type\":\"WebSite\",\"@id\":\"https:\/\/www.visit-ulcinj.com\/blog\/#website\",\"url\":\"https:\/\/www.visit-ulcinj.com\/blog\/\",\"name\":\"Lajme nga Ulqini\",\"description\":\"Lajme,Vijesti,Ulqini,Ulqin,Crna Gora,Mali i Zi\",\"potentialAction\":[{\"@type\":\"SearchAction\",\"target\":{\"@type\":\"EntryPoint\",\"urlTemplate\":\"https:\/\/www.visit-ulcinj.com\/blog\/?s={search_term_string}\"},\"query-input\":\"required name=search_term_string\"}],\"inLanguage\":\"en-US\"},{\"@type\":\"ImageObject\",\"inLanguage\":\"en-US\",\"@id\":\"https:\/\/www.visit-ulcinj.com\/blog\/2016\/03\/30\/pobjeda-malazezet-qe-iu-bashkuan-isis-nje-nga-ulqini\/#primaryimage\",\"url\":\"http:\/\/www.visit-ulcinj.com\/blog\/wp-content\/uploads\/2016\/03\/Pobjeda-nga-ulqini-ISIS.jpg\",\"contentUrl\":\"http:\/\/www.visit-ulcinj.com\/blog\/wp-content\/uploads\/2016\/03\/Pobjeda-nga-ulqini-ISIS.jpg\"},{\"@type\":\"WebPage\",\"@id\":\"https:\/\/www.visit-ulcinj.com\/blog\/2016\/03\/30\/pobjeda-malazezet-qe-iu-bashkuan-isis-nje-nga-ulqini\/#webpage\",\"url\":\"https:\/\/www.visit-ulcinj.com\/blog\/2016\/03\/30\/pobjeda-malazezet-qe-iu-bashkuan-isis-nje-nga-ulqini\/\",\"name\":\"Pobjeda: Malazez\u00ebt q\u00eb iu bashkuan ISIS, nj\u00eb nga Ulqini - Lajme nga Ulqini\",\"isPartOf\":{\"@id\":\"https:\/\/www.visit-ulcinj.com\/blog\/#website\"},\"primaryImageOfPage\":{\"@id\":\"https:\/\/www.visit-ulcinj.com\/blog\/2016\/03\/30\/pobjeda-malazezet-qe-iu-bashkuan-isis-nje-nga-ulqini\/#primaryimage\"},\"datePublished\":\"2016-03-30T17:59:37+00:00\",\"dateModified\":\"2016-03-30T17:59:37+00:00\",\"author\":{\"@id\":\"https:\/\/www.visit-ulcinj.com\/blog\/#\/schema\/person\/dcab619c614d3038751c63bc2aadc06d\"},\"description\":\"E p\u00ebrditshmja shtet\u00ebrore malazeze \u201cPobjeda\u201d ka publikuar investigimet e saj p\u00ebr shtetasit malazez t\u00eb cil\u00ebt kan\u00eb humbur jet\u00ebn ose luftojn\u00eb n\u00eb Siri, Irak\",\"breadcrumb\":{\"@id\":\"https:\/\/www.visit-ulcinj.com\/blog\/2016\/03\/30\/pobjeda-malazezet-qe-iu-bashkuan-isis-nje-nga-ulqini\/#breadcrumb\"},\"inLanguage\":\"en-US\",\"potentialAction\":[{\"@type\":\"ReadAction\",\"target\":[\"https:\/\/www.visit-ulcinj.com\/blog\/2016\/03\/30\/pobjeda-malazezet-qe-iu-bashkuan-isis-nje-nga-ulqini\/\"]}]},{\"@type\":\"BreadcrumbList\",\"@id\":\"https:\/\/www.visit-ulcinj.com\/blog\/2016\/03\/30\/pobjeda-malazezet-qe-iu-bashkuan-isis-nje-nga-ulqini\/#breadcrumb\",\"itemListElement\":[{\"@type\":\"ListItem\",\"position\":1,\"name\":\"Pobjeda: Malazez\u00ebt q\u00eb iu bashkuan ISIS, nj\u00eb nga Ulqini\"}]},{\"@type\":\"Person\",\"@id\":\"https:\/\/www.visit-ulcinj.com\/blog\/#\/schema\/person\/dcab619c614d3038751c63bc2aadc06d\",\"name\":\"ulqini\",\"sameAs\":[\"http:\/\/www.visit-ulcinj.com\"],\"url\":\"https:\/\/www.visit-ulcinj.com\/blog\/author\/admin\/\"}]}<\/script>\n<!-- \/ Yoast SEO plugin. -->","yoast_head_json":{"title":"Pobjeda: Malazez\u00ebt q\u00eb iu bashkuan ISIS, nj\u00eb nga Ulqini - Lajme nga Ulqini","description":"E p\u00ebrditshmja shtet\u00ebrore malazeze \u201cPobjeda\u201d ka publikuar investigimet e saj p\u00ebr shtetasit malazez t\u00eb cil\u00ebt kan\u00eb humbur jet\u00ebn ose luftojn\u00eb n\u00eb Siri, Irak","robots":{"index":"index","follow":"follow","max-snippet":"max-snippet:-1","max-image-preview":"max-image-preview:large","max-video-preview":"max-video-preview:-1"},"canonical":"https:\/\/www.visit-ulcinj.com\/blog\/2016\/03\/30\/pobjeda-malazezet-qe-iu-bashkuan-isis-nje-nga-ulqini\/","og_locale":"en_US","og_type":"article","og_title":"Pobjeda: Malazez\u00ebt q\u00eb iu bashkuan ISIS, nj\u00eb nga Ulqini - Lajme nga Ulqini","og_description":"E p\u00ebrditshmja shtet\u00ebrore malazeze \u201cPobjeda\u201d ka publikuar investigimet e saj p\u00ebr shtetasit malazez t\u00eb cil\u00ebt kan\u00eb humbur jet\u00ebn ose luftojn\u00eb n\u00eb Siri, Irak","og_url":"https:\/\/www.visit-ulcinj.com\/blog\/2016\/03\/30\/pobjeda-malazezet-qe-iu-bashkuan-isis-nje-nga-ulqini\/","og_site_name":"Lajme nga Ulqini","article_published_time":"2016-03-30T17:59:37+00:00","og_image":[{"url":"http:\/\/www.visit-ulcinj.com\/blog\/wp-content\/uploads\/2016\/03\/Pobjeda-nga-ulqini-ISIS.jpg"}],"twitter_misc":{"Written by":"ulqini","Est. reading time":"1 minute"},"schema":{"@context":"https:\/\/schema.org","@graph":[{"@type":"WebSite","@id":"https:\/\/www.visit-ulcinj.com\/blog\/#website","url":"https:\/\/www.visit-ulcinj.com\/blog\/","name":"Lajme nga Ulqini","description":"Lajme,Vijesti,Ulqini,Ulqin,Crna Gora,Mali i Zi","potentialAction":[{"@type":"SearchAction","target":{"@type":"EntryPoint","urlTemplate":"https:\/\/www.visit-ulcinj.com\/blog\/?s={search_term_string}"},"query-input":"required name=search_term_string"}],"inLanguage":"en-US"},{"@type":"ImageObject","inLanguage":"en-US","@id":"https:\/\/www.visit-ulcinj.com\/blog\/2016\/03\/30\/pobjeda-malazezet-qe-iu-bashkuan-isis-nje-nga-ulqini\/#primaryimage","url":"http:\/\/www.visit-ulcinj.com\/blog\/wp-content\/uploads\/2016\/03\/Pobjeda-nga-ulqini-ISIS.jpg","contentUrl":"http:\/\/www.visit-ulcinj.com\/blog\/wp-content\/uploads\/2016\/03\/Pobjeda-nga-ulqini-ISIS.jpg"},{"@type":"WebPage","@id":"https:\/\/www.visit-ulcinj.com\/blog\/2016\/03\/30\/pobjeda-malazezet-qe-iu-bashkuan-isis-nje-nga-ulqini\/#webpage","url":"https:\/\/www.visit-ulcinj.com\/blog\/2016\/03\/30\/pobjeda-malazezet-qe-iu-bashkuan-isis-nje-nga-ulqini\/","name":"Pobjeda: Malazez\u00ebt q\u00eb iu bashkuan ISIS, nj\u00eb nga Ulqini - Lajme nga Ulqini","isPartOf":{"@id":"https:\/\/www.visit-ulcinj.com\/blog\/#website"},"primaryImageOfPage":{"@id":"https:\/\/www.visit-ulcinj.com\/blog\/2016\/03\/30\/pobjeda-malazezet-qe-iu-bashkuan-isis-nje-nga-ulqini\/#primaryimage"},"datePublished":"2016-03-30T17:59:37+00:00","dateModified":"2016-03-30T17:59:37+00:00","author":{"@id":"https:\/\/www.visit-ulcinj.com\/blog\/#\/schema\/person\/dcab619c614d3038751c63bc2aadc06d"},"description":"E p\u00ebrditshmja shtet\u00ebrore malazeze \u201cPobjeda\u201d ka publikuar investigimet e saj p\u00ebr shtetasit malazez t\u00eb cil\u00ebt kan\u00eb humbur jet\u00ebn ose luftojn\u00eb n\u00eb Siri, Irak","breadcrumb":{"@id":"https:\/\/www.visit-ulcinj.com\/blog\/2016\/03\/30\/pobjeda-malazezet-qe-iu-bashkuan-isis-nje-nga-ulqini\/#breadcrumb"},"inLanguage":"en-US","potentialAction":[{"@type":"ReadAction","target":["https:\/\/www.visit-ulcinj.com\/blog\/2016\/03\/30\/pobjeda-malazezet-qe-iu-bashkuan-isis-nje-nga-ulqini\/"]}]},{"@type":"BreadcrumbList","@id":"https:\/\/www.visit-ulcinj.com\/blog\/2016\/03\/30\/pobjeda-malazezet-qe-iu-bashkuan-isis-nje-nga-ulqini\/#breadcrumb","itemListElement":[{"@type":"ListItem","position":1,"name":"Pobjeda: Malazez\u00ebt q\u00eb iu bashkuan ISIS, nj\u00eb nga Ulqini"}]},{"@type":"Person","@id":"https:\/\/www.visit-ulcinj.com\/blog\/#\/schema\/person\/dcab619c614d3038751c63bc2aadc06d","name":"ulqini","sameAs":["http:\/\/www.visit-ulcinj.com"],"url":"https:\/\/www.visit-ulcinj.com\/blog\/author\/admin\/"}]}},"jetpack_featured_media_url":"","jetpack_sharing_enabled":true,"jetpack_shortlink":"https:\/\/wp.me\/pe6lTn-oTy","_links":{"self":[{"href":"https:\/\/www.visit-ulcinj.com\/blog\/wp-json\/wp\/v2\/posts\/95700"}],"collection":[{"href":"https:\/\/www.visit-ulcinj.com\/blog\/wp-json\/wp\/v2\/posts"}],"about":[{"href":"https:\/\/www.visit-ulcinj.com\/blog\/wp-json\/wp\/v2\/types\/post"}],"author":[{"embeddable":true,"href":"https:\/\/www.visit-ulcinj.com\/blog\/wp-json\/wp\/v2\/users\/1"}],"replies":[{"embeddable":true,"href":"https:\/\/www.visit-ulcinj.com\/blog\/wp-json\/wp\/v2\/comments?post=95700"}],"version-history":[{"count":1,"href":"https:\/\/www.visit-ulcinj.com\/blog\/wp-json\/wp\/v2\/posts\/95700\/revisions"}],"predecessor-version":[{"id":95702,"href":"https:\/\/www.visit-ulcinj.com\/blog\/wp-json\/wp\/v2\/posts\/95700\/revisions\/95702"}],"wp:attachment":[{"href":"https:\/\/www.visit-ulcinj.com\/blog\/wp-json\/wp\/v2\/media?parent=95700"}],"wp:term":[{"taxonomy":"category","embeddable":true,"href":"https:\/\/www.visit-ulcinj.com\/blog\/wp-json\/wp\/v2\/categories?post=95700"},{"taxonomy":"post_tag","embeddable":true,"href":"https:\/\/www.visit-ulcinj.com\/blog\/wp-json\/wp\/v2\/tags?post=95700"}],"curies":[{"name":"wp","href":"https:\/\/api.w.org\/{rel}","templated":true}]}}