{"id":95713,"date":"2016-03-31T14:57:51","date_gmt":"2016-03-31T13:57:51","guid":{"rendered":"http:\/\/www.visit-ulcinj.com\/blog\/?p=95713"},"modified":"2016-03-31T15:00:08","modified_gmt":"2016-03-31T14:00:08","slug":"sd-ulcinj-razvoj-grada-mora-biti-za-dobrobit-gradana","status":"publish","type":"post","link":"https:\/\/www.visit-ulcinj.com\/blog\/2016\/03\/31\/sd-ulcinj-razvoj-grada-mora-biti-za-dobrobit-gradana\/","title":{"rendered":"SD Ulcinj: \u201cRazvoj grada mora biti za dobrobit gra\u0111ana\u201d"},"content":{"rendered":"<p><a href=\"http:\/\/www.visit-ulcinj.com\/blog\/wp-content\/uploads\/2016\/03\/Qazim-Hoxhiq-SD-Ulqin-Ulcinj.jpg\"><img loading=\"lazy\" class=\"alignleft wp-image-95709\" src=\"http:\/\/www.visit-ulcinj.com\/blog\/wp-content\/uploads\/2016\/03\/Qazim-Hoxhiq-SD-Ulqin-Ulcinj.jpg\" alt=\"Qazim-Hoxhiq-SD-Ulqin-Ulcinj\" width=\"508\" height=\"389\" srcset=\"https:\/\/www.visit-ulcinj.com\/blog\/wp-content\/uploads\/2016\/03\/Qazim-Hoxhiq-SD-Ulqin-Ulcinj.jpg 652w, https:\/\/www.visit-ulcinj.com\/blog\/wp-content\/uploads\/2016\/03\/Qazim-Hoxhiq-SD-Ulqin-Ulcinj-300x230.jpg 300w\" sizes=\"(max-width: 508px) 100vw, 508px\" \/><\/a>Socijaldemokrate Ulcinja uputile su apel novoformiranoj vlasti da preduzmu sve neophodne korake kako bi grad spremno do\u010dekao predstoje\u0107u turisti\u010dku sezonu, i izrazile zabrinutost zbog mogu\u0107ih negativnih posljedica po istu zbog nesre\u0111enog stanja i jednogodi\u0161nje blokade funkcionisanja lokalne uprave.<\/p>\n<p>Kao grad koji posjeduje najve\u0107i turisti\u010dki potencijal na crnogorskom primorju (po Master planu) Socijaldemokrate smatraju da sada\u0161nja politika grada mora biti usmjerena na to da se prirodni resursi stave u funkciju ekonomskog razvoja ali i optimalno i kontrolisano kori\u0161\u0107enje. Socijaldemokrate poru\u010duju da je, u cilju zadovoljavanja strate\u0161kih, ekonomskih ali i dru\u0161tvenih ciljeva, potrebno stimulisati kreiranje novih linija izvora finasiranja koje c\u0301e biti usmjerene na preduzetnike koji se po prvi put susrijec\u0301u sa tr\u017ei\u0161tem.<\/p>\n<p><a href=\"http:\/\/www.visit-ulcinj.com\/blog\/wp-content\/uploads\/2016\/03\/Konvencija-Konventa-SD-Ulcinj-Ulqin-.jpg\"><img loading=\"lazy\" class=\"alignleft wp-image-95715\" src=\"http:\/\/www.visit-ulcinj.com\/blog\/wp-content\/uploads\/2016\/03\/Konvencija-Konventa-SD-Ulcinj-Ulqin-.jpg\" alt=\"Konvencija-Konventa-SD-Ulcinj-Ulqin-\" width=\"508\" height=\"199\" srcset=\"https:\/\/www.visit-ulcinj.com\/blog\/wp-content\/uploads\/2016\/03\/Konvencija-Konventa-SD-Ulcinj-Ulqin-.jpg 999w, https:\/\/www.visit-ulcinj.com\/blog\/wp-content\/uploads\/2016\/03\/Konvencija-Konventa-SD-Ulcinj-Ulqin--300x118.jpg 300w\" sizes=\"(max-width: 508px) 100vw, 508px\" \/><\/a><br \/>\n\u201cPeriod konfuzija i nestabilnosti je, nadam se, za nama, te novoformirana vlast mora\u00a0 uspostaviti kvalitetno i efikasno funkcionisanje grada, kako bi se gra\u0111anima omogu\u0107ilo da se pripreme za predstoje\u0107u sezonu. Naravno, moraju uspostaviti sistem koji \u0107e biti funkcinalan i stabilan a za dobrobit gra\u0111ana, i na du\u017ei period. Ono \u0161to bih svakako apelovao jeste da se koncentri\u0161u na kori\u0161c\u0301enje prirodnih resursa na na\u010din koji c\u0301e omoguc\u0301iti ostvarenje najpovoljnijih finansijskih i ekonomskih efekata, zadovoljenje parametara odr\u017eivog razvoja i ostvarenje direktnih i indirektnih ekonomskih koristi i za dr\u017eavu i na\u0161e sugra\u0111ane. Naravno,usvajanje prostorno planske dokumentacije predstavlja osnovu za ostvarivanje ciljeva za koju se zala\u017eu Socijaldemokrate Ulcinja\u201d, izjavio je predsjednik Socijaldemokrata Ulcinja, \u0106azim Hod\u017ei\u0107.<\/p>\n<p>&nbsp;<\/p>\n<p><strong>Predsjednik SD OO Ulcinj<\/strong><\/p>\n<p><strong>\u0106azim Hod\u017ei\u0107 \u2013dipl. ecc<\/strong><\/p>\n","protected":false},"excerpt":{"rendered":"<p>Socijaldemokrate Ulcinja uputile su apel novoformiranoj vlasti da preduzmu sve neophodne korake kako bi grad spremno do\u010dekao predstoje\u0107u turisti\u010dku sezonu, i izrazile zabrinutost zbog mogu\u0107ih negativnih posljedica po istu zbog nesre\u0111enog stanja i jednogodi\u0161nje blokade funkcionisanja lokalne uprave. Kao grad koji posjeduje najve\u0107i turisti\u010dki potencijal na crnogorskom primorju (po Master planu) Socijaldemokrate smatraju da sada\u0161nja [&hellip;]<\/p>\n","protected":false},"author":1,"featured_media":0,"comment_status":"closed","ping_status":"closed","sticky":false,"template":"","format":"standard","meta":{"spay_email":"","jetpack_publicize_message":"","jetpack_is_tweetstorm":false,"jetpack_publicize_feature_enabled":true},"categories":[8337],"tags":[],"jetpack_publicize_connections":[],"yoast_head":"<!-- This site is optimized with the Yoast SEO plugin v19.1 - https:\/\/yoast.com\/wordpress\/plugins\/seo\/ -->\n<title>SD Ulcinj: \u201cRazvoj grada mora biti za dobrobit gra\u0111ana\u201d - Lajme nga Ulqini<\/title>\n<meta name=\"description\" content=\"Socijaldemokrate Ulcinja uputile su apel novoformiranoj vlasti da preduzmu sve neophodne korake kako bi grad spremno do\u010dekao predstoje\u0107u turisti\u010dku\" \/>\n<meta name=\"robots\" content=\"index, follow, max-snippet:-1, max-image-preview:large, max-video-preview:-1\" \/>\n<link rel=\"canonical\" href=\"https:\/\/www.visit-ulcinj.com\/blog\/2016\/03\/31\/sd-ulcinj-razvoj-grada-mora-biti-za-dobrobit-gradana\/\" \/>\n<meta property=\"og:locale\" content=\"en_US\" \/>\n<meta property=\"og:type\" content=\"article\" \/>\n<meta property=\"og:title\" content=\"SD Ulcinj: \u201cRazvoj grada mora biti za dobrobit gra\u0111ana\u201d - Lajme nga Ulqini\" \/>\n<meta property=\"og:description\" content=\"Socijaldemokrate Ulcinja uputile su apel novoformiranoj vlasti da preduzmu sve neophodne korake kako bi grad spremno do\u010dekao predstoje\u0107u turisti\u010dku\" \/>\n<meta property=\"og:url\" content=\"https:\/\/www.visit-ulcinj.com\/blog\/2016\/03\/31\/sd-ulcinj-razvoj-grada-mora-biti-za-dobrobit-gradana\/\" \/>\n<meta property=\"og:site_name\" content=\"Lajme nga Ulqini\" \/>\n<meta property=\"article:published_time\" content=\"2016-03-31T13:57:51+00:00\" \/>\n<meta property=\"article:modified_time\" content=\"2016-03-31T14:00:08+00:00\" \/>\n<meta property=\"og:image\" content=\"http:\/\/www.visit-ulcinj.com\/blog\/wp-content\/uploads\/2016\/03\/Qazim-Hoxhiq-SD-Ulqin-Ulcinj.jpg\" \/>\n<meta name=\"twitter:label1\" content=\"Written by\" \/>\n\t<meta name=\"twitter:data1\" content=\"ulqini\" \/>\n\t<meta name=\"twitter:label2\" content=\"Est. reading time\" \/>\n\t<meta name=\"twitter:data2\" content=\"1 minute\" \/>\n<script type=\"application\/ld+json\" class=\"yoast-schema-graph\">{\"@context\":\"https:\/\/schema.org\",\"@graph\":[{\"@type\":\"WebSite\",\"@id\":\"https:\/\/www.visit-ulcinj.com\/blog\/#website\",\"url\":\"https:\/\/www.visit-ulcinj.com\/blog\/\",\"name\":\"Lajme nga Ulqini\",\"description\":\"Lajme,Vijesti,Ulqini,Ulqin,Crna Gora,Mali i Zi\",\"potentialAction\":[{\"@type\":\"SearchAction\",\"target\":{\"@type\":\"EntryPoint\",\"urlTemplate\":\"https:\/\/www.visit-ulcinj.com\/blog\/?s={search_term_string}\"},\"query-input\":\"required name=search_term_string\"}],\"inLanguage\":\"en-US\"},{\"@type\":\"ImageObject\",\"inLanguage\":\"en-US\",\"@id\":\"https:\/\/www.visit-ulcinj.com\/blog\/2016\/03\/31\/sd-ulcinj-razvoj-grada-mora-biti-za-dobrobit-gradana\/#primaryimage\",\"url\":\"https:\/\/www.visit-ulcinj.com\/blog\/wp-content\/uploads\/2016\/03\/Qazim-Hoxhiq-SD-Ulqin-Ulcinj.jpg\",\"contentUrl\":\"https:\/\/www.visit-ulcinj.com\/blog\/wp-content\/uploads\/2016\/03\/Qazim-Hoxhiq-SD-Ulqin-Ulcinj.jpg\",\"width\":652,\"height\":499},{\"@type\":\"WebPage\",\"@id\":\"https:\/\/www.visit-ulcinj.com\/blog\/2016\/03\/31\/sd-ulcinj-razvoj-grada-mora-biti-za-dobrobit-gradana\/#webpage\",\"url\":\"https:\/\/www.visit-ulcinj.com\/blog\/2016\/03\/31\/sd-ulcinj-razvoj-grada-mora-biti-za-dobrobit-gradana\/\",\"name\":\"SD Ulcinj: \u201cRazvoj grada mora biti za dobrobit gra\u0111ana\u201d - Lajme nga Ulqini\",\"isPartOf\":{\"@id\":\"https:\/\/www.visit-ulcinj.com\/blog\/#website\"},\"primaryImageOfPage\":{\"@id\":\"https:\/\/www.visit-ulcinj.com\/blog\/2016\/03\/31\/sd-ulcinj-razvoj-grada-mora-biti-za-dobrobit-gradana\/#primaryimage\"},\"datePublished\":\"2016-03-31T13:57:51+00:00\",\"dateModified\":\"2016-03-31T14:00:08+00:00\",\"author\":{\"@id\":\"https:\/\/www.visit-ulcinj.com\/blog\/#\/schema\/person\/dcab619c614d3038751c63bc2aadc06d\"},\"description\":\"Socijaldemokrate Ulcinja uputile su apel novoformiranoj vlasti da preduzmu sve neophodne korake kako bi grad spremno do\u010dekao predstoje\u0107u turisti\u010dku\",\"breadcrumb\":{\"@id\":\"https:\/\/www.visit-ulcinj.com\/blog\/2016\/03\/31\/sd-ulcinj-razvoj-grada-mora-biti-za-dobrobit-gradana\/#breadcrumb\"},\"inLanguage\":\"en-US\",\"potentialAction\":[{\"@type\":\"ReadAction\",\"target\":[\"https:\/\/www.visit-ulcinj.com\/blog\/2016\/03\/31\/sd-ulcinj-razvoj-grada-mora-biti-za-dobrobit-gradana\/\"]}]},{\"@type\":\"BreadcrumbList\",\"@id\":\"https:\/\/www.visit-ulcinj.com\/blog\/2016\/03\/31\/sd-ulcinj-razvoj-grada-mora-biti-za-dobrobit-gradana\/#breadcrumb\",\"itemListElement\":[{\"@type\":\"ListItem\",\"position\":1,\"name\":\"SD Ulcinj: \u201cRazvoj grada mora biti za dobrobit gra\u0111ana\u201d\"}]},{\"@type\":\"Person\",\"@id\":\"https:\/\/www.visit-ulcinj.com\/blog\/#\/schema\/person\/dcab619c614d3038751c63bc2aadc06d\",\"name\":\"ulqini\",\"sameAs\":[\"http:\/\/www.visit-ulcinj.com\"],\"url\":\"https:\/\/www.visit-ulcinj.com\/blog\/author\/admin\/\"}]}<\/script>\n<!-- \/ Yoast SEO plugin. -->","yoast_head_json":{"title":"SD Ulcinj: \u201cRazvoj grada mora biti za dobrobit gra\u0111ana\u201d - Lajme nga Ulqini","description":"Socijaldemokrate Ulcinja uputile su apel novoformiranoj vlasti da preduzmu sve neophodne korake kako bi grad spremno do\u010dekao predstoje\u0107u turisti\u010dku","robots":{"index":"index","follow":"follow","max-snippet":"max-snippet:-1","max-image-preview":"max-image-preview:large","max-video-preview":"max-video-preview:-1"},"canonical":"https:\/\/www.visit-ulcinj.com\/blog\/2016\/03\/31\/sd-ulcinj-razvoj-grada-mora-biti-za-dobrobit-gradana\/","og_locale":"en_US","og_type":"article","og_title":"SD Ulcinj: \u201cRazvoj grada mora biti za dobrobit gra\u0111ana\u201d - Lajme nga Ulqini","og_description":"Socijaldemokrate Ulcinja uputile su apel novoformiranoj vlasti da preduzmu sve neophodne korake kako bi grad spremno do\u010dekao predstoje\u0107u turisti\u010dku","og_url":"https:\/\/www.visit-ulcinj.com\/blog\/2016\/03\/31\/sd-ulcinj-razvoj-grada-mora-biti-za-dobrobit-gradana\/","og_site_name":"Lajme nga Ulqini","article_published_time":"2016-03-31T13:57:51+00:00","article_modified_time":"2016-03-31T14:00:08+00:00","og_image":[{"url":"http:\/\/www.visit-ulcinj.com\/blog\/wp-content\/uploads\/2016\/03\/Qazim-Hoxhiq-SD-Ulqin-Ulcinj.jpg"}],"twitter_misc":{"Written by":"ulqini","Est. reading time":"1 minute"},"schema":{"@context":"https:\/\/schema.org","@graph":[{"@type":"WebSite","@id":"https:\/\/www.visit-ulcinj.com\/blog\/#website","url":"https:\/\/www.visit-ulcinj.com\/blog\/","name":"Lajme nga Ulqini","description":"Lajme,Vijesti,Ulqini,Ulqin,Crna Gora,Mali i Zi","potentialAction":[{"@type":"SearchAction","target":{"@type":"EntryPoint","urlTemplate":"https:\/\/www.visit-ulcinj.com\/blog\/?s={search_term_string}"},"query-input":"required name=search_term_string"}],"inLanguage":"en-US"},{"@type":"ImageObject","inLanguage":"en-US","@id":"https:\/\/www.visit-ulcinj.com\/blog\/2016\/03\/31\/sd-ulcinj-razvoj-grada-mora-biti-za-dobrobit-gradana\/#primaryimage","url":"https:\/\/www.visit-ulcinj.com\/blog\/wp-content\/uploads\/2016\/03\/Qazim-Hoxhiq-SD-Ulqin-Ulcinj.jpg","contentUrl":"https:\/\/www.visit-ulcinj.com\/blog\/wp-content\/uploads\/2016\/03\/Qazim-Hoxhiq-SD-Ulqin-Ulcinj.jpg","width":652,"height":499},{"@type":"WebPage","@id":"https:\/\/www.visit-ulcinj.com\/blog\/2016\/03\/31\/sd-ulcinj-razvoj-grada-mora-biti-za-dobrobit-gradana\/#webpage","url":"https:\/\/www.visit-ulcinj.com\/blog\/2016\/03\/31\/sd-ulcinj-razvoj-grada-mora-biti-za-dobrobit-gradana\/","name":"SD Ulcinj: \u201cRazvoj grada mora biti za dobrobit gra\u0111ana\u201d - Lajme nga Ulqini","isPartOf":{"@id":"https:\/\/www.visit-ulcinj.com\/blog\/#website"},"primaryImageOfPage":{"@id":"https:\/\/www.visit-ulcinj.com\/blog\/2016\/03\/31\/sd-ulcinj-razvoj-grada-mora-biti-za-dobrobit-gradana\/#primaryimage"},"datePublished":"2016-03-31T13:57:51+00:00","dateModified":"2016-03-31T14:00:08+00:00","author":{"@id":"https:\/\/www.visit-ulcinj.com\/blog\/#\/schema\/person\/dcab619c614d3038751c63bc2aadc06d"},"description":"Socijaldemokrate Ulcinja uputile su apel novoformiranoj vlasti da preduzmu sve neophodne korake kako bi grad spremno do\u010dekao predstoje\u0107u turisti\u010dku","breadcrumb":{"@id":"https:\/\/www.visit-ulcinj.com\/blog\/2016\/03\/31\/sd-ulcinj-razvoj-grada-mora-biti-za-dobrobit-gradana\/#breadcrumb"},"inLanguage":"en-US","potentialAction":[{"@type":"ReadAction","target":["https:\/\/www.visit-ulcinj.com\/blog\/2016\/03\/31\/sd-ulcinj-razvoj-grada-mora-biti-za-dobrobit-gradana\/"]}]},{"@type":"BreadcrumbList","@id":"https:\/\/www.visit-ulcinj.com\/blog\/2016\/03\/31\/sd-ulcinj-razvoj-grada-mora-biti-za-dobrobit-gradana\/#breadcrumb","itemListElement":[{"@type":"ListItem","position":1,"name":"SD Ulcinj: \u201cRazvoj grada mora biti za dobrobit gra\u0111ana\u201d"}]},{"@type":"Person","@id":"https:\/\/www.visit-ulcinj.com\/blog\/#\/schema\/person\/dcab619c614d3038751c63bc2aadc06d","name":"ulqini","sameAs":["http:\/\/www.visit-ulcinj.com"],"url":"https:\/\/www.visit-ulcinj.com\/blog\/author\/admin\/"}]}},"jetpack_featured_media_url":"","jetpack_sharing_enabled":true,"jetpack_shortlink":"https:\/\/wp.me\/pe6lTn-oTL","_links":{"self":[{"href":"https:\/\/www.visit-ulcinj.com\/blog\/wp-json\/wp\/v2\/posts\/95713"}],"collection":[{"href":"https:\/\/www.visit-ulcinj.com\/blog\/wp-json\/wp\/v2\/posts"}],"about":[{"href":"https:\/\/www.visit-ulcinj.com\/blog\/wp-json\/wp\/v2\/types\/post"}],"author":[{"embeddable":true,"href":"https:\/\/www.visit-ulcinj.com\/blog\/wp-json\/wp\/v2\/users\/1"}],"replies":[{"embeddable":true,"href":"https:\/\/www.visit-ulcinj.com\/blog\/wp-json\/wp\/v2\/comments?post=95713"}],"version-history":[{"count":3,"href":"https:\/\/www.visit-ulcinj.com\/blog\/wp-json\/wp\/v2\/posts\/95713\/revisions"}],"predecessor-version":[{"id":95717,"href":"https:\/\/www.visit-ulcinj.com\/blog\/wp-json\/wp\/v2\/posts\/95713\/revisions\/95717"}],"wp:attachment":[{"href":"https:\/\/www.visit-ulcinj.com\/blog\/wp-json\/wp\/v2\/media?parent=95713"}],"wp:term":[{"taxonomy":"category","embeddable":true,"href":"https:\/\/www.visit-ulcinj.com\/blog\/wp-json\/wp\/v2\/categories?post=95713"},{"taxonomy":"post_tag","embeddable":true,"href":"https:\/\/www.visit-ulcinj.com\/blog\/wp-json\/wp\/v2\/tags?post=95713"}],"curies":[{"name":"wp","href":"https:\/\/api.w.org\/{rel}","templated":true}]}}