{"id":95737,"date":"2016-03-31T18:44:34","date_gmt":"2016-03-31T17:44:34","guid":{"rendered":"http:\/\/www.visit-ulcinj.com\/blog\/?p=95737"},"modified":"2016-03-31T18:45:11","modified_gmt":"2016-03-31T17:45:11","slug":"shb-rumia-me-3-prill-rruges-se-te-mbijetuarve-te-masakres-se-tivarit","status":"publish","type":"post","link":"https:\/\/www.visit-ulcinj.com\/blog\/2016\/03\/31\/shb-rumia-me-3-prill-rruges-se-te-mbijetuarve-te-masakres-se-tivarit\/","title":{"rendered":"SHB \u201cRumia&#8221; m\u00eb 3 prill; Rrug\u00ebs s\u00eb t\u00eb mbijetuarve t\u00eb Masakr\u00ebs s\u00eb Tivarit!"},"content":{"rendered":"<p><a href=\"http:\/\/www.visit-ulcinj.com\/blog\/wp-content\/uploads\/2016\/03\/Rrug\u00ebs-s\u00eb-t\u00eb-mbijetuarve-t\u00eb-Masakr\u00ebs-s\u00eb-Tivarit.jpg\"><img loading=\"lazy\" class=\"alignleft wp-image-95738\" src=\"http:\/\/www.visit-ulcinj.com\/blog\/wp-content\/uploads\/2016\/03\/Rrug\u00ebs-s\u00eb-t\u00eb-mbijetuarve-t\u00eb-Masakr\u00ebs-s\u00eb-Tivarit.jpg\" alt=\"Rrug\u00ebs s\u00eb t\u00eb mbijetuarve t\u00eb Masakr\u00ebs s\u00eb Tivarit\" width=\"508\" height=\"245\" srcset=\"https:\/\/www.visit-ulcinj.com\/blog\/wp-content\/uploads\/2016\/03\/Rrug\u00ebs-s\u00eb-t\u00eb-mbijetuarve-t\u00eb-Masakr\u00ebs-s\u00eb-Tivarit.jpg 725w, https:\/\/www.visit-ulcinj.com\/blog\/wp-content\/uploads\/2016\/03\/Rrug\u00ebs-s\u00eb-t\u00eb-mbijetuarve-t\u00eb-Masakr\u00ebs-s\u00eb-Tivarit-300x144.jpg 300w\" sizes=\"(max-width: 508px) 100vw, 508px\" \/><\/a>Nj\u00eb grup i t\u00eb rinjve kosovar\u00eb m\u00eb 3 prill do t\u00eb marrin pjes\u00eb ne ecjen p\u00ebrgjat\u00eb rrug\u00ebs s\u00eb t\u00eb mbijetuarve t\u00eb Masakr\u00ebs s\u00eb Tivarit<\/p>\n<p>Ky organizim nga Kosova \u00ebsht\u00eb b\u00ebr\u00eb nga &#8220;SHBA Shk\u00ebmbi&#8221; me ftes\u00eb t\u00eb shoqat\u00ebs SHB \u201cRumia&#8221;.<\/p>\n<p>Smajl Ku\u00e7i sekretar i SHBA \u201cShk\u00ebmbi\u201d ka th\u00ebn\u00eb p\u00ebr ORAinfo, se organizatore e k\u00ebtij aktiviteti \u00ebsht\u00eb shoqata \u201cRumia\u201d.<\/p>\n<p>Ai ka th\u00ebn\u00eb se nisja nga Kosova b\u00ebhet me dat\u00ebn 02.04.2016 ne ora 8:00.<\/p>\n<p><strong>M\u00eb posht\u00eb ju sjellim detajet e aktivitetit :<\/strong><\/p>\n<p>M\u00eb dat\u00eb 03 prill 2016, SHB &#8220;Rumia&#8221;, organizon aktivitetin e radh\u00ebs p\u00ebrgjat\u00eb shtegut t\u00eb vet\u00ebm t\u00eb kaluesh\u00ebm nga Tivari n\u00eb Kraj\u00eb. Nisja do t\u00eb b\u00ebhet n\u00eb or\u00ebn 09:00 nga Tivari i vjet\u00ebr (Kalaja), kah Shpella e Kuqe, Baltna, Kroni i Shkall\u00ebs deri n\u00eb fashtin Brisk.<\/p>\n<p>Gjat\u00ebsia e shtegut \u00ebsht\u00eb rreth 12 km.<br \/>\nEcja do t\u00eb b\u00ebhet vet\u00ebm n\u00eb nj\u00eb drejtim (Tivar-Brisk), prandaj duhet individualisht t\u00eb sigurohet transporti deri n\u00eb Tivar si dhe kthimi nga Brisku.<br \/>\nShtegu \u00ebsht\u00eb i p\u00ebrshtatsh\u00ebm p\u00ebr ata q\u00eb kan\u00eb p\u00ebrvoj\u00eb n\u00eb ecje t\u00eb gjata.<br \/>\nT\u00eb nevojshme jan\u00eb veshjet e p\u00ebrshtatshme p\u00ebr kushte t\u00eb ndyshueshme atmosferike.<br \/>\nUshqimi dhe pijet jan\u00eb t\u00eb domosdoshme!<\/p>\n<p><strong> ORAinfo<\/strong><\/p>\n","protected":false},"excerpt":{"rendered":"<p>Nj\u00eb grup i t\u00eb rinjve kosovar\u00eb m\u00eb 3 prill do t\u00eb marrin pjes\u00eb ne ecjen p\u00ebrgjat\u00eb rrug\u00ebs s\u00eb t\u00eb mbijetuarve t\u00eb Masakr\u00ebs s\u00eb Tivarit Ky organizim nga Kosova \u00ebsht\u00eb b\u00ebr\u00eb nga &#8220;SHBA Shk\u00ebmbi&#8221; me ftes\u00eb t\u00eb shoqat\u00ebs SHB \u201cRumia&#8221;. Smajl Ku\u00e7i sekretar i SHBA \u201cShk\u00ebmbi\u201d ka th\u00ebn\u00eb p\u00ebr ORAinfo, se organizatore e k\u00ebtij aktiviteti \u00ebsht\u00eb [&hellip;]<\/p>\n","protected":false},"author":1,"featured_media":0,"comment_status":"closed","ping_status":"closed","sticky":false,"template":"","format":"standard","meta":{"spay_email":"","jetpack_publicize_message":"","jetpack_is_tweetstorm":false,"jetpack_publicize_feature_enabled":true},"categories":[6950],"tags":[],"jetpack_publicize_connections":[],"yoast_head":"<!-- This site is optimized with the Yoast SEO plugin v19.1 - https:\/\/yoast.com\/wordpress\/plugins\/seo\/ -->\n<title>SHB \u201cRumia&quot; m\u00eb 3 prill; Rrug\u00ebs s\u00eb t\u00eb mbijetuarve t\u00eb Masakr\u00ebs s\u00eb Tivarit! - Lajme nga Ulqini<\/title>\n<meta name=\"description\" content=\"Nj\u00eb grup i t\u00eb rinjve kosovar\u00eb m\u00eb 3 prill do t\u00eb marrin pjes\u00eb ne ecjen p\u00ebrgjat\u00eb rrug\u00ebs s\u00eb t\u00eb mbijetuarve t\u00eb Masakr\u00ebs s\u00eb Tivarit Ky organizim nga Kosova\" \/>\n<meta name=\"robots\" content=\"index, follow, max-snippet:-1, max-image-preview:large, max-video-preview:-1\" \/>\n<link rel=\"canonical\" href=\"https:\/\/www.visit-ulcinj.com\/blog\/2016\/03\/31\/shb-rumia-me-3-prill-rruges-se-te-mbijetuarve-te-masakres-se-tivarit\/\" \/>\n<meta property=\"og:locale\" content=\"en_US\" \/>\n<meta property=\"og:type\" content=\"article\" \/>\n<meta property=\"og:title\" content=\"SHB \u201cRumia&quot; m\u00eb 3 prill; Rrug\u00ebs s\u00eb t\u00eb mbijetuarve t\u00eb Masakr\u00ebs s\u00eb Tivarit! - Lajme nga Ulqini\" \/>\n<meta property=\"og:description\" content=\"Nj\u00eb grup i t\u00eb rinjve kosovar\u00eb m\u00eb 3 prill do t\u00eb marrin pjes\u00eb ne ecjen p\u00ebrgjat\u00eb rrug\u00ebs s\u00eb t\u00eb mbijetuarve t\u00eb Masakr\u00ebs s\u00eb Tivarit Ky organizim nga Kosova\" \/>\n<meta property=\"og:url\" content=\"https:\/\/www.visit-ulcinj.com\/blog\/2016\/03\/31\/shb-rumia-me-3-prill-rruges-se-te-mbijetuarve-te-masakres-se-tivarit\/\" \/>\n<meta property=\"og:site_name\" content=\"Lajme nga Ulqini\" \/>\n<meta property=\"article:published_time\" content=\"2016-03-31T17:44:34+00:00\" \/>\n<meta property=\"article:modified_time\" content=\"2016-03-31T17:45:11+00:00\" \/>\n<meta name=\"twitter:label1\" content=\"Written by\" \/>\n\t<meta name=\"twitter:data1\" content=\"ulqini\" \/>\n\t<meta name=\"twitter:label2\" content=\"Est. reading time\" \/>\n\t<meta name=\"twitter:data2\" content=\"1 minute\" \/>\n<script type=\"application\/ld+json\" class=\"yoast-schema-graph\">{\"@context\":\"https:\/\/schema.org\",\"@graph\":[{\"@type\":\"WebSite\",\"@id\":\"https:\/\/www.visit-ulcinj.com\/blog\/#website\",\"url\":\"https:\/\/www.visit-ulcinj.com\/blog\/\",\"name\":\"Lajme nga Ulqini\",\"description\":\"Lajme,Vijesti,Ulqini,Ulqin,Crna Gora,Mali i Zi\",\"potentialAction\":[{\"@type\":\"SearchAction\",\"target\":{\"@type\":\"EntryPoint\",\"urlTemplate\":\"https:\/\/www.visit-ulcinj.com\/blog\/?s={search_term_string}\"},\"query-input\":\"required name=search_term_string\"}],\"inLanguage\":\"en-US\"},{\"@type\":\"WebPage\",\"@id\":\"https:\/\/www.visit-ulcinj.com\/blog\/2016\/03\/31\/shb-rumia-me-3-prill-rruges-se-te-mbijetuarve-te-masakres-se-tivarit\/#webpage\",\"url\":\"https:\/\/www.visit-ulcinj.com\/blog\/2016\/03\/31\/shb-rumia-me-3-prill-rruges-se-te-mbijetuarve-te-masakres-se-tivarit\/\",\"name\":\"SHB \u201cRumia\\\" m\u00eb 3 prill; Rrug\u00ebs s\u00eb t\u00eb mbijetuarve t\u00eb Masakr\u00ebs s\u00eb Tivarit! - Lajme nga Ulqini\",\"isPartOf\":{\"@id\":\"https:\/\/www.visit-ulcinj.com\/blog\/#website\"},\"datePublished\":\"2016-03-31T17:44:34+00:00\",\"dateModified\":\"2016-03-31T17:45:11+00:00\",\"author\":{\"@id\":\"https:\/\/www.visit-ulcinj.com\/blog\/#\/schema\/person\/dcab619c614d3038751c63bc2aadc06d\"},\"description\":\"Nj\u00eb grup i t\u00eb rinjve kosovar\u00eb m\u00eb 3 prill do t\u00eb marrin pjes\u00eb ne ecjen p\u00ebrgjat\u00eb rrug\u00ebs s\u00eb t\u00eb mbijetuarve t\u00eb Masakr\u00ebs s\u00eb Tivarit Ky organizim nga Kosova\",\"breadcrumb\":{\"@id\":\"https:\/\/www.visit-ulcinj.com\/blog\/2016\/03\/31\/shb-rumia-me-3-prill-rruges-se-te-mbijetuarve-te-masakres-se-tivarit\/#breadcrumb\"},\"inLanguage\":\"en-US\",\"potentialAction\":[{\"@type\":\"ReadAction\",\"target\":[\"https:\/\/www.visit-ulcinj.com\/blog\/2016\/03\/31\/shb-rumia-me-3-prill-rruges-se-te-mbijetuarve-te-masakres-se-tivarit\/\"]}]},{\"@type\":\"BreadcrumbList\",\"@id\":\"https:\/\/www.visit-ulcinj.com\/blog\/2016\/03\/31\/shb-rumia-me-3-prill-rruges-se-te-mbijetuarve-te-masakres-se-tivarit\/#breadcrumb\",\"itemListElement\":[{\"@type\":\"ListItem\",\"position\":1,\"name\":\"SHB \u201cRumia&#8221; m\u00eb 3 prill; Rrug\u00ebs s\u00eb t\u00eb mbijetuarve t\u00eb Masakr\u00ebs s\u00eb Tivarit!\"}]},{\"@type\":\"Person\",\"@id\":\"https:\/\/www.visit-ulcinj.com\/blog\/#\/schema\/person\/dcab619c614d3038751c63bc2aadc06d\",\"name\":\"ulqini\",\"sameAs\":[\"http:\/\/www.visit-ulcinj.com\"],\"url\":\"https:\/\/www.visit-ulcinj.com\/blog\/author\/admin\/\"}]}<\/script>\n<!-- \/ Yoast SEO plugin. -->","yoast_head_json":{"title":"SHB \u201cRumia\" m\u00eb 3 prill; Rrug\u00ebs s\u00eb t\u00eb mbijetuarve t\u00eb Masakr\u00ebs s\u00eb Tivarit! - Lajme nga Ulqini","description":"Nj\u00eb grup i t\u00eb rinjve kosovar\u00eb m\u00eb 3 prill do t\u00eb marrin pjes\u00eb ne ecjen p\u00ebrgjat\u00eb rrug\u00ebs s\u00eb t\u00eb mbijetuarve t\u00eb Masakr\u00ebs s\u00eb Tivarit Ky organizim nga Kosova","robots":{"index":"index","follow":"follow","max-snippet":"max-snippet:-1","max-image-preview":"max-image-preview:large","max-video-preview":"max-video-preview:-1"},"canonical":"https:\/\/www.visit-ulcinj.com\/blog\/2016\/03\/31\/shb-rumia-me-3-prill-rruges-se-te-mbijetuarve-te-masakres-se-tivarit\/","og_locale":"en_US","og_type":"article","og_title":"SHB \u201cRumia\" m\u00eb 3 prill; Rrug\u00ebs s\u00eb t\u00eb mbijetuarve t\u00eb Masakr\u00ebs s\u00eb Tivarit! - Lajme nga Ulqini","og_description":"Nj\u00eb grup i t\u00eb rinjve kosovar\u00eb m\u00eb 3 prill do t\u00eb marrin pjes\u00eb ne ecjen p\u00ebrgjat\u00eb rrug\u00ebs s\u00eb t\u00eb mbijetuarve t\u00eb Masakr\u00ebs s\u00eb Tivarit Ky organizim nga Kosova","og_url":"https:\/\/www.visit-ulcinj.com\/blog\/2016\/03\/31\/shb-rumia-me-3-prill-rruges-se-te-mbijetuarve-te-masakres-se-tivarit\/","og_site_name":"Lajme nga Ulqini","article_published_time":"2016-03-31T17:44:34+00:00","article_modified_time":"2016-03-31T17:45:11+00:00","twitter_misc":{"Written by":"ulqini","Est. reading time":"1 minute"},"schema":{"@context":"https:\/\/schema.org","@graph":[{"@type":"WebSite","@id":"https:\/\/www.visit-ulcinj.com\/blog\/#website","url":"https:\/\/www.visit-ulcinj.com\/blog\/","name":"Lajme nga Ulqini","description":"Lajme,Vijesti,Ulqini,Ulqin,Crna Gora,Mali i Zi","potentialAction":[{"@type":"SearchAction","target":{"@type":"EntryPoint","urlTemplate":"https:\/\/www.visit-ulcinj.com\/blog\/?s={search_term_string}"},"query-input":"required name=search_term_string"}],"inLanguage":"en-US"},{"@type":"WebPage","@id":"https:\/\/www.visit-ulcinj.com\/blog\/2016\/03\/31\/shb-rumia-me-3-prill-rruges-se-te-mbijetuarve-te-masakres-se-tivarit\/#webpage","url":"https:\/\/www.visit-ulcinj.com\/blog\/2016\/03\/31\/shb-rumia-me-3-prill-rruges-se-te-mbijetuarve-te-masakres-se-tivarit\/","name":"SHB \u201cRumia\" m\u00eb 3 prill; Rrug\u00ebs s\u00eb t\u00eb mbijetuarve t\u00eb Masakr\u00ebs s\u00eb Tivarit! - Lajme nga Ulqini","isPartOf":{"@id":"https:\/\/www.visit-ulcinj.com\/blog\/#website"},"datePublished":"2016-03-31T17:44:34+00:00","dateModified":"2016-03-31T17:45:11+00:00","author":{"@id":"https:\/\/www.visit-ulcinj.com\/blog\/#\/schema\/person\/dcab619c614d3038751c63bc2aadc06d"},"description":"Nj\u00eb grup i t\u00eb rinjve kosovar\u00eb m\u00eb 3 prill do t\u00eb marrin pjes\u00eb ne ecjen p\u00ebrgjat\u00eb rrug\u00ebs s\u00eb t\u00eb mbijetuarve t\u00eb Masakr\u00ebs s\u00eb Tivarit Ky organizim nga Kosova","breadcrumb":{"@id":"https:\/\/www.visit-ulcinj.com\/blog\/2016\/03\/31\/shb-rumia-me-3-prill-rruges-se-te-mbijetuarve-te-masakres-se-tivarit\/#breadcrumb"},"inLanguage":"en-US","potentialAction":[{"@type":"ReadAction","target":["https:\/\/www.visit-ulcinj.com\/blog\/2016\/03\/31\/shb-rumia-me-3-prill-rruges-se-te-mbijetuarve-te-masakres-se-tivarit\/"]}]},{"@type":"BreadcrumbList","@id":"https:\/\/www.visit-ulcinj.com\/blog\/2016\/03\/31\/shb-rumia-me-3-prill-rruges-se-te-mbijetuarve-te-masakres-se-tivarit\/#breadcrumb","itemListElement":[{"@type":"ListItem","position":1,"name":"SHB \u201cRumia&#8221; m\u00eb 3 prill; Rrug\u00ebs s\u00eb t\u00eb mbijetuarve t\u00eb Masakr\u00ebs s\u00eb Tivarit!"}]},{"@type":"Person","@id":"https:\/\/www.visit-ulcinj.com\/blog\/#\/schema\/person\/dcab619c614d3038751c63bc2aadc06d","name":"ulqini","sameAs":["http:\/\/www.visit-ulcinj.com"],"url":"https:\/\/www.visit-ulcinj.com\/blog\/author\/admin\/"}]}},"jetpack_featured_media_url":"","jetpack_sharing_enabled":true,"jetpack_shortlink":"https:\/\/wp.me\/pe6lTn-oU9","_links":{"self":[{"href":"https:\/\/www.visit-ulcinj.com\/blog\/wp-json\/wp\/v2\/posts\/95737"}],"collection":[{"href":"https:\/\/www.visit-ulcinj.com\/blog\/wp-json\/wp\/v2\/posts"}],"about":[{"href":"https:\/\/www.visit-ulcinj.com\/blog\/wp-json\/wp\/v2\/types\/post"}],"author":[{"embeddable":true,"href":"https:\/\/www.visit-ulcinj.com\/blog\/wp-json\/wp\/v2\/users\/1"}],"replies":[{"embeddable":true,"href":"https:\/\/www.visit-ulcinj.com\/blog\/wp-json\/wp\/v2\/comments?post=95737"}],"version-history":[{"count":2,"href":"https:\/\/www.visit-ulcinj.com\/blog\/wp-json\/wp\/v2\/posts\/95737\/revisions"}],"predecessor-version":[{"id":95740,"href":"https:\/\/www.visit-ulcinj.com\/blog\/wp-json\/wp\/v2\/posts\/95737\/revisions\/95740"}],"wp:attachment":[{"href":"https:\/\/www.visit-ulcinj.com\/blog\/wp-json\/wp\/v2\/media?parent=95737"}],"wp:term":[{"taxonomy":"category","embeddable":true,"href":"https:\/\/www.visit-ulcinj.com\/blog\/wp-json\/wp\/v2\/categories?post=95737"},{"taxonomy":"post_tag","embeddable":true,"href":"https:\/\/www.visit-ulcinj.com\/blog\/wp-json\/wp\/v2\/tags?post=95737"}],"curies":[{"name":"wp","href":"https:\/\/api.w.org\/{rel}","templated":true}]}}