{"id":95746,"date":"2016-04-01T06:39:38","date_gmt":"2016-04-01T05:39:38","guid":{"rendered":"http:\/\/www.visit-ulcinj.com\/blog\/?p=95746"},"modified":"2016-04-01T06:39:38","modified_gmt":"2016-04-01T05:39:38","slug":"perfaqesuesja-e-kosoves-per-te-pare-ne-fed-cup-ne-ulqin","status":"publish","type":"post","link":"https:\/\/www.visit-ulcinj.com\/blog\/2016\/04\/01\/perfaqesuesja-e-kosoves-per-te-pare-ne-fed-cup-ne-ulqin\/","title":{"rendered":"P\u00ebrfaq\u00ebsuesja e Kosov\u00ebs p\u00ebr her\u00eb t\u00eb par\u00eb n\u00eb FED Cup n\u00eb Ulqin"},"content":{"rendered":"<h4><a href=\"http:\/\/www.visit-ulcinj.com\/blog\/wp-content\/uploads\/2016\/04\/Perfaqsuesit-e-kosoves-ne-tenis-Fed-Cup-Ulqin.jpg\"><img loading=\"lazy\" class=\"alignleft wp-image-95747\" src=\"http:\/\/www.visit-ulcinj.com\/blog\/wp-content\/uploads\/2016\/04\/Perfaqsuesit-e-kosoves-ne-tenis-Fed-Cup-Ulqin.jpg\" alt=\"Perfaqsuesit e kosoves-ne-tenis-Fed-Cup-Ulqin\" width=\"508\" height=\"254\" srcset=\"https:\/\/www.visit-ulcinj.com\/blog\/wp-content\/uploads\/2016\/04\/Perfaqsuesit-e-kosoves-ne-tenis-Fed-Cup-Ulqin.jpg 810w, https:\/\/www.visit-ulcinj.com\/blog\/wp-content\/uploads\/2016\/04\/Perfaqsuesit-e-kosoves-ne-tenis-Fed-Cup-Ulqin-300x150.jpg 300w\" sizes=\"(max-width: 508px) 100vw, 508px\" \/><\/a>Prej 11 deri m\u00eb 16 prill n\u00eb Ulqin zhvillohen me\u00e7et e grupit III t\u00eb Fed Cup (gara bot\u00ebrore n\u00eb konkurrenc\u00ebn e femrave) ku p\u00ebr her\u00eb t\u00eb par\u00eb do t\u00eb marr\u00eb pjes\u00eb edhe P\u00ebrfaq\u00ebsuesja e Kosov\u00ebs.<\/h4>\n<p>N\u00eb k\u00ebt\u00eb gar\u00eb p\u00ebrve\u00e7 Kosov\u00ebs dhe nikoqirit Malit t\u00eb Zi, marrin pjes\u00eb edhe 15 p\u00ebrfaq\u00ebsuese tjera nga anek\u00ebnd rruzulli tok\u00ebsor dhe shihet si test shum\u00eb i v\u00ebshtir\u00eb p\u00ebr vashat kosovare p\u00ebr t\u00eb cilat kjo do t\u00eb jet\u00eb eksperienca e par\u00eb n\u00eb turne t\u00eb llojit t\u00eb k\u00ebtill\u00eb.<\/p>\n<p>N\u00eb mesin e ekipeve pjes\u00ebmarr\u00ebse spikasin emrat e disa shteteve si Armenia , Greqia , Marroko, Norvegjia, Tunisi e k\u00ebshtu me radh\u00eb.<\/p>\n<p>P\u00ebrzgjedh\u00ebsi i P\u00ebrfaq\u00ebsueses s\u00eb Kosov\u00ebs, Arben Islami ka publikuar list\u00ebn e tenisteve t\u00eb cilat do ta prezantojn\u00eb vendin ton\u00eb n\u00eb k\u00ebt\u00eb gar\u00eb: Arlinda Rushiti , Edita Raca, Fiona Polloshka dhe Anduena Latifi.<\/p>\n<p><strong>Koha Net<\/strong><\/p>\n","protected":false},"excerpt":{"rendered":"<p>Prej 11 deri m\u00eb 16 prill n\u00eb Ulqin zhvillohen me\u00e7et e grupit III t\u00eb Fed Cup (gara bot\u00ebrore n\u00eb konkurrenc\u00ebn e femrave) ku p\u00ebr her\u00eb t\u00eb par\u00eb do t\u00eb marr\u00eb pjes\u00eb edhe P\u00ebrfaq\u00ebsuesja e Kosov\u00ebs. N\u00eb k\u00ebt\u00eb gar\u00eb p\u00ebrve\u00e7 Kosov\u00ebs dhe nikoqirit Malit t\u00eb Zi, marrin pjes\u00eb edhe 15 p\u00ebrfaq\u00ebsuese tjera nga anek\u00ebnd rruzulli tok\u00ebsor [&hellip;]<\/p>\n","protected":false},"author":1,"featured_media":0,"comment_status":"closed","ping_status":"closed","sticky":false,"template":"","format":"standard","meta":{"spay_email":"","jetpack_publicize_message":"","jetpack_is_tweetstorm":false,"jetpack_publicize_feature_enabled":true},"categories":[3],"tags":[],"jetpack_publicize_connections":[],"yoast_head":"<!-- This site is optimized with the Yoast SEO plugin v19.1 - https:\/\/yoast.com\/wordpress\/plugins\/seo\/ -->\n<title>P\u00ebrfaq\u00ebsuesja e Kosov\u00ebs p\u00ebr her\u00eb t\u00eb par\u00eb n\u00eb FED Cup n\u00eb Ulqin - Lajme nga Ulqini<\/title>\n<meta name=\"description\" content=\"Prej 11 deri m\u00eb 16 prill n\u00eb Ulqin zhvillohen me\u00e7et e grupit III t\u00eb Fed Cup (gara bot\u00ebrore n\u00eb konkurrenc\u00ebn e femrave) ku p\u00ebr her\u00eb t\u00eb par\u00eb do t\u00eb marr\u00eb pjes\u00eb\" \/>\n<meta name=\"robots\" content=\"index, follow, max-snippet:-1, max-image-preview:large, max-video-preview:-1\" \/>\n<link rel=\"canonical\" href=\"https:\/\/www.visit-ulcinj.com\/blog\/2016\/04\/01\/perfaqesuesja-e-kosoves-per-te-pare-ne-fed-cup-ne-ulqin\/\" \/>\n<meta property=\"og:locale\" content=\"en_US\" \/>\n<meta property=\"og:type\" content=\"article\" \/>\n<meta property=\"og:title\" content=\"P\u00ebrfaq\u00ebsuesja e Kosov\u00ebs p\u00ebr her\u00eb t\u00eb par\u00eb n\u00eb FED Cup n\u00eb Ulqin - Lajme nga Ulqini\" \/>\n<meta property=\"og:description\" content=\"Prej 11 deri m\u00eb 16 prill n\u00eb Ulqin zhvillohen me\u00e7et e grupit III t\u00eb Fed Cup (gara bot\u00ebrore n\u00eb konkurrenc\u00ebn e femrave) ku p\u00ebr her\u00eb t\u00eb par\u00eb do t\u00eb marr\u00eb pjes\u00eb\" \/>\n<meta property=\"og:url\" content=\"https:\/\/www.visit-ulcinj.com\/blog\/2016\/04\/01\/perfaqesuesja-e-kosoves-per-te-pare-ne-fed-cup-ne-ulqin\/\" \/>\n<meta property=\"og:site_name\" content=\"Lajme nga Ulqini\" \/>\n<meta property=\"article:published_time\" content=\"2016-04-01T05:39:38+00:00\" \/>\n<meta property=\"og:image\" content=\"http:\/\/www.visit-ulcinj.com\/blog\/wp-content\/uploads\/2016\/04\/Perfaqsuesit-e-kosoves-ne-tenis-Fed-Cup-Ulqin.jpg\" \/>\n<meta name=\"twitter:label1\" content=\"Written by\" \/>\n\t<meta name=\"twitter:data1\" content=\"ulqini\" \/>\n\t<meta name=\"twitter:label2\" content=\"Est. reading time\" \/>\n\t<meta name=\"twitter:data2\" content=\"1 minute\" \/>\n<script type=\"application\/ld+json\" class=\"yoast-schema-graph\">{\"@context\":\"https:\/\/schema.org\",\"@graph\":[{\"@type\":\"WebSite\",\"@id\":\"https:\/\/www.visit-ulcinj.com\/blog\/#website\",\"url\":\"https:\/\/www.visit-ulcinj.com\/blog\/\",\"name\":\"Lajme nga Ulqini\",\"description\":\"Lajme,Vijesti,Ulqini,Ulqin,Crna Gora,Mali i Zi\",\"potentialAction\":[{\"@type\":\"SearchAction\",\"target\":{\"@type\":\"EntryPoint\",\"urlTemplate\":\"https:\/\/www.visit-ulcinj.com\/blog\/?s={search_term_string}\"},\"query-input\":\"required name=search_term_string\"}],\"inLanguage\":\"en-US\"},{\"@type\":\"ImageObject\",\"inLanguage\":\"en-US\",\"@id\":\"https:\/\/www.visit-ulcinj.com\/blog\/2016\/04\/01\/perfaqesuesja-e-kosoves-per-te-pare-ne-fed-cup-ne-ulqin\/#primaryimage\",\"url\":\"https:\/\/www.visit-ulcinj.com\/blog\/wp-content\/uploads\/2016\/04\/Perfaqsuesit-e-kosoves-ne-tenis-Fed-Cup-Ulqin.jpg\",\"contentUrl\":\"https:\/\/www.visit-ulcinj.com\/blog\/wp-content\/uploads\/2016\/04\/Perfaqsuesit-e-kosoves-ne-tenis-Fed-Cup-Ulqin.jpg\",\"width\":810,\"height\":405},{\"@type\":\"WebPage\",\"@id\":\"https:\/\/www.visit-ulcinj.com\/blog\/2016\/04\/01\/perfaqesuesja-e-kosoves-per-te-pare-ne-fed-cup-ne-ulqin\/#webpage\",\"url\":\"https:\/\/www.visit-ulcinj.com\/blog\/2016\/04\/01\/perfaqesuesja-e-kosoves-per-te-pare-ne-fed-cup-ne-ulqin\/\",\"name\":\"P\u00ebrfaq\u00ebsuesja e Kosov\u00ebs p\u00ebr her\u00eb t\u00eb par\u00eb n\u00eb FED Cup n\u00eb Ulqin - Lajme nga Ulqini\",\"isPartOf\":{\"@id\":\"https:\/\/www.visit-ulcinj.com\/blog\/#website\"},\"primaryImageOfPage\":{\"@id\":\"https:\/\/www.visit-ulcinj.com\/blog\/2016\/04\/01\/perfaqesuesja-e-kosoves-per-te-pare-ne-fed-cup-ne-ulqin\/#primaryimage\"},\"datePublished\":\"2016-04-01T05:39:38+00:00\",\"dateModified\":\"2016-04-01T05:39:38+00:00\",\"author\":{\"@id\":\"https:\/\/www.visit-ulcinj.com\/blog\/#\/schema\/person\/dcab619c614d3038751c63bc2aadc06d\"},\"description\":\"Prej 11 deri m\u00eb 16 prill n\u00eb Ulqin zhvillohen me\u00e7et e grupit III t\u00eb Fed Cup (gara bot\u00ebrore n\u00eb konkurrenc\u00ebn e femrave) ku p\u00ebr her\u00eb t\u00eb par\u00eb do t\u00eb marr\u00eb pjes\u00eb\",\"breadcrumb\":{\"@id\":\"https:\/\/www.visit-ulcinj.com\/blog\/2016\/04\/01\/perfaqesuesja-e-kosoves-per-te-pare-ne-fed-cup-ne-ulqin\/#breadcrumb\"},\"inLanguage\":\"en-US\",\"potentialAction\":[{\"@type\":\"ReadAction\",\"target\":[\"https:\/\/www.visit-ulcinj.com\/blog\/2016\/04\/01\/perfaqesuesja-e-kosoves-per-te-pare-ne-fed-cup-ne-ulqin\/\"]}]},{\"@type\":\"BreadcrumbList\",\"@id\":\"https:\/\/www.visit-ulcinj.com\/blog\/2016\/04\/01\/perfaqesuesja-e-kosoves-per-te-pare-ne-fed-cup-ne-ulqin\/#breadcrumb\",\"itemListElement\":[{\"@type\":\"ListItem\",\"position\":1,\"name\":\"P\u00ebrfaq\u00ebsuesja e Kosov\u00ebs p\u00ebr her\u00eb t\u00eb par\u00eb n\u00eb FED Cup n\u00eb Ulqin\"}]},{\"@type\":\"Person\",\"@id\":\"https:\/\/www.visit-ulcinj.com\/blog\/#\/schema\/person\/dcab619c614d3038751c63bc2aadc06d\",\"name\":\"ulqini\",\"sameAs\":[\"http:\/\/www.visit-ulcinj.com\"],\"url\":\"https:\/\/www.visit-ulcinj.com\/blog\/author\/admin\/\"}]}<\/script>\n<!-- \/ Yoast SEO plugin. -->","yoast_head_json":{"title":"P\u00ebrfaq\u00ebsuesja e Kosov\u00ebs p\u00ebr her\u00eb t\u00eb par\u00eb n\u00eb FED Cup n\u00eb Ulqin - Lajme nga Ulqini","description":"Prej 11 deri m\u00eb 16 prill n\u00eb Ulqin zhvillohen me\u00e7et e grupit III t\u00eb Fed Cup (gara bot\u00ebrore n\u00eb konkurrenc\u00ebn e femrave) ku p\u00ebr her\u00eb t\u00eb par\u00eb do t\u00eb marr\u00eb pjes\u00eb","robots":{"index":"index","follow":"follow","max-snippet":"max-snippet:-1","max-image-preview":"max-image-preview:large","max-video-preview":"max-video-preview:-1"},"canonical":"https:\/\/www.visit-ulcinj.com\/blog\/2016\/04\/01\/perfaqesuesja-e-kosoves-per-te-pare-ne-fed-cup-ne-ulqin\/","og_locale":"en_US","og_type":"article","og_title":"P\u00ebrfaq\u00ebsuesja e Kosov\u00ebs p\u00ebr her\u00eb t\u00eb par\u00eb n\u00eb FED Cup n\u00eb Ulqin - Lajme nga Ulqini","og_description":"Prej 11 deri m\u00eb 16 prill n\u00eb Ulqin zhvillohen me\u00e7et e grupit III t\u00eb Fed Cup (gara bot\u00ebrore n\u00eb konkurrenc\u00ebn e femrave) ku p\u00ebr her\u00eb t\u00eb par\u00eb do t\u00eb marr\u00eb pjes\u00eb","og_url":"https:\/\/www.visit-ulcinj.com\/blog\/2016\/04\/01\/perfaqesuesja-e-kosoves-per-te-pare-ne-fed-cup-ne-ulqin\/","og_site_name":"Lajme nga Ulqini","article_published_time":"2016-04-01T05:39:38+00:00","og_image":[{"url":"http:\/\/www.visit-ulcinj.com\/blog\/wp-content\/uploads\/2016\/04\/Perfaqsuesit-e-kosoves-ne-tenis-Fed-Cup-Ulqin.jpg"}],"twitter_misc":{"Written by":"ulqini","Est. reading time":"1 minute"},"schema":{"@context":"https:\/\/schema.org","@graph":[{"@type":"WebSite","@id":"https:\/\/www.visit-ulcinj.com\/blog\/#website","url":"https:\/\/www.visit-ulcinj.com\/blog\/","name":"Lajme nga Ulqini","description":"Lajme,Vijesti,Ulqini,Ulqin,Crna Gora,Mali i Zi","potentialAction":[{"@type":"SearchAction","target":{"@type":"EntryPoint","urlTemplate":"https:\/\/www.visit-ulcinj.com\/blog\/?s={search_term_string}"},"query-input":"required name=search_term_string"}],"inLanguage":"en-US"},{"@type":"ImageObject","inLanguage":"en-US","@id":"https:\/\/www.visit-ulcinj.com\/blog\/2016\/04\/01\/perfaqesuesja-e-kosoves-per-te-pare-ne-fed-cup-ne-ulqin\/#primaryimage","url":"https:\/\/www.visit-ulcinj.com\/blog\/wp-content\/uploads\/2016\/04\/Perfaqsuesit-e-kosoves-ne-tenis-Fed-Cup-Ulqin.jpg","contentUrl":"https:\/\/www.visit-ulcinj.com\/blog\/wp-content\/uploads\/2016\/04\/Perfaqsuesit-e-kosoves-ne-tenis-Fed-Cup-Ulqin.jpg","width":810,"height":405},{"@type":"WebPage","@id":"https:\/\/www.visit-ulcinj.com\/blog\/2016\/04\/01\/perfaqesuesja-e-kosoves-per-te-pare-ne-fed-cup-ne-ulqin\/#webpage","url":"https:\/\/www.visit-ulcinj.com\/blog\/2016\/04\/01\/perfaqesuesja-e-kosoves-per-te-pare-ne-fed-cup-ne-ulqin\/","name":"P\u00ebrfaq\u00ebsuesja e Kosov\u00ebs p\u00ebr her\u00eb t\u00eb par\u00eb n\u00eb FED Cup n\u00eb Ulqin - Lajme nga Ulqini","isPartOf":{"@id":"https:\/\/www.visit-ulcinj.com\/blog\/#website"},"primaryImageOfPage":{"@id":"https:\/\/www.visit-ulcinj.com\/blog\/2016\/04\/01\/perfaqesuesja-e-kosoves-per-te-pare-ne-fed-cup-ne-ulqin\/#primaryimage"},"datePublished":"2016-04-01T05:39:38+00:00","dateModified":"2016-04-01T05:39:38+00:00","author":{"@id":"https:\/\/www.visit-ulcinj.com\/blog\/#\/schema\/person\/dcab619c614d3038751c63bc2aadc06d"},"description":"Prej 11 deri m\u00eb 16 prill n\u00eb Ulqin zhvillohen me\u00e7et e grupit III t\u00eb Fed Cup (gara bot\u00ebrore n\u00eb konkurrenc\u00ebn e femrave) ku p\u00ebr her\u00eb t\u00eb par\u00eb do t\u00eb marr\u00eb pjes\u00eb","breadcrumb":{"@id":"https:\/\/www.visit-ulcinj.com\/blog\/2016\/04\/01\/perfaqesuesja-e-kosoves-per-te-pare-ne-fed-cup-ne-ulqin\/#breadcrumb"},"inLanguage":"en-US","potentialAction":[{"@type":"ReadAction","target":["https:\/\/www.visit-ulcinj.com\/blog\/2016\/04\/01\/perfaqesuesja-e-kosoves-per-te-pare-ne-fed-cup-ne-ulqin\/"]}]},{"@type":"BreadcrumbList","@id":"https:\/\/www.visit-ulcinj.com\/blog\/2016\/04\/01\/perfaqesuesja-e-kosoves-per-te-pare-ne-fed-cup-ne-ulqin\/#breadcrumb","itemListElement":[{"@type":"ListItem","position":1,"name":"P\u00ebrfaq\u00ebsuesja e Kosov\u00ebs p\u00ebr her\u00eb t\u00eb par\u00eb n\u00eb FED Cup n\u00eb Ulqin"}]},{"@type":"Person","@id":"https:\/\/www.visit-ulcinj.com\/blog\/#\/schema\/person\/dcab619c614d3038751c63bc2aadc06d","name":"ulqini","sameAs":["http:\/\/www.visit-ulcinj.com"],"url":"https:\/\/www.visit-ulcinj.com\/blog\/author\/admin\/"}]}},"jetpack_featured_media_url":"","jetpack_sharing_enabled":true,"jetpack_shortlink":"https:\/\/wp.me\/pe6lTn-oUi","_links":{"self":[{"href":"https:\/\/www.visit-ulcinj.com\/blog\/wp-json\/wp\/v2\/posts\/95746"}],"collection":[{"href":"https:\/\/www.visit-ulcinj.com\/blog\/wp-json\/wp\/v2\/posts"}],"about":[{"href":"https:\/\/www.visit-ulcinj.com\/blog\/wp-json\/wp\/v2\/types\/post"}],"author":[{"embeddable":true,"href":"https:\/\/www.visit-ulcinj.com\/blog\/wp-json\/wp\/v2\/users\/1"}],"replies":[{"embeddable":true,"href":"https:\/\/www.visit-ulcinj.com\/blog\/wp-json\/wp\/v2\/comments?post=95746"}],"version-history":[{"count":1,"href":"https:\/\/www.visit-ulcinj.com\/blog\/wp-json\/wp\/v2\/posts\/95746\/revisions"}],"predecessor-version":[{"id":95748,"href":"https:\/\/www.visit-ulcinj.com\/blog\/wp-json\/wp\/v2\/posts\/95746\/revisions\/95748"}],"wp:attachment":[{"href":"https:\/\/www.visit-ulcinj.com\/blog\/wp-json\/wp\/v2\/media?parent=95746"}],"wp:term":[{"taxonomy":"category","embeddable":true,"href":"https:\/\/www.visit-ulcinj.com\/blog\/wp-json\/wp\/v2\/categories?post=95746"},{"taxonomy":"post_tag","embeddable":true,"href":"https:\/\/www.visit-ulcinj.com\/blog\/wp-json\/wp\/v2\/tags?post=95746"}],"curies":[{"name":"wp","href":"https:\/\/api.w.org\/{rel}","templated":true}]}}