{"id":95757,"date":"2016-04-01T18:23:39","date_gmt":"2016-04-01T17:23:39","guid":{"rendered":"http:\/\/www.visit-ulcinj.com\/blog\/?p=95757"},"modified":"2016-04-04T15:39:32","modified_gmt":"2016-04-04T14:39:32","slug":"inagurohet-shetitorja-ne-pyllin-e-pishave-ne-ulqin-foto","status":"publish","type":"post","link":"https:\/\/www.visit-ulcinj.com\/blog\/2016\/04\/01\/inagurohet-shetitorja-ne-pyllin-e-pishave-ne-ulqin-foto\/","title":{"rendered":"Inagurohet Shetitorja n\u00eb pyllin e pishave n\u00eb Ulqin + Foto + Video"},"content":{"rendered":"<p><strong><a href=\"http:\/\/www.visit-ulcinj.com\/blog\/wp-content\/uploads\/2016\/04\/Inagurohet-Shetitorja-n\u00eb-pyllin-e-pishave-n\u00eb-Ulqin-.jpg\"><img loading=\"lazy\" class=\"alignleft wp-image-95759\" src=\"http:\/\/www.visit-ulcinj.com\/blog\/wp-content\/uploads\/2016\/04\/Inagurohet-Shetitorja-n\u00eb-pyllin-e-pishave-n\u00eb-Ulqin-.jpg\" alt=\"Inagurohet Shetitorja n\u00eb pyllin e pishave n\u00eb Ulqin-\" width=\"508\" height=\"339\" srcset=\"https:\/\/www.visit-ulcinj.com\/blog\/wp-content\/uploads\/2016\/04\/Inagurohet-Shetitorja-n\u00eb-pyllin-e-pishave-n\u00eb-Ulqin-.jpg 999w, https:\/\/www.visit-ulcinj.com\/blog\/wp-content\/uploads\/2016\/04\/Inagurohet-Shetitorja-n\u00eb-pyllin-e-pishave-n\u00eb-Ulqin--300x200.jpg 300w\" sizes=\"(max-width: 508px) 100vw, 508px\" \/><\/a>Shetitorja n\u00eb pyllin e pishave vend t\u00ebrhaq\u00ebs p\u00ebr qytetar\u00ebt dhe mysafir\u00ebt<\/strong><\/p>\n<p>Kryetari i Ulqinit Nazif Cungu, kryetari i Kuvendit Loro Nrekiqi me\u00a0 bashk\u00ebpun\u00ebtor\u00eb\u00a0prit\u00ebn n\u00eb nj\u00eb takim pune drejtorin e NP \u2019\u2019T\u00eb mirat detare\u2019\u2019\u00a0 Predrag Jellushiq, kryetarin e K\u00ebshillit drejtues Z. Xhaudet Cakuli dhe udh\u00ebheq\u00ebs\u00a0 t\u00eb tjer\u00eb t\u00eb k\u00ebsaj nd\u00ebrmarrjeje.<\/p>\n<p>N\u00eb takim u prek\u00ebn nj\u00eb s\u00ebr\u00eb \u00e7\u00ebshtjesh me interes p\u00ebr Komun\u00ebn ton\u00eb e q\u00eb kan\u00eb t\u00eb\u00a0 b\u00ebj\u00eb me investimet q\u00eb nd\u00ebrmarrja n\u00eb fjal\u00eb parashikon t\u00eb realizoj\u00eb ose t\u00eb tjera q\u00eb kan\u00eb mbetur pa u realizuar. N\u00eb nj\u00eb dialog t\u00eb hapur\u00a0 dhe konstruktiv u soll\u00ebn nj\u00eb s\u00ebr\u00eb konkluzash ku parashihen dhe afatet p\u00ebr kryerjen e punimeve. Pas takimit t\u00eb\u00a0\u00a0 gjith\u00eb pjes\u00ebmarresit u nis\u00ebn n\u00eb drejtim t\u00eb shetitores n\u00eb \u201cPyllin e pishave\u201d ku b\u00ebn\u00eb\u00a0 inaugurimin e saj. B\u00ebhet fjal\u00eb p\u00ebr nj\u00eb propjekt i realizuar nga NP \u2018\u2019Te mirat detare\u2019\u2019 e q\u00eb ka nj\u00eb kosto rreth 150.000 euro.<\/p>\n<p>Komuna Ulqinit<\/p>\n<p><iframe loading=\"lazy\" frameborder=\"0\" width=\"508\" height=\"315\" src=\"\/\/www.dailymotion.com\/embed\/video\/x41ezzu?autoPlay=1\" allowfullscreen><\/iframe><\/p>\n\n\t\t<style type=\"text\/css\">\n\t\t\t#gallery-1 {\n\t\t\t\tmargin: auto;\n\t\t\t}\n\t\t\t#gallery-1 .gallery-item {\n\t\t\t\tfloat: left;\n\t\t\t\tmargin-top: 10px;\n\t\t\t\ttext-align: center;\n\t\t\t\twidth: 33%;\n\t\t\t}\n\t\t\t#gallery-1 img {\n\t\t\t\tborder: 2px solid #cfcfcf;\n\t\t\t}\n\t\t\t#gallery-1 .gallery-caption {\n\t\t\t\tmargin-left: 0;\n\t\t\t}\n\t\t\t\/* see gallery_shortcode() in wp-includes\/media.php *\/\n\t\t<\/style>\n\t\t<div id='gallery-1' class='gallery galleryid-95757 gallery-columns-3 gallery-size-thumbnail'><dl class='gallery-item'>\n\t\t\t<dt class='gallery-icon landscape'>\n\t\t\t\t<a href='https:\/\/www.visit-ulcinj.com\/blog\/2016\/04\/01\/inagurohet-shetitorja-ne-pyllin-e-pishave-ne-ulqin-foto\/inagurohet-shetitorja-ne-pyllin-e-pishave-ne-ulqin-1\/'><img width=\"150\" height=\"150\" src=\"https:\/\/www.visit-ulcinj.com\/blog\/wp-content\/uploads\/2016\/04\/Inagurohet-Shetitorja-n\u00eb-pyllin-e-pishave-n\u00eb-Ulqin-1-150x150.jpg\" class=\"attachment-thumbnail size-thumbnail\" alt=\"\" loading=\"lazy\" \/><\/a>\n\t\t\t<\/dt><\/dl><dl class='gallery-item'>\n\t\t\t<dt class='gallery-icon landscape'>\n\t\t\t\t<a href='https:\/\/www.visit-ulcinj.com\/blog\/2016\/04\/01\/inagurohet-shetitorja-ne-pyllin-e-pishave-ne-ulqin-foto\/inagurohet-shetitorja-ne-pyllin-e-pishave-ne-ulqin-2\/'><img width=\"150\" height=\"150\" src=\"https:\/\/www.visit-ulcinj.com\/blog\/wp-content\/uploads\/2016\/04\/Inagurohet-Shetitorja-n\u00eb-pyllin-e-pishave-n\u00eb-Ulqin-2-150x150.jpg\" class=\"attachment-thumbnail size-thumbnail\" alt=\"\" loading=\"lazy\" \/><\/a>\n\t\t\t<\/dt><\/dl><dl class='gallery-item'>\n\t\t\t<dt class='gallery-icon landscape'>\n\t\t\t\t<a href='https:\/\/www.visit-ulcinj.com\/blog\/2016\/04\/01\/inagurohet-shetitorja-ne-pyllin-e-pishave-ne-ulqin-foto\/inagurohet-shetitorja-ne-pyllin-e-pishave-ne-ulqin-4\/'><img width=\"150\" height=\"150\" src=\"https:\/\/www.visit-ulcinj.com\/blog\/wp-content\/uploads\/2016\/04\/Inagurohet-Shetitorja-n\u00eb-pyllin-e-pishave-n\u00eb-Ulqin-4-150x150.jpg\" class=\"attachment-thumbnail size-thumbnail\" alt=\"\" loading=\"lazy\" \/><\/a>\n\t\t\t<\/dt><\/dl><br style=\"clear: both\" \/><dl class='gallery-item'>\n\t\t\t<dt class='gallery-icon landscape'>\n\t\t\t\t<a href='https:\/\/www.visit-ulcinj.com\/blog\/2016\/04\/01\/inagurohet-shetitorja-ne-pyllin-e-pishave-ne-ulqin-foto\/inagurohet-shetitorja-ne-pyllin-e-pishave-ne-ulqin-5\/'><img width=\"150\" height=\"150\" src=\"https:\/\/www.visit-ulcinj.com\/blog\/wp-content\/uploads\/2016\/04\/Inagurohet-Shetitorja-n\u00eb-pyllin-e-pishave-n\u00eb-Ulqin-5-150x150.jpg\" class=\"attachment-thumbnail size-thumbnail\" alt=\"\" loading=\"lazy\" \/><\/a>\n\t\t\t<\/dt><\/dl><dl class='gallery-item'>\n\t\t\t<dt class='gallery-icon landscape'>\n\t\t\t\t<a href='https:\/\/www.visit-ulcinj.com\/blog\/2016\/04\/01\/inagurohet-shetitorja-ne-pyllin-e-pishave-ne-ulqin-foto\/inagurohet-shetitorja-ne-pyllin-e-pishave-ne-ulqin-6\/'><img width=\"150\" height=\"150\" src=\"https:\/\/www.visit-ulcinj.com\/blog\/wp-content\/uploads\/2016\/04\/Inagurohet-Shetitorja-n\u00eb-pyllin-e-pishave-n\u00eb-Ulqin-6-150x150.jpg\" class=\"attachment-thumbnail size-thumbnail\" alt=\"\" loading=\"lazy\" \/><\/a>\n\t\t\t<\/dt><\/dl><dl class='gallery-item'>\n\t\t\t<dt class='gallery-icon landscape'>\n\t\t\t\t<a href='https:\/\/www.visit-ulcinj.com\/blog\/2016\/04\/01\/inagurohet-shetitorja-ne-pyllin-e-pishave-ne-ulqin-foto\/inagurohet-shetitorja-ne-pyllin-e-pishave-ne-ulqin-7\/'><img width=\"150\" height=\"150\" src=\"https:\/\/www.visit-ulcinj.com\/blog\/wp-content\/uploads\/2016\/04\/Inagurohet-Shetitorja-n\u00eb-pyllin-e-pishave-n\u00eb-Ulqin-7-150x150.jpg\" class=\"attachment-thumbnail size-thumbnail\" alt=\"\" loading=\"lazy\" \/><\/a>\n\t\t\t<\/dt><\/dl><br style=\"clear: both\" \/><dl class='gallery-item'>\n\t\t\t<dt class='gallery-icon landscape'>\n\t\t\t\t<a href='https:\/\/www.visit-ulcinj.com\/blog\/2016\/04\/01\/inagurohet-shetitorja-ne-pyllin-e-pishave-ne-ulqin-foto\/inagurohet-shetitorja-ne-pyllin-e-pishave-ne-ulqin-8\/'><img width=\"150\" height=\"150\" src=\"https:\/\/www.visit-ulcinj.com\/blog\/wp-content\/uploads\/2016\/04\/Inagurohet-Shetitorja-n\u00eb-pyllin-e-pishave-n\u00eb-Ulqin-8-150x150.jpg\" class=\"attachment-thumbnail size-thumbnail\" alt=\"\" loading=\"lazy\" \/><\/a>\n\t\t\t<\/dt><\/dl><dl class='gallery-item'>\n\t\t\t<dt class='gallery-icon landscape'>\n\t\t\t\t<a href='https:\/\/www.visit-ulcinj.com\/blog\/2016\/04\/01\/inagurohet-shetitorja-ne-pyllin-e-pishave-ne-ulqin-foto\/inagurohet-shetitorja-ne-pyllin-e-pishave-ne-ulqin-3\/'><img width=\"150\" height=\"150\" src=\"https:\/\/www.visit-ulcinj.com\/blog\/wp-content\/uploads\/2016\/04\/Inagurohet-Shetitorja-n\u00eb-pyllin-e-pishave-n\u00eb-Ulqin-3-150x150.jpg\" class=\"attachment-thumbnail size-thumbnail\" alt=\"\" loading=\"lazy\" \/><\/a>\n\t\t\t<\/dt><\/dl><dl class='gallery-item'>\n\t\t\t<dt class='gallery-icon landscape'>\n\t\t\t\t<a href='https:\/\/www.visit-ulcinj.com\/blog\/2016\/04\/01\/inagurohet-shetitorja-ne-pyllin-e-pishave-ne-ulqin-foto\/inagurohet-shetitorja-ne-pyllin-e-pishave-ne-ulqin\/'><img width=\"150\" height=\"150\" src=\"https:\/\/www.visit-ulcinj.com\/blog\/wp-content\/uploads\/2016\/04\/Inagurohet-Shetitorja-n\u00eb-pyllin-e-pishave-n\u00eb-Ulqin--150x150.jpg\" class=\"attachment-thumbnail size-thumbnail\" alt=\"\" loading=\"lazy\" \/><\/a>\n\t\t\t<\/dt><\/dl><br style=\"clear: both\" \/>\n\t\t<\/div>\n\n","protected":false},"excerpt":{"rendered":"<p>Shetitorja n\u00eb pyllin e pishave vend t\u00ebrhaq\u00ebs p\u00ebr qytetar\u00ebt dhe mysafir\u00ebt Kryetari i Ulqinit Nazif Cungu, kryetari i Kuvendit Loro Nrekiqi me\u00a0 bashk\u00ebpun\u00ebtor\u00eb\u00a0prit\u00ebn n\u00eb nj\u00eb takim pune drejtorin e NP \u2019\u2019T\u00eb mirat detare\u2019\u2019\u00a0 Predrag Jellushiq, kryetarin e K\u00ebshillit drejtues Z. Xhaudet Cakuli dhe udh\u00ebheq\u00ebs\u00a0 t\u00eb tjer\u00eb t\u00eb k\u00ebsaj nd\u00ebrmarrjeje. N\u00eb takim u prek\u00ebn nj\u00eb s\u00ebr\u00eb [&hellip;]<\/p>\n","protected":false},"author":1,"featured_media":0,"comment_status":"closed","ping_status":"closed","sticky":false,"template":"","format":"standard","meta":{"spay_email":"","jetpack_publicize_message":"","jetpack_is_tweetstorm":false,"jetpack_publicize_feature_enabled":true},"categories":[12],"tags":[],"jetpack_publicize_connections":[],"yoast_head":"<!-- This site is optimized with the Yoast SEO plugin v19.1 - https:\/\/yoast.com\/wordpress\/plugins\/seo\/ -->\n<title>Inagurohet Shetitorja n\u00eb pyllin e pishave n\u00eb Ulqin + Foto + Video - Lajme nga Ulqini<\/title>\n<meta name=\"description\" content=\"Shetitorja n\u00eb pyllin e pishave vend t\u00ebrhaq\u00ebs p\u00ebr qytetar\u00ebt dhe mysafir\u00ebt Kryetari i Ulqinit Nazif Cungu, kryetari i Kuvendit Loro Nrekiqi me\u00a0\" \/>\n<meta name=\"robots\" content=\"index, follow, max-snippet:-1, max-image-preview:large, max-video-preview:-1\" \/>\n<link rel=\"canonical\" href=\"https:\/\/www.visit-ulcinj.com\/blog\/2016\/04\/01\/inagurohet-shetitorja-ne-pyllin-e-pishave-ne-ulqin-foto\/\" \/>\n<meta property=\"og:locale\" content=\"en_US\" \/>\n<meta property=\"og:type\" content=\"article\" \/>\n<meta property=\"og:title\" content=\"Inagurohet Shetitorja n\u00eb pyllin e pishave n\u00eb Ulqin + Foto + Video - Lajme nga Ulqini\" \/>\n<meta property=\"og:description\" content=\"Shetitorja n\u00eb pyllin e pishave vend t\u00ebrhaq\u00ebs p\u00ebr qytetar\u00ebt dhe mysafir\u00ebt Kryetari i Ulqinit Nazif Cungu, kryetari i Kuvendit Loro Nrekiqi me\u00a0\" \/>\n<meta property=\"og:url\" content=\"https:\/\/www.visit-ulcinj.com\/blog\/2016\/04\/01\/inagurohet-shetitorja-ne-pyllin-e-pishave-ne-ulqin-foto\/\" \/>\n<meta property=\"og:site_name\" content=\"Lajme nga Ulqini\" \/>\n<meta property=\"article:published_time\" content=\"2016-04-01T17:23:39+00:00\" \/>\n<meta property=\"article:modified_time\" content=\"2016-04-04T14:39:32+00:00\" \/>\n<meta property=\"og:image\" content=\"https:\/\/www.visit-ulcinj.com\/blog\/wp-content\/uploads\/2016\/04\/Inagurohet-Shetitorja-n\u00eb-pyllin-e-pishave-n\u00eb-Ulqin-1-150x150.jpg\" \/>\n<meta name=\"twitter:label1\" content=\"Written by\" \/>\n\t<meta name=\"twitter:data1\" content=\"ulqini\" \/>\n\t<meta name=\"twitter:label2\" content=\"Est. reading time\" \/>\n\t<meta name=\"twitter:data2\" content=\"1 minute\" \/>\n<script type=\"application\/ld+json\" class=\"yoast-schema-graph\">{\"@context\":\"https:\/\/schema.org\",\"@graph\":[{\"@type\":\"WebSite\",\"@id\":\"https:\/\/www.visit-ulcinj.com\/blog\/#website\",\"url\":\"https:\/\/www.visit-ulcinj.com\/blog\/\",\"name\":\"Lajme nga Ulqini\",\"description\":\"Lajme,Vijesti,Ulqini,Ulqin,Crna Gora,Mali i Zi\",\"potentialAction\":[{\"@type\":\"SearchAction\",\"target\":{\"@type\":\"EntryPoint\",\"urlTemplate\":\"https:\/\/www.visit-ulcinj.com\/blog\/?s={search_term_string}\"},\"query-input\":\"required name=search_term_string\"}],\"inLanguage\":\"en-US\"},{\"@type\":\"WebPage\",\"@id\":\"https:\/\/www.visit-ulcinj.com\/blog\/2016\/04\/01\/inagurohet-shetitorja-ne-pyllin-e-pishave-ne-ulqin-foto\/#webpage\",\"url\":\"https:\/\/www.visit-ulcinj.com\/blog\/2016\/04\/01\/inagurohet-shetitorja-ne-pyllin-e-pishave-ne-ulqin-foto\/\",\"name\":\"Inagurohet Shetitorja n\u00eb pyllin e pishave n\u00eb Ulqin + Foto + Video - Lajme nga Ulqini\",\"isPartOf\":{\"@id\":\"https:\/\/www.visit-ulcinj.com\/blog\/#website\"},\"datePublished\":\"2016-04-01T17:23:39+00:00\",\"dateModified\":\"2016-04-04T14:39:32+00:00\",\"author\":{\"@id\":\"https:\/\/www.visit-ulcinj.com\/blog\/#\/schema\/person\/dcab619c614d3038751c63bc2aadc06d\"},\"description\":\"Shetitorja n\u00eb pyllin e pishave vend t\u00ebrhaq\u00ebs p\u00ebr qytetar\u00ebt dhe mysafir\u00ebt Kryetari i Ulqinit Nazif Cungu, kryetari i Kuvendit Loro Nrekiqi me\u00a0\",\"breadcrumb\":{\"@id\":\"https:\/\/www.visit-ulcinj.com\/blog\/2016\/04\/01\/inagurohet-shetitorja-ne-pyllin-e-pishave-ne-ulqin-foto\/#breadcrumb\"},\"inLanguage\":\"en-US\",\"potentialAction\":[{\"@type\":\"ReadAction\",\"target\":[\"https:\/\/www.visit-ulcinj.com\/blog\/2016\/04\/01\/inagurohet-shetitorja-ne-pyllin-e-pishave-ne-ulqin-foto\/\"]}]},{\"@type\":\"BreadcrumbList\",\"@id\":\"https:\/\/www.visit-ulcinj.com\/blog\/2016\/04\/01\/inagurohet-shetitorja-ne-pyllin-e-pishave-ne-ulqin-foto\/#breadcrumb\",\"itemListElement\":[{\"@type\":\"ListItem\",\"position\":1,\"name\":\"Inagurohet Shetitorja n\u00eb pyllin e pishave n\u00eb Ulqin + Foto + Video\"}]},{\"@type\":\"Person\",\"@id\":\"https:\/\/www.visit-ulcinj.com\/blog\/#\/schema\/person\/dcab619c614d3038751c63bc2aadc06d\",\"name\":\"ulqini\",\"sameAs\":[\"http:\/\/www.visit-ulcinj.com\"],\"url\":\"https:\/\/www.visit-ulcinj.com\/blog\/author\/admin\/\"}]}<\/script>\n<!-- \/ Yoast SEO plugin. -->","yoast_head_json":{"title":"Inagurohet Shetitorja n\u00eb pyllin e pishave n\u00eb Ulqin + Foto + Video - Lajme nga Ulqini","description":"Shetitorja n\u00eb pyllin e pishave vend t\u00ebrhaq\u00ebs p\u00ebr qytetar\u00ebt dhe mysafir\u00ebt Kryetari i Ulqinit Nazif Cungu, kryetari i Kuvendit Loro Nrekiqi me\u00a0","robots":{"index":"index","follow":"follow","max-snippet":"max-snippet:-1","max-image-preview":"max-image-preview:large","max-video-preview":"max-video-preview:-1"},"canonical":"https:\/\/www.visit-ulcinj.com\/blog\/2016\/04\/01\/inagurohet-shetitorja-ne-pyllin-e-pishave-ne-ulqin-foto\/","og_locale":"en_US","og_type":"article","og_title":"Inagurohet Shetitorja n\u00eb pyllin e pishave n\u00eb Ulqin + Foto + Video - Lajme nga Ulqini","og_description":"Shetitorja n\u00eb pyllin e pishave vend t\u00ebrhaq\u00ebs p\u00ebr qytetar\u00ebt dhe mysafir\u00ebt Kryetari i Ulqinit Nazif Cungu, kryetari i Kuvendit Loro Nrekiqi me\u00a0","og_url":"https:\/\/www.visit-ulcinj.com\/blog\/2016\/04\/01\/inagurohet-shetitorja-ne-pyllin-e-pishave-ne-ulqin-foto\/","og_site_name":"Lajme nga Ulqini","article_published_time":"2016-04-01T17:23:39+00:00","article_modified_time":"2016-04-04T14:39:32+00:00","og_image":[{"url":"https:\/\/www.visit-ulcinj.com\/blog\/wp-content\/uploads\/2016\/04\/Inagurohet-Shetitorja-n\u00eb-pyllin-e-pishave-n\u00eb-Ulqin-1-150x150.jpg"}],"twitter_misc":{"Written by":"ulqini","Est. reading time":"1 minute"},"schema":{"@context":"https:\/\/schema.org","@graph":[{"@type":"WebSite","@id":"https:\/\/www.visit-ulcinj.com\/blog\/#website","url":"https:\/\/www.visit-ulcinj.com\/blog\/","name":"Lajme nga Ulqini","description":"Lajme,Vijesti,Ulqini,Ulqin,Crna Gora,Mali i Zi","potentialAction":[{"@type":"SearchAction","target":{"@type":"EntryPoint","urlTemplate":"https:\/\/www.visit-ulcinj.com\/blog\/?s={search_term_string}"},"query-input":"required name=search_term_string"}],"inLanguage":"en-US"},{"@type":"WebPage","@id":"https:\/\/www.visit-ulcinj.com\/blog\/2016\/04\/01\/inagurohet-shetitorja-ne-pyllin-e-pishave-ne-ulqin-foto\/#webpage","url":"https:\/\/www.visit-ulcinj.com\/blog\/2016\/04\/01\/inagurohet-shetitorja-ne-pyllin-e-pishave-ne-ulqin-foto\/","name":"Inagurohet Shetitorja n\u00eb pyllin e pishave n\u00eb Ulqin + Foto + Video - Lajme nga Ulqini","isPartOf":{"@id":"https:\/\/www.visit-ulcinj.com\/blog\/#website"},"datePublished":"2016-04-01T17:23:39+00:00","dateModified":"2016-04-04T14:39:32+00:00","author":{"@id":"https:\/\/www.visit-ulcinj.com\/blog\/#\/schema\/person\/dcab619c614d3038751c63bc2aadc06d"},"description":"Shetitorja n\u00eb pyllin e pishave vend t\u00ebrhaq\u00ebs p\u00ebr qytetar\u00ebt dhe mysafir\u00ebt Kryetari i Ulqinit Nazif Cungu, kryetari i Kuvendit Loro Nrekiqi me\u00a0","breadcrumb":{"@id":"https:\/\/www.visit-ulcinj.com\/blog\/2016\/04\/01\/inagurohet-shetitorja-ne-pyllin-e-pishave-ne-ulqin-foto\/#breadcrumb"},"inLanguage":"en-US","potentialAction":[{"@type":"ReadAction","target":["https:\/\/www.visit-ulcinj.com\/blog\/2016\/04\/01\/inagurohet-shetitorja-ne-pyllin-e-pishave-ne-ulqin-foto\/"]}]},{"@type":"BreadcrumbList","@id":"https:\/\/www.visit-ulcinj.com\/blog\/2016\/04\/01\/inagurohet-shetitorja-ne-pyllin-e-pishave-ne-ulqin-foto\/#breadcrumb","itemListElement":[{"@type":"ListItem","position":1,"name":"Inagurohet Shetitorja n\u00eb pyllin e pishave n\u00eb Ulqin + Foto + Video"}]},{"@type":"Person","@id":"https:\/\/www.visit-ulcinj.com\/blog\/#\/schema\/person\/dcab619c614d3038751c63bc2aadc06d","name":"ulqini","sameAs":["http:\/\/www.visit-ulcinj.com"],"url":"https:\/\/www.visit-ulcinj.com\/blog\/author\/admin\/"}]}},"jetpack_featured_media_url":"","jetpack_sharing_enabled":true,"jetpack_shortlink":"https:\/\/wp.me\/pe6lTn-oUt","_links":{"self":[{"href":"https:\/\/www.visit-ulcinj.com\/blog\/wp-json\/wp\/v2\/posts\/95757"}],"collection":[{"href":"https:\/\/www.visit-ulcinj.com\/blog\/wp-json\/wp\/v2\/posts"}],"about":[{"href":"https:\/\/www.visit-ulcinj.com\/blog\/wp-json\/wp\/v2\/types\/post"}],"author":[{"embeddable":true,"href":"https:\/\/www.visit-ulcinj.com\/blog\/wp-json\/wp\/v2\/users\/1"}],"replies":[{"embeddable":true,"href":"https:\/\/www.visit-ulcinj.com\/blog\/wp-json\/wp\/v2\/comments?post=95757"}],"version-history":[{"count":3,"href":"https:\/\/www.visit-ulcinj.com\/blog\/wp-json\/wp\/v2\/posts\/95757\/revisions"}],"predecessor-version":[{"id":95894,"href":"https:\/\/www.visit-ulcinj.com\/blog\/wp-json\/wp\/v2\/posts\/95757\/revisions\/95894"}],"wp:attachment":[{"href":"https:\/\/www.visit-ulcinj.com\/blog\/wp-json\/wp\/v2\/media?parent=95757"}],"wp:term":[{"taxonomy":"category","embeddable":true,"href":"https:\/\/www.visit-ulcinj.com\/blog\/wp-json\/wp\/v2\/categories?post=95757"},{"taxonomy":"post_tag","embeddable":true,"href":"https:\/\/www.visit-ulcinj.com\/blog\/wp-json\/wp\/v2\/tags?post=95757"}],"curies":[{"name":"wp","href":"https:\/\/api.w.org\/{rel}","templated":true}]}}