{"id":95791,"date":"2016-04-02T14:58:35","date_gmt":"2016-04-02T13:58:35","guid":{"rendered":"http:\/\/www.visit-ulcinj.com\/blog\/?p=95791"},"modified":"2016-04-02T14:59:39","modified_gmt":"2016-04-02T13:59:39","slug":"milo-dukanovic-cestitao-dan-opstine-ulcinj-2","status":"publish","type":"post","link":"https:\/\/www.visit-ulcinj.com\/blog\/2016\/04\/02\/milo-dukanovic-cestitao-dan-opstine-ulcinj-2\/","title":{"rendered":"Milo \u0110ukanovi\u0107 \u010destitao Dan op\u0161tine Ulcinj"},"content":{"rendered":"<div><a href=\"http:\/\/www.visit-ulcinj.com\/blog\/wp-content\/uploads\/2016\/03\/djukanovic-cungu-djeka.jpg\"><img loading=\"lazy\" class=\"alignleft wp-image-95149\" src=\"http:\/\/www.visit-ulcinj.com\/blog\/wp-content\/uploads\/2016\/03\/djukanovic-cungu-djeka.jpg\" alt=\"djukanovic-cungu-djeka\" width=\"508\" height=\"280\" srcset=\"https:\/\/www.visit-ulcinj.com\/blog\/wp-content\/uploads\/2016\/03\/djukanovic-cungu-djeka.jpg 1000w, https:\/\/www.visit-ulcinj.com\/blog\/wp-content\/uploads\/2016\/03\/djukanovic-cungu-djeka-300x165.jpg 300w\" sizes=\"(max-width: 508px) 100vw, 508px\" \/><\/a><strong>Predsjednik Vlade Milo \u0110ukanovi\u0107 uputio je, povodom 2. aprila \u2013 Dana op\u0161tine Ulcinj, \u010destitku predsjedniku Op\u0161tine Nazifu Cunguu, predsjedniku Skup\u0161tine op\u0161tine Ljoru Nreki\u0107u, odbornicima i drugim u\u010desnicima sve\u010dane sjednice i svim gra\u0111anima Ulcinja<\/strong>.<\/div>\n<div><a href=\"http:\/\/www.visit-ulcinj.com\/blog\/wp-content\/uploads\/2016\/04\/Nrekic-Cungu-Ulcinj.jpg\"><img loading=\"lazy\" class=\"alignleft wp-image-95792\" src=\"http:\/\/www.visit-ulcinj.com\/blog\/wp-content\/uploads\/2016\/04\/Nrekic-Cungu-Ulcinj.jpg\" alt=\"Nrekic-Cungu-Ulcinj\" width=\"508\" height=\"362\" srcset=\"https:\/\/www.visit-ulcinj.com\/blog\/wp-content\/uploads\/2016\/04\/Nrekic-Cungu-Ulcinj.jpg 640w, https:\/\/www.visit-ulcinj.com\/blog\/wp-content\/uploads\/2016\/04\/Nrekic-Cungu-Ulcinj-300x214.jpg 300w\" sizes=\"(max-width: 508px) 100vw, 508px\" \/><\/a><\/div>\n<div><\/div>\n<div>\u201eVjerujem da \u0107e nova lokalna uprava iskoristiti prvo obilje\u017eavanje ovog zna\u010dajnog datuma u svom mandatu da, pored afirmacije dosada\u0161njih rezultata, defini\u0161e klju\u010dne zadatake u procesu iznala\u017eenja optimalnih mogu\u0107nosti valorizacije zna\u010dajnih potencijala kojima op\u0161tina Ulcinj raspola\u017ee.<\/div>\n<div><\/div>\n<div>Promjena na \u010delu Op\u0161tine svojevrstan je podstrek da se sa novim entuzijazmom nastave aktivnosti koje Ulcinj \u010dine globalno prepoznatljivom turisti\u010dkom destinacijom, savremenim primorskim centrom, koji finansijsko-ekonomski konsolidovan, stvara pretpostavke za biznis, strane investicije i uslove za po\u010dinjanje krupnih razvojnih projekata\u201c \u2013 istakao je predsjednik Vlade.<\/div>\n<div><\/div>\n<div>Premijer \u0110ukanovi\u0107 je izrazio uvjerenje da \u0107e nova op\u0161tinska uprava timskim radom, utemeljenim i racionalnim kadrovskim ekipiranjem, uspjeti da odgovori brojnim izazovima, o\u010dekivanjima i potrebama svih gra\u0111ana Ulcinja, daju\u0107i na taj na\u010din i dalji doprinos ukupnom razvoju Crne Gore i njenom sigurnom evropskom i evroatlantskom putu.<\/div>\n<div><\/div>\n<div>\u201eU tim nastojanjima mo\u017eete ra\u010dunati na punu pomo\u0107 i podr\u0161ku Vlade Crne Gore\u201c \u2013 navedeno je u \u010destitki predsjednika Vlade Mila \u0110ukanovi\u0107a.<\/div>\n<div><\/div>\n<div><strong>IZVOR: SLU\u017dBA ZA ODNOSE S JAVNO\u0160\u0106U<\/strong><\/div>\n<div><strong>Vlada.me<\/strong><\/div>\n","protected":false},"excerpt":{"rendered":"<p>Predsjednik Vlade Milo \u0110ukanovi\u0107 uputio je, povodom 2. aprila \u2013 Dana op\u0161tine Ulcinj, \u010destitku predsjedniku Op\u0161tine Nazifu Cunguu, predsjedniku Skup\u0161tine op\u0161tine Ljoru Nreki\u0107u, odbornicima i drugim u\u010desnicima sve\u010dane sjednice i svim gra\u0111anima Ulcinja. \u201eVjerujem da \u0107e nova lokalna uprava iskoristiti prvo obilje\u017eavanje ovog zna\u010dajnog datuma u svom mandatu da, pored afirmacije dosada\u0161njih rezultata, defini\u0161e klju\u010dne [&hellip;]<\/p>\n","protected":false},"author":1,"featured_media":0,"comment_status":"closed","ping_status":"closed","sticky":false,"template":"","format":"standard","meta":{"spay_email":"","jetpack_publicize_message":"","jetpack_is_tweetstorm":false,"jetpack_publicize_feature_enabled":true},"categories":[8337],"tags":[],"jetpack_publicize_connections":[],"yoast_head":"<!-- This site is optimized with the Yoast SEO plugin v19.1 - https:\/\/yoast.com\/wordpress\/plugins\/seo\/ -->\n<title>Milo \u0110ukanovi\u0107 \u010destitao Dan op\u0161tine Ulcinj - Lajme nga Ulqini<\/title>\n<meta name=\"description\" content=\"Predsjednik Vlade Milo \u0110ukanovi\u0107 uputio je, povodom 2. aprila \u2013 Dana op\u0161tine Ulcinj, \u010destitku predsjedniku Op\u0161tine Nazifu Cunguu, predsjedniku Skup\u0161tine\" \/>\n<meta name=\"robots\" content=\"index, follow, max-snippet:-1, max-image-preview:large, max-video-preview:-1\" \/>\n<link rel=\"canonical\" href=\"https:\/\/www.visit-ulcinj.com\/blog\/2016\/04\/02\/milo-dukanovic-cestitao-dan-opstine-ulcinj-2\/\" \/>\n<meta property=\"og:locale\" content=\"en_US\" \/>\n<meta property=\"og:type\" content=\"article\" \/>\n<meta property=\"og:title\" content=\"Milo \u0110ukanovi\u0107 \u010destitao Dan op\u0161tine Ulcinj - Lajme nga Ulqini\" \/>\n<meta property=\"og:description\" content=\"Predsjednik Vlade Milo \u0110ukanovi\u0107 uputio je, povodom 2. aprila \u2013 Dana op\u0161tine Ulcinj, \u010destitku predsjedniku Op\u0161tine Nazifu Cunguu, predsjedniku Skup\u0161tine\" \/>\n<meta property=\"og:url\" content=\"https:\/\/www.visit-ulcinj.com\/blog\/2016\/04\/02\/milo-dukanovic-cestitao-dan-opstine-ulcinj-2\/\" \/>\n<meta property=\"og:site_name\" content=\"Lajme nga Ulqini\" \/>\n<meta property=\"article:published_time\" content=\"2016-04-02T13:58:35+00:00\" \/>\n<meta property=\"article:modified_time\" content=\"2016-04-02T13:59:39+00:00\" \/>\n<meta property=\"og:image\" content=\"http:\/\/www.visit-ulcinj.com\/blog\/wp-content\/uploads\/2016\/03\/djukanovic-cungu-djeka.jpg\" \/>\n<meta name=\"twitter:label1\" content=\"Written by\" \/>\n\t<meta name=\"twitter:data1\" content=\"ulqini\" \/>\n\t<meta name=\"twitter:label2\" content=\"Est. reading time\" \/>\n\t<meta name=\"twitter:data2\" content=\"1 minute\" \/>\n<script type=\"application\/ld+json\" class=\"yoast-schema-graph\">{\"@context\":\"https:\/\/schema.org\",\"@graph\":[{\"@type\":\"WebSite\",\"@id\":\"https:\/\/www.visit-ulcinj.com\/blog\/#website\",\"url\":\"https:\/\/www.visit-ulcinj.com\/blog\/\",\"name\":\"Lajme nga Ulqini\",\"description\":\"Lajme,Vijesti,Ulqini,Ulqin,Crna Gora,Mali i Zi\",\"potentialAction\":[{\"@type\":\"SearchAction\",\"target\":{\"@type\":\"EntryPoint\",\"urlTemplate\":\"https:\/\/www.visit-ulcinj.com\/blog\/?s={search_term_string}\"},\"query-input\":\"required name=search_term_string\"}],\"inLanguage\":\"en-US\"},{\"@type\":\"ImageObject\",\"inLanguage\":\"en-US\",\"@id\":\"https:\/\/www.visit-ulcinj.com\/blog\/2016\/04\/02\/milo-dukanovic-cestitao-dan-opstine-ulcinj-2\/#primaryimage\",\"url\":\"https:\/\/www.visit-ulcinj.com\/blog\/wp-content\/uploads\/2016\/03\/djukanovic-cungu-djeka.jpg\",\"contentUrl\":\"https:\/\/www.visit-ulcinj.com\/blog\/wp-content\/uploads\/2016\/03\/djukanovic-cungu-djeka.jpg\",\"width\":1000,\"height\":551},{\"@type\":\"WebPage\",\"@id\":\"https:\/\/www.visit-ulcinj.com\/blog\/2016\/04\/02\/milo-dukanovic-cestitao-dan-opstine-ulcinj-2\/#webpage\",\"url\":\"https:\/\/www.visit-ulcinj.com\/blog\/2016\/04\/02\/milo-dukanovic-cestitao-dan-opstine-ulcinj-2\/\",\"name\":\"Milo \u0110ukanovi\u0107 \u010destitao Dan op\u0161tine Ulcinj - Lajme nga Ulqini\",\"isPartOf\":{\"@id\":\"https:\/\/www.visit-ulcinj.com\/blog\/#website\"},\"primaryImageOfPage\":{\"@id\":\"https:\/\/www.visit-ulcinj.com\/blog\/2016\/04\/02\/milo-dukanovic-cestitao-dan-opstine-ulcinj-2\/#primaryimage\"},\"datePublished\":\"2016-04-02T13:58:35+00:00\",\"dateModified\":\"2016-04-02T13:59:39+00:00\",\"author\":{\"@id\":\"https:\/\/www.visit-ulcinj.com\/blog\/#\/schema\/person\/dcab619c614d3038751c63bc2aadc06d\"},\"description\":\"Predsjednik Vlade Milo \u0110ukanovi\u0107 uputio je, povodom 2. aprila \u2013 Dana op\u0161tine Ulcinj, \u010destitku predsjedniku Op\u0161tine Nazifu Cunguu, predsjedniku Skup\u0161tine\",\"breadcrumb\":{\"@id\":\"https:\/\/www.visit-ulcinj.com\/blog\/2016\/04\/02\/milo-dukanovic-cestitao-dan-opstine-ulcinj-2\/#breadcrumb\"},\"inLanguage\":\"en-US\",\"potentialAction\":[{\"@type\":\"ReadAction\",\"target\":[\"https:\/\/www.visit-ulcinj.com\/blog\/2016\/04\/02\/milo-dukanovic-cestitao-dan-opstine-ulcinj-2\/\"]}]},{\"@type\":\"BreadcrumbList\",\"@id\":\"https:\/\/www.visit-ulcinj.com\/blog\/2016\/04\/02\/milo-dukanovic-cestitao-dan-opstine-ulcinj-2\/#breadcrumb\",\"itemListElement\":[{\"@type\":\"ListItem\",\"position\":1,\"name\":\"Milo \u0110ukanovi\u0107 \u010destitao Dan op\u0161tine Ulcinj\"}]},{\"@type\":\"Person\",\"@id\":\"https:\/\/www.visit-ulcinj.com\/blog\/#\/schema\/person\/dcab619c614d3038751c63bc2aadc06d\",\"name\":\"ulqini\",\"sameAs\":[\"http:\/\/www.visit-ulcinj.com\"],\"url\":\"https:\/\/www.visit-ulcinj.com\/blog\/author\/admin\/\"}]}<\/script>\n<!-- \/ Yoast SEO plugin. -->","yoast_head_json":{"title":"Milo \u0110ukanovi\u0107 \u010destitao Dan op\u0161tine Ulcinj - Lajme nga Ulqini","description":"Predsjednik Vlade Milo \u0110ukanovi\u0107 uputio je, povodom 2. aprila \u2013 Dana op\u0161tine Ulcinj, \u010destitku predsjedniku Op\u0161tine Nazifu Cunguu, predsjedniku Skup\u0161tine","robots":{"index":"index","follow":"follow","max-snippet":"max-snippet:-1","max-image-preview":"max-image-preview:large","max-video-preview":"max-video-preview:-1"},"canonical":"https:\/\/www.visit-ulcinj.com\/blog\/2016\/04\/02\/milo-dukanovic-cestitao-dan-opstine-ulcinj-2\/","og_locale":"en_US","og_type":"article","og_title":"Milo \u0110ukanovi\u0107 \u010destitao Dan op\u0161tine Ulcinj - Lajme nga Ulqini","og_description":"Predsjednik Vlade Milo \u0110ukanovi\u0107 uputio je, povodom 2. aprila \u2013 Dana op\u0161tine Ulcinj, \u010destitku predsjedniku Op\u0161tine Nazifu Cunguu, predsjedniku Skup\u0161tine","og_url":"https:\/\/www.visit-ulcinj.com\/blog\/2016\/04\/02\/milo-dukanovic-cestitao-dan-opstine-ulcinj-2\/","og_site_name":"Lajme nga Ulqini","article_published_time":"2016-04-02T13:58:35+00:00","article_modified_time":"2016-04-02T13:59:39+00:00","og_image":[{"url":"http:\/\/www.visit-ulcinj.com\/blog\/wp-content\/uploads\/2016\/03\/djukanovic-cungu-djeka.jpg"}],"twitter_misc":{"Written by":"ulqini","Est. reading time":"1 minute"},"schema":{"@context":"https:\/\/schema.org","@graph":[{"@type":"WebSite","@id":"https:\/\/www.visit-ulcinj.com\/blog\/#website","url":"https:\/\/www.visit-ulcinj.com\/blog\/","name":"Lajme nga Ulqini","description":"Lajme,Vijesti,Ulqini,Ulqin,Crna Gora,Mali i Zi","potentialAction":[{"@type":"SearchAction","target":{"@type":"EntryPoint","urlTemplate":"https:\/\/www.visit-ulcinj.com\/blog\/?s={search_term_string}"},"query-input":"required name=search_term_string"}],"inLanguage":"en-US"},{"@type":"ImageObject","inLanguage":"en-US","@id":"https:\/\/www.visit-ulcinj.com\/blog\/2016\/04\/02\/milo-dukanovic-cestitao-dan-opstine-ulcinj-2\/#primaryimage","url":"https:\/\/www.visit-ulcinj.com\/blog\/wp-content\/uploads\/2016\/03\/djukanovic-cungu-djeka.jpg","contentUrl":"https:\/\/www.visit-ulcinj.com\/blog\/wp-content\/uploads\/2016\/03\/djukanovic-cungu-djeka.jpg","width":1000,"height":551},{"@type":"WebPage","@id":"https:\/\/www.visit-ulcinj.com\/blog\/2016\/04\/02\/milo-dukanovic-cestitao-dan-opstine-ulcinj-2\/#webpage","url":"https:\/\/www.visit-ulcinj.com\/blog\/2016\/04\/02\/milo-dukanovic-cestitao-dan-opstine-ulcinj-2\/","name":"Milo \u0110ukanovi\u0107 \u010destitao Dan op\u0161tine Ulcinj - Lajme nga Ulqini","isPartOf":{"@id":"https:\/\/www.visit-ulcinj.com\/blog\/#website"},"primaryImageOfPage":{"@id":"https:\/\/www.visit-ulcinj.com\/blog\/2016\/04\/02\/milo-dukanovic-cestitao-dan-opstine-ulcinj-2\/#primaryimage"},"datePublished":"2016-04-02T13:58:35+00:00","dateModified":"2016-04-02T13:59:39+00:00","author":{"@id":"https:\/\/www.visit-ulcinj.com\/blog\/#\/schema\/person\/dcab619c614d3038751c63bc2aadc06d"},"description":"Predsjednik Vlade Milo \u0110ukanovi\u0107 uputio je, povodom 2. aprila \u2013 Dana op\u0161tine Ulcinj, \u010destitku predsjedniku Op\u0161tine Nazifu Cunguu, predsjedniku Skup\u0161tine","breadcrumb":{"@id":"https:\/\/www.visit-ulcinj.com\/blog\/2016\/04\/02\/milo-dukanovic-cestitao-dan-opstine-ulcinj-2\/#breadcrumb"},"inLanguage":"en-US","potentialAction":[{"@type":"ReadAction","target":["https:\/\/www.visit-ulcinj.com\/blog\/2016\/04\/02\/milo-dukanovic-cestitao-dan-opstine-ulcinj-2\/"]}]},{"@type":"BreadcrumbList","@id":"https:\/\/www.visit-ulcinj.com\/blog\/2016\/04\/02\/milo-dukanovic-cestitao-dan-opstine-ulcinj-2\/#breadcrumb","itemListElement":[{"@type":"ListItem","position":1,"name":"Milo \u0110ukanovi\u0107 \u010destitao Dan op\u0161tine Ulcinj"}]},{"@type":"Person","@id":"https:\/\/www.visit-ulcinj.com\/blog\/#\/schema\/person\/dcab619c614d3038751c63bc2aadc06d","name":"ulqini","sameAs":["http:\/\/www.visit-ulcinj.com"],"url":"https:\/\/www.visit-ulcinj.com\/blog\/author\/admin\/"}]}},"jetpack_featured_media_url":"","jetpack_sharing_enabled":true,"jetpack_shortlink":"https:\/\/wp.me\/pe6lTn-oV1","_links":{"self":[{"href":"https:\/\/www.visit-ulcinj.com\/blog\/wp-json\/wp\/v2\/posts\/95791"}],"collection":[{"href":"https:\/\/www.visit-ulcinj.com\/blog\/wp-json\/wp\/v2\/posts"}],"about":[{"href":"https:\/\/www.visit-ulcinj.com\/blog\/wp-json\/wp\/v2\/types\/post"}],"author":[{"embeddable":true,"href":"https:\/\/www.visit-ulcinj.com\/blog\/wp-json\/wp\/v2\/users\/1"}],"replies":[{"embeddable":true,"href":"https:\/\/www.visit-ulcinj.com\/blog\/wp-json\/wp\/v2\/comments?post=95791"}],"version-history":[{"count":3,"href":"https:\/\/www.visit-ulcinj.com\/blog\/wp-json\/wp\/v2\/posts\/95791\/revisions"}],"predecessor-version":[{"id":95795,"href":"https:\/\/www.visit-ulcinj.com\/blog\/wp-json\/wp\/v2\/posts\/95791\/revisions\/95795"}],"wp:attachment":[{"href":"https:\/\/www.visit-ulcinj.com\/blog\/wp-json\/wp\/v2\/media?parent=95791"}],"wp:term":[{"taxonomy":"category","embeddable":true,"href":"https:\/\/www.visit-ulcinj.com\/blog\/wp-json\/wp\/v2\/categories?post=95791"},{"taxonomy":"post_tag","embeddable":true,"href":"https:\/\/www.visit-ulcinj.com\/blog\/wp-json\/wp\/v2\/tags?post=95791"}],"curies":[{"name":"wp","href":"https:\/\/api.w.org\/{rel}","templated":true}]}}