{"id":95843,"date":"2016-04-03T10:37:45","date_gmt":"2016-04-03T09:37:45","guid":{"rendered":"http:\/\/www.visit-ulcinj.com\/blog\/?p=95843"},"modified":"2016-04-05T16:10:19","modified_gmt":"2016-04-05T15:10:19","slug":"mungese-e-barnave-jetike-ne-ulqin-video","status":"publish","type":"post","link":"https:\/\/www.visit-ulcinj.com\/blog\/2016\/04\/03\/mungese-e-barnave-jetike-ne-ulqin-video\/","title":{"rendered":"Munges\u00eb e barnave jetike n\u00eb Ulqin &#8211; Video"},"content":{"rendered":"<p><a href=\"http:\/\/www.visit-ulcinj.com\/blog\/wp-content\/uploads\/2016\/04\/Munges\u00eb-e-barnave-ne-Ulqin-Skender-Elezaga-Hatixhe-Nelaj-TV-Teuta.jpg\"><img loading=\"lazy\" class=\"alignleft wp-image-95858\" src=\"http:\/\/www.visit-ulcinj.com\/blog\/wp-content\/uploads\/2016\/04\/Munges\u00eb-e-barnave-ne-Ulqin-Skender-Elezaga-Hatixhe-Nelaj-TV-Teuta.jpg\" alt=\"Munges\u00eb e barnave ne Ulqin-Skender-Elezaga-Hatixhe-Nelaj-TV-Teuta\" width=\"508\" height=\"290\" srcset=\"https:\/\/www.visit-ulcinj.com\/blog\/wp-content\/uploads\/2016\/04\/Munges\u00eb-e-barnave-ne-Ulqin-Skender-Elezaga-Hatixhe-Nelaj-TV-Teuta.jpg 831w, https:\/\/www.visit-ulcinj.com\/blog\/wp-content\/uploads\/2016\/04\/Munges\u00eb-e-barnave-ne-Ulqin-Skender-Elezaga-Hatixhe-Nelaj-TV-Teuta-300x171.jpg 300w\" sizes=\"(max-width: 508px) 100vw, 508px\" \/><\/a>N\u00eb komun\u00ebn e Ulqinit pacient\u00ebt ankohen se ila\u00e7et jan\u00eb shum\u00eb t\u00eb shtrenjta p\u00ebr t\u2019u bler\u00eb n\u00eb farmaci, ose ka t\u00eb tilla q\u00eb nuk gjenden fare.<\/p>\n<p>TV Teuta \u00a0iu drejtua Drejtoris\u00eb t\u00eb Fondit Shendet\u00ebsor n\u00eb Ulqin me nj\u00eb pyetje se p\u00ebrse mungojn\u00eb aktualisht k\u00ebto medikamente n\u00eb n\u00eb farmacit\u00eb e shtetit , nd\u00ebrsa p\u00ebrgjigjja ishte e gjat\u00eb dhe me t\u00eb dh\u00ebna q\u00eb tregojn\u00eb se sa \u00ebsht\u00eb zvogluar sasia e k\u00ebtyre medikamenteve krahasuar me vitin 2013 e furnizuar nga farmacia e shtetit Montefarm.<\/p>\n<p>Nga dokumenti q\u00eb daton prej 9 marsit 2015 ulqinak\u00ebt me recet\u00eb mund t\u00eb marrin barna n\u00eb kat\u00ebr farmaci private.<\/p>\n<p>Nga Fondi i sh\u00ebndet\u00ebsis\u00eb \u00ebsht\u00eb njoftuar se n\u00eb k\u00ebt\u00eb m\u00ebnyr\u00eb qytetar\u00ebve i \u00ebsht\u00eb leht\u00ebsuar marrja e barnave t\u00eb cilat jan\u00eb akoma t\u00eb detyruar ti blejn\u00eb n\u00eb farmaci private p\u00ebr shkak t\u00eb mungesave n\u00eb at\u00eb t\u00eb shtetit.<\/p>\n<p>N\u00eb kontratat t\u00eb cilat jan\u00eb n\u00ebnshkruar dje qart\u00eb \u00ebsht\u00eb definuar asortimenti i barnave. \u201cN\u00ebse qytetar\u00ebt privohen nga marrja e tyre, e posedojn\u00eb recet\u00eb, kontratat do t\u00eb shk\u00ebputen automatikisht\u201d, shtojn\u00eb nga ky institucion.<\/p>\n<p><iframe loading=\"lazy\" src=\"\/\/www.dailymotion.com\/embed\/video\/x40qmgf?autoPlay=1\" width=\"508\" height=\"315\" frameborder=\"0\" allowfullscreen=\"allowfullscreen\"><\/iframe><\/p>\n","protected":false},"excerpt":{"rendered":"<p>N\u00eb komun\u00ebn e Ulqinit pacient\u00ebt ankohen se ila\u00e7et jan\u00eb shum\u00eb t\u00eb shtrenjta p\u00ebr t\u2019u bler\u00eb n\u00eb farmaci, ose ka t\u00eb tilla q\u00eb nuk gjenden fare. TV Teuta \u00a0iu drejtua Drejtoris\u00eb t\u00eb Fondit Shendet\u00ebsor n\u00eb Ulqin me nj\u00eb pyetje se p\u00ebrse mungojn\u00eb aktualisht k\u00ebto medikamente n\u00eb n\u00eb farmacit\u00eb e shtetit , nd\u00ebrsa p\u00ebrgjigjja ishte e gjat\u00eb [&hellip;]<\/p>\n","protected":false},"author":1,"featured_media":0,"comment_status":"closed","ping_status":"closed","sticky":false,"template":"","format":"standard","meta":{"spay_email":"","jetpack_publicize_message":"","jetpack_is_tweetstorm":false,"jetpack_publicize_feature_enabled":true},"categories":[14249],"tags":[],"jetpack_publicize_connections":[],"yoast_head":"<!-- This site is optimized with the Yoast SEO plugin v19.1 - https:\/\/yoast.com\/wordpress\/plugins\/seo\/ -->\n<title>Munges\u00eb e barnave jetike n\u00eb Ulqin - Video - Lajme nga Ulqini<\/title>\n<meta name=\"description\" content=\"N\u00eb komun\u00ebn e Ulqinit pacient\u00ebt ankohen se ila\u00e7et jan\u00eb shum\u00eb t\u00eb shtrenjta p\u00ebr t\u2019u bler\u00eb n\u00eb farmaci, ose ka t\u00eb tilla q\u00eb nuk gjenden fare. TV Teuta \u00a0iu\" \/>\n<meta name=\"robots\" content=\"index, follow, max-snippet:-1, max-image-preview:large, max-video-preview:-1\" \/>\n<link rel=\"canonical\" href=\"https:\/\/www.visit-ulcinj.com\/blog\/2016\/04\/03\/mungese-e-barnave-jetike-ne-ulqin-video\/\" \/>\n<meta property=\"og:locale\" content=\"en_US\" \/>\n<meta property=\"og:type\" content=\"article\" \/>\n<meta property=\"og:title\" content=\"Munges\u00eb e barnave jetike n\u00eb Ulqin - Video - Lajme nga Ulqini\" \/>\n<meta property=\"og:description\" content=\"N\u00eb komun\u00ebn e Ulqinit pacient\u00ebt ankohen se ila\u00e7et jan\u00eb shum\u00eb t\u00eb shtrenjta p\u00ebr t\u2019u bler\u00eb n\u00eb farmaci, ose ka t\u00eb tilla q\u00eb nuk gjenden fare. TV Teuta \u00a0iu\" \/>\n<meta property=\"og:url\" content=\"https:\/\/www.visit-ulcinj.com\/blog\/2016\/04\/03\/mungese-e-barnave-jetike-ne-ulqin-video\/\" \/>\n<meta property=\"og:site_name\" content=\"Lajme nga Ulqini\" \/>\n<meta property=\"article:published_time\" content=\"2016-04-03T09:37:45+00:00\" \/>\n<meta property=\"article:modified_time\" content=\"2016-04-05T15:10:19+00:00\" \/>\n<meta name=\"twitter:label1\" content=\"Written by\" \/>\n\t<meta name=\"twitter:data1\" content=\"ulqini\" \/>\n\t<meta name=\"twitter:label2\" content=\"Est. reading time\" \/>\n\t<meta name=\"twitter:data2\" content=\"1 minute\" \/>\n<script type=\"application\/ld+json\" class=\"yoast-schema-graph\">{\"@context\":\"https:\/\/schema.org\",\"@graph\":[{\"@type\":\"WebSite\",\"@id\":\"https:\/\/www.visit-ulcinj.com\/blog\/#website\",\"url\":\"https:\/\/www.visit-ulcinj.com\/blog\/\",\"name\":\"Lajme nga Ulqini\",\"description\":\"Lajme,Vijesti,Ulqini,Ulqin,Crna Gora,Mali i Zi\",\"potentialAction\":[{\"@type\":\"SearchAction\",\"target\":{\"@type\":\"EntryPoint\",\"urlTemplate\":\"https:\/\/www.visit-ulcinj.com\/blog\/?s={search_term_string}\"},\"query-input\":\"required name=search_term_string\"}],\"inLanguage\":\"en-US\"},{\"@type\":\"WebPage\",\"@id\":\"https:\/\/www.visit-ulcinj.com\/blog\/2016\/04\/03\/mungese-e-barnave-jetike-ne-ulqin-video\/#webpage\",\"url\":\"https:\/\/www.visit-ulcinj.com\/blog\/2016\/04\/03\/mungese-e-barnave-jetike-ne-ulqin-video\/\",\"name\":\"Munges\u00eb e barnave jetike n\u00eb Ulqin - Video - Lajme nga Ulqini\",\"isPartOf\":{\"@id\":\"https:\/\/www.visit-ulcinj.com\/blog\/#website\"},\"datePublished\":\"2016-04-03T09:37:45+00:00\",\"dateModified\":\"2016-04-05T15:10:19+00:00\",\"author\":{\"@id\":\"https:\/\/www.visit-ulcinj.com\/blog\/#\/schema\/person\/dcab619c614d3038751c63bc2aadc06d\"},\"description\":\"N\u00eb komun\u00ebn e Ulqinit pacient\u00ebt ankohen se ila\u00e7et jan\u00eb shum\u00eb t\u00eb shtrenjta p\u00ebr t\u2019u bler\u00eb n\u00eb farmaci, ose ka t\u00eb tilla q\u00eb nuk gjenden fare. TV Teuta \u00a0iu\",\"breadcrumb\":{\"@id\":\"https:\/\/www.visit-ulcinj.com\/blog\/2016\/04\/03\/mungese-e-barnave-jetike-ne-ulqin-video\/#breadcrumb\"},\"inLanguage\":\"en-US\",\"potentialAction\":[{\"@type\":\"ReadAction\",\"target\":[\"https:\/\/www.visit-ulcinj.com\/blog\/2016\/04\/03\/mungese-e-barnave-jetike-ne-ulqin-video\/\"]}]},{\"@type\":\"BreadcrumbList\",\"@id\":\"https:\/\/www.visit-ulcinj.com\/blog\/2016\/04\/03\/mungese-e-barnave-jetike-ne-ulqin-video\/#breadcrumb\",\"itemListElement\":[{\"@type\":\"ListItem\",\"position\":1,\"name\":\"Munges\u00eb e barnave jetike n\u00eb Ulqin &#8211; Video\"}]},{\"@type\":\"Person\",\"@id\":\"https:\/\/www.visit-ulcinj.com\/blog\/#\/schema\/person\/dcab619c614d3038751c63bc2aadc06d\",\"name\":\"ulqini\",\"sameAs\":[\"http:\/\/www.visit-ulcinj.com\"],\"url\":\"https:\/\/www.visit-ulcinj.com\/blog\/author\/admin\/\"}]}<\/script>\n<!-- \/ Yoast SEO plugin. -->","yoast_head_json":{"title":"Munges\u00eb e barnave jetike n\u00eb Ulqin - Video - Lajme nga Ulqini","description":"N\u00eb komun\u00ebn e Ulqinit pacient\u00ebt ankohen se ila\u00e7et jan\u00eb shum\u00eb t\u00eb shtrenjta p\u00ebr t\u2019u bler\u00eb n\u00eb farmaci, ose ka t\u00eb tilla q\u00eb nuk gjenden fare. TV Teuta \u00a0iu","robots":{"index":"index","follow":"follow","max-snippet":"max-snippet:-1","max-image-preview":"max-image-preview:large","max-video-preview":"max-video-preview:-1"},"canonical":"https:\/\/www.visit-ulcinj.com\/blog\/2016\/04\/03\/mungese-e-barnave-jetike-ne-ulqin-video\/","og_locale":"en_US","og_type":"article","og_title":"Munges\u00eb e barnave jetike n\u00eb Ulqin - Video - Lajme nga Ulqini","og_description":"N\u00eb komun\u00ebn e Ulqinit pacient\u00ebt ankohen se ila\u00e7et jan\u00eb shum\u00eb t\u00eb shtrenjta p\u00ebr t\u2019u bler\u00eb n\u00eb farmaci, ose ka t\u00eb tilla q\u00eb nuk gjenden fare. TV Teuta \u00a0iu","og_url":"https:\/\/www.visit-ulcinj.com\/blog\/2016\/04\/03\/mungese-e-barnave-jetike-ne-ulqin-video\/","og_site_name":"Lajme nga Ulqini","article_published_time":"2016-04-03T09:37:45+00:00","article_modified_time":"2016-04-05T15:10:19+00:00","twitter_misc":{"Written by":"ulqini","Est. reading time":"1 minute"},"schema":{"@context":"https:\/\/schema.org","@graph":[{"@type":"WebSite","@id":"https:\/\/www.visit-ulcinj.com\/blog\/#website","url":"https:\/\/www.visit-ulcinj.com\/blog\/","name":"Lajme nga Ulqini","description":"Lajme,Vijesti,Ulqini,Ulqin,Crna Gora,Mali i Zi","potentialAction":[{"@type":"SearchAction","target":{"@type":"EntryPoint","urlTemplate":"https:\/\/www.visit-ulcinj.com\/blog\/?s={search_term_string}"},"query-input":"required name=search_term_string"}],"inLanguage":"en-US"},{"@type":"WebPage","@id":"https:\/\/www.visit-ulcinj.com\/blog\/2016\/04\/03\/mungese-e-barnave-jetike-ne-ulqin-video\/#webpage","url":"https:\/\/www.visit-ulcinj.com\/blog\/2016\/04\/03\/mungese-e-barnave-jetike-ne-ulqin-video\/","name":"Munges\u00eb e barnave jetike n\u00eb Ulqin - Video - Lajme nga Ulqini","isPartOf":{"@id":"https:\/\/www.visit-ulcinj.com\/blog\/#website"},"datePublished":"2016-04-03T09:37:45+00:00","dateModified":"2016-04-05T15:10:19+00:00","author":{"@id":"https:\/\/www.visit-ulcinj.com\/blog\/#\/schema\/person\/dcab619c614d3038751c63bc2aadc06d"},"description":"N\u00eb komun\u00ebn e Ulqinit pacient\u00ebt ankohen se ila\u00e7et jan\u00eb shum\u00eb t\u00eb shtrenjta p\u00ebr t\u2019u bler\u00eb n\u00eb farmaci, ose ka t\u00eb tilla q\u00eb nuk gjenden fare. TV Teuta \u00a0iu","breadcrumb":{"@id":"https:\/\/www.visit-ulcinj.com\/blog\/2016\/04\/03\/mungese-e-barnave-jetike-ne-ulqin-video\/#breadcrumb"},"inLanguage":"en-US","potentialAction":[{"@type":"ReadAction","target":["https:\/\/www.visit-ulcinj.com\/blog\/2016\/04\/03\/mungese-e-barnave-jetike-ne-ulqin-video\/"]}]},{"@type":"BreadcrumbList","@id":"https:\/\/www.visit-ulcinj.com\/blog\/2016\/04\/03\/mungese-e-barnave-jetike-ne-ulqin-video\/#breadcrumb","itemListElement":[{"@type":"ListItem","position":1,"name":"Munges\u00eb e barnave jetike n\u00eb Ulqin &#8211; Video"}]},{"@type":"Person","@id":"https:\/\/www.visit-ulcinj.com\/blog\/#\/schema\/person\/dcab619c614d3038751c63bc2aadc06d","name":"ulqini","sameAs":["http:\/\/www.visit-ulcinj.com"],"url":"https:\/\/www.visit-ulcinj.com\/blog\/author\/admin\/"}]}},"jetpack_featured_media_url":"","jetpack_sharing_enabled":true,"jetpack_shortlink":"https:\/\/wp.me\/pe6lTn-oVR","_links":{"self":[{"href":"https:\/\/www.visit-ulcinj.com\/blog\/wp-json\/wp\/v2\/posts\/95843"}],"collection":[{"href":"https:\/\/www.visit-ulcinj.com\/blog\/wp-json\/wp\/v2\/posts"}],"about":[{"href":"https:\/\/www.visit-ulcinj.com\/blog\/wp-json\/wp\/v2\/types\/post"}],"author":[{"embeddable":true,"href":"https:\/\/www.visit-ulcinj.com\/blog\/wp-json\/wp\/v2\/users\/1"}],"replies":[{"embeddable":true,"href":"https:\/\/www.visit-ulcinj.com\/blog\/wp-json\/wp\/v2\/comments?post=95843"}],"version-history":[{"count":2,"href":"https:\/\/www.visit-ulcinj.com\/blog\/wp-json\/wp\/v2\/posts\/95843\/revisions"}],"predecessor-version":[{"id":95929,"href":"https:\/\/www.visit-ulcinj.com\/blog\/wp-json\/wp\/v2\/posts\/95843\/revisions\/95929"}],"wp:attachment":[{"href":"https:\/\/www.visit-ulcinj.com\/blog\/wp-json\/wp\/v2\/media?parent=95843"}],"wp:term":[{"taxonomy":"category","embeddable":true,"href":"https:\/\/www.visit-ulcinj.com\/blog\/wp-json\/wp\/v2\/categories?post=95843"},{"taxonomy":"post_tag","embeddable":true,"href":"https:\/\/www.visit-ulcinj.com\/blog\/wp-json\/wp\/v2\/tags?post=95843"}],"curies":[{"name":"wp","href":"https:\/\/api.w.org\/{rel}","templated":true}]}}