{"id":95860,"date":"2016-04-03T10:43:49","date_gmt":"2016-04-03T09:43:49","guid":{"rendered":"http:\/\/www.visit-ulcinj.com\/blog\/?p=95860"},"modified":"2016-04-03T11:26:48","modified_gmt":"2016-04-03T10:26:48","slug":"restorant-idea-argeton-femijet-e-cerdhes-arushi-pu","status":"publish","type":"post","link":"https:\/\/www.visit-ulcinj.com\/blog\/2016\/04\/03\/restorant-idea-argeton-femijet-e-cerdhes-arushi-pu\/","title":{"rendered":"Restorant IDEA, arg\u00ebton f\u00ebmij\u00ebt e \u00e7erdhes \u201cArushi Pu\u201d"},"content":{"rendered":"<p><span class=\"fbPhotoCaptionText\"><a href=\"http:\/\/www.visit-ulcinj.com\/blog\/wp-content\/uploads\/2016\/04\/Restorant-IDEA-n\u00eb-Kodra-t\u00eb-Ulqinit-.jpg\"><img loading=\"lazy\" class=\"alignleft wp-image-95861\" src=\"http:\/\/www.visit-ulcinj.com\/blog\/wp-content\/uploads\/2016\/04\/Restorant-IDEA-n\u00eb-Kodra-t\u00eb-Ulqinit-.jpg\" alt=\"Restorant IDEA n\u00eb Kodra t\u00eb Ulqinit-\" width=\"508\" height=\"286\" srcset=\"https:\/\/www.visit-ulcinj.com\/blog\/wp-content\/uploads\/2016\/04\/Restorant-IDEA-n\u00eb-Kodra-t\u00eb-Ulqinit-.jpg 960w, https:\/\/www.visit-ulcinj.com\/blog\/wp-content\/uploads\/2016\/04\/Restorant-IDEA-n\u00eb-Kodra-t\u00eb-Ulqinit--300x169.jpg 300w\" sizes=\"(max-width: 508px) 100vw, 508px\" \/><\/a>Para dit\u00ebn e s\u00eb Premt\u00ebs, me 01 prill 2016, f\u00ebmij\u00ebt e \u00e7erdh\u00ebs t\u00eb Instituticionit privat parashkollor \u201cArushi Pu\u201d nga Ulqini, bashk\u00eb me edukator\u00ebt, me ftes\u00eb t\u00eb stafit t\u00eb Restorantit IDEA vizituan ambijentin ton\u00eb t\u00eb ngroht\u00eb p\u00ebr vogluesh\u00ebt tan\u00eb.<\/span><\/p>\n<p>Stafi i restaurant IDEA p\u00ebrgatiti nj\u00eb program t\u00eb begat\u00eb p\u00ebr voglush\u00ebt tan\u00eb, ku f\u00ebmij\u00ebt u zbavit\u00ebn dhe u arg\u00ebtuan tej mase. Krahas k\u00ebndit t\u00eb lojrave q\u00eb posedon restauranti, f\u00ebmij\u00ebve tan\u00eb iu ofruam personazhe nga bota e filmave vizatimor\u00eb t\u00eb veshur n\u00eb pamjen e arushit Panda, dhe n\u00eb fund f\u00ebmij\u00ebve tan\u00eb iu ofruam nj\u00eb drek\u00eb t\u00eb \u00ebmb\u00ebl.<\/p>\n<p>Dua t\u00eb theksojm\u00eb q\u00eb kjo ishte vizita e par\u00eb e k\u00ebsaj \u00e7erdheje, duke pasur parasysh se restorant IDEA ka nj\u00eb koh\u00eb t\u00eb shkurt\u00ebr nga hapja e tij, por ne do t\u00eb vazhdojm\u00eb q\u00eb ti ftojm\u00eb edhe f\u00ebmij\u00ebt e \u00e7erdheve t\u00eb tjera, ku q\u00ebllimi yn\u00eb \u00ebsht\u00eb arg\u00ebtimi i k\u00ebtyre voglush\u00ebve dhe ofrimi i nj\u00eb ambijenti shum\u00eb t\u00eb dashur dhe t\u00eb ngroht\u00eb p\u00ebr t\u00eb gjith\u00eb f\u00ebmij\u00ebt e qytetit ton\u00eb.<br \/>\nAndaj restorant IDEA \u00e7do her\u00eb do ti ket\u00eb dyert e veta t\u00eb hapura p\u00ebr \u00e7do k\u00ebnd kur \u00ebsht\u00eb n\u00eb pyetje arg\u00ebtimi dhe g\u00ebzimi i f\u00ebmij\u00ebve tan\u00eb, duke filluar nga k\u00ebndi i lojrave q\u00eb posedojm\u00eb, meny e begat\u00eb p\u00ebr voglush\u00ebt, si dhe organizime t\u00eb ndryshme t\u00eb dit\u00eblindjeve.<\/p>\n<p>I falenderojm\u00eb edukatoret dhe f\u00ebmij\u00ebt e dashur q\u00eb pranuan <span class=\"fbPhotoCaptionText\">ftes\u00ebn ton\u00eb duka na nderuar me pjesmarrjen a tyre. Gjithashtu fal\u00ebnderojm\u00eb edhe stafin e Televizionit Teuta q\u00eb ishte pjes e k\u00ebtij programi.<\/span><\/p>\n<p>P\u00ebrshkrim i shkurt\u00ebr i restorantit IDEA:<br \/>\nRestorant IDEA gjindet n\u00eb Kodra t\u00eb Ulqinit, pun\u00ebn e saj e filloj n\u00eb n\u00ebntor t\u00eb vitit 2015. Ofron kapacitet prej 150 ul\u00ebse brenda lokalit, si dhe 300 ul\u00ebse terasa e saj.<br \/>\nKa k\u00ebndin e lojrave p\u00ebr f\u00ebmij\u00eb, ku krahas k\u00ebsaj organizojm\u00eb dit\u00eblindjet e tyre dhe kemi nj\u00eb meny t\u00eb ve\u00e7ant\u00eb p\u00ebr to. Gjithashtu organizojm\u00eb sh\u00ebrbime n\u00eb evenimentet e juaja, tubime t\u00eb ndryshme festive, g\u00ebzime familjare.<br \/>\nKemi \u00e7mime konkuruese dhe oferta speciale, si dhe pjes\u00eb e ofert\u00ebs son\u00eb \u00ebsht\u00eb edhe ofrimi i porosive n\u00ebp\u00ebr sht\u00ebpia.<br \/>\nMbi t\u00eb gjitha q\u00ebllimi i hapjes s\u00eb k\u00ebtij restoranti \u00ebsht\u00eb humanitar\u00eb dhe jo profitabil, ku t\u00eb ardhurat e saja krahas mbulimit t\u00eb shpenzimeve, pjesa e mbetur iu dedikohet familjeve t\u00eb kategorive t\u00eb ndryshme n\u00eb nevoj\u00eb si dhe p\u00ebr f\u00ebmij\u00ebt jetim t\u00eb qytetit ton\u00eb.<\/p>\n<p>Andaj ju mirepresim q\u00eb ti shijoni ngroht\u00ebsin\u00eb, profesionalizmin, menyn\u00eb e begat\u00eb, dhe ambijent\u00eb t\u00eb qet\u00eb q\u00eb ofron restoranti IDEA.<br \/>\nMe respekt, stafi i IDEA-s.<\/p>\n\n\t\t<style type=\"text\/css\">\n\t\t\t#gallery-1 {\n\t\t\t\tmargin: auto;\n\t\t\t}\n\t\t\t#gallery-1 .gallery-item {\n\t\t\t\tfloat: left;\n\t\t\t\tmargin-top: 10px;\n\t\t\t\ttext-align: center;\n\t\t\t\twidth: 33%;\n\t\t\t}\n\t\t\t#gallery-1 img {\n\t\t\t\tborder: 2px solid #cfcfcf;\n\t\t\t}\n\t\t\t#gallery-1 .gallery-caption {\n\t\t\t\tmargin-left: 0;\n\t\t\t}\n\t\t\t\/* see gallery_shortcode() in wp-includes\/media.php *\/\n\t\t<\/style>\n\t\t<div id='gallery-1' class='gallery galleryid-95860 gallery-columns-3 gallery-size-thumbnail'><dl class='gallery-item'>\n\t\t\t<dt class='gallery-icon landscape'>\n\t\t\t\t<a href='https:\/\/www.visit-ulcinj.com\/blog\/2016\/04\/03\/restorant-idea-argeton-femijet-e-cerdhes-arushi-pu\/restorant-idea-ne-kodra-te-ulqinit-1\/'><img width=\"150\" height=\"150\" src=\"https:\/\/www.visit-ulcinj.com\/blog\/wp-content\/uploads\/2016\/04\/Restorant-IDEA-n\u00eb-Kodra-t\u00eb-Ulqinit-1-150x150.jpg\" class=\"attachment-thumbnail size-thumbnail\" alt=\"\" loading=\"lazy\" \/><\/a>\n\t\t\t<\/dt><\/dl><dl class='gallery-item'>\n\t\t\t<dt class='gallery-icon landscape'>\n\t\t\t\t<a href='https:\/\/www.visit-ulcinj.com\/blog\/2016\/04\/03\/restorant-idea-argeton-femijet-e-cerdhes-arushi-pu\/restorant-idea-ne-kodra-te-ulqinit-2\/'><img width=\"150\" height=\"150\" src=\"https:\/\/www.visit-ulcinj.com\/blog\/wp-content\/uploads\/2016\/04\/Restorant-IDEA-n\u00eb-Kodra-t\u00eb-Ulqinit-2-150x150.jpg\" class=\"attachment-thumbnail size-thumbnail\" alt=\"\" loading=\"lazy\" \/><\/a>\n\t\t\t<\/dt><\/dl><dl class='gallery-item'>\n\t\t\t<dt class='gallery-icon landscape'>\n\t\t\t\t<a href='https:\/\/www.visit-ulcinj.com\/blog\/2016\/04\/03\/restorant-idea-argeton-femijet-e-cerdhes-arushi-pu\/restorant-idea-ne-kodra-te-ulqinit-3\/'><img width=\"150\" height=\"150\" src=\"https:\/\/www.visit-ulcinj.com\/blog\/wp-content\/uploads\/2016\/04\/Restorant-IDEA-n\u00eb-Kodra-t\u00eb-Ulqinit-3-150x150.jpg\" class=\"attachment-thumbnail size-thumbnail\" alt=\"\" loading=\"lazy\" \/><\/a>\n\t\t\t<\/dt><\/dl><br style=\"clear: both\" \/><dl class='gallery-item'>\n\t\t\t<dt class='gallery-icon landscape'>\n\t\t\t\t<a href='https:\/\/www.visit-ulcinj.com\/blog\/2016\/04\/03\/restorant-idea-argeton-femijet-e-cerdhes-arushi-pu\/restorant-idea-ne-kodra-te-ulqinit-4\/'><img width=\"150\" height=\"150\" src=\"https:\/\/www.visit-ulcinj.com\/blog\/wp-content\/uploads\/2016\/04\/Restorant-IDEA-n\u00eb-Kodra-t\u00eb-Ulqinit-4-150x150.jpg\" class=\"attachment-thumbnail size-thumbnail\" alt=\"\" loading=\"lazy\" \/><\/a>\n\t\t\t<\/dt><\/dl><dl class='gallery-item'>\n\t\t\t<dt class='gallery-icon landscape'>\n\t\t\t\t<a href='https:\/\/www.visit-ulcinj.com\/blog\/2016\/04\/03\/restorant-idea-argeton-femijet-e-cerdhes-arushi-pu\/restorant-idea-ne-kodra-te-ulqinit-5\/'><img width=\"150\" height=\"150\" src=\"https:\/\/www.visit-ulcinj.com\/blog\/wp-content\/uploads\/2016\/04\/Restorant-IDEA-n\u00eb-Kodra-t\u00eb-Ulqinit-5-150x150.jpg\" class=\"attachment-thumbnail size-thumbnail\" alt=\"\" loading=\"lazy\" \/><\/a>\n\t\t\t<\/dt><\/dl><dl class='gallery-item'>\n\t\t\t<dt class='gallery-icon landscape'>\n\t\t\t\t<a href='https:\/\/www.visit-ulcinj.com\/blog\/2016\/04\/03\/restorant-idea-argeton-femijet-e-cerdhes-arushi-pu\/restorant-idea-ne-kodra-te-ulqinit-6\/'><img width=\"150\" height=\"150\" src=\"https:\/\/www.visit-ulcinj.com\/blog\/wp-content\/uploads\/2016\/04\/Restorant-IDEA-n\u00eb-Kodra-t\u00eb-Ulqinit-6-150x150.jpg\" class=\"attachment-thumbnail size-thumbnail\" alt=\"\" loading=\"lazy\" \/><\/a>\n\t\t\t<\/dt><\/dl><br style=\"clear: both\" \/><dl class='gallery-item'>\n\t\t\t<dt class='gallery-icon landscape'>\n\t\t\t\t<a href='https:\/\/www.visit-ulcinj.com\/blog\/2016\/04\/03\/restorant-idea-argeton-femijet-e-cerdhes-arushi-pu\/restorant-idea-ne-kodra-te-ulqinit-7\/'><img width=\"150\" height=\"150\" src=\"https:\/\/www.visit-ulcinj.com\/blog\/wp-content\/uploads\/2016\/04\/Restorant-IDEA-n\u00eb-Kodra-t\u00eb-Ulqinit-7-150x150.jpg\" class=\"attachment-thumbnail size-thumbnail\" alt=\"\" loading=\"lazy\" \/><\/a>\n\t\t\t<\/dt><\/dl><dl class='gallery-item'>\n\t\t\t<dt class='gallery-icon landscape'>\n\t\t\t\t<a href='https:\/\/www.visit-ulcinj.com\/blog\/2016\/04\/03\/restorant-idea-argeton-femijet-e-cerdhes-arushi-pu\/restorant-idea-ne-kodra-te-ulqinit-8\/'><img width=\"150\" height=\"150\" src=\"https:\/\/www.visit-ulcinj.com\/blog\/wp-content\/uploads\/2016\/04\/Restorant-IDEA-n\u00eb-Kodra-t\u00eb-Ulqinit-8-150x150.jpg\" class=\"attachment-thumbnail size-thumbnail\" alt=\"\" loading=\"lazy\" \/><\/a>\n\t\t\t<\/dt><\/dl><dl class='gallery-item'>\n\t\t\t<dt class='gallery-icon landscape'>\n\t\t\t\t<a href='https:\/\/www.visit-ulcinj.com\/blog\/2016\/04\/03\/restorant-idea-argeton-femijet-e-cerdhes-arushi-pu\/restorant-idea-ne-kodra-te-ulqinit-9\/'><img width=\"150\" height=\"150\" src=\"https:\/\/www.visit-ulcinj.com\/blog\/wp-content\/uploads\/2016\/04\/Restorant-IDEA-n\u00eb-Kodra-t\u00eb-Ulqinit-9-150x150.jpg\" class=\"attachment-thumbnail size-thumbnail\" alt=\"\" loading=\"lazy\" \/><\/a>\n\t\t\t<\/dt><\/dl><br style=\"clear: both\" \/>\n\t\t<\/div>\n\n","protected":false},"excerpt":{"rendered":"<p>Para dit\u00ebn e s\u00eb Premt\u00ebs, me 01 prill 2016, f\u00ebmij\u00ebt e \u00e7erdh\u00ebs t\u00eb Instituticionit privat parashkollor \u201cArushi Pu\u201d nga Ulqini, bashk\u00eb me edukator\u00ebt, me ftes\u00eb t\u00eb stafit t\u00eb Restorantit IDEA vizituan ambijentin ton\u00eb t\u00eb ngroht\u00eb p\u00ebr vogluesh\u00ebt tan\u00eb. Stafi i restaurant IDEA p\u00ebrgatiti nj\u00eb program t\u00eb begat\u00eb p\u00ebr voglush\u00ebt tan\u00eb, ku f\u00ebmij\u00ebt u zbavit\u00ebn dhe [&hellip;]<\/p>\n","protected":false},"author":1,"featured_media":0,"comment_status":"closed","ping_status":"closed","sticky":false,"template":"","format":"standard","meta":{"spay_email":"","jetpack_publicize_message":"","jetpack_is_tweetstorm":false,"jetpack_publicize_feature_enabled":true},"categories":[2451],"tags":[],"jetpack_publicize_connections":[],"yoast_head":"<!-- This site is optimized with the Yoast SEO plugin v19.1 - https:\/\/yoast.com\/wordpress\/plugins\/seo\/ -->\n<title>Restorant IDEA, arg\u00ebton f\u00ebmij\u00ebt e \u00e7erdhes \u201cArushi Pu\u201d - Lajme nga Ulqini<\/title>\n<meta name=\"description\" content=\"Para dit\u00ebn e s\u00eb Premt\u00ebs, me 01 prill 2016, f\u00ebmij\u00ebt e \u00e7erdh\u00ebs t\u00eb Instituticionit privat parashkollor \u201cArushi Pu\u201d nga Ulqini, bashk\u00eb me edukator\u00ebt, me ftes\u00eb\" \/>\n<meta name=\"robots\" content=\"index, follow, max-snippet:-1, max-image-preview:large, max-video-preview:-1\" \/>\n<link rel=\"canonical\" href=\"https:\/\/www.visit-ulcinj.com\/blog\/2016\/04\/03\/restorant-idea-argeton-femijet-e-cerdhes-arushi-pu\/\" \/>\n<meta property=\"og:locale\" content=\"en_US\" \/>\n<meta property=\"og:type\" content=\"article\" \/>\n<meta property=\"og:title\" content=\"Restorant IDEA, arg\u00ebton f\u00ebmij\u00ebt e \u00e7erdhes \u201cArushi Pu\u201d - Lajme nga Ulqini\" \/>\n<meta property=\"og:description\" content=\"Para dit\u00ebn e s\u00eb Premt\u00ebs, me 01 prill 2016, f\u00ebmij\u00ebt e \u00e7erdh\u00ebs t\u00eb Instituticionit privat parashkollor \u201cArushi Pu\u201d nga Ulqini, bashk\u00eb me edukator\u00ebt, me ftes\u00eb\" \/>\n<meta property=\"og:url\" content=\"https:\/\/www.visit-ulcinj.com\/blog\/2016\/04\/03\/restorant-idea-argeton-femijet-e-cerdhes-arushi-pu\/\" \/>\n<meta property=\"og:site_name\" content=\"Lajme nga Ulqini\" \/>\n<meta property=\"article:published_time\" content=\"2016-04-03T09:43:49+00:00\" \/>\n<meta property=\"article:modified_time\" content=\"2016-04-03T10:26:48+00:00\" \/>\n<meta property=\"og:image\" content=\"https:\/\/www.visit-ulcinj.com\/blog\/wp-content\/uploads\/2016\/04\/Restorant-IDEA-n\u00eb-Kodra-t\u00eb-Ulqinit-1-150x150.jpg\" \/>\n<meta name=\"twitter:label1\" content=\"Written by\" \/>\n\t<meta name=\"twitter:data1\" content=\"ulqini\" \/>\n\t<meta name=\"twitter:label2\" content=\"Est. reading time\" \/>\n\t<meta name=\"twitter:data2\" content=\"2 minutes\" \/>\n<script type=\"application\/ld+json\" class=\"yoast-schema-graph\">{\"@context\":\"https:\/\/schema.org\",\"@graph\":[{\"@type\":\"WebSite\",\"@id\":\"https:\/\/www.visit-ulcinj.com\/blog\/#website\",\"url\":\"https:\/\/www.visit-ulcinj.com\/blog\/\",\"name\":\"Lajme nga Ulqini\",\"description\":\"Lajme,Vijesti,Ulqini,Ulqin,Crna Gora,Mali i Zi\",\"potentialAction\":[{\"@type\":\"SearchAction\",\"target\":{\"@type\":\"EntryPoint\",\"urlTemplate\":\"https:\/\/www.visit-ulcinj.com\/blog\/?s={search_term_string}\"},\"query-input\":\"required name=search_term_string\"}],\"inLanguage\":\"en-US\"},{\"@type\":\"WebPage\",\"@id\":\"https:\/\/www.visit-ulcinj.com\/blog\/2016\/04\/03\/restorant-idea-argeton-femijet-e-cerdhes-arushi-pu\/#webpage\",\"url\":\"https:\/\/www.visit-ulcinj.com\/blog\/2016\/04\/03\/restorant-idea-argeton-femijet-e-cerdhes-arushi-pu\/\",\"name\":\"Restorant IDEA, arg\u00ebton f\u00ebmij\u00ebt e \u00e7erdhes \u201cArushi Pu\u201d - Lajme nga Ulqini\",\"isPartOf\":{\"@id\":\"https:\/\/www.visit-ulcinj.com\/blog\/#website\"},\"datePublished\":\"2016-04-03T09:43:49+00:00\",\"dateModified\":\"2016-04-03T10:26:48+00:00\",\"author\":{\"@id\":\"https:\/\/www.visit-ulcinj.com\/blog\/#\/schema\/person\/dcab619c614d3038751c63bc2aadc06d\"},\"description\":\"Para dit\u00ebn e s\u00eb Premt\u00ebs, me 01 prill 2016, f\u00ebmij\u00ebt e \u00e7erdh\u00ebs t\u00eb Instituticionit privat parashkollor \u201cArushi Pu\u201d nga Ulqini, bashk\u00eb me edukator\u00ebt, me ftes\u00eb\",\"breadcrumb\":{\"@id\":\"https:\/\/www.visit-ulcinj.com\/blog\/2016\/04\/03\/restorant-idea-argeton-femijet-e-cerdhes-arushi-pu\/#breadcrumb\"},\"inLanguage\":\"en-US\",\"potentialAction\":[{\"@type\":\"ReadAction\",\"target\":[\"https:\/\/www.visit-ulcinj.com\/blog\/2016\/04\/03\/restorant-idea-argeton-femijet-e-cerdhes-arushi-pu\/\"]}]},{\"@type\":\"BreadcrumbList\",\"@id\":\"https:\/\/www.visit-ulcinj.com\/blog\/2016\/04\/03\/restorant-idea-argeton-femijet-e-cerdhes-arushi-pu\/#breadcrumb\",\"itemListElement\":[{\"@type\":\"ListItem\",\"position\":1,\"name\":\"Restorant IDEA, arg\u00ebton f\u00ebmij\u00ebt e \u00e7erdhes \u201cArushi Pu\u201d\"}]},{\"@type\":\"Person\",\"@id\":\"https:\/\/www.visit-ulcinj.com\/blog\/#\/schema\/person\/dcab619c614d3038751c63bc2aadc06d\",\"name\":\"ulqini\",\"sameAs\":[\"http:\/\/www.visit-ulcinj.com\"],\"url\":\"https:\/\/www.visit-ulcinj.com\/blog\/author\/admin\/\"}]}<\/script>\n<!-- \/ Yoast SEO plugin. -->","yoast_head_json":{"title":"Restorant IDEA, arg\u00ebton f\u00ebmij\u00ebt e \u00e7erdhes \u201cArushi Pu\u201d - Lajme nga Ulqini","description":"Para dit\u00ebn e s\u00eb Premt\u00ebs, me 01 prill 2016, f\u00ebmij\u00ebt e \u00e7erdh\u00ebs t\u00eb Instituticionit privat parashkollor \u201cArushi Pu\u201d nga Ulqini, bashk\u00eb me edukator\u00ebt, me ftes\u00eb","robots":{"index":"index","follow":"follow","max-snippet":"max-snippet:-1","max-image-preview":"max-image-preview:large","max-video-preview":"max-video-preview:-1"},"canonical":"https:\/\/www.visit-ulcinj.com\/blog\/2016\/04\/03\/restorant-idea-argeton-femijet-e-cerdhes-arushi-pu\/","og_locale":"en_US","og_type":"article","og_title":"Restorant IDEA, arg\u00ebton f\u00ebmij\u00ebt e \u00e7erdhes \u201cArushi Pu\u201d - Lajme nga Ulqini","og_description":"Para dit\u00ebn e s\u00eb Premt\u00ebs, me 01 prill 2016, f\u00ebmij\u00ebt e \u00e7erdh\u00ebs t\u00eb Instituticionit privat parashkollor \u201cArushi Pu\u201d nga Ulqini, bashk\u00eb me edukator\u00ebt, me ftes\u00eb","og_url":"https:\/\/www.visit-ulcinj.com\/blog\/2016\/04\/03\/restorant-idea-argeton-femijet-e-cerdhes-arushi-pu\/","og_site_name":"Lajme nga Ulqini","article_published_time":"2016-04-03T09:43:49+00:00","article_modified_time":"2016-04-03T10:26:48+00:00","og_image":[{"url":"https:\/\/www.visit-ulcinj.com\/blog\/wp-content\/uploads\/2016\/04\/Restorant-IDEA-n\u00eb-Kodra-t\u00eb-Ulqinit-1-150x150.jpg"}],"twitter_misc":{"Written by":"ulqini","Est. reading time":"2 minutes"},"schema":{"@context":"https:\/\/schema.org","@graph":[{"@type":"WebSite","@id":"https:\/\/www.visit-ulcinj.com\/blog\/#website","url":"https:\/\/www.visit-ulcinj.com\/blog\/","name":"Lajme nga Ulqini","description":"Lajme,Vijesti,Ulqini,Ulqin,Crna Gora,Mali i Zi","potentialAction":[{"@type":"SearchAction","target":{"@type":"EntryPoint","urlTemplate":"https:\/\/www.visit-ulcinj.com\/blog\/?s={search_term_string}"},"query-input":"required name=search_term_string"}],"inLanguage":"en-US"},{"@type":"WebPage","@id":"https:\/\/www.visit-ulcinj.com\/blog\/2016\/04\/03\/restorant-idea-argeton-femijet-e-cerdhes-arushi-pu\/#webpage","url":"https:\/\/www.visit-ulcinj.com\/blog\/2016\/04\/03\/restorant-idea-argeton-femijet-e-cerdhes-arushi-pu\/","name":"Restorant IDEA, arg\u00ebton f\u00ebmij\u00ebt e \u00e7erdhes \u201cArushi Pu\u201d - Lajme nga Ulqini","isPartOf":{"@id":"https:\/\/www.visit-ulcinj.com\/blog\/#website"},"datePublished":"2016-04-03T09:43:49+00:00","dateModified":"2016-04-03T10:26:48+00:00","author":{"@id":"https:\/\/www.visit-ulcinj.com\/blog\/#\/schema\/person\/dcab619c614d3038751c63bc2aadc06d"},"description":"Para dit\u00ebn e s\u00eb Premt\u00ebs, me 01 prill 2016, f\u00ebmij\u00ebt e \u00e7erdh\u00ebs t\u00eb Instituticionit privat parashkollor \u201cArushi Pu\u201d nga Ulqini, bashk\u00eb me edukator\u00ebt, me ftes\u00eb","breadcrumb":{"@id":"https:\/\/www.visit-ulcinj.com\/blog\/2016\/04\/03\/restorant-idea-argeton-femijet-e-cerdhes-arushi-pu\/#breadcrumb"},"inLanguage":"en-US","potentialAction":[{"@type":"ReadAction","target":["https:\/\/www.visit-ulcinj.com\/blog\/2016\/04\/03\/restorant-idea-argeton-femijet-e-cerdhes-arushi-pu\/"]}]},{"@type":"BreadcrumbList","@id":"https:\/\/www.visit-ulcinj.com\/blog\/2016\/04\/03\/restorant-idea-argeton-femijet-e-cerdhes-arushi-pu\/#breadcrumb","itemListElement":[{"@type":"ListItem","position":1,"name":"Restorant IDEA, arg\u00ebton f\u00ebmij\u00ebt e \u00e7erdhes \u201cArushi Pu\u201d"}]},{"@type":"Person","@id":"https:\/\/www.visit-ulcinj.com\/blog\/#\/schema\/person\/dcab619c614d3038751c63bc2aadc06d","name":"ulqini","sameAs":["http:\/\/www.visit-ulcinj.com"],"url":"https:\/\/www.visit-ulcinj.com\/blog\/author\/admin\/"}]}},"jetpack_featured_media_url":"","jetpack_sharing_enabled":true,"jetpack_shortlink":"https:\/\/wp.me\/pe6lTn-oW8","_links":{"self":[{"href":"https:\/\/www.visit-ulcinj.com\/blog\/wp-json\/wp\/v2\/posts\/95860"}],"collection":[{"href":"https:\/\/www.visit-ulcinj.com\/blog\/wp-json\/wp\/v2\/posts"}],"about":[{"href":"https:\/\/www.visit-ulcinj.com\/blog\/wp-json\/wp\/v2\/types\/post"}],"author":[{"embeddable":true,"href":"https:\/\/www.visit-ulcinj.com\/blog\/wp-json\/wp\/v2\/users\/1"}],"replies":[{"embeddable":true,"href":"https:\/\/www.visit-ulcinj.com\/blog\/wp-json\/wp\/v2\/comments?post=95860"}],"version-history":[{"count":2,"href":"https:\/\/www.visit-ulcinj.com\/blog\/wp-json\/wp\/v2\/posts\/95860\/revisions"}],"predecessor-version":[{"id":95872,"href":"https:\/\/www.visit-ulcinj.com\/blog\/wp-json\/wp\/v2\/posts\/95860\/revisions\/95872"}],"wp:attachment":[{"href":"https:\/\/www.visit-ulcinj.com\/blog\/wp-json\/wp\/v2\/media?parent=95860"}],"wp:term":[{"taxonomy":"category","embeddable":true,"href":"https:\/\/www.visit-ulcinj.com\/blog\/wp-json\/wp\/v2\/categories?post=95860"},{"taxonomy":"post_tag","embeddable":true,"href":"https:\/\/www.visit-ulcinj.com\/blog\/wp-json\/wp\/v2\/tags?post=95860"}],"curies":[{"name":"wp","href":"https:\/\/api.w.org\/{rel}","templated":true}]}}