{"id":95873,"date":"2016-04-03T11:24:27","date_gmt":"2016-04-03T10:24:27","guid":{"rendered":"http:\/\/www.visit-ulcinj.com\/blog\/?p=95873"},"modified":"2016-04-03T11:24:27","modified_gmt":"2016-04-03T10:24:27","slug":"operatoret-nga-turqia-ne-ulqin","status":"publish","type":"post","link":"https:\/\/www.visit-ulcinj.com\/blog\/2016\/04\/03\/operatoret-nga-turqia-ne-ulqin\/","title":{"rendered":"Operator\u00ebt nga Turqia n\u00eb Ulqin"},"content":{"rendered":"<p><strong><a href=\"http:\/\/www.visit-ulcinj.com\/blog\/wp-content\/uploads\/2016\/04\/Grup-operator\u00ebsh-turistik\u00eb-nga-Turqia-ne-Ulqin-1.jpg\"><img loading=\"lazy\" class=\"alignleft wp-image-95874\" src=\"http:\/\/www.visit-ulcinj.com\/blog\/wp-content\/uploads\/2016\/04\/Grup-operator\u00ebsh-turistik\u00eb-nga-Turqia-ne-Ulqin-1.jpg\" alt=\"Grup operator\u00ebsh turistik\u00eb nga Turqia ne Ulqin-1\" width=\"508\" height=\"285\" srcset=\"https:\/\/www.visit-ulcinj.com\/blog\/wp-content\/uploads\/2016\/04\/Grup-operator\u00ebsh-turistik\u00eb-nga-Turqia-ne-Ulqin-1.jpg 960w, https:\/\/www.visit-ulcinj.com\/blog\/wp-content\/uploads\/2016\/04\/Grup-operator\u00ebsh-turistik\u00eb-nga-Turqia-ne-Ulqin-1-300x168.jpg 300w\" sizes=\"(max-width: 508px) 100vw, 508px\" \/><\/a>Grup operator\u00ebsh turistik\u00eb nga Turqia po zhvillojn\u00eb n\u00eb Ulqin nj\u00eb tur duke u\u00a0njohur m\u00eb nga af\u00ebr me potencialet q\u00eb ofron vendi yn\u00eb.<\/strong><\/p>\n<p>DJE n\u00eb nj\u00eb vizit\u00eb nj\u00eb ditore n\u00eb qytetin ton\u00eb t\u00eb bukur, ka qendruar delegacioni i agjensive turistike nga Turqia, i cili tash nj\u00eb jav\u00eb qendron n\u00eb Malin e Zi, me ftes\u00ebn e Organizat\u00ebs turistike komb\u00ebtare nga Podgorica.<br \/>\nOT e Ulqinit me drejtoresh\u00ebn Zana SARVAN n\u00eb krye, kan\u00eb b\u00ebr\u00eb nj\u00eb program t\u00eb vizit\u00ebs i cili ka l\u00ebn\u00eb n\u00eb mysafir\u00ebt nga Turqia mbresa t\u00eb bukura.<\/p>\n<p><a href=\"http:\/\/www.visit-ulcinj.com\/blog\/wp-content\/uploads\/2016\/04\/Grup-operator\u00ebsh-turistik\u00eb-nga-Turqia-ne-Ulqin-.jpg\"><img loading=\"lazy\" class=\"alignleft wp-image-95875\" src=\"http:\/\/www.visit-ulcinj.com\/blog\/wp-content\/uploads\/2016\/04\/Grup-operator\u00ebsh-turistik\u00eb-nga-Turqia-ne-Ulqin-.jpg\" alt=\"Grup operator\u00ebsh turistik\u00eb nga Turqia ne Ulqin-\" width=\"508\" height=\"285\" srcset=\"https:\/\/www.visit-ulcinj.com\/blog\/wp-content\/uploads\/2016\/04\/Grup-operator\u00ebsh-turistik\u00eb-nga-Turqia-ne-Ulqin-.jpg 960w, https:\/\/www.visit-ulcinj.com\/blog\/wp-content\/uploads\/2016\/04\/Grup-operator\u00ebsh-turistik\u00eb-nga-Turqia-ne-Ulqin--300x168.jpg 300w\" sizes=\"(max-width: 508px) 100vw, 508px\" \/><\/a><br \/>\nUn\u00eb kam pasur privilegj\u00eb, por edhe detyr\u00eb dhe p\u00ebrgjegj\u00ebsi, q\u00eb mysafir\u00ebt t\u00eb njoftohen me historin\u00eb, kultur\u00ebn, bashk\u00ebjetes\u00ebn dhe natyrisht edhe me p\u00ebrmendoret e Mbret\u00ebris\u00eb Otomane t\u00eb cil\u00ebt ende gjenden k\u00ebtu. Pazari i vjet\u00ebr, krojet, hamami i ali Pash\u00ebs, Sahatkulla, Xhamit\u00eb, Kalaja kan\u00eb qen\u00eb n\u00eb fokusin e interesimit t\u00eb tyre.<br \/>\nT\u00eb gjitha k\u00ebto kan\u00eb b\u00ebr\u00eb q\u00eb qyteti yn\u00eb, gjithmon\u00eb ka qen\u00eb nj\u00eb pik\u00eb lidh\u00ebse nd\u00ebrmjet Orientit dhe Perendimit n\u00eb mes t\u00eb Mediteranit. Ende edhe sot \u00ebsht\u00eb k\u00ebshtu.<br \/>\nPrandaj, ne duhet, p\u00ebrve\u00e7 bukurive natyrore t\u00eb cilat e qendisin qytetin ton\u00eb, me akomodimit qualitativ, infrastruktur\u00ebn m\u00eb t\u00eb mir\u00eb, past\u00ebrti n\u00eb nj\u00eb nivel m\u00eb t\u00eb lart\u00eb, edhe t\u00eb veprojm\u00eb dhe t\u00eb punojm\u00eb m\u00eb tep\u00ebr edhe n\u00eb valorizimin e p\u00ebrmendoreve kulturore historike nga e kaluara e jon\u00eb, nga trashig\u00ebmia e jon\u00eb. K\u00ebshtu mund t\u00eb arrisim q\u00eb oferta e jon\u00eb turistike t\u00eb ket m\u00eb tep\u00ebr sukses\u00eb, posa\u00e7\u00ebrisht edhe n\u00eb Turqi n\u00eb Istanbull, ku sivjet \u00ebsht\u00eb paraqit\u00eb me sukses\u00eb p\u00ebr t\u00eb par\u00ebn her\u00eb.<\/p>\n<p><strong><a id=\"js_yg\" href=\"https:\/\/www.facebook.com\/ismet.karamanaga?fref=photo\" data-hovercard=\"\/ajax\/hovercard\/user.php?id=1359492972\">Ismet Karamanaga <\/a>Facebook<\/strong><\/p>\n","protected":false},"excerpt":{"rendered":"<p>Grup operator\u00ebsh turistik\u00eb nga Turqia po zhvillojn\u00eb n\u00eb Ulqin nj\u00eb tur duke u\u00a0njohur m\u00eb nga af\u00ebr me potencialet q\u00eb ofron vendi yn\u00eb. DJE n\u00eb nj\u00eb vizit\u00eb nj\u00eb ditore n\u00eb qytetin ton\u00eb t\u00eb bukur, ka qendruar delegacioni i agjensive turistike nga Turqia, i cili tash nj\u00eb jav\u00eb qendron n\u00eb Malin e Zi, me ftes\u00ebn e Organizat\u00ebs [&hellip;]<\/p>\n","protected":false},"author":1,"featured_media":0,"comment_status":"closed","ping_status":"closed","sticky":false,"template":"","format":"standard","meta":{"spay_email":"","jetpack_publicize_message":"","jetpack_is_tweetstorm":false,"jetpack_publicize_feature_enabled":true},"categories":[15],"tags":[],"jetpack_publicize_connections":[],"yoast_head":"<!-- This site is optimized with the Yoast SEO plugin v19.1 - https:\/\/yoast.com\/wordpress\/plugins\/seo\/ -->\n<title>Operator\u00ebt nga Turqia n\u00eb Ulqin - Lajme nga Ulqini<\/title>\n<meta name=\"description\" content=\"Grup operator\u00ebsh turistik\u00eb nga Turqia po zhvillojn\u00eb n\u00eb Ulqin nj\u00eb tur duke u\u00a0njohur m\u00eb nga af\u00ebr me potencialet q\u00eb ofron vendi yn\u00eb. DJE n\u00eb nj\u00eb vizit\u00eb nj\u00eb\" \/>\n<meta name=\"robots\" content=\"index, follow, max-snippet:-1, max-image-preview:large, max-video-preview:-1\" \/>\n<link rel=\"canonical\" href=\"https:\/\/www.visit-ulcinj.com\/blog\/2016\/04\/03\/operatoret-nga-turqia-ne-ulqin\/\" \/>\n<meta property=\"og:locale\" content=\"en_US\" \/>\n<meta property=\"og:type\" content=\"article\" \/>\n<meta property=\"og:title\" content=\"Operator\u00ebt nga Turqia n\u00eb Ulqin - Lajme nga Ulqini\" \/>\n<meta property=\"og:description\" content=\"Grup operator\u00ebsh turistik\u00eb nga Turqia po zhvillojn\u00eb n\u00eb Ulqin nj\u00eb tur duke u\u00a0njohur m\u00eb nga af\u00ebr me potencialet q\u00eb ofron vendi yn\u00eb. DJE n\u00eb nj\u00eb vizit\u00eb nj\u00eb\" \/>\n<meta property=\"og:url\" content=\"https:\/\/www.visit-ulcinj.com\/blog\/2016\/04\/03\/operatoret-nga-turqia-ne-ulqin\/\" \/>\n<meta property=\"og:site_name\" content=\"Lajme nga Ulqini\" \/>\n<meta property=\"article:published_time\" content=\"2016-04-03T10:24:27+00:00\" \/>\n<meta name=\"twitter:label1\" content=\"Written by\" \/>\n\t<meta name=\"twitter:data1\" content=\"ulqini\" \/>\n\t<meta name=\"twitter:label2\" content=\"Est. reading time\" \/>\n\t<meta name=\"twitter:data2\" content=\"1 minute\" \/>\n<script type=\"application\/ld+json\" class=\"yoast-schema-graph\">{\"@context\":\"https:\/\/schema.org\",\"@graph\":[{\"@type\":\"WebSite\",\"@id\":\"https:\/\/www.visit-ulcinj.com\/blog\/#website\",\"url\":\"https:\/\/www.visit-ulcinj.com\/blog\/\",\"name\":\"Lajme nga Ulqini\",\"description\":\"Lajme,Vijesti,Ulqini,Ulqin,Crna Gora,Mali i Zi\",\"potentialAction\":[{\"@type\":\"SearchAction\",\"target\":{\"@type\":\"EntryPoint\",\"urlTemplate\":\"https:\/\/www.visit-ulcinj.com\/blog\/?s={search_term_string}\"},\"query-input\":\"required name=search_term_string\"}],\"inLanguage\":\"en-US\"},{\"@type\":\"WebPage\",\"@id\":\"https:\/\/www.visit-ulcinj.com\/blog\/2016\/04\/03\/operatoret-nga-turqia-ne-ulqin\/#webpage\",\"url\":\"https:\/\/www.visit-ulcinj.com\/blog\/2016\/04\/03\/operatoret-nga-turqia-ne-ulqin\/\",\"name\":\"Operator\u00ebt nga Turqia n\u00eb Ulqin - Lajme nga Ulqini\",\"isPartOf\":{\"@id\":\"https:\/\/www.visit-ulcinj.com\/blog\/#website\"},\"datePublished\":\"2016-04-03T10:24:27+00:00\",\"dateModified\":\"2016-04-03T10:24:27+00:00\",\"author\":{\"@id\":\"https:\/\/www.visit-ulcinj.com\/blog\/#\/schema\/person\/dcab619c614d3038751c63bc2aadc06d\"},\"description\":\"Grup operator\u00ebsh turistik\u00eb nga Turqia po zhvillojn\u00eb n\u00eb Ulqin nj\u00eb tur duke u\u00a0njohur m\u00eb nga af\u00ebr me potencialet q\u00eb ofron vendi yn\u00eb. DJE n\u00eb nj\u00eb vizit\u00eb nj\u00eb\",\"breadcrumb\":{\"@id\":\"https:\/\/www.visit-ulcinj.com\/blog\/2016\/04\/03\/operatoret-nga-turqia-ne-ulqin\/#breadcrumb\"},\"inLanguage\":\"en-US\",\"potentialAction\":[{\"@type\":\"ReadAction\",\"target\":[\"https:\/\/www.visit-ulcinj.com\/blog\/2016\/04\/03\/operatoret-nga-turqia-ne-ulqin\/\"]}]},{\"@type\":\"BreadcrumbList\",\"@id\":\"https:\/\/www.visit-ulcinj.com\/blog\/2016\/04\/03\/operatoret-nga-turqia-ne-ulqin\/#breadcrumb\",\"itemListElement\":[{\"@type\":\"ListItem\",\"position\":1,\"name\":\"Operator\u00ebt nga Turqia n\u00eb Ulqin\"}]},{\"@type\":\"Person\",\"@id\":\"https:\/\/www.visit-ulcinj.com\/blog\/#\/schema\/person\/dcab619c614d3038751c63bc2aadc06d\",\"name\":\"ulqini\",\"sameAs\":[\"http:\/\/www.visit-ulcinj.com\"],\"url\":\"https:\/\/www.visit-ulcinj.com\/blog\/author\/admin\/\"}]}<\/script>\n<!-- \/ Yoast SEO plugin. -->","yoast_head_json":{"title":"Operator\u00ebt nga Turqia n\u00eb Ulqin - Lajme nga Ulqini","description":"Grup operator\u00ebsh turistik\u00eb nga Turqia po zhvillojn\u00eb n\u00eb Ulqin nj\u00eb tur duke u\u00a0njohur m\u00eb nga af\u00ebr me potencialet q\u00eb ofron vendi yn\u00eb. DJE n\u00eb nj\u00eb vizit\u00eb nj\u00eb","robots":{"index":"index","follow":"follow","max-snippet":"max-snippet:-1","max-image-preview":"max-image-preview:large","max-video-preview":"max-video-preview:-1"},"canonical":"https:\/\/www.visit-ulcinj.com\/blog\/2016\/04\/03\/operatoret-nga-turqia-ne-ulqin\/","og_locale":"en_US","og_type":"article","og_title":"Operator\u00ebt nga Turqia n\u00eb Ulqin - Lajme nga Ulqini","og_description":"Grup operator\u00ebsh turistik\u00eb nga Turqia po zhvillojn\u00eb n\u00eb Ulqin nj\u00eb tur duke u\u00a0njohur m\u00eb nga af\u00ebr me potencialet q\u00eb ofron vendi yn\u00eb. DJE n\u00eb nj\u00eb vizit\u00eb nj\u00eb","og_url":"https:\/\/www.visit-ulcinj.com\/blog\/2016\/04\/03\/operatoret-nga-turqia-ne-ulqin\/","og_site_name":"Lajme nga Ulqini","article_published_time":"2016-04-03T10:24:27+00:00","twitter_misc":{"Written by":"ulqini","Est. reading time":"1 minute"},"schema":{"@context":"https:\/\/schema.org","@graph":[{"@type":"WebSite","@id":"https:\/\/www.visit-ulcinj.com\/blog\/#website","url":"https:\/\/www.visit-ulcinj.com\/blog\/","name":"Lajme nga Ulqini","description":"Lajme,Vijesti,Ulqini,Ulqin,Crna Gora,Mali i Zi","potentialAction":[{"@type":"SearchAction","target":{"@type":"EntryPoint","urlTemplate":"https:\/\/www.visit-ulcinj.com\/blog\/?s={search_term_string}"},"query-input":"required name=search_term_string"}],"inLanguage":"en-US"},{"@type":"WebPage","@id":"https:\/\/www.visit-ulcinj.com\/blog\/2016\/04\/03\/operatoret-nga-turqia-ne-ulqin\/#webpage","url":"https:\/\/www.visit-ulcinj.com\/blog\/2016\/04\/03\/operatoret-nga-turqia-ne-ulqin\/","name":"Operator\u00ebt nga Turqia n\u00eb Ulqin - Lajme nga Ulqini","isPartOf":{"@id":"https:\/\/www.visit-ulcinj.com\/blog\/#website"},"datePublished":"2016-04-03T10:24:27+00:00","dateModified":"2016-04-03T10:24:27+00:00","author":{"@id":"https:\/\/www.visit-ulcinj.com\/blog\/#\/schema\/person\/dcab619c614d3038751c63bc2aadc06d"},"description":"Grup operator\u00ebsh turistik\u00eb nga Turqia po zhvillojn\u00eb n\u00eb Ulqin nj\u00eb tur duke u\u00a0njohur m\u00eb nga af\u00ebr me potencialet q\u00eb ofron vendi yn\u00eb. DJE n\u00eb nj\u00eb vizit\u00eb nj\u00eb","breadcrumb":{"@id":"https:\/\/www.visit-ulcinj.com\/blog\/2016\/04\/03\/operatoret-nga-turqia-ne-ulqin\/#breadcrumb"},"inLanguage":"en-US","potentialAction":[{"@type":"ReadAction","target":["https:\/\/www.visit-ulcinj.com\/blog\/2016\/04\/03\/operatoret-nga-turqia-ne-ulqin\/"]}]},{"@type":"BreadcrumbList","@id":"https:\/\/www.visit-ulcinj.com\/blog\/2016\/04\/03\/operatoret-nga-turqia-ne-ulqin\/#breadcrumb","itemListElement":[{"@type":"ListItem","position":1,"name":"Operator\u00ebt nga Turqia n\u00eb Ulqin"}]},{"@type":"Person","@id":"https:\/\/www.visit-ulcinj.com\/blog\/#\/schema\/person\/dcab619c614d3038751c63bc2aadc06d","name":"ulqini","sameAs":["http:\/\/www.visit-ulcinj.com"],"url":"https:\/\/www.visit-ulcinj.com\/blog\/author\/admin\/"}]}},"jetpack_featured_media_url":"","jetpack_sharing_enabled":true,"jetpack_shortlink":"https:\/\/wp.me\/pe6lTn-oWl","_links":{"self":[{"href":"https:\/\/www.visit-ulcinj.com\/blog\/wp-json\/wp\/v2\/posts\/95873"}],"collection":[{"href":"https:\/\/www.visit-ulcinj.com\/blog\/wp-json\/wp\/v2\/posts"}],"about":[{"href":"https:\/\/www.visit-ulcinj.com\/blog\/wp-json\/wp\/v2\/types\/post"}],"author":[{"embeddable":true,"href":"https:\/\/www.visit-ulcinj.com\/blog\/wp-json\/wp\/v2\/users\/1"}],"replies":[{"embeddable":true,"href":"https:\/\/www.visit-ulcinj.com\/blog\/wp-json\/wp\/v2\/comments?post=95873"}],"version-history":[{"count":1,"href":"https:\/\/www.visit-ulcinj.com\/blog\/wp-json\/wp\/v2\/posts\/95873\/revisions"}],"predecessor-version":[{"id":95876,"href":"https:\/\/www.visit-ulcinj.com\/blog\/wp-json\/wp\/v2\/posts\/95873\/revisions\/95876"}],"wp:attachment":[{"href":"https:\/\/www.visit-ulcinj.com\/blog\/wp-json\/wp\/v2\/media?parent=95873"}],"wp:term":[{"taxonomy":"category","embeddable":true,"href":"https:\/\/www.visit-ulcinj.com\/blog\/wp-json\/wp\/v2\/categories?post=95873"},{"taxonomy":"post_tag","embeddable":true,"href":"https:\/\/www.visit-ulcinj.com\/blog\/wp-json\/wp\/v2\/tags?post=95873"}],"curies":[{"name":"wp","href":"https:\/\/api.w.org\/{rel}","templated":true}]}}