{"id":95877,"date":"2016-04-03T11:35:13","date_gmt":"2016-04-03T10:35:13","guid":{"rendered":"http:\/\/www.visit-ulcinj.com\/blog\/?p=95877"},"modified":"2016-04-03T11:35:13","modified_gmt":"2016-04-03T10:35:13","slug":"nderroi-jete-dr-minir-hasan-mavriqi","status":"publish","type":"post","link":"https:\/\/www.visit-ulcinj.com\/blog\/2016\/04\/03\/nderroi-jete-dr-minir-hasan-mavriqi\/","title":{"rendered":"Nd\u00ebrroi jet\u00eb Dr Minir (Hasan) Mavriqi"},"content":{"rendered":"<p class=\"post-title entry-title\"><strong><a href=\"http:\/\/www.visit-ulcinj.com\/blog\/wp-content\/uploads\/2016\/04\/Minir-Mavriqi-Ulqin.jpg\"><img loading=\"lazy\" class=\"alignleft wp-image-95878\" src=\"http:\/\/www.visit-ulcinj.com\/blog\/wp-content\/uploads\/2016\/04\/Minir-Mavriqi-Ulqin.jpg\" alt=\"Minir-Mavriqi-Ulqin\" width=\"160\" height=\"185\" \/><\/a>Nga Dr. Gani Karamanaga<\/strong><\/p>\n<p>N\u00eb mosh\u00ebn 83 vje\u00e7are nd\u00ebrroi jet\u00eb Dr. Minir (Hasan) MAVRIQI, raporton portali Ul.info<\/p>\n<p>Ka qen\u00eb i lindur n\u00eb vitin 1933 n\u00eb Ulqin. Shkoll\u00ebn fillore e ka mbaruar (1949) n\u00eb Ulqin, t\u00eb mesmen t\u00eb mjek\u00ebsis\u00eb (1953) n\u00eb Sarajev\u00eb. Stomatologjin\u00eb e ka studiuar dhe mbaruar m\u00eb 1966 n\u00eb Fakultetin e stomatologjis\u00eb n\u00eb Sarajev\u00eb. Po aty, n\u00eb vitin 1983, e ka mbaruar edhe specializimin nga ortodoncia.<\/p>\n<p>Pas mbarimit t\u00eb studimeve, nga viti 1966 punon si stomatolog n\u00eb Sht\u00ebpin\u00eb e sh\u00ebndetit popullor n\u00eb Ulqin, nd\u00ebrsa nga viti 1983 si specialist \u2013 ortodont n\u00eb t\u00eb nj\u00ebjt\u00ebn themelat\u00eb.<\/p>\n<p>Nga krijimi i sh\u00ebrbimit stomatologjik n\u00eb Sht\u00ebpin\u00eb e sh\u00ebndetit n\u00eb Ulqin ka qen\u00eb shef i k\u00ebtij sh\u00ebrbimi gjithandej deri n\u00eb pensionim.<\/p>\n<p>P\u00ebrndryshe, ai \u00ebsht\u00eb ulqinaku i par\u00eb i cili e ka mbaruar stomatologjin\u00eb.<\/p>\n<p>Deri me ardhjen e tij n\u00eb Sh\u00ebrbimin e Stomatologjis\u00eb ka punua dentisti me shkoll\u00eb t\u00eb lart Muhamed Hysa si edhe dy teknik dentar \/Kapllan Hajdinaga, Asllan Hajdinaga\/. Pas tri vjet\u00ebve Sht\u00ebpia e sh\u00ebndetit e athershme \u2013 Sh\u00ebrbimi stomatologjik pajiset me makina bashkohore dhe me ardhjen e dr.Minir Mavriqit organizohet puna n\u00eb sh\u00ebrbimin parashkollor dhe shkollor stomatologjik.<\/p>\n<p>Me nd\u00ebrtimin e Sht\u00ebpis\u00eb sh\u00ebndetit n\u00eb vitin 1975 n\u00eb lagjen Meraja \/ish stadiumi i futbolit\/ arriten kushtet p\u00ebr nj\u00eb pun\u00eb m\u00eb t\u00eb mir\u00eb n\u00eb stomatologji.<\/p>\n<p>Dr.Miniri \u00ebsht\u00eb pensionuar n\u00eb vitin 1998.<\/p>\n<p>Ka dh\u00ebn\u00eb kontribut t\u00eb ve\u00e7ant n\u00eb sh\u00ebrbimin stomatologjik t\u00eb Ulqinit.<\/p>\n<p>Respekti dhe ngush\u00ebllimet tona i takojn\u00eb familjes t\u00eb nderuar MAVRIQI.<\/p>\n","protected":false},"excerpt":{"rendered":"<p>Nga Dr. Gani Karamanaga N\u00eb mosh\u00ebn 83 vje\u00e7are nd\u00ebrroi jet\u00eb Dr. Minir (Hasan) MAVRIQI, raporton portali Ul.info Ka qen\u00eb i lindur n\u00eb vitin 1933 n\u00eb Ulqin. Shkoll\u00ebn fillore e ka mbaruar (1949) n\u00eb Ulqin, t\u00eb mesmen t\u00eb mjek\u00ebsis\u00eb (1953) n\u00eb Sarajev\u00eb. Stomatologjin\u00eb e ka studiuar dhe mbaruar m\u00eb 1966 n\u00eb Fakultetin e stomatologjis\u00eb n\u00eb Sarajev\u00eb. [&hellip;]<\/p>\n","protected":false},"author":1,"featured_media":0,"comment_status":"closed","ping_status":"closed","sticky":false,"template":"","format":"standard","meta":{"spay_email":"","jetpack_publicize_message":"","jetpack_is_tweetstorm":false,"jetpack_publicize_feature_enabled":true},"categories":[6950],"tags":[],"jetpack_publicize_connections":[],"yoast_head":"<!-- This site is optimized with the Yoast SEO plugin v19.1 - https:\/\/yoast.com\/wordpress\/plugins\/seo\/ -->\n<title>Nd\u00ebrroi jet\u00eb Dr Minir (Hasan) Mavriqi - Lajme nga Ulqini<\/title>\n<meta name=\"description\" content=\"Nga Dr. Gani Karamanaga N\u00eb mosh\u00ebn 83 vje\u00e7are nd\u00ebrroi jet\u00eb Dr. Minir (Hasan) MAVRIQI, raporton portali Ul.info Ka qen\u00eb i lindur n\u00eb vitin 1933 n\u00eb Ulqin.\" \/>\n<meta name=\"robots\" content=\"index, follow, max-snippet:-1, max-image-preview:large, max-video-preview:-1\" \/>\n<link rel=\"canonical\" href=\"https:\/\/www.visit-ulcinj.com\/blog\/2016\/04\/03\/nderroi-jete-dr-minir-hasan-mavriqi\/\" \/>\n<meta property=\"og:locale\" content=\"en_US\" \/>\n<meta property=\"og:type\" content=\"article\" \/>\n<meta property=\"og:title\" content=\"Nd\u00ebrroi jet\u00eb Dr Minir (Hasan) Mavriqi - Lajme nga Ulqini\" \/>\n<meta property=\"og:description\" content=\"Nga Dr. Gani Karamanaga N\u00eb mosh\u00ebn 83 vje\u00e7are nd\u00ebrroi jet\u00eb Dr. Minir (Hasan) MAVRIQI, raporton portali Ul.info Ka qen\u00eb i lindur n\u00eb vitin 1933 n\u00eb Ulqin.\" \/>\n<meta property=\"og:url\" content=\"https:\/\/www.visit-ulcinj.com\/blog\/2016\/04\/03\/nderroi-jete-dr-minir-hasan-mavriqi\/\" \/>\n<meta property=\"og:site_name\" content=\"Lajme nga Ulqini\" \/>\n<meta property=\"article:published_time\" content=\"2016-04-03T10:35:13+00:00\" \/>\n<meta property=\"og:image\" content=\"http:\/\/www.visit-ulcinj.com\/blog\/wp-content\/uploads\/2016\/04\/Minir-Mavriqi-Ulqin.jpg\" \/>\n<meta name=\"twitter:label1\" content=\"Written by\" \/>\n\t<meta name=\"twitter:data1\" content=\"ulqini\" \/>\n\t<meta name=\"twitter:label2\" content=\"Est. reading time\" \/>\n\t<meta name=\"twitter:data2\" content=\"1 minute\" \/>\n<script type=\"application\/ld+json\" class=\"yoast-schema-graph\">{\"@context\":\"https:\/\/schema.org\",\"@graph\":[{\"@type\":\"WebSite\",\"@id\":\"https:\/\/www.visit-ulcinj.com\/blog\/#website\",\"url\":\"https:\/\/www.visit-ulcinj.com\/blog\/\",\"name\":\"Lajme nga Ulqini\",\"description\":\"Lajme,Vijesti,Ulqini,Ulqin,Crna Gora,Mali i Zi\",\"potentialAction\":[{\"@type\":\"SearchAction\",\"target\":{\"@type\":\"EntryPoint\",\"urlTemplate\":\"https:\/\/www.visit-ulcinj.com\/blog\/?s={search_term_string}\"},\"query-input\":\"required name=search_term_string\"}],\"inLanguage\":\"en-US\"},{\"@type\":\"ImageObject\",\"inLanguage\":\"en-US\",\"@id\":\"https:\/\/www.visit-ulcinj.com\/blog\/2016\/04\/03\/nderroi-jete-dr-minir-hasan-mavriqi\/#primaryimage\",\"url\":\"https:\/\/www.visit-ulcinj.com\/blog\/wp-content\/uploads\/2016\/04\/Minir-Mavriqi-Ulqin.jpg\",\"contentUrl\":\"https:\/\/www.visit-ulcinj.com\/blog\/wp-content\/uploads\/2016\/04\/Minir-Mavriqi-Ulqin.jpg\",\"width\":157,\"height\":182},{\"@type\":\"WebPage\",\"@id\":\"https:\/\/www.visit-ulcinj.com\/blog\/2016\/04\/03\/nderroi-jete-dr-minir-hasan-mavriqi\/#webpage\",\"url\":\"https:\/\/www.visit-ulcinj.com\/blog\/2016\/04\/03\/nderroi-jete-dr-minir-hasan-mavriqi\/\",\"name\":\"Nd\u00ebrroi jet\u00eb Dr Minir (Hasan) Mavriqi - Lajme nga Ulqini\",\"isPartOf\":{\"@id\":\"https:\/\/www.visit-ulcinj.com\/blog\/#website\"},\"primaryImageOfPage\":{\"@id\":\"https:\/\/www.visit-ulcinj.com\/blog\/2016\/04\/03\/nderroi-jete-dr-minir-hasan-mavriqi\/#primaryimage\"},\"datePublished\":\"2016-04-03T10:35:13+00:00\",\"dateModified\":\"2016-04-03T10:35:13+00:00\",\"author\":{\"@id\":\"https:\/\/www.visit-ulcinj.com\/blog\/#\/schema\/person\/dcab619c614d3038751c63bc2aadc06d\"},\"description\":\"Nga Dr. Gani Karamanaga N\u00eb mosh\u00ebn 83 vje\u00e7are nd\u00ebrroi jet\u00eb Dr. Minir (Hasan) MAVRIQI, raporton portali Ul.info Ka qen\u00eb i lindur n\u00eb vitin 1933 n\u00eb Ulqin.\",\"breadcrumb\":{\"@id\":\"https:\/\/www.visit-ulcinj.com\/blog\/2016\/04\/03\/nderroi-jete-dr-minir-hasan-mavriqi\/#breadcrumb\"},\"inLanguage\":\"en-US\",\"potentialAction\":[{\"@type\":\"ReadAction\",\"target\":[\"https:\/\/www.visit-ulcinj.com\/blog\/2016\/04\/03\/nderroi-jete-dr-minir-hasan-mavriqi\/\"]}]},{\"@type\":\"BreadcrumbList\",\"@id\":\"https:\/\/www.visit-ulcinj.com\/blog\/2016\/04\/03\/nderroi-jete-dr-minir-hasan-mavriqi\/#breadcrumb\",\"itemListElement\":[{\"@type\":\"ListItem\",\"position\":1,\"name\":\"Nd\u00ebrroi jet\u00eb Dr Minir (Hasan) Mavriqi\"}]},{\"@type\":\"Person\",\"@id\":\"https:\/\/www.visit-ulcinj.com\/blog\/#\/schema\/person\/dcab619c614d3038751c63bc2aadc06d\",\"name\":\"ulqini\",\"sameAs\":[\"http:\/\/www.visit-ulcinj.com\"],\"url\":\"https:\/\/www.visit-ulcinj.com\/blog\/author\/admin\/\"}]}<\/script>\n<!-- \/ Yoast SEO plugin. -->","yoast_head_json":{"title":"Nd\u00ebrroi jet\u00eb Dr Minir (Hasan) Mavriqi - Lajme nga Ulqini","description":"Nga Dr. Gani Karamanaga N\u00eb mosh\u00ebn 83 vje\u00e7are nd\u00ebrroi jet\u00eb Dr. Minir (Hasan) MAVRIQI, raporton portali Ul.info Ka qen\u00eb i lindur n\u00eb vitin 1933 n\u00eb Ulqin.","robots":{"index":"index","follow":"follow","max-snippet":"max-snippet:-1","max-image-preview":"max-image-preview:large","max-video-preview":"max-video-preview:-1"},"canonical":"https:\/\/www.visit-ulcinj.com\/blog\/2016\/04\/03\/nderroi-jete-dr-minir-hasan-mavriqi\/","og_locale":"en_US","og_type":"article","og_title":"Nd\u00ebrroi jet\u00eb Dr Minir (Hasan) Mavriqi - Lajme nga Ulqini","og_description":"Nga Dr. Gani Karamanaga N\u00eb mosh\u00ebn 83 vje\u00e7are nd\u00ebrroi jet\u00eb Dr. Minir (Hasan) MAVRIQI, raporton portali Ul.info Ka qen\u00eb i lindur n\u00eb vitin 1933 n\u00eb Ulqin.","og_url":"https:\/\/www.visit-ulcinj.com\/blog\/2016\/04\/03\/nderroi-jete-dr-minir-hasan-mavriqi\/","og_site_name":"Lajme nga Ulqini","article_published_time":"2016-04-03T10:35:13+00:00","og_image":[{"url":"http:\/\/www.visit-ulcinj.com\/blog\/wp-content\/uploads\/2016\/04\/Minir-Mavriqi-Ulqin.jpg"}],"twitter_misc":{"Written by":"ulqini","Est. reading time":"1 minute"},"schema":{"@context":"https:\/\/schema.org","@graph":[{"@type":"WebSite","@id":"https:\/\/www.visit-ulcinj.com\/blog\/#website","url":"https:\/\/www.visit-ulcinj.com\/blog\/","name":"Lajme nga Ulqini","description":"Lajme,Vijesti,Ulqini,Ulqin,Crna Gora,Mali i Zi","potentialAction":[{"@type":"SearchAction","target":{"@type":"EntryPoint","urlTemplate":"https:\/\/www.visit-ulcinj.com\/blog\/?s={search_term_string}"},"query-input":"required name=search_term_string"}],"inLanguage":"en-US"},{"@type":"ImageObject","inLanguage":"en-US","@id":"https:\/\/www.visit-ulcinj.com\/blog\/2016\/04\/03\/nderroi-jete-dr-minir-hasan-mavriqi\/#primaryimage","url":"https:\/\/www.visit-ulcinj.com\/blog\/wp-content\/uploads\/2016\/04\/Minir-Mavriqi-Ulqin.jpg","contentUrl":"https:\/\/www.visit-ulcinj.com\/blog\/wp-content\/uploads\/2016\/04\/Minir-Mavriqi-Ulqin.jpg","width":157,"height":182},{"@type":"WebPage","@id":"https:\/\/www.visit-ulcinj.com\/blog\/2016\/04\/03\/nderroi-jete-dr-minir-hasan-mavriqi\/#webpage","url":"https:\/\/www.visit-ulcinj.com\/blog\/2016\/04\/03\/nderroi-jete-dr-minir-hasan-mavriqi\/","name":"Nd\u00ebrroi jet\u00eb Dr Minir (Hasan) Mavriqi - Lajme nga Ulqini","isPartOf":{"@id":"https:\/\/www.visit-ulcinj.com\/blog\/#website"},"primaryImageOfPage":{"@id":"https:\/\/www.visit-ulcinj.com\/blog\/2016\/04\/03\/nderroi-jete-dr-minir-hasan-mavriqi\/#primaryimage"},"datePublished":"2016-04-03T10:35:13+00:00","dateModified":"2016-04-03T10:35:13+00:00","author":{"@id":"https:\/\/www.visit-ulcinj.com\/blog\/#\/schema\/person\/dcab619c614d3038751c63bc2aadc06d"},"description":"Nga Dr. Gani Karamanaga N\u00eb mosh\u00ebn 83 vje\u00e7are nd\u00ebrroi jet\u00eb Dr. Minir (Hasan) MAVRIQI, raporton portali Ul.info Ka qen\u00eb i lindur n\u00eb vitin 1933 n\u00eb Ulqin.","breadcrumb":{"@id":"https:\/\/www.visit-ulcinj.com\/blog\/2016\/04\/03\/nderroi-jete-dr-minir-hasan-mavriqi\/#breadcrumb"},"inLanguage":"en-US","potentialAction":[{"@type":"ReadAction","target":["https:\/\/www.visit-ulcinj.com\/blog\/2016\/04\/03\/nderroi-jete-dr-minir-hasan-mavriqi\/"]}]},{"@type":"BreadcrumbList","@id":"https:\/\/www.visit-ulcinj.com\/blog\/2016\/04\/03\/nderroi-jete-dr-minir-hasan-mavriqi\/#breadcrumb","itemListElement":[{"@type":"ListItem","position":1,"name":"Nd\u00ebrroi jet\u00eb Dr Minir (Hasan) Mavriqi"}]},{"@type":"Person","@id":"https:\/\/www.visit-ulcinj.com\/blog\/#\/schema\/person\/dcab619c614d3038751c63bc2aadc06d","name":"ulqini","sameAs":["http:\/\/www.visit-ulcinj.com"],"url":"https:\/\/www.visit-ulcinj.com\/blog\/author\/admin\/"}]}},"jetpack_featured_media_url":"","jetpack_sharing_enabled":true,"jetpack_shortlink":"https:\/\/wp.me\/pe6lTn-oWp","_links":{"self":[{"href":"https:\/\/www.visit-ulcinj.com\/blog\/wp-json\/wp\/v2\/posts\/95877"}],"collection":[{"href":"https:\/\/www.visit-ulcinj.com\/blog\/wp-json\/wp\/v2\/posts"}],"about":[{"href":"https:\/\/www.visit-ulcinj.com\/blog\/wp-json\/wp\/v2\/types\/post"}],"author":[{"embeddable":true,"href":"https:\/\/www.visit-ulcinj.com\/blog\/wp-json\/wp\/v2\/users\/1"}],"replies":[{"embeddable":true,"href":"https:\/\/www.visit-ulcinj.com\/blog\/wp-json\/wp\/v2\/comments?post=95877"}],"version-history":[{"count":1,"href":"https:\/\/www.visit-ulcinj.com\/blog\/wp-json\/wp\/v2\/posts\/95877\/revisions"}],"predecessor-version":[{"id":95879,"href":"https:\/\/www.visit-ulcinj.com\/blog\/wp-json\/wp\/v2\/posts\/95877\/revisions\/95879"}],"wp:attachment":[{"href":"https:\/\/www.visit-ulcinj.com\/blog\/wp-json\/wp\/v2\/media?parent=95877"}],"wp:term":[{"taxonomy":"category","embeddable":true,"href":"https:\/\/www.visit-ulcinj.com\/blog\/wp-json\/wp\/v2\/categories?post=95877"},{"taxonomy":"post_tag","embeddable":true,"href":"https:\/\/www.visit-ulcinj.com\/blog\/wp-json\/wp\/v2\/tags?post=95877"}],"curies":[{"name":"wp","href":"https:\/\/api.w.org\/{rel}","templated":true}]}}