{"id":95880,"date":"2016-04-03T17:40:21","date_gmt":"2016-04-03T16:40:21","guid":{"rendered":"http:\/\/www.visit-ulcinj.com\/blog\/?p=95880"},"modified":"2016-04-06T19:30:39","modified_gmt":"2016-04-06T18:30:39","slug":"kryetari-vujanoviq-uron-qytetaret-per-diten-e-ulqinit","status":"publish","type":"post","link":"https:\/\/www.visit-ulcinj.com\/blog\/2016\/04\/03\/kryetari-vujanoviq-uron-qytetaret-per-diten-e-ulqinit\/","title":{"rendered":"Kryetari Vujanoviq uron qytetar\u00ebt p\u00ebr Dit\u00ebn e Ulqinit &#8211; Video"},"content":{"rendered":"<p><a href=\"http:\/\/www.visit-ulcinj.com\/blog\/wp-content\/uploads\/2016\/04\/Kryetari-Vujanoviq-uron-qytetar\u00ebt-p\u00ebr-Dit\u00ebn-e-Ulqinit-.jpg\"><img loading=\"lazy\" class=\"alignleft wp-image-95881\" src=\"http:\/\/www.visit-ulcinj.com\/blog\/wp-content\/uploads\/2016\/04\/Kryetari-Vujanoviq-uron-qytetar\u00ebt-p\u00ebr-Dit\u00ebn-e-Ulqinit-.jpg\" alt=\"Kryetari Vujanoviq uron qytetar\u00ebt p\u00ebr Dit\u00ebn e Ulqinit-\" width=\"508\" height=\"339\" srcset=\"https:\/\/www.visit-ulcinj.com\/blog\/wp-content\/uploads\/2016\/04\/Kryetari-Vujanoviq-uron-qytetar\u00ebt-p\u00ebr-Dit\u00ebn-e-Ulqinit-.jpg 1000w, https:\/\/www.visit-ulcinj.com\/blog\/wp-content\/uploads\/2016\/04\/Kryetari-Vujanoviq-uron-qytetar\u00ebt-p\u00ebr-Dit\u00ebn-e-Ulqinit--300x200.jpg 300w\" sizes=\"(max-width: 508px) 100vw, 508px\" \/><\/a>N\u00eb Pallatin e kultur\u00ebs n\u00eb prani t\u00eb nj\u00eb numri t\u00eb madh t\u00eb strukturave udh\u00ebheq\u00ebse komunale, mysafir\u00ebve dhe t\u00eb ftuar ku ishin Presidenti i Malit t\u00eb Zi Filip Vujanoviq, ambasador\u00eb, kryetar t\u00eb\u00a0 komunave, p\u00ebrfaq\u00ebsues t\u00eb bashk\u00ebsive fetar\u00eb, kryetar\u00eb t\u00eb partive politike, deputet\u00eb, k\u00ebshilltar\u00eb\u00a0 dhe t\u00eb ftuar t\u00eb tjer\u00eb, u mbajt program solemn me rastin e Dit\u00ebs s\u00eb Ulqinit. T\u00eb pranishmit i p\u00ebrsh\u00ebndet\u00ebn kryetari i Kuvendit Z. Loro Nrekiqi dhe kryetari i komun\u00ebs Z Nazif Cungu.<\/p>\n<p>Numri nj\u00eb i Ulqinit tha se ky qytet gjat\u00eb historis\u00eb s\u00eb tij shekullore ka qen\u00eb dhe\u00a0 ka mbetur vend multietnik, multifetar dhe ka sh\u00ebrbyer si model i toleranc\u00ebs, gjuh\u00ebs s\u00eb mir\u00ebkuptimit dhe vend i qet\u00ebsis\u00eb dhe njer\u00ebzve q\u00eb dijn\u00eb t\u00eb rrespektojn\u00eb nj\u00ebri tjetrin. Duke folur p\u00ebr sfidat q\u00eb presin udheheq\u00ebsin\u00eb e re\u00a0 Z.Cungu tha se n\u00eb dit\u00ebt n\u00eb vijim do t\u00eb intensifikohen pun\u00ebt n\u00eb konsolidimin e\u00a0 financave t\u00eb Komun\u00ebs, n\u00eb aprovimin e planeve dhe n\u00eb p\u00ebrgatitjen e sezonit turistik . Poashtu ai n\u00ebnvizoi se prioritet do t\u00eb jet\u00eb dhe ruajtja e ambientit. Duke llogaritur n\u00eb p\u00ebrkrahjen e Qeveris\u00eb s\u00eb Malit t\u00eb Zi, Z.Cungu n\u00ebnvizoi se\u00a0 kontributin m\u00eb t\u00eb madh mund ta japin qytetar\u00ebt e Ulqinit, n\u00ebse interesin e qytetit e kan\u00eb n\u00eb vend t\u00eb par\u00eb.<\/p>\n<p>M\u00eb pas u dha nj\u00eb koncert nga orkestra sinfonike e t\u00eb rinjve nga Mali i Zi dhe Shqip\u00ebria, nd\u00ebrsa sopranot Gjylie Pelinku dhe Zorana Llatkoviq interpretuan\u00a0 mjesht\u00ebrisht disa k\u00ebng\u00eb.<\/p>\n<p>Me rastin e Dit\u00ebs s\u00eb Ulqinit, kryetarin e Ulqinit Nazif Cungun dhe kryetarin e Kuvendit Loro Nrekiqin, dhe qytetar\u00ebt e Ulqinit i kan\u00eb uruar personalitetet\u00a0 m\u00eb t\u00eb larta shtet\u00ebrore, kabineti qeveritar, personalitete t\u00eb shumta t\u00eb artit, shkenc\u00ebs dhe kultur\u00ebs.<\/p>\n<p><iframe loading=\"lazy\" frameborder=\"0\" width=\"508\" height=\"315\" src=\"\/\/www.dailymotion.com\/embed\/video\/x428e7r?autoPlay=1\" allowfullscreen><\/iframe><\/p>\n","protected":false},"excerpt":{"rendered":"<p>N\u00eb Pallatin e kultur\u00ebs n\u00eb prani t\u00eb nj\u00eb numri t\u00eb madh t\u00eb strukturave udh\u00ebheq\u00ebse komunale, mysafir\u00ebve dhe t\u00eb ftuar ku ishin Presidenti i Malit t\u00eb Zi Filip Vujanoviq, ambasador\u00eb, kryetar t\u00eb\u00a0 komunave, p\u00ebrfaq\u00ebsues t\u00eb bashk\u00ebsive fetar\u00eb, kryetar\u00eb t\u00eb partive politike, deputet\u00eb, k\u00ebshilltar\u00eb\u00a0 dhe t\u00eb ftuar t\u00eb tjer\u00eb, u mbajt program solemn me rastin e Dit\u00ebs [&hellip;]<\/p>\n","protected":false},"author":1,"featured_media":0,"comment_status":"closed","ping_status":"closed","sticky":false,"template":"","format":"standard","meta":{"spay_email":"","jetpack_publicize_message":"","jetpack_is_tweetstorm":false,"jetpack_publicize_feature_enabled":true},"categories":[7],"tags":[],"jetpack_publicize_connections":[],"yoast_head":"<!-- This site is optimized with the Yoast SEO plugin v19.1 - https:\/\/yoast.com\/wordpress\/plugins\/seo\/ -->\n<title>Kryetari Vujanoviq uron qytetar\u00ebt p\u00ebr Dit\u00ebn e Ulqinit - Video - Lajme nga Ulqini<\/title>\n<meta name=\"description\" content=\"N\u00eb Pallatin e kultur\u00ebs n\u00eb prani t\u00eb nj\u00eb numri t\u00eb madh t\u00eb strukturave udh\u00ebheq\u00ebse komunale, mysafir\u00ebve dhe t\u00eb ftuar ku ishin Presidenti i Malit t\u00eb Zi Filip\" \/>\n<meta name=\"robots\" content=\"index, follow, max-snippet:-1, max-image-preview:large, max-video-preview:-1\" \/>\n<link rel=\"canonical\" href=\"https:\/\/www.visit-ulcinj.com\/blog\/2016\/04\/03\/kryetari-vujanoviq-uron-qytetaret-per-diten-e-ulqinit\/\" \/>\n<meta property=\"og:locale\" content=\"en_US\" \/>\n<meta property=\"og:type\" content=\"article\" \/>\n<meta property=\"og:title\" content=\"Kryetari Vujanoviq uron qytetar\u00ebt p\u00ebr Dit\u00ebn e Ulqinit - Video - Lajme nga Ulqini\" \/>\n<meta property=\"og:description\" content=\"N\u00eb Pallatin e kultur\u00ebs n\u00eb prani t\u00eb nj\u00eb numri t\u00eb madh t\u00eb strukturave udh\u00ebheq\u00ebse komunale, mysafir\u00ebve dhe t\u00eb ftuar ku ishin Presidenti i Malit t\u00eb Zi Filip\" \/>\n<meta property=\"og:url\" content=\"https:\/\/www.visit-ulcinj.com\/blog\/2016\/04\/03\/kryetari-vujanoviq-uron-qytetaret-per-diten-e-ulqinit\/\" \/>\n<meta property=\"og:site_name\" content=\"Lajme nga Ulqini\" \/>\n<meta property=\"article:published_time\" content=\"2016-04-03T16:40:21+00:00\" \/>\n<meta property=\"article:modified_time\" content=\"2016-04-06T18:30:39+00:00\" \/>\n<meta name=\"twitter:label1\" content=\"Written by\" \/>\n\t<meta name=\"twitter:data1\" content=\"ulqini\" \/>\n\t<meta name=\"twitter:label2\" content=\"Est. reading time\" \/>\n\t<meta name=\"twitter:data2\" content=\"2 minutes\" \/>\n<script type=\"application\/ld+json\" class=\"yoast-schema-graph\">{\"@context\":\"https:\/\/schema.org\",\"@graph\":[{\"@type\":\"WebSite\",\"@id\":\"https:\/\/www.visit-ulcinj.com\/blog\/#website\",\"url\":\"https:\/\/www.visit-ulcinj.com\/blog\/\",\"name\":\"Lajme nga Ulqini\",\"description\":\"Lajme,Vijesti,Ulqini,Ulqin,Crna Gora,Mali i Zi\",\"potentialAction\":[{\"@type\":\"SearchAction\",\"target\":{\"@type\":\"EntryPoint\",\"urlTemplate\":\"https:\/\/www.visit-ulcinj.com\/blog\/?s={search_term_string}\"},\"query-input\":\"required name=search_term_string\"}],\"inLanguage\":\"en-US\"},{\"@type\":\"WebPage\",\"@id\":\"https:\/\/www.visit-ulcinj.com\/blog\/2016\/04\/03\/kryetari-vujanoviq-uron-qytetaret-per-diten-e-ulqinit\/#webpage\",\"url\":\"https:\/\/www.visit-ulcinj.com\/blog\/2016\/04\/03\/kryetari-vujanoviq-uron-qytetaret-per-diten-e-ulqinit\/\",\"name\":\"Kryetari Vujanoviq uron qytetar\u00ebt p\u00ebr Dit\u00ebn e Ulqinit - Video - Lajme nga Ulqini\",\"isPartOf\":{\"@id\":\"https:\/\/www.visit-ulcinj.com\/blog\/#website\"},\"datePublished\":\"2016-04-03T16:40:21+00:00\",\"dateModified\":\"2016-04-06T18:30:39+00:00\",\"author\":{\"@id\":\"https:\/\/www.visit-ulcinj.com\/blog\/#\/schema\/person\/dcab619c614d3038751c63bc2aadc06d\"},\"description\":\"N\u00eb Pallatin e kultur\u00ebs n\u00eb prani t\u00eb nj\u00eb numri t\u00eb madh t\u00eb strukturave udh\u00ebheq\u00ebse komunale, mysafir\u00ebve dhe t\u00eb ftuar ku ishin Presidenti i Malit t\u00eb Zi Filip\",\"breadcrumb\":{\"@id\":\"https:\/\/www.visit-ulcinj.com\/blog\/2016\/04\/03\/kryetari-vujanoviq-uron-qytetaret-per-diten-e-ulqinit\/#breadcrumb\"},\"inLanguage\":\"en-US\",\"potentialAction\":[{\"@type\":\"ReadAction\",\"target\":[\"https:\/\/www.visit-ulcinj.com\/blog\/2016\/04\/03\/kryetari-vujanoviq-uron-qytetaret-per-diten-e-ulqinit\/\"]}]},{\"@type\":\"BreadcrumbList\",\"@id\":\"https:\/\/www.visit-ulcinj.com\/blog\/2016\/04\/03\/kryetari-vujanoviq-uron-qytetaret-per-diten-e-ulqinit\/#breadcrumb\",\"itemListElement\":[{\"@type\":\"ListItem\",\"position\":1,\"name\":\"Kryetari Vujanoviq uron qytetar\u00ebt p\u00ebr Dit\u00ebn e Ulqinit &#8211; Video\"}]},{\"@type\":\"Person\",\"@id\":\"https:\/\/www.visit-ulcinj.com\/blog\/#\/schema\/person\/dcab619c614d3038751c63bc2aadc06d\",\"name\":\"ulqini\",\"sameAs\":[\"http:\/\/www.visit-ulcinj.com\"],\"url\":\"https:\/\/www.visit-ulcinj.com\/blog\/author\/admin\/\"}]}<\/script>\n<!-- \/ Yoast SEO plugin. -->","yoast_head_json":{"title":"Kryetari Vujanoviq uron qytetar\u00ebt p\u00ebr Dit\u00ebn e Ulqinit - Video - Lajme nga Ulqini","description":"N\u00eb Pallatin e kultur\u00ebs n\u00eb prani t\u00eb nj\u00eb numri t\u00eb madh t\u00eb strukturave udh\u00ebheq\u00ebse komunale, mysafir\u00ebve dhe t\u00eb ftuar ku ishin Presidenti i Malit t\u00eb Zi Filip","robots":{"index":"index","follow":"follow","max-snippet":"max-snippet:-1","max-image-preview":"max-image-preview:large","max-video-preview":"max-video-preview:-1"},"canonical":"https:\/\/www.visit-ulcinj.com\/blog\/2016\/04\/03\/kryetari-vujanoviq-uron-qytetaret-per-diten-e-ulqinit\/","og_locale":"en_US","og_type":"article","og_title":"Kryetari Vujanoviq uron qytetar\u00ebt p\u00ebr Dit\u00ebn e Ulqinit - Video - Lajme nga Ulqini","og_description":"N\u00eb Pallatin e kultur\u00ebs n\u00eb prani t\u00eb nj\u00eb numri t\u00eb madh t\u00eb strukturave udh\u00ebheq\u00ebse komunale, mysafir\u00ebve dhe t\u00eb ftuar ku ishin Presidenti i Malit t\u00eb Zi Filip","og_url":"https:\/\/www.visit-ulcinj.com\/blog\/2016\/04\/03\/kryetari-vujanoviq-uron-qytetaret-per-diten-e-ulqinit\/","og_site_name":"Lajme nga Ulqini","article_published_time":"2016-04-03T16:40:21+00:00","article_modified_time":"2016-04-06T18:30:39+00:00","twitter_misc":{"Written by":"ulqini","Est. reading time":"2 minutes"},"schema":{"@context":"https:\/\/schema.org","@graph":[{"@type":"WebSite","@id":"https:\/\/www.visit-ulcinj.com\/blog\/#website","url":"https:\/\/www.visit-ulcinj.com\/blog\/","name":"Lajme nga Ulqini","description":"Lajme,Vijesti,Ulqini,Ulqin,Crna Gora,Mali i Zi","potentialAction":[{"@type":"SearchAction","target":{"@type":"EntryPoint","urlTemplate":"https:\/\/www.visit-ulcinj.com\/blog\/?s={search_term_string}"},"query-input":"required name=search_term_string"}],"inLanguage":"en-US"},{"@type":"WebPage","@id":"https:\/\/www.visit-ulcinj.com\/blog\/2016\/04\/03\/kryetari-vujanoviq-uron-qytetaret-per-diten-e-ulqinit\/#webpage","url":"https:\/\/www.visit-ulcinj.com\/blog\/2016\/04\/03\/kryetari-vujanoviq-uron-qytetaret-per-diten-e-ulqinit\/","name":"Kryetari Vujanoviq uron qytetar\u00ebt p\u00ebr Dit\u00ebn e Ulqinit - Video - Lajme nga Ulqini","isPartOf":{"@id":"https:\/\/www.visit-ulcinj.com\/blog\/#website"},"datePublished":"2016-04-03T16:40:21+00:00","dateModified":"2016-04-06T18:30:39+00:00","author":{"@id":"https:\/\/www.visit-ulcinj.com\/blog\/#\/schema\/person\/dcab619c614d3038751c63bc2aadc06d"},"description":"N\u00eb Pallatin e kultur\u00ebs n\u00eb prani t\u00eb nj\u00eb numri t\u00eb madh t\u00eb strukturave udh\u00ebheq\u00ebse komunale, mysafir\u00ebve dhe t\u00eb ftuar ku ishin Presidenti i Malit t\u00eb Zi Filip","breadcrumb":{"@id":"https:\/\/www.visit-ulcinj.com\/blog\/2016\/04\/03\/kryetari-vujanoviq-uron-qytetaret-per-diten-e-ulqinit\/#breadcrumb"},"inLanguage":"en-US","potentialAction":[{"@type":"ReadAction","target":["https:\/\/www.visit-ulcinj.com\/blog\/2016\/04\/03\/kryetari-vujanoviq-uron-qytetaret-per-diten-e-ulqinit\/"]}]},{"@type":"BreadcrumbList","@id":"https:\/\/www.visit-ulcinj.com\/blog\/2016\/04\/03\/kryetari-vujanoviq-uron-qytetaret-per-diten-e-ulqinit\/#breadcrumb","itemListElement":[{"@type":"ListItem","position":1,"name":"Kryetari Vujanoviq uron qytetar\u00ebt p\u00ebr Dit\u00ebn e Ulqinit &#8211; Video"}]},{"@type":"Person","@id":"https:\/\/www.visit-ulcinj.com\/blog\/#\/schema\/person\/dcab619c614d3038751c63bc2aadc06d","name":"ulqini","sameAs":["http:\/\/www.visit-ulcinj.com"],"url":"https:\/\/www.visit-ulcinj.com\/blog\/author\/admin\/"}]}},"jetpack_featured_media_url":"","jetpack_sharing_enabled":true,"jetpack_shortlink":"https:\/\/wp.me\/pe6lTn-oWs","_links":{"self":[{"href":"https:\/\/www.visit-ulcinj.com\/blog\/wp-json\/wp\/v2\/posts\/95880"}],"collection":[{"href":"https:\/\/www.visit-ulcinj.com\/blog\/wp-json\/wp\/v2\/posts"}],"about":[{"href":"https:\/\/www.visit-ulcinj.com\/blog\/wp-json\/wp\/v2\/types\/post"}],"author":[{"embeddable":true,"href":"https:\/\/www.visit-ulcinj.com\/blog\/wp-json\/wp\/v2\/users\/1"}],"replies":[{"embeddable":true,"href":"https:\/\/www.visit-ulcinj.com\/blog\/wp-json\/wp\/v2\/comments?post=95880"}],"version-history":[{"count":3,"href":"https:\/\/www.visit-ulcinj.com\/blog\/wp-json\/wp\/v2\/posts\/95880\/revisions"}],"predecessor-version":[{"id":95961,"href":"https:\/\/www.visit-ulcinj.com\/blog\/wp-json\/wp\/v2\/posts\/95880\/revisions\/95961"}],"wp:attachment":[{"href":"https:\/\/www.visit-ulcinj.com\/blog\/wp-json\/wp\/v2\/media?parent=95880"}],"wp:term":[{"taxonomy":"category","embeddable":true,"href":"https:\/\/www.visit-ulcinj.com\/blog\/wp-json\/wp\/v2\/categories?post=95880"},{"taxonomy":"post_tag","embeddable":true,"href":"https:\/\/www.visit-ulcinj.com\/blog\/wp-json\/wp\/v2\/tags?post=95880"}],"curies":[{"name":"wp","href":"https:\/\/api.w.org\/{rel}","templated":true}]}}