{"id":95887,"date":"2016-04-04T15:04:52","date_gmt":"2016-04-04T14:04:52","guid":{"rendered":"http:\/\/www.visit-ulcinj.com\/blog\/?p=95887"},"modified":"2016-04-05T15:17:55","modified_gmt":"2016-04-05T14:17:55","slug":"hapet-panairi-artizanateve-ne-ulqin","status":"publish","type":"post","link":"https:\/\/www.visit-ulcinj.com\/blog\/2016\/04\/04\/hapet-panairi-artizanateve-ne-ulqin\/","title":{"rendered":"Hapet panairi i artizanateve n\u00eb Ulqin"},"content":{"rendered":"<p><a href=\"http:\/\/www.visit-ulcinj.com\/blog\/wp-content\/uploads\/2016\/04\/Hapet-panairi-i-artizanateve-n\u00eb-Ulqin.jpg\"><img loading=\"lazy\" class=\"alignleft wp-image-95891\" src=\"http:\/\/www.visit-ulcinj.com\/blog\/wp-content\/uploads\/2016\/04\/Hapet-panairi-i-artizanateve-n\u00eb-Ulqin.jpg\" alt=\"Hapet panairi i artizanateve n\u00eb Ulqin\" width=\"508\" height=\"381\" srcset=\"https:\/\/www.visit-ulcinj.com\/blog\/wp-content\/uploads\/2016\/04\/Hapet-panairi-i-artizanateve-n\u00eb-Ulqin.jpg 960w, https:\/\/www.visit-ulcinj.com\/blog\/wp-content\/uploads\/2016\/04\/Hapet-panairi-i-artizanateve-n\u00eb-Ulqin-300x225.jpg 300w\" sizes=\"(max-width: 508px) 100vw, 508px\" \/><\/a>M\u00eb duket se t\u00eb gjith\u00eb mysafir\u00ebt dhe qytetar\u00ebt e Ulqinit, t\u00eb cil\u00ebt dje jan\u00eb ulur deri n\u00eb Ran\u00eb, kan\u00eb pasur k\u00ebnaq\u00ebsi shpirt\u00ebrore duke shijuar bukurin\u00eb e detit dhe t\u00eb Plazhit t\u00eb Vog\u00ebl, k\u00ebsaj radhe edhe t\u00eb qendisur me tavalina t\u00eb mbushura me prodhime nga ulliri dhe t\u00eb artizanat\u00ebve t\u00eb ndrysh\u00ebm.<br \/>\nDhe t\u00eb gjitha k\u00ebto, n\u00eb kuad\u00ebr t\u00eb kremtimit e Dit\u00ebs s\u00eb Ulqinit. Rana e bukur, gjithmon\u00eb t\u00ebrheq mysafir\u00eb dhe qytetar\u00eb, prandaj, \u00ebsht\u00eb mir\u00eb q\u00eb organizohen manifestime t\u00eb tilla<span class=\"text_exposed_show\">, pasi q\u00eb t\u00eb rall\u00eb jan\u00eb vendet ku mundet t\u00eb shifen m\u00eb prodhimet e artizanat\u00ebve, vesha komb\u00ebtare dhe sendet t\u00eb cilat i takojn\u00eb artit burimor. N\u00eb k\u00ebt\u00eb pjes\u00eb t\u00eb qytetit ton\u00eb.dhe k\u00ebsaj radhe \u00ebsht\u00eb organizuar pra nj\u00eb panair regjional i artizanat\u00ebve, por edhe t\u00eb prodhimeve nga ulliri dhe ullishta e Ulqinit. \u00e7ka \u00ebsht\u00eb p\u00ebr t\u00eb lavdruar. Jam\u00eb m\u00eb se i bindur, se shum\u00eb vizituasit e k\u00ebtij panairi jan\u00eb ndar\u00eb me mbresa t\u00eb bukura.<br \/>\nGjithashu, n\u00eb kuad\u00ebr e k\u00ebtij manifestimi, n\u00eb &#8221; Molen e Madhe&#8221; \u00ebsht\u00eb organizuar edhe nj\u00eb turnir sporti me moto &#8220;Jeta \u00ebsht\u00eb sport&#8221;, ku t\u00eb rinj\u00ebt kan\u00eb treguar mjesht\u00ebrin n\u00eb &#8220;Sporte luftarake&#8221;.<\/span><\/p>\n<p><span id=\"fbPhotoSnowliftCaption\" class=\"fbPhotosPhotoCaption\" tabindex=\"0\" data-ft=\"{&quot;tn&quot;:&quot;K&quot;}\"><span class=\"hasCaption\"><strong>Ahmet ELEZAGA , n\u00eb Ran\u00eb, nd\u00ebrmjet vesh\u00ebs Komb\u00ebtare<\/strong><\/span><\/span><\/p>\n<p><span id=\"fbPhotoSnowliftCaption\" class=\"fbPhotosPhotoCaption\" tabindex=\"0\" data-ft=\"{&quot;tn&quot;:&quot;K&quot;}\"><span class=\"hasCaption\"> <a href=\"http:\/\/www.visit-ulcinj.com\/blog\/wp-content\/uploads\/2016\/04\/Ahmet-ELEZAGA-Ulqin.jpg\"><img loading=\"lazy\" class=\"alignleft wp-image-95892\" src=\"http:\/\/www.visit-ulcinj.com\/blog\/wp-content\/uploads\/2016\/04\/Ahmet-ELEZAGA-Ulqin.jpg\" alt=\"Ahmet ELEZAGA-Ulqin\" width=\"508\" height=\"381\" srcset=\"https:\/\/www.visit-ulcinj.com\/blog\/wp-content\/uploads\/2016\/04\/Ahmet-ELEZAGA-Ulqin.jpg 960w, https:\/\/www.visit-ulcinj.com\/blog\/wp-content\/uploads\/2016\/04\/Ahmet-ELEZAGA-Ulqin-300x225.jpg 300w\" sizes=\"(max-width: 508px) 100vw, 508px\" \/><\/a><br \/>\nI lindur n\u00eb Kalan\u00eb e Ulqinit dhe deri ke t\u00ebrmeti katastrofal i vitit 1979 banori i Kalas\u00eb. Nj\u00eb koh\u00eb t\u00eb gjat\u00eb ka naviguar ne anije t\u00eb ndryshme oqeanike nep\u00ebr t\u00ebr detrat e bot\u00ebs. Nd\u00ebrmjet shum\u00eb kujtimeve nga lundrimet e shumta, dallon dhe ve\u00e7on ato nga Amerika e jugut, nga Kuba dhe nga Brazili. Ato kan\u00eb l\u00ebn\u00eb n\u00eb mua l mbresa m\u00eb t\u00eb bukura dhe m\u00eb t\u00eb mira, t\u00eb pashlyera.<br \/>\nSo \u00ebsht\u00eb n\u00eb penzionin e merituar. P\u00ebr \u00e7do dit\u00eb shkon n\u00eb &#8220;Fush\u00eb&#8221; dhe merret me blektori. Aty e ndjen\u00eb vehten m\u00eb s\u00eb mir\u00eb, thot Ahmeti. Mir\u00ebpo, nuk mundem pa Ran\u00eb dhe pa Kala, dhe shpesh, pasdite ulem deri n\u00eb Ran\u00eb, ku takohem me shok\u00ebt e mij nga f\u00ebmirija, shprehet ai.<\/span><\/span><\/p>\n<p id=\"js_ht\" class=\"_5pbw\" data-ft=\"{&quot;tn&quot;:&quot;C&quot;}\"><strong><span class=\"fwn fcg\"><span class=\"fcg\"><span class=\"fwb\"><a id=\"js_i4\" class=\"profileLink\" href=\"https:\/\/www.facebook.com\/ismet.karamanaga\" data-ft=\"{&quot;tn&quot;:&quot;l&quot;}\" data-hovercard=\"\/ajax\/hovercard\/user.php?id=1359492972\">Ismet Karamanaga <\/a><\/span><\/span><\/span>Facebook<\/strong><\/p>\n","protected":false},"excerpt":{"rendered":"<p>M\u00eb duket se t\u00eb gjith\u00eb mysafir\u00ebt dhe qytetar\u00ebt e Ulqinit, t\u00eb cil\u00ebt dje jan\u00eb ulur deri n\u00eb Ran\u00eb, kan\u00eb pasur k\u00ebnaq\u00ebsi shpirt\u00ebrore duke shijuar bukurin\u00eb e detit dhe t\u00eb Plazhit t\u00eb Vog\u00ebl, k\u00ebsaj radhe edhe t\u00eb qendisur me tavalina t\u00eb mbushura me prodhime nga ulliri dhe t\u00eb artizanat\u00ebve t\u00eb ndrysh\u00ebm. Dhe t\u00eb gjitha k\u00ebto, n\u00eb [&hellip;]<\/p>\n","protected":false},"author":1,"featured_media":0,"comment_status":"closed","ping_status":"closed","sticky":false,"template":"","format":"standard","meta":{"spay_email":"","jetpack_publicize_message":"","jetpack_is_tweetstorm":false,"jetpack_publicize_feature_enabled":true},"categories":[1,13],"tags":[],"jetpack_publicize_connections":[],"yoast_head":"<!-- This site is optimized with the Yoast SEO plugin v19.1 - https:\/\/yoast.com\/wordpress\/plugins\/seo\/ -->\n<title>Hapet panairi i artizanateve n\u00eb Ulqin - Lajme nga Ulqini<\/title>\n<meta name=\"description\" content=\"M\u00eb duket se t\u00eb gjith\u00eb mysafir\u00ebt dhe qytetar\u00ebt e Ulqinit, t\u00eb cil\u00ebt dje jan\u00eb ulur deri n\u00eb Ran\u00eb, kan\u00eb pasur k\u00ebnaq\u00ebsi shpirt\u00ebrore duke shijuar bukurin\u00eb e\" \/>\n<meta name=\"robots\" content=\"index, follow, max-snippet:-1, max-image-preview:large, max-video-preview:-1\" \/>\n<link rel=\"canonical\" href=\"https:\/\/www.visit-ulcinj.com\/blog\/2016\/04\/04\/hapet-panairi-artizanateve-ne-ulqin\/\" \/>\n<meta property=\"og:locale\" content=\"en_US\" \/>\n<meta property=\"og:type\" content=\"article\" \/>\n<meta property=\"og:title\" content=\"Hapet panairi i artizanateve n\u00eb Ulqin - Lajme nga Ulqini\" \/>\n<meta property=\"og:description\" content=\"M\u00eb duket se t\u00eb gjith\u00eb mysafir\u00ebt dhe qytetar\u00ebt e Ulqinit, t\u00eb cil\u00ebt dje jan\u00eb ulur deri n\u00eb Ran\u00eb, kan\u00eb pasur k\u00ebnaq\u00ebsi shpirt\u00ebrore duke shijuar bukurin\u00eb e\" \/>\n<meta property=\"og:url\" content=\"https:\/\/www.visit-ulcinj.com\/blog\/2016\/04\/04\/hapet-panairi-artizanateve-ne-ulqin\/\" \/>\n<meta property=\"og:site_name\" content=\"Lajme nga Ulqini\" \/>\n<meta property=\"article:published_time\" content=\"2016-04-04T14:04:52+00:00\" \/>\n<meta property=\"article:modified_time\" content=\"2016-04-05T14:17:55+00:00\" \/>\n<meta property=\"og:image\" content=\"http:\/\/www.visit-ulcinj.com\/blog\/wp-content\/uploads\/2016\/04\/Ahmet-ELEZAGA-Ulqin.jpg\" \/>\n<meta name=\"twitter:label1\" content=\"Written by\" \/>\n\t<meta name=\"twitter:data1\" content=\"ulqini\" \/>\n\t<meta name=\"twitter:label2\" content=\"Est. reading time\" \/>\n\t<meta name=\"twitter:data2\" content=\"2 minutes\" \/>\n<script type=\"application\/ld+json\" class=\"yoast-schema-graph\">{\"@context\":\"https:\/\/schema.org\",\"@graph\":[{\"@type\":\"WebSite\",\"@id\":\"https:\/\/www.visit-ulcinj.com\/blog\/#website\",\"url\":\"https:\/\/www.visit-ulcinj.com\/blog\/\",\"name\":\"Lajme nga Ulqini\",\"description\":\"Lajme,Vijesti,Ulqini,Ulqin,Crna Gora,Mali i Zi\",\"potentialAction\":[{\"@type\":\"SearchAction\",\"target\":{\"@type\":\"EntryPoint\",\"urlTemplate\":\"https:\/\/www.visit-ulcinj.com\/blog\/?s={search_term_string}\"},\"query-input\":\"required name=search_term_string\"}],\"inLanguage\":\"en-US\"},{\"@type\":\"ImageObject\",\"inLanguage\":\"en-US\",\"@id\":\"https:\/\/www.visit-ulcinj.com\/blog\/2016\/04\/04\/hapet-panairi-artizanateve-ne-ulqin\/#primaryimage\",\"url\":\"https:\/\/www.visit-ulcinj.com\/blog\/wp-content\/uploads\/2016\/04\/Ahmet-ELEZAGA-Ulqin.jpg\",\"contentUrl\":\"https:\/\/www.visit-ulcinj.com\/blog\/wp-content\/uploads\/2016\/04\/Ahmet-ELEZAGA-Ulqin.jpg\",\"width\":960,\"height\":720},{\"@type\":\"WebPage\",\"@id\":\"https:\/\/www.visit-ulcinj.com\/blog\/2016\/04\/04\/hapet-panairi-artizanateve-ne-ulqin\/#webpage\",\"url\":\"https:\/\/www.visit-ulcinj.com\/blog\/2016\/04\/04\/hapet-panairi-artizanateve-ne-ulqin\/\",\"name\":\"Hapet panairi i artizanateve n\u00eb Ulqin - Lajme nga Ulqini\",\"isPartOf\":{\"@id\":\"https:\/\/www.visit-ulcinj.com\/blog\/#website\"},\"primaryImageOfPage\":{\"@id\":\"https:\/\/www.visit-ulcinj.com\/blog\/2016\/04\/04\/hapet-panairi-artizanateve-ne-ulqin\/#primaryimage\"},\"datePublished\":\"2016-04-04T14:04:52+00:00\",\"dateModified\":\"2016-04-05T14:17:55+00:00\",\"author\":{\"@id\":\"https:\/\/www.visit-ulcinj.com\/blog\/#\/schema\/person\/dcab619c614d3038751c63bc2aadc06d\"},\"description\":\"M\u00eb duket se t\u00eb gjith\u00eb mysafir\u00ebt dhe qytetar\u00ebt e Ulqinit, t\u00eb cil\u00ebt dje jan\u00eb ulur deri n\u00eb Ran\u00eb, kan\u00eb pasur k\u00ebnaq\u00ebsi shpirt\u00ebrore duke shijuar bukurin\u00eb e\",\"breadcrumb\":{\"@id\":\"https:\/\/www.visit-ulcinj.com\/blog\/2016\/04\/04\/hapet-panairi-artizanateve-ne-ulqin\/#breadcrumb\"},\"inLanguage\":\"en-US\",\"potentialAction\":[{\"@type\":\"ReadAction\",\"target\":[\"https:\/\/www.visit-ulcinj.com\/blog\/2016\/04\/04\/hapet-panairi-artizanateve-ne-ulqin\/\"]}]},{\"@type\":\"BreadcrumbList\",\"@id\":\"https:\/\/www.visit-ulcinj.com\/blog\/2016\/04\/04\/hapet-panairi-artizanateve-ne-ulqin\/#breadcrumb\",\"itemListElement\":[{\"@type\":\"ListItem\",\"position\":1,\"name\":\"Hapet panairi i artizanateve n\u00eb Ulqin\"}]},{\"@type\":\"Person\",\"@id\":\"https:\/\/www.visit-ulcinj.com\/blog\/#\/schema\/person\/dcab619c614d3038751c63bc2aadc06d\",\"name\":\"ulqini\",\"sameAs\":[\"http:\/\/www.visit-ulcinj.com\"],\"url\":\"https:\/\/www.visit-ulcinj.com\/blog\/author\/admin\/\"}]}<\/script>\n<!-- \/ Yoast SEO plugin. -->","yoast_head_json":{"title":"Hapet panairi i artizanateve n\u00eb Ulqin - Lajme nga Ulqini","description":"M\u00eb duket se t\u00eb gjith\u00eb mysafir\u00ebt dhe qytetar\u00ebt e Ulqinit, t\u00eb cil\u00ebt dje jan\u00eb ulur deri n\u00eb Ran\u00eb, kan\u00eb pasur k\u00ebnaq\u00ebsi shpirt\u00ebrore duke shijuar bukurin\u00eb e","robots":{"index":"index","follow":"follow","max-snippet":"max-snippet:-1","max-image-preview":"max-image-preview:large","max-video-preview":"max-video-preview:-1"},"canonical":"https:\/\/www.visit-ulcinj.com\/blog\/2016\/04\/04\/hapet-panairi-artizanateve-ne-ulqin\/","og_locale":"en_US","og_type":"article","og_title":"Hapet panairi i artizanateve n\u00eb Ulqin - Lajme nga Ulqini","og_description":"M\u00eb duket se t\u00eb gjith\u00eb mysafir\u00ebt dhe qytetar\u00ebt e Ulqinit, t\u00eb cil\u00ebt dje jan\u00eb ulur deri n\u00eb Ran\u00eb, kan\u00eb pasur k\u00ebnaq\u00ebsi shpirt\u00ebrore duke shijuar bukurin\u00eb e","og_url":"https:\/\/www.visit-ulcinj.com\/blog\/2016\/04\/04\/hapet-panairi-artizanateve-ne-ulqin\/","og_site_name":"Lajme nga Ulqini","article_published_time":"2016-04-04T14:04:52+00:00","article_modified_time":"2016-04-05T14:17:55+00:00","og_image":[{"url":"http:\/\/www.visit-ulcinj.com\/blog\/wp-content\/uploads\/2016\/04\/Ahmet-ELEZAGA-Ulqin.jpg"}],"twitter_misc":{"Written by":"ulqini","Est. reading time":"2 minutes"},"schema":{"@context":"https:\/\/schema.org","@graph":[{"@type":"WebSite","@id":"https:\/\/www.visit-ulcinj.com\/blog\/#website","url":"https:\/\/www.visit-ulcinj.com\/blog\/","name":"Lajme nga Ulqini","description":"Lajme,Vijesti,Ulqini,Ulqin,Crna Gora,Mali i Zi","potentialAction":[{"@type":"SearchAction","target":{"@type":"EntryPoint","urlTemplate":"https:\/\/www.visit-ulcinj.com\/blog\/?s={search_term_string}"},"query-input":"required name=search_term_string"}],"inLanguage":"en-US"},{"@type":"ImageObject","inLanguage":"en-US","@id":"https:\/\/www.visit-ulcinj.com\/blog\/2016\/04\/04\/hapet-panairi-artizanateve-ne-ulqin\/#primaryimage","url":"https:\/\/www.visit-ulcinj.com\/blog\/wp-content\/uploads\/2016\/04\/Ahmet-ELEZAGA-Ulqin.jpg","contentUrl":"https:\/\/www.visit-ulcinj.com\/blog\/wp-content\/uploads\/2016\/04\/Ahmet-ELEZAGA-Ulqin.jpg","width":960,"height":720},{"@type":"WebPage","@id":"https:\/\/www.visit-ulcinj.com\/blog\/2016\/04\/04\/hapet-panairi-artizanateve-ne-ulqin\/#webpage","url":"https:\/\/www.visit-ulcinj.com\/blog\/2016\/04\/04\/hapet-panairi-artizanateve-ne-ulqin\/","name":"Hapet panairi i artizanateve n\u00eb Ulqin - Lajme nga Ulqini","isPartOf":{"@id":"https:\/\/www.visit-ulcinj.com\/blog\/#website"},"primaryImageOfPage":{"@id":"https:\/\/www.visit-ulcinj.com\/blog\/2016\/04\/04\/hapet-panairi-artizanateve-ne-ulqin\/#primaryimage"},"datePublished":"2016-04-04T14:04:52+00:00","dateModified":"2016-04-05T14:17:55+00:00","author":{"@id":"https:\/\/www.visit-ulcinj.com\/blog\/#\/schema\/person\/dcab619c614d3038751c63bc2aadc06d"},"description":"M\u00eb duket se t\u00eb gjith\u00eb mysafir\u00ebt dhe qytetar\u00ebt e Ulqinit, t\u00eb cil\u00ebt dje jan\u00eb ulur deri n\u00eb Ran\u00eb, kan\u00eb pasur k\u00ebnaq\u00ebsi shpirt\u00ebrore duke shijuar bukurin\u00eb e","breadcrumb":{"@id":"https:\/\/www.visit-ulcinj.com\/blog\/2016\/04\/04\/hapet-panairi-artizanateve-ne-ulqin\/#breadcrumb"},"inLanguage":"en-US","potentialAction":[{"@type":"ReadAction","target":["https:\/\/www.visit-ulcinj.com\/blog\/2016\/04\/04\/hapet-panairi-artizanateve-ne-ulqin\/"]}]},{"@type":"BreadcrumbList","@id":"https:\/\/www.visit-ulcinj.com\/blog\/2016\/04\/04\/hapet-panairi-artizanateve-ne-ulqin\/#breadcrumb","itemListElement":[{"@type":"ListItem","position":1,"name":"Hapet panairi i artizanateve n\u00eb Ulqin"}]},{"@type":"Person","@id":"https:\/\/www.visit-ulcinj.com\/blog\/#\/schema\/person\/dcab619c614d3038751c63bc2aadc06d","name":"ulqini","sameAs":["http:\/\/www.visit-ulcinj.com"],"url":"https:\/\/www.visit-ulcinj.com\/blog\/author\/admin\/"}]}},"jetpack_featured_media_url":"","jetpack_sharing_enabled":true,"jetpack_shortlink":"https:\/\/wp.me\/pe6lTn-oWz","_links":{"self":[{"href":"https:\/\/www.visit-ulcinj.com\/blog\/wp-json\/wp\/v2\/posts\/95887"}],"collection":[{"href":"https:\/\/www.visit-ulcinj.com\/blog\/wp-json\/wp\/v2\/posts"}],"about":[{"href":"https:\/\/www.visit-ulcinj.com\/blog\/wp-json\/wp\/v2\/types\/post"}],"author":[{"embeddable":true,"href":"https:\/\/www.visit-ulcinj.com\/blog\/wp-json\/wp\/v2\/users\/1"}],"replies":[{"embeddable":true,"href":"https:\/\/www.visit-ulcinj.com\/blog\/wp-json\/wp\/v2\/comments?post=95887"}],"version-history":[{"count":3,"href":"https:\/\/www.visit-ulcinj.com\/blog\/wp-json\/wp\/v2\/posts\/95887\/revisions"}],"predecessor-version":[{"id":95893,"href":"https:\/\/www.visit-ulcinj.com\/blog\/wp-json\/wp\/v2\/posts\/95887\/revisions\/95893"}],"wp:attachment":[{"href":"https:\/\/www.visit-ulcinj.com\/blog\/wp-json\/wp\/v2\/media?parent=95887"}],"wp:term":[{"taxonomy":"category","embeddable":true,"href":"https:\/\/www.visit-ulcinj.com\/blog\/wp-json\/wp\/v2\/categories?post=95887"},{"taxonomy":"post_tag","embeddable":true,"href":"https:\/\/www.visit-ulcinj.com\/blog\/wp-json\/wp\/v2\/tags?post=95887"}],"curies":[{"name":"wp","href":"https:\/\/api.w.org\/{rel}","templated":true}]}}