{"id":95916,"date":"2016-04-05T15:34:00","date_gmt":"2016-04-05T14:34:00","guid":{"rendered":"http:\/\/www.visit-ulcinj.com\/blog\/?p=95916"},"modified":"2016-04-05T18:04:00","modified_gmt":"2016-04-05T17:04:00","slug":"mans-podnio-krivicnu-prijavu-zbog-solane-uprava-katastra-morala-znati-za-nezakonite-hipoteke","status":"publish","type":"post","link":"https:\/\/www.visit-ulcinj.com\/blog\/2016\/04\/05\/mans-podnio-krivicnu-prijavu-zbog-solane-uprava-katastra-morala-znati-za-nezakonite-hipoteke\/","title":{"rendered":"MANS podnio krivi\u010dnu prijavu zbog Solane"},"content":{"rendered":"<div id=\"stcpDiv\"><a href=\"http:\/\/www.visit-ulcinj.com\/blog\/wp-content\/uploads\/2016\/04\/MANS.jpg\"><img loading=\"lazy\" class=\"alignleft wp-image-95922\" src=\"http:\/\/www.visit-ulcinj.com\/blog\/wp-content\/uploads\/2016\/04\/MANS.jpg\" alt=\"MANS\" width=\"508\" height=\"299\" srcset=\"https:\/\/www.visit-ulcinj.com\/blog\/wp-content\/uploads\/2016\/04\/MANS.jpg 573w, https:\/\/www.visit-ulcinj.com\/blog\/wp-content\/uploads\/2016\/04\/MANS-300x176.jpg 300w\" sizes=\"(max-width: 508px) 100vw, 508px\" \/><\/a>MANS je danas Specijalnom dr\u017eavnom tu\u017eiocu za organizovani kriminal i korupciju podnio krivi\u010dnu prijavu protiv vi\u0161e lica zbog sumnje da su protivzakonito opteretili dr\u017eavnu imovinu ulcinjske Solane u korist dobijanja kredita za tre\u0107a lica.<\/div>\n<div>\n<div id=\"stcpDiv\">\n<p>Krivi\u010dna prijava je podnijeta protiv Mi\u0107a Orlandi\u0107a, biv\u0161eg direktora Uprave za nekretnine i D\u017eevdeta \u010capri\u0107ija, sada\u0161njeg na\u010delnika ulcinjskog katastra, Jelice Petri\u010devi\u0107, biv\u0161e zamjenice generalnog direktora Prve Banke Crne Gore, Dragana \u0110uranovi\u0107a, slu\u017ebenika Crnogorske komercijalne banke (CKB), te osniva\u010da kompanije Flash i Absolute, Veselina Barovi\u0107a, Boj\u0161e \u0160otre, Zijada Bleki\u0107a, Be\u0107ira Perazi\u0107a i Vlatka Aprcovi\u0107a.<\/p>\n<p>Prema podacima do kojih je do\u0161ao Istra\u017eiva\u010dki centar MANS-a, u periodu od 2005. do sredine 2008. godine pomenuta lica su sklopila ili posredovala u sklapanju vi\u0161e \u0161tetnih kreditnih ugovora kojima je protivzakonito dr\u017eavna imovina zalo\u017eena kao sredstvo obezbije\u0111enja.<\/p>\n<p>U pomenutom periodu uzeto je \u010dak sedam kredita ukupne vrijednosti oko 5,2 miliona eura, a kao sredstvo obezbije\u0111enja pod hipoteku je stavljena dr\u017eavna imovina nad kojom je preduze\u0107e \u201eBajo Sekuli\u0107# imalo samo pravo kori\u0161tenja, nikako svojine.<\/p>\n<p>Od CKB su u periodu 2005. \u2013 2006. godina uzeta tri kredita ukupne vrijednosti ne\u0161to preko pola miliona eura, dok su 2007. i 2008. godine uzeta jo\u0161 \u010detiri kredita od Prve Banke ukupne vrijednosti od 4.7 miliona eura.<\/p>\n<p>Prva dva kredita je ispred preduze\u0107a \u201eBajo Sekuli\u0107\u201c potpisala tada\u0161nja direktorica Jelena Aleksi\u0107, dok je ugovore o stavljanju dr\u017eavne imovine pod hipoteku potpisao danas pokojni ste\u010dajni upravnik Milorad Ikovi\u0107. Potpisnik nezakonitog ugovora o hipoteci sa strane CKB je bio njen slu\u017ebenik Dragan \u0110uranovi\u0107.<\/p>\n<p>Tako sklopljeni ugovori o kreditu i hipoteci su bez problema verifikovani od strane ulcinjskog katastra, gdje je rje\u0161enja o stavljanju tereta na dr\u017eavnu imovinu potpisivao tada\u0161nji i dana\u0161nji na\u010delnik lokalnog katastra D\u017eevdet \u010capri\u0107i. \u010capri\u0107i funkciju na\u010delnika katastra obavlja jo\u0161 od 2002. godine kada je postao i \u010dlan Op\u0161tinskog odbora i Izvr\u0161nog odbora vladaju\u0107e Demokatske partije socijalsta (DPS) za Ulcinj.<\/p>\n<p>Za sve ostale kredite koji su uzeti, procedura je bila ista. Ugovore o hipoteci je potpisivao ste\u010dajni upravnik, a na\u010delnik \u010capri\u0107i je kompletan posao verifikovao izdavanjem rje\u0161enja katastra kojim se potvr\u0111ivalo da je dr\u017eavna imovina stavljena pod hipoteku. \u010cak i onda kada je u rje\u0161enjima navo\u0111eno da se radi samo o pravu kori\u0161\u0107enja, a ne pravu svojine, ulcinjski katastar je legalizovao nezakonite hipoteke. U periodu od tri godine, \u010carpi\u0107i je potpisao ukupno pet rje\u0161enja kojima je dr\u017eavna imovina optere\u0107ena sa ukupno 5,2 miliona kredita.<\/p>\n<p>Imaju\u0107i u vidu da se radi o preko 15 miliona kvadrata dr\u017eavnog zemlji\u0161ta na jednoj od najatraktivnijih lokacija na primorju, ostaje veoma malo prostora za sumnju da tada\u0161nji direktor Uprave za nekretnine, Mi\u0107o Orlandi\u0107 nije imao informaciju o tome \u0161ta se de\u0161ava u podru\u010dnoj jednici katastra u Ulcinju. Ipak, ni nakon \u0161to je na ra\u010dun dr\u017eavnog zemlji\u0161ta podignut i sedmi kredit, Orlandi\u0107 nije preduzeo ni\u0161ta kako bi sprije\u010dio o\u010digledno kr\u0161enja zakona i ugro\u017eavanje dr\u017eavne imovine.<\/p>\n<p>Zanimljivo je da najve\u0107i kredit u iznosu od tri miliona eura za koji se garantovalo dr\u017eavnom imovinom nije \u010dak ni ispla\u0107en preduze\u0107u \u201eBajo Sekuli\u0107\u201c, ve\u0107 je direktno i\u0161ao na ra\u010dun podgori\u010dke kompanije \u201eFlash\u201c koja je u Solani posjedovala tek dio akcija.\u00a0 Ovaj kredit je dala Prva Banka koju je u tom poslu zastupala tada\u0161nja zamjenica generalnog direktora Jelica Petri\u010devi\u0107, a ispred \u201eFlasha\u201c ugovor je potpisao jedan od njegovih osniva\u010da, Be\u0107ir Perazi\u0107. Kompaniju \u201eFlash je osnovala barska firma \u201eAbsolute\u201c zajedno sa premijerovim prijateljem Veselinom Barovi\u0107em, Bio\u0161om \u0160otrom i Zijadom Bleki\u0107em. Pored Perazi\u0107a, barski Absolute su osnovali i Vlatko Aprcovi\u0107, te kajmanska offshore kompnija \u201eBalkan Investment Menagment Limited\u201c sa za sada nepoznatom vlasni\u010dkom strukturom.\u00a0 Prema podacima iz Centralnog registra privrednih subjekara, i \u201eFlash\u201c i \u201eAbsolute\u201c su obrisane, \u0161to sudbinu zemlji\u0161ta Solane koja je optere\u0107ena hipotekama \u010dini jo\u0161 neizvjesnijom.<\/p>\n<p>MANS poziva Specijalno dr\u017eavno tu\u017eila\u0161tvo da bez odlaganja otvori slu\u010daj Solane i prije nego \u0161to nastupe ve\u0107e \u0161tete po dr\u017eavnu imovinu, proceusira sva lica, prvenstveno ona iz dr\u017eavne uprave, koja su u\u010destvovala u svim nezakonitim radnjama.<\/p>\n<p><strong>Izvor: Vijesti Online<\/strong><\/div>\n<\/div>\n","protected":false},"excerpt":{"rendered":"<p>MANS je danas Specijalnom dr\u017eavnom tu\u017eiocu za organizovani kriminal i korupciju podnio krivi\u010dnu prijavu protiv vi\u0161e lica zbog sumnje da su protivzakonito opteretili dr\u017eavnu imovinu ulcinjske Solane u korist dobijanja kredita za tre\u0107a lica. Krivi\u010dna prijava je podnijeta protiv Mi\u0107a Orlandi\u0107a, biv\u0161eg direktora Uprave za nekretnine i D\u017eevdeta \u010capri\u0107ija, sada\u0161njeg na\u010delnika ulcinjskog katastra, Jelice Petri\u010devi\u0107, [&hellip;]<\/p>\n","protected":false},"author":1,"featured_media":0,"comment_status":"closed","ping_status":"closed","sticky":false,"template":"","format":"standard","meta":{"spay_email":"","jetpack_publicize_message":"","jetpack_is_tweetstorm":false,"jetpack_publicize_feature_enabled":true},"categories":[6950],"tags":[],"jetpack_publicize_connections":[],"yoast_head":"<!-- This site is optimized with the Yoast SEO plugin v19.1 - https:\/\/yoast.com\/wordpress\/plugins\/seo\/ -->\n<title>MANS podnio krivi\u010dnu prijavu zbog Solane - Lajme nga Ulqini<\/title>\n<meta name=\"description\" content=\"MANS je danas Specijalnom dr\u017eavnom tu\u017eiocu za organizovani kriminal i korupciju podnio krivi\u010dnu prijavu protiv vi\u0161e lica zbog sumnje da su protivzakonito\" \/>\n<meta name=\"robots\" content=\"index, follow, max-snippet:-1, max-image-preview:large, max-video-preview:-1\" \/>\n<link rel=\"canonical\" href=\"https:\/\/www.visit-ulcinj.com\/blog\/2016\/04\/05\/mans-podnio-krivicnu-prijavu-zbog-solane-uprava-katastra-morala-znati-za-nezakonite-hipoteke\/\" \/>\n<meta property=\"og:locale\" content=\"en_US\" \/>\n<meta property=\"og:type\" content=\"article\" \/>\n<meta property=\"og:title\" content=\"MANS podnio krivi\u010dnu prijavu zbog Solane - Lajme nga Ulqini\" \/>\n<meta property=\"og:description\" content=\"MANS je danas Specijalnom dr\u017eavnom tu\u017eiocu za organizovani kriminal i korupciju podnio krivi\u010dnu prijavu protiv vi\u0161e lica zbog sumnje da su protivzakonito\" \/>\n<meta property=\"og:url\" content=\"https:\/\/www.visit-ulcinj.com\/blog\/2016\/04\/05\/mans-podnio-krivicnu-prijavu-zbog-solane-uprava-katastra-morala-znati-za-nezakonite-hipoteke\/\" \/>\n<meta property=\"og:site_name\" content=\"Lajme nga Ulqini\" \/>\n<meta property=\"article:published_time\" content=\"2016-04-05T14:34:00+00:00\" \/>\n<meta property=\"article:modified_time\" content=\"2016-04-05T17:04:00+00:00\" \/>\n<meta property=\"og:image\" content=\"http:\/\/www.visit-ulcinj.com\/blog\/wp-content\/uploads\/2016\/04\/MANS.jpg\" \/>\n<meta name=\"twitter:label1\" content=\"Written by\" \/>\n\t<meta name=\"twitter:data1\" content=\"ulqini\" \/>\n\t<meta name=\"twitter:label2\" content=\"Est. reading time\" \/>\n\t<meta name=\"twitter:data2\" content=\"4 minutes\" \/>\n<script type=\"application\/ld+json\" class=\"yoast-schema-graph\">{\"@context\":\"https:\/\/schema.org\",\"@graph\":[{\"@type\":\"WebSite\",\"@id\":\"https:\/\/www.visit-ulcinj.com\/blog\/#website\",\"url\":\"https:\/\/www.visit-ulcinj.com\/blog\/\",\"name\":\"Lajme nga Ulqini\",\"description\":\"Lajme,Vijesti,Ulqini,Ulqin,Crna Gora,Mali i Zi\",\"potentialAction\":[{\"@type\":\"SearchAction\",\"target\":{\"@type\":\"EntryPoint\",\"urlTemplate\":\"https:\/\/www.visit-ulcinj.com\/blog\/?s={search_term_string}\"},\"query-input\":\"required name=search_term_string\"}],\"inLanguage\":\"en-US\"},{\"@type\":\"ImageObject\",\"inLanguage\":\"en-US\",\"@id\":\"https:\/\/www.visit-ulcinj.com\/blog\/2016\/04\/05\/mans-podnio-krivicnu-prijavu-zbog-solane-uprava-katastra-morala-znati-za-nezakonite-hipoteke\/#primaryimage\",\"url\":\"https:\/\/www.visit-ulcinj.com\/blog\/wp-content\/uploads\/2016\/04\/MANS.jpg\",\"contentUrl\":\"https:\/\/www.visit-ulcinj.com\/blog\/wp-content\/uploads\/2016\/04\/MANS.jpg\",\"width\":573,\"height\":337},{\"@type\":\"WebPage\",\"@id\":\"https:\/\/www.visit-ulcinj.com\/blog\/2016\/04\/05\/mans-podnio-krivicnu-prijavu-zbog-solane-uprava-katastra-morala-znati-za-nezakonite-hipoteke\/#webpage\",\"url\":\"https:\/\/www.visit-ulcinj.com\/blog\/2016\/04\/05\/mans-podnio-krivicnu-prijavu-zbog-solane-uprava-katastra-morala-znati-za-nezakonite-hipoteke\/\",\"name\":\"MANS podnio krivi\u010dnu prijavu zbog Solane - Lajme nga Ulqini\",\"isPartOf\":{\"@id\":\"https:\/\/www.visit-ulcinj.com\/blog\/#website\"},\"primaryImageOfPage\":{\"@id\":\"https:\/\/www.visit-ulcinj.com\/blog\/2016\/04\/05\/mans-podnio-krivicnu-prijavu-zbog-solane-uprava-katastra-morala-znati-za-nezakonite-hipoteke\/#primaryimage\"},\"datePublished\":\"2016-04-05T14:34:00+00:00\",\"dateModified\":\"2016-04-05T17:04:00+00:00\",\"author\":{\"@id\":\"https:\/\/www.visit-ulcinj.com\/blog\/#\/schema\/person\/dcab619c614d3038751c63bc2aadc06d\"},\"description\":\"MANS je danas Specijalnom dr\u017eavnom tu\u017eiocu za organizovani kriminal i korupciju podnio krivi\u010dnu prijavu protiv vi\u0161e lica zbog sumnje da su protivzakonito\",\"breadcrumb\":{\"@id\":\"https:\/\/www.visit-ulcinj.com\/blog\/2016\/04\/05\/mans-podnio-krivicnu-prijavu-zbog-solane-uprava-katastra-morala-znati-za-nezakonite-hipoteke\/#breadcrumb\"},\"inLanguage\":\"en-US\",\"potentialAction\":[{\"@type\":\"ReadAction\",\"target\":[\"https:\/\/www.visit-ulcinj.com\/blog\/2016\/04\/05\/mans-podnio-krivicnu-prijavu-zbog-solane-uprava-katastra-morala-znati-za-nezakonite-hipoteke\/\"]}]},{\"@type\":\"BreadcrumbList\",\"@id\":\"https:\/\/www.visit-ulcinj.com\/blog\/2016\/04\/05\/mans-podnio-krivicnu-prijavu-zbog-solane-uprava-katastra-morala-znati-za-nezakonite-hipoteke\/#breadcrumb\",\"itemListElement\":[{\"@type\":\"ListItem\",\"position\":1,\"name\":\"MANS podnio krivi\u010dnu prijavu zbog Solane\"}]},{\"@type\":\"Person\",\"@id\":\"https:\/\/www.visit-ulcinj.com\/blog\/#\/schema\/person\/dcab619c614d3038751c63bc2aadc06d\",\"name\":\"ulqini\",\"sameAs\":[\"http:\/\/www.visit-ulcinj.com\"],\"url\":\"https:\/\/www.visit-ulcinj.com\/blog\/author\/admin\/\"}]}<\/script>\n<!-- \/ Yoast SEO plugin. -->","yoast_head_json":{"title":"MANS podnio krivi\u010dnu prijavu zbog Solane - Lajme nga Ulqini","description":"MANS je danas Specijalnom dr\u017eavnom tu\u017eiocu za organizovani kriminal i korupciju podnio krivi\u010dnu prijavu protiv vi\u0161e lica zbog sumnje da su protivzakonito","robots":{"index":"index","follow":"follow","max-snippet":"max-snippet:-1","max-image-preview":"max-image-preview:large","max-video-preview":"max-video-preview:-1"},"canonical":"https:\/\/www.visit-ulcinj.com\/blog\/2016\/04\/05\/mans-podnio-krivicnu-prijavu-zbog-solane-uprava-katastra-morala-znati-za-nezakonite-hipoteke\/","og_locale":"en_US","og_type":"article","og_title":"MANS podnio krivi\u010dnu prijavu zbog Solane - Lajme nga Ulqini","og_description":"MANS je danas Specijalnom dr\u017eavnom tu\u017eiocu za organizovani kriminal i korupciju podnio krivi\u010dnu prijavu protiv vi\u0161e lica zbog sumnje da su protivzakonito","og_url":"https:\/\/www.visit-ulcinj.com\/blog\/2016\/04\/05\/mans-podnio-krivicnu-prijavu-zbog-solane-uprava-katastra-morala-znati-za-nezakonite-hipoteke\/","og_site_name":"Lajme nga Ulqini","article_published_time":"2016-04-05T14:34:00+00:00","article_modified_time":"2016-04-05T17:04:00+00:00","og_image":[{"url":"http:\/\/www.visit-ulcinj.com\/blog\/wp-content\/uploads\/2016\/04\/MANS.jpg"}],"twitter_misc":{"Written by":"ulqini","Est. reading time":"4 minutes"},"schema":{"@context":"https:\/\/schema.org","@graph":[{"@type":"WebSite","@id":"https:\/\/www.visit-ulcinj.com\/blog\/#website","url":"https:\/\/www.visit-ulcinj.com\/blog\/","name":"Lajme nga Ulqini","description":"Lajme,Vijesti,Ulqini,Ulqin,Crna Gora,Mali i Zi","potentialAction":[{"@type":"SearchAction","target":{"@type":"EntryPoint","urlTemplate":"https:\/\/www.visit-ulcinj.com\/blog\/?s={search_term_string}"},"query-input":"required name=search_term_string"}],"inLanguage":"en-US"},{"@type":"ImageObject","inLanguage":"en-US","@id":"https:\/\/www.visit-ulcinj.com\/blog\/2016\/04\/05\/mans-podnio-krivicnu-prijavu-zbog-solane-uprava-katastra-morala-znati-za-nezakonite-hipoteke\/#primaryimage","url":"https:\/\/www.visit-ulcinj.com\/blog\/wp-content\/uploads\/2016\/04\/MANS.jpg","contentUrl":"https:\/\/www.visit-ulcinj.com\/blog\/wp-content\/uploads\/2016\/04\/MANS.jpg","width":573,"height":337},{"@type":"WebPage","@id":"https:\/\/www.visit-ulcinj.com\/blog\/2016\/04\/05\/mans-podnio-krivicnu-prijavu-zbog-solane-uprava-katastra-morala-znati-za-nezakonite-hipoteke\/#webpage","url":"https:\/\/www.visit-ulcinj.com\/blog\/2016\/04\/05\/mans-podnio-krivicnu-prijavu-zbog-solane-uprava-katastra-morala-znati-za-nezakonite-hipoteke\/","name":"MANS podnio krivi\u010dnu prijavu zbog Solane - Lajme nga Ulqini","isPartOf":{"@id":"https:\/\/www.visit-ulcinj.com\/blog\/#website"},"primaryImageOfPage":{"@id":"https:\/\/www.visit-ulcinj.com\/blog\/2016\/04\/05\/mans-podnio-krivicnu-prijavu-zbog-solane-uprava-katastra-morala-znati-za-nezakonite-hipoteke\/#primaryimage"},"datePublished":"2016-04-05T14:34:00+00:00","dateModified":"2016-04-05T17:04:00+00:00","author":{"@id":"https:\/\/www.visit-ulcinj.com\/blog\/#\/schema\/person\/dcab619c614d3038751c63bc2aadc06d"},"description":"MANS je danas Specijalnom dr\u017eavnom tu\u017eiocu za organizovani kriminal i korupciju podnio krivi\u010dnu prijavu protiv vi\u0161e lica zbog sumnje da su protivzakonito","breadcrumb":{"@id":"https:\/\/www.visit-ulcinj.com\/blog\/2016\/04\/05\/mans-podnio-krivicnu-prijavu-zbog-solane-uprava-katastra-morala-znati-za-nezakonite-hipoteke\/#breadcrumb"},"inLanguage":"en-US","potentialAction":[{"@type":"ReadAction","target":["https:\/\/www.visit-ulcinj.com\/blog\/2016\/04\/05\/mans-podnio-krivicnu-prijavu-zbog-solane-uprava-katastra-morala-znati-za-nezakonite-hipoteke\/"]}]},{"@type":"BreadcrumbList","@id":"https:\/\/www.visit-ulcinj.com\/blog\/2016\/04\/05\/mans-podnio-krivicnu-prijavu-zbog-solane-uprava-katastra-morala-znati-za-nezakonite-hipoteke\/#breadcrumb","itemListElement":[{"@type":"ListItem","position":1,"name":"MANS podnio krivi\u010dnu prijavu zbog Solane"}]},{"@type":"Person","@id":"https:\/\/www.visit-ulcinj.com\/blog\/#\/schema\/person\/dcab619c614d3038751c63bc2aadc06d","name":"ulqini","sameAs":["http:\/\/www.visit-ulcinj.com"],"url":"https:\/\/www.visit-ulcinj.com\/blog\/author\/admin\/"}]}},"jetpack_featured_media_url":"","jetpack_sharing_enabled":true,"jetpack_shortlink":"https:\/\/wp.me\/pe6lTn-oX2","_links":{"self":[{"href":"https:\/\/www.visit-ulcinj.com\/blog\/wp-json\/wp\/v2\/posts\/95916"}],"collection":[{"href":"https:\/\/www.visit-ulcinj.com\/blog\/wp-json\/wp\/v2\/posts"}],"about":[{"href":"https:\/\/www.visit-ulcinj.com\/blog\/wp-json\/wp\/v2\/types\/post"}],"author":[{"embeddable":true,"href":"https:\/\/www.visit-ulcinj.com\/blog\/wp-json\/wp\/v2\/users\/1"}],"replies":[{"embeddable":true,"href":"https:\/\/www.visit-ulcinj.com\/blog\/wp-json\/wp\/v2\/comments?post=95916"}],"version-history":[{"count":4,"href":"https:\/\/www.visit-ulcinj.com\/blog\/wp-json\/wp\/v2\/posts\/95916\/revisions"}],"predecessor-version":[{"id":95934,"href":"https:\/\/www.visit-ulcinj.com\/blog\/wp-json\/wp\/v2\/posts\/95916\/revisions\/95934"}],"wp:attachment":[{"href":"https:\/\/www.visit-ulcinj.com\/blog\/wp-json\/wp\/v2\/media?parent=95916"}],"wp:term":[{"taxonomy":"category","embeddable":true,"href":"https:\/\/www.visit-ulcinj.com\/blog\/wp-json\/wp\/v2\/categories?post=95916"},{"taxonomy":"post_tag","embeddable":true,"href":"https:\/\/www.visit-ulcinj.com\/blog\/wp-json\/wp\/v2\/tags?post=95916"}],"curies":[{"name":"wp","href":"https:\/\/api.w.org\/{rel}","templated":true}]}}