{"id":95920,"date":"2016-04-05T15:54:06","date_gmt":"2016-04-05T14:54:06","guid":{"rendered":"http:\/\/www.visit-ulcinj.com\/blog\/?p=95920"},"modified":"2016-04-05T18:00:57","modified_gmt":"2016-04-05T17:00:57","slug":"mans-padi-penale-ndaj-pergjegjesve-te-kripores-se-ulqinit","status":"publish","type":"post","link":"https:\/\/www.visit-ulcinj.com\/blog\/2016\/04\/05\/mans-padi-penale-ndaj-pergjegjesve-te-kripores-se-ulqinit\/","title":{"rendered":"MANS: Padi penale ndaj p\u00ebrgjegj\u00ebsve t\u00eb kripores s\u00eb Ulqinit"},"content":{"rendered":"<p><a href=\"http:\/\/www.visit-ulcinj.com\/blog\/wp-content\/uploads\/2016\/04\/MANS.jpg\"><img loading=\"lazy\" class=\"alignleft wp-image-95922\" src=\"http:\/\/www.visit-ulcinj.com\/blog\/wp-content\/uploads\/2016\/04\/MANS.jpg\" alt=\"MANS\" width=\"508\" height=\"299\" srcset=\"https:\/\/www.visit-ulcinj.com\/blog\/wp-content\/uploads\/2016\/04\/MANS.jpg 573w, https:\/\/www.visit-ulcinj.com\/blog\/wp-content\/uploads\/2016\/04\/MANS-300x176.jpg 300w\" sizes=\"(max-width: 508px) 100vw, 508px\" \/><\/a>MANS-i i dor\u00ebzoi sot Prokurorit special p\u00ebr krim t\u00eb organizuar dhe korrupsion padin\u00eb penale kund\u00ebr disa personave p\u00ebr shkak t\u00eb dyshimit q\u00eb n\u00eb m\u00ebnyr\u00eb t\u00eb paligjshme kan\u00eb vendosur n\u00ebn hipotek\u00eb pron\u00ebn shtet\u00ebrore t\u00eb Kripores s\u00eb Ulqinit n\u00eb dobi t\u00eb marrjes s\u00eb kredis\u00eb t\u00eb pal\u00ebve t\u00eb treta me vler\u00eb prej rreth 5,2 milion euro, raporton portali Ul.info.<\/p>\n<p>Padia penale, p\u00ebrve\u00e7 t\u00eb tjerash, \u00ebsht\u00eb dor\u00ebzuar kund\u00ebr n\u00ebnt\u00eb personave, nd\u00ebr t\u00eb cil\u00ebt jan\u00eb Miqo Orllandiqi, ish drejtori i Entit p\u00ebr patundshm\u00ebri dhe Xhevdet \u00c7apriqi, drejtuesi i tanish\u00ebm i kadastr\u00ebs s\u00eb Ulqinit, si dhe ndaj Veselin Baroviq dhe Bojsha Shotra.<\/p>\n<p>Sipas t\u00eb dh\u00ebnave deri tek t\u00eb cil\u00ebt erdhi Qendra hulumtuese e MANS-it, n\u00eb periudh\u00ebn prej vitit 2005 deri n\u00eb vitin 2008 personat e p\u00ebrmendur kan\u00eb n\u00ebnshkruar ose nd\u00ebrmjet\u00ebsuar n\u00eb akordimin e disa kontratave t\u00eb d\u00ebmshme kreditore me t\u00eb cilat prona shtet\u00ebrore \u00ebsht\u00eb p\u00ebrcaktuar si mjet sigurie (hipotek\u00eb)<\/p>\n","protected":false},"excerpt":{"rendered":"<p>MANS-i i dor\u00ebzoi sot Prokurorit special p\u00ebr krim t\u00eb organizuar dhe korrupsion padin\u00eb penale kund\u00ebr disa personave p\u00ebr shkak t\u00eb dyshimit q\u00eb n\u00eb m\u00ebnyr\u00eb t\u00eb paligjshme kan\u00eb vendosur n\u00ebn hipotek\u00eb pron\u00ebn shtet\u00ebrore t\u00eb Kripores s\u00eb Ulqinit n\u00eb dobi t\u00eb marrjes s\u00eb kredis\u00eb t\u00eb pal\u00ebve t\u00eb treta me vler\u00eb prej rreth 5,2 milion euro, raporton portali [&hellip;]<\/p>\n","protected":false},"author":1,"featured_media":0,"comment_status":"closed","ping_status":"closed","sticky":false,"template":"","format":"standard","meta":{"spay_email":"","jetpack_publicize_message":"","jetpack_is_tweetstorm":false,"jetpack_publicize_feature_enabled":true},"categories":[12],"tags":[],"jetpack_publicize_connections":[],"yoast_head":"<!-- This site is optimized with the Yoast SEO plugin v19.1 - https:\/\/yoast.com\/wordpress\/plugins\/seo\/ -->\n<title>MANS: Padi penale ndaj p\u00ebrgjegj\u00ebsve t\u00eb kripores s\u00eb Ulqinit - Lajme nga Ulqini<\/title>\n<meta name=\"description\" content=\"MANS-i i dor\u00ebzoi sot Prokurorit special p\u00ebr krim t\u00eb organizuar dhe korrupsion padin\u00eb penale kund\u00ebr disa personave p\u00ebr shkak t\u00eb dyshimit q\u00eb n\u00eb m\u00ebnyr\u00eb t\u00eb\" \/>\n<meta name=\"robots\" content=\"index, follow, max-snippet:-1, max-image-preview:large, max-video-preview:-1\" \/>\n<link rel=\"canonical\" href=\"https:\/\/www.visit-ulcinj.com\/blog\/2016\/04\/05\/mans-padi-penale-ndaj-pergjegjesve-te-kripores-se-ulqinit\/\" \/>\n<meta property=\"og:locale\" content=\"en_US\" \/>\n<meta property=\"og:type\" content=\"article\" \/>\n<meta property=\"og:title\" content=\"MANS: Padi penale ndaj p\u00ebrgjegj\u00ebsve t\u00eb kripores s\u00eb Ulqinit - Lajme nga Ulqini\" \/>\n<meta property=\"og:description\" content=\"MANS-i i dor\u00ebzoi sot Prokurorit special p\u00ebr krim t\u00eb organizuar dhe korrupsion padin\u00eb penale kund\u00ebr disa personave p\u00ebr shkak t\u00eb dyshimit q\u00eb n\u00eb m\u00ebnyr\u00eb t\u00eb\" \/>\n<meta property=\"og:url\" content=\"https:\/\/www.visit-ulcinj.com\/blog\/2016\/04\/05\/mans-padi-penale-ndaj-pergjegjesve-te-kripores-se-ulqinit\/\" \/>\n<meta property=\"og:site_name\" content=\"Lajme nga Ulqini\" \/>\n<meta property=\"article:published_time\" content=\"2016-04-05T14:54:06+00:00\" \/>\n<meta property=\"article:modified_time\" content=\"2016-04-05T17:00:57+00:00\" \/>\n<meta property=\"og:image\" content=\"http:\/\/www.visit-ulcinj.com\/blog\/wp-content\/uploads\/2016\/04\/MANS.jpg\" \/>\n<meta name=\"twitter:label1\" content=\"Written by\" \/>\n\t<meta name=\"twitter:data1\" content=\"ulqini\" \/>\n\t<meta name=\"twitter:label2\" content=\"Est. reading time\" \/>\n\t<meta name=\"twitter:data2\" content=\"1 minute\" \/>\n<script type=\"application\/ld+json\" class=\"yoast-schema-graph\">{\"@context\":\"https:\/\/schema.org\",\"@graph\":[{\"@type\":\"WebSite\",\"@id\":\"https:\/\/www.visit-ulcinj.com\/blog\/#website\",\"url\":\"https:\/\/www.visit-ulcinj.com\/blog\/\",\"name\":\"Lajme nga Ulqini\",\"description\":\"Lajme,Vijesti,Ulqini,Ulqin,Crna Gora,Mali i Zi\",\"potentialAction\":[{\"@type\":\"SearchAction\",\"target\":{\"@type\":\"EntryPoint\",\"urlTemplate\":\"https:\/\/www.visit-ulcinj.com\/blog\/?s={search_term_string}\"},\"query-input\":\"required name=search_term_string\"}],\"inLanguage\":\"en-US\"},{\"@type\":\"ImageObject\",\"inLanguage\":\"en-US\",\"@id\":\"https:\/\/www.visit-ulcinj.com\/blog\/2016\/04\/05\/mans-padi-penale-ndaj-pergjegjesve-te-kripores-se-ulqinit\/#primaryimage\",\"url\":\"https:\/\/www.visit-ulcinj.com\/blog\/wp-content\/uploads\/2016\/04\/MANS.jpg\",\"contentUrl\":\"https:\/\/www.visit-ulcinj.com\/blog\/wp-content\/uploads\/2016\/04\/MANS.jpg\",\"width\":573,\"height\":337},{\"@type\":\"WebPage\",\"@id\":\"https:\/\/www.visit-ulcinj.com\/blog\/2016\/04\/05\/mans-padi-penale-ndaj-pergjegjesve-te-kripores-se-ulqinit\/#webpage\",\"url\":\"https:\/\/www.visit-ulcinj.com\/blog\/2016\/04\/05\/mans-padi-penale-ndaj-pergjegjesve-te-kripores-se-ulqinit\/\",\"name\":\"MANS: Padi penale ndaj p\u00ebrgjegj\u00ebsve t\u00eb kripores s\u00eb Ulqinit - Lajme nga Ulqini\",\"isPartOf\":{\"@id\":\"https:\/\/www.visit-ulcinj.com\/blog\/#website\"},\"primaryImageOfPage\":{\"@id\":\"https:\/\/www.visit-ulcinj.com\/blog\/2016\/04\/05\/mans-padi-penale-ndaj-pergjegjesve-te-kripores-se-ulqinit\/#primaryimage\"},\"datePublished\":\"2016-04-05T14:54:06+00:00\",\"dateModified\":\"2016-04-05T17:00:57+00:00\",\"author\":{\"@id\":\"https:\/\/www.visit-ulcinj.com\/blog\/#\/schema\/person\/dcab619c614d3038751c63bc2aadc06d\"},\"description\":\"MANS-i i dor\u00ebzoi sot Prokurorit special p\u00ebr krim t\u00eb organizuar dhe korrupsion padin\u00eb penale kund\u00ebr disa personave p\u00ebr shkak t\u00eb dyshimit q\u00eb n\u00eb m\u00ebnyr\u00eb t\u00eb\",\"breadcrumb\":{\"@id\":\"https:\/\/www.visit-ulcinj.com\/blog\/2016\/04\/05\/mans-padi-penale-ndaj-pergjegjesve-te-kripores-se-ulqinit\/#breadcrumb\"},\"inLanguage\":\"en-US\",\"potentialAction\":[{\"@type\":\"ReadAction\",\"target\":[\"https:\/\/www.visit-ulcinj.com\/blog\/2016\/04\/05\/mans-padi-penale-ndaj-pergjegjesve-te-kripores-se-ulqinit\/\"]}]},{\"@type\":\"BreadcrumbList\",\"@id\":\"https:\/\/www.visit-ulcinj.com\/blog\/2016\/04\/05\/mans-padi-penale-ndaj-pergjegjesve-te-kripores-se-ulqinit\/#breadcrumb\",\"itemListElement\":[{\"@type\":\"ListItem\",\"position\":1,\"name\":\"MANS: Padi penale ndaj p\u00ebrgjegj\u00ebsve t\u00eb kripores s\u00eb Ulqinit\"}]},{\"@type\":\"Person\",\"@id\":\"https:\/\/www.visit-ulcinj.com\/blog\/#\/schema\/person\/dcab619c614d3038751c63bc2aadc06d\",\"name\":\"ulqini\",\"sameAs\":[\"http:\/\/www.visit-ulcinj.com\"],\"url\":\"https:\/\/www.visit-ulcinj.com\/blog\/author\/admin\/\"}]}<\/script>\n<!-- \/ Yoast SEO plugin. -->","yoast_head_json":{"title":"MANS: Padi penale ndaj p\u00ebrgjegj\u00ebsve t\u00eb kripores s\u00eb Ulqinit - Lajme nga Ulqini","description":"MANS-i i dor\u00ebzoi sot Prokurorit special p\u00ebr krim t\u00eb organizuar dhe korrupsion padin\u00eb penale kund\u00ebr disa personave p\u00ebr shkak t\u00eb dyshimit q\u00eb n\u00eb m\u00ebnyr\u00eb t\u00eb","robots":{"index":"index","follow":"follow","max-snippet":"max-snippet:-1","max-image-preview":"max-image-preview:large","max-video-preview":"max-video-preview:-1"},"canonical":"https:\/\/www.visit-ulcinj.com\/blog\/2016\/04\/05\/mans-padi-penale-ndaj-pergjegjesve-te-kripores-se-ulqinit\/","og_locale":"en_US","og_type":"article","og_title":"MANS: Padi penale ndaj p\u00ebrgjegj\u00ebsve t\u00eb kripores s\u00eb Ulqinit - Lajme nga Ulqini","og_description":"MANS-i i dor\u00ebzoi sot Prokurorit special p\u00ebr krim t\u00eb organizuar dhe korrupsion padin\u00eb penale kund\u00ebr disa personave p\u00ebr shkak t\u00eb dyshimit q\u00eb n\u00eb m\u00ebnyr\u00eb t\u00eb","og_url":"https:\/\/www.visit-ulcinj.com\/blog\/2016\/04\/05\/mans-padi-penale-ndaj-pergjegjesve-te-kripores-se-ulqinit\/","og_site_name":"Lajme nga Ulqini","article_published_time":"2016-04-05T14:54:06+00:00","article_modified_time":"2016-04-05T17:00:57+00:00","og_image":[{"url":"http:\/\/www.visit-ulcinj.com\/blog\/wp-content\/uploads\/2016\/04\/MANS.jpg"}],"twitter_misc":{"Written by":"ulqini","Est. reading time":"1 minute"},"schema":{"@context":"https:\/\/schema.org","@graph":[{"@type":"WebSite","@id":"https:\/\/www.visit-ulcinj.com\/blog\/#website","url":"https:\/\/www.visit-ulcinj.com\/blog\/","name":"Lajme nga Ulqini","description":"Lajme,Vijesti,Ulqini,Ulqin,Crna Gora,Mali i Zi","potentialAction":[{"@type":"SearchAction","target":{"@type":"EntryPoint","urlTemplate":"https:\/\/www.visit-ulcinj.com\/blog\/?s={search_term_string}"},"query-input":"required name=search_term_string"}],"inLanguage":"en-US"},{"@type":"ImageObject","inLanguage":"en-US","@id":"https:\/\/www.visit-ulcinj.com\/blog\/2016\/04\/05\/mans-padi-penale-ndaj-pergjegjesve-te-kripores-se-ulqinit\/#primaryimage","url":"https:\/\/www.visit-ulcinj.com\/blog\/wp-content\/uploads\/2016\/04\/MANS.jpg","contentUrl":"https:\/\/www.visit-ulcinj.com\/blog\/wp-content\/uploads\/2016\/04\/MANS.jpg","width":573,"height":337},{"@type":"WebPage","@id":"https:\/\/www.visit-ulcinj.com\/blog\/2016\/04\/05\/mans-padi-penale-ndaj-pergjegjesve-te-kripores-se-ulqinit\/#webpage","url":"https:\/\/www.visit-ulcinj.com\/blog\/2016\/04\/05\/mans-padi-penale-ndaj-pergjegjesve-te-kripores-se-ulqinit\/","name":"MANS: Padi penale ndaj p\u00ebrgjegj\u00ebsve t\u00eb kripores s\u00eb Ulqinit - Lajme nga Ulqini","isPartOf":{"@id":"https:\/\/www.visit-ulcinj.com\/blog\/#website"},"primaryImageOfPage":{"@id":"https:\/\/www.visit-ulcinj.com\/blog\/2016\/04\/05\/mans-padi-penale-ndaj-pergjegjesve-te-kripores-se-ulqinit\/#primaryimage"},"datePublished":"2016-04-05T14:54:06+00:00","dateModified":"2016-04-05T17:00:57+00:00","author":{"@id":"https:\/\/www.visit-ulcinj.com\/blog\/#\/schema\/person\/dcab619c614d3038751c63bc2aadc06d"},"description":"MANS-i i dor\u00ebzoi sot Prokurorit special p\u00ebr krim t\u00eb organizuar dhe korrupsion padin\u00eb penale kund\u00ebr disa personave p\u00ebr shkak t\u00eb dyshimit q\u00eb n\u00eb m\u00ebnyr\u00eb t\u00eb","breadcrumb":{"@id":"https:\/\/www.visit-ulcinj.com\/blog\/2016\/04\/05\/mans-padi-penale-ndaj-pergjegjesve-te-kripores-se-ulqinit\/#breadcrumb"},"inLanguage":"en-US","potentialAction":[{"@type":"ReadAction","target":["https:\/\/www.visit-ulcinj.com\/blog\/2016\/04\/05\/mans-padi-penale-ndaj-pergjegjesve-te-kripores-se-ulqinit\/"]}]},{"@type":"BreadcrumbList","@id":"https:\/\/www.visit-ulcinj.com\/blog\/2016\/04\/05\/mans-padi-penale-ndaj-pergjegjesve-te-kripores-se-ulqinit\/#breadcrumb","itemListElement":[{"@type":"ListItem","position":1,"name":"MANS: Padi penale ndaj p\u00ebrgjegj\u00ebsve t\u00eb kripores s\u00eb Ulqinit"}]},{"@type":"Person","@id":"https:\/\/www.visit-ulcinj.com\/blog\/#\/schema\/person\/dcab619c614d3038751c63bc2aadc06d","name":"ulqini","sameAs":["http:\/\/www.visit-ulcinj.com"],"url":"https:\/\/www.visit-ulcinj.com\/blog\/author\/admin\/"}]}},"jetpack_featured_media_url":"","jetpack_sharing_enabled":true,"jetpack_shortlink":"https:\/\/wp.me\/pe6lTn-oX6","_links":{"self":[{"href":"https:\/\/www.visit-ulcinj.com\/blog\/wp-json\/wp\/v2\/posts\/95920"}],"collection":[{"href":"https:\/\/www.visit-ulcinj.com\/blog\/wp-json\/wp\/v2\/posts"}],"about":[{"href":"https:\/\/www.visit-ulcinj.com\/blog\/wp-json\/wp\/v2\/types\/post"}],"author":[{"embeddable":true,"href":"https:\/\/www.visit-ulcinj.com\/blog\/wp-json\/wp\/v2\/users\/1"}],"replies":[{"embeddable":true,"href":"https:\/\/www.visit-ulcinj.com\/blog\/wp-json\/wp\/v2\/comments?post=95920"}],"version-history":[{"count":4,"href":"https:\/\/www.visit-ulcinj.com\/blog\/wp-json\/wp\/v2\/posts\/95920\/revisions"}],"predecessor-version":[{"id":95933,"href":"https:\/\/www.visit-ulcinj.com\/blog\/wp-json\/wp\/v2\/posts\/95920\/revisions\/95933"}],"wp:attachment":[{"href":"https:\/\/www.visit-ulcinj.com\/blog\/wp-json\/wp\/v2\/media?parent=95920"}],"wp:term":[{"taxonomy":"category","embeddable":true,"href":"https:\/\/www.visit-ulcinj.com\/blog\/wp-json\/wp\/v2\/categories?post=95920"},{"taxonomy":"post_tag","embeddable":true,"href":"https:\/\/www.visit-ulcinj.com\/blog\/wp-json\/wp\/v2\/tags?post=95920"}],"curies":[{"name":"wp","href":"https:\/\/api.w.org\/{rel}","templated":true}]}}