{"id":95925,"date":"2016-04-05T16:09:41","date_gmt":"2016-04-05T15:09:41","guid":{"rendered":"http:\/\/www.visit-ulcinj.com\/blog\/?p=95925"},"modified":"2016-04-05T16:09:41","modified_gmt":"2016-04-05T15:09:41","slug":"prijedlog-zakona-o-izmjenama-dopunama-zakona-o-manjinskim-pravima-slobodama-danas-u-ulcinju","status":"publish","type":"post","link":"https:\/\/www.visit-ulcinj.com\/blog\/2016\/04\/05\/prijedlog-zakona-o-izmjenama-dopunama-zakona-o-manjinskim-pravima-slobodama-danas-u-ulcinju\/","title":{"rendered":"Prijedlog zakona o izmjenama i dopunama Zakona o manjinskim pravima i slobodama danas u Ulcinju"},"content":{"rendered":"<p><strong><a href=\"http:\/\/www.visit-ulcinj.com\/blog\/wp-content\/uploads\/2016\/04\/Kuvendi-Komunal-Ulqin-Opstina-Ulcinj-Municipality-of-Ulcinj-.jpg\"><img loading=\"lazy\" class=\"alignleft wp-image-95927\" src=\"http:\/\/www.visit-ulcinj.com\/blog\/wp-content\/uploads\/2016\/04\/Kuvendi-Komunal-Ulqin-Opstina-Ulcinj-Municipality-of-Ulcinj-.jpg\" alt=\"Kuvendi Komunal Ulqin-Opstina Ulcinj-Municipality of Ulcinj-\" width=\"508\" height=\"339\" srcset=\"https:\/\/www.visit-ulcinj.com\/blog\/wp-content\/uploads\/2016\/04\/Kuvendi-Komunal-Ulqin-Opstina-Ulcinj-Municipality-of-Ulcinj-.jpg 1000w, https:\/\/www.visit-ulcinj.com\/blog\/wp-content\/uploads\/2016\/04\/Kuvendi-Komunal-Ulqin-Opstina-Ulcinj-Municipality-of-Ulcinj--300x200.jpg 300w\" sizes=\"(max-width: 508px) 100vw, 508px\" \/><\/a>Javna rasprava<\/strong><\/p>\n<p><strong>Ministarstvo za ljudska i manjinska prava pokrenulo je Javnu raspravu o tekstu Prijedloga zakona o izmjenama i dopunama Zakona o manjinskim pravima i slobodama. U skladu sa Programom javne rasprave u op\u0161tini Ulcinj \u0107e 5. aprila 2016. biti odr\u017eana tre\u0107a, od \u010detiri planirane rasprave. Poslednja \u0107e se odr\u017eati u Podgorici, 7. aprila, prema planiranom Programu javne rasprave.<\/strong><\/p>\n<p><center><\/center>Ministarstvo za ljudska i manjinska prava pokrenulo je Javnu raspravu o tekstu Prijedloga zakona o izmjenama i dopunama Zakona o manjinskim pravima i slobodama. U skladu sa Programom javne rasprave <strong>u op\u0161tini Ulcinj \u0107e 5. aprila 2016. biti odr\u017eana tre\u0107a, od \u010detiri planirane rasprave. <\/strong>Poslednja \u0107e se odr\u017eati u Podgorici, 7. aprila, prema planiranom Programu javne rasprave.<\/p>\n<p><strong>Javna rasprava odr\u017ea\u0107e se u sali Skup\u0161tine, sa po\u010detkom u 12:00h.<\/strong><\/p>\n<p>Ministarstvo poziva sve zainteresovane subjekte da se uklju\u010de u Javnu raspravu o Prijedlogu zakona o izmjenama i dopunama Zakona o manjinskim pravima i slobodama.<\/p>\n<p>Podsje\u0107amo da se komentari, predlozi i sugestije na tekst Prijedloga navedenog zakona, tako\u0111e, mogu dostaviti Ministarstvu za ljudska i manjinska prava na adresu:Podgorica,Rimski trg 46, fax: 020\/234-198, ili na e-mail adresu: gano.djokic<\/p>\n<p>Javna rasprava o Prijedlogu zakona o izmjenama i dopunama Zakona o manjinskim pravima i slobodama \u0107e trajati do 01. maja 2016. godine.<\/p>\n<p>Ministarstvo za ljudska i manjinska prava<\/p>\n<p>Izvor: <a href=\"http:\/\/www.gov.me\/naslovna\/vijesti-iz-ministarstava\/159665\/Javna-rasprava-o.html\">Vlada Crne Gore<\/a><\/p>\n","protected":false},"excerpt":{"rendered":"<p>Javna rasprava Ministarstvo za ljudska i manjinska prava pokrenulo je Javnu raspravu o tekstu Prijedloga zakona o izmjenama i dopunama Zakona o manjinskim pravima i slobodama. U skladu sa Programom javne rasprave u op\u0161tini Ulcinj \u0107e 5. aprila 2016. biti odr\u017eana tre\u0107a, od \u010detiri planirane rasprave. Poslednja \u0107e se odr\u017eati u Podgorici, 7. aprila, prema [&hellip;]<\/p>\n","protected":false},"author":1,"featured_media":0,"comment_status":"closed","ping_status":"closed","sticky":false,"template":"","format":"standard","meta":{"spay_email":"","jetpack_publicize_message":"","jetpack_is_tweetstorm":false,"jetpack_publicize_feature_enabled":true},"categories":[6950],"tags":[],"jetpack_publicize_connections":[],"yoast_head":"<!-- This site is optimized with the Yoast SEO plugin v19.1 - https:\/\/yoast.com\/wordpress\/plugins\/seo\/ -->\n<title>Prijedlog zakona o izmjenama i dopunama Zakona o manjinskim pravima i slobodama danas u Ulcinju - Lajme nga Ulqini<\/title>\n<meta name=\"description\" content=\"Javna rasprava Ministarstvo za ljudska i manjinska prava pokrenulo je Javnu raspravu o tekstu Prijedloga zakona o izmjenama i dopunama Zakona o manjinskim\" \/>\n<meta name=\"robots\" content=\"index, follow, max-snippet:-1, max-image-preview:large, max-video-preview:-1\" \/>\n<link rel=\"canonical\" href=\"https:\/\/www.visit-ulcinj.com\/blog\/2016\/04\/05\/prijedlog-zakona-o-izmjenama-dopunama-zakona-o-manjinskim-pravima-slobodama-danas-u-ulcinju\/\" \/>\n<meta property=\"og:locale\" content=\"en_US\" \/>\n<meta property=\"og:type\" content=\"article\" \/>\n<meta property=\"og:title\" content=\"Prijedlog zakona o izmjenama i dopunama Zakona o manjinskim pravima i slobodama danas u Ulcinju - Lajme nga Ulqini\" \/>\n<meta property=\"og:description\" content=\"Javna rasprava Ministarstvo za ljudska i manjinska prava pokrenulo je Javnu raspravu o tekstu Prijedloga zakona o izmjenama i dopunama Zakona o manjinskim\" \/>\n<meta property=\"og:url\" content=\"https:\/\/www.visit-ulcinj.com\/blog\/2016\/04\/05\/prijedlog-zakona-o-izmjenama-dopunama-zakona-o-manjinskim-pravima-slobodama-danas-u-ulcinju\/\" \/>\n<meta property=\"og:site_name\" content=\"Lajme nga Ulqini\" \/>\n<meta property=\"article:published_time\" content=\"2016-04-05T15:09:41+00:00\" \/>\n<meta property=\"og:image\" content=\"http:\/\/www.visit-ulcinj.com\/blog\/wp-content\/uploads\/2016\/04\/Kuvendi-Komunal-Ulqin-Opstina-Ulcinj-Municipality-of-Ulcinj-.jpg\" \/>\n<meta name=\"twitter:label1\" content=\"Written by\" \/>\n\t<meta name=\"twitter:data1\" content=\"ulqini\" \/>\n\t<meta name=\"twitter:label2\" content=\"Est. reading time\" \/>\n\t<meta name=\"twitter:data2\" content=\"1 minute\" \/>\n<script type=\"application\/ld+json\" class=\"yoast-schema-graph\">{\"@context\":\"https:\/\/schema.org\",\"@graph\":[{\"@type\":\"WebSite\",\"@id\":\"https:\/\/www.visit-ulcinj.com\/blog\/#website\",\"url\":\"https:\/\/www.visit-ulcinj.com\/blog\/\",\"name\":\"Lajme nga Ulqini\",\"description\":\"Lajme,Vijesti,Ulqini,Ulqin,Crna Gora,Mali i Zi\",\"potentialAction\":[{\"@type\":\"SearchAction\",\"target\":{\"@type\":\"EntryPoint\",\"urlTemplate\":\"https:\/\/www.visit-ulcinj.com\/blog\/?s={search_term_string}\"},\"query-input\":\"required name=search_term_string\"}],\"inLanguage\":\"en-US\"},{\"@type\":\"ImageObject\",\"inLanguage\":\"en-US\",\"@id\":\"https:\/\/www.visit-ulcinj.com\/blog\/2016\/04\/05\/prijedlog-zakona-o-izmjenama-dopunama-zakona-o-manjinskim-pravima-slobodama-danas-u-ulcinju\/#primaryimage\",\"url\":\"https:\/\/www.visit-ulcinj.com\/blog\/wp-content\/uploads\/2016\/04\/Kuvendi-Komunal-Ulqin-Opstina-Ulcinj-Municipality-of-Ulcinj-.jpg\",\"contentUrl\":\"https:\/\/www.visit-ulcinj.com\/blog\/wp-content\/uploads\/2016\/04\/Kuvendi-Komunal-Ulqin-Opstina-Ulcinj-Municipality-of-Ulcinj-.jpg\",\"width\":1000,\"height\":667},{\"@type\":\"WebPage\",\"@id\":\"https:\/\/www.visit-ulcinj.com\/blog\/2016\/04\/05\/prijedlog-zakona-o-izmjenama-dopunama-zakona-o-manjinskim-pravima-slobodama-danas-u-ulcinju\/#webpage\",\"url\":\"https:\/\/www.visit-ulcinj.com\/blog\/2016\/04\/05\/prijedlog-zakona-o-izmjenama-dopunama-zakona-o-manjinskim-pravima-slobodama-danas-u-ulcinju\/\",\"name\":\"Prijedlog zakona o izmjenama i dopunama Zakona o manjinskim pravima i slobodama danas u Ulcinju - Lajme nga Ulqini\",\"isPartOf\":{\"@id\":\"https:\/\/www.visit-ulcinj.com\/blog\/#website\"},\"primaryImageOfPage\":{\"@id\":\"https:\/\/www.visit-ulcinj.com\/blog\/2016\/04\/05\/prijedlog-zakona-o-izmjenama-dopunama-zakona-o-manjinskim-pravima-slobodama-danas-u-ulcinju\/#primaryimage\"},\"datePublished\":\"2016-04-05T15:09:41+00:00\",\"dateModified\":\"2016-04-05T15:09:41+00:00\",\"author\":{\"@id\":\"https:\/\/www.visit-ulcinj.com\/blog\/#\/schema\/person\/dcab619c614d3038751c63bc2aadc06d\"},\"description\":\"Javna rasprava Ministarstvo za ljudska i manjinska prava pokrenulo je Javnu raspravu o tekstu Prijedloga zakona o izmjenama i dopunama Zakona o manjinskim\",\"breadcrumb\":{\"@id\":\"https:\/\/www.visit-ulcinj.com\/blog\/2016\/04\/05\/prijedlog-zakona-o-izmjenama-dopunama-zakona-o-manjinskim-pravima-slobodama-danas-u-ulcinju\/#breadcrumb\"},\"inLanguage\":\"en-US\",\"potentialAction\":[{\"@type\":\"ReadAction\",\"target\":[\"https:\/\/www.visit-ulcinj.com\/blog\/2016\/04\/05\/prijedlog-zakona-o-izmjenama-dopunama-zakona-o-manjinskim-pravima-slobodama-danas-u-ulcinju\/\"]}]},{\"@type\":\"BreadcrumbList\",\"@id\":\"https:\/\/www.visit-ulcinj.com\/blog\/2016\/04\/05\/prijedlog-zakona-o-izmjenama-dopunama-zakona-o-manjinskim-pravima-slobodama-danas-u-ulcinju\/#breadcrumb\",\"itemListElement\":[{\"@type\":\"ListItem\",\"position\":1,\"name\":\"Prijedlog zakona o izmjenama i dopunama Zakona o manjinskim pravima i slobodama danas u Ulcinju\"}]},{\"@type\":\"Person\",\"@id\":\"https:\/\/www.visit-ulcinj.com\/blog\/#\/schema\/person\/dcab619c614d3038751c63bc2aadc06d\",\"name\":\"ulqini\",\"sameAs\":[\"http:\/\/www.visit-ulcinj.com\"],\"url\":\"https:\/\/www.visit-ulcinj.com\/blog\/author\/admin\/\"}]}<\/script>\n<!-- \/ Yoast SEO plugin. -->","yoast_head_json":{"title":"Prijedlog zakona o izmjenama i dopunama Zakona o manjinskim pravima i slobodama danas u Ulcinju - Lajme nga Ulqini","description":"Javna rasprava Ministarstvo za ljudska i manjinska prava pokrenulo je Javnu raspravu o tekstu Prijedloga zakona o izmjenama i dopunama Zakona o manjinskim","robots":{"index":"index","follow":"follow","max-snippet":"max-snippet:-1","max-image-preview":"max-image-preview:large","max-video-preview":"max-video-preview:-1"},"canonical":"https:\/\/www.visit-ulcinj.com\/blog\/2016\/04\/05\/prijedlog-zakona-o-izmjenama-dopunama-zakona-o-manjinskim-pravima-slobodama-danas-u-ulcinju\/","og_locale":"en_US","og_type":"article","og_title":"Prijedlog zakona o izmjenama i dopunama Zakona o manjinskim pravima i slobodama danas u Ulcinju - Lajme nga Ulqini","og_description":"Javna rasprava Ministarstvo za ljudska i manjinska prava pokrenulo je Javnu raspravu o tekstu Prijedloga zakona o izmjenama i dopunama Zakona o manjinskim","og_url":"https:\/\/www.visit-ulcinj.com\/blog\/2016\/04\/05\/prijedlog-zakona-o-izmjenama-dopunama-zakona-o-manjinskim-pravima-slobodama-danas-u-ulcinju\/","og_site_name":"Lajme nga Ulqini","article_published_time":"2016-04-05T15:09:41+00:00","og_image":[{"url":"http:\/\/www.visit-ulcinj.com\/blog\/wp-content\/uploads\/2016\/04\/Kuvendi-Komunal-Ulqin-Opstina-Ulcinj-Municipality-of-Ulcinj-.jpg"}],"twitter_misc":{"Written by":"ulqini","Est. reading time":"1 minute"},"schema":{"@context":"https:\/\/schema.org","@graph":[{"@type":"WebSite","@id":"https:\/\/www.visit-ulcinj.com\/blog\/#website","url":"https:\/\/www.visit-ulcinj.com\/blog\/","name":"Lajme nga Ulqini","description":"Lajme,Vijesti,Ulqini,Ulqin,Crna Gora,Mali i Zi","potentialAction":[{"@type":"SearchAction","target":{"@type":"EntryPoint","urlTemplate":"https:\/\/www.visit-ulcinj.com\/blog\/?s={search_term_string}"},"query-input":"required name=search_term_string"}],"inLanguage":"en-US"},{"@type":"ImageObject","inLanguage":"en-US","@id":"https:\/\/www.visit-ulcinj.com\/blog\/2016\/04\/05\/prijedlog-zakona-o-izmjenama-dopunama-zakona-o-manjinskim-pravima-slobodama-danas-u-ulcinju\/#primaryimage","url":"https:\/\/www.visit-ulcinj.com\/blog\/wp-content\/uploads\/2016\/04\/Kuvendi-Komunal-Ulqin-Opstina-Ulcinj-Municipality-of-Ulcinj-.jpg","contentUrl":"https:\/\/www.visit-ulcinj.com\/blog\/wp-content\/uploads\/2016\/04\/Kuvendi-Komunal-Ulqin-Opstina-Ulcinj-Municipality-of-Ulcinj-.jpg","width":1000,"height":667},{"@type":"WebPage","@id":"https:\/\/www.visit-ulcinj.com\/blog\/2016\/04\/05\/prijedlog-zakona-o-izmjenama-dopunama-zakona-o-manjinskim-pravima-slobodama-danas-u-ulcinju\/#webpage","url":"https:\/\/www.visit-ulcinj.com\/blog\/2016\/04\/05\/prijedlog-zakona-o-izmjenama-dopunama-zakona-o-manjinskim-pravima-slobodama-danas-u-ulcinju\/","name":"Prijedlog zakona o izmjenama i dopunama Zakona o manjinskim pravima i slobodama danas u Ulcinju - Lajme nga Ulqini","isPartOf":{"@id":"https:\/\/www.visit-ulcinj.com\/blog\/#website"},"primaryImageOfPage":{"@id":"https:\/\/www.visit-ulcinj.com\/blog\/2016\/04\/05\/prijedlog-zakona-o-izmjenama-dopunama-zakona-o-manjinskim-pravima-slobodama-danas-u-ulcinju\/#primaryimage"},"datePublished":"2016-04-05T15:09:41+00:00","dateModified":"2016-04-05T15:09:41+00:00","author":{"@id":"https:\/\/www.visit-ulcinj.com\/blog\/#\/schema\/person\/dcab619c614d3038751c63bc2aadc06d"},"description":"Javna rasprava Ministarstvo za ljudska i manjinska prava pokrenulo je Javnu raspravu o tekstu Prijedloga zakona o izmjenama i dopunama Zakona o manjinskim","breadcrumb":{"@id":"https:\/\/www.visit-ulcinj.com\/blog\/2016\/04\/05\/prijedlog-zakona-o-izmjenama-dopunama-zakona-o-manjinskim-pravima-slobodama-danas-u-ulcinju\/#breadcrumb"},"inLanguage":"en-US","potentialAction":[{"@type":"ReadAction","target":["https:\/\/www.visit-ulcinj.com\/blog\/2016\/04\/05\/prijedlog-zakona-o-izmjenama-dopunama-zakona-o-manjinskim-pravima-slobodama-danas-u-ulcinju\/"]}]},{"@type":"BreadcrumbList","@id":"https:\/\/www.visit-ulcinj.com\/blog\/2016\/04\/05\/prijedlog-zakona-o-izmjenama-dopunama-zakona-o-manjinskim-pravima-slobodama-danas-u-ulcinju\/#breadcrumb","itemListElement":[{"@type":"ListItem","position":1,"name":"Prijedlog zakona o izmjenama i dopunama Zakona o manjinskim pravima i slobodama danas u Ulcinju"}]},{"@type":"Person","@id":"https:\/\/www.visit-ulcinj.com\/blog\/#\/schema\/person\/dcab619c614d3038751c63bc2aadc06d","name":"ulqini","sameAs":["http:\/\/www.visit-ulcinj.com"],"url":"https:\/\/www.visit-ulcinj.com\/blog\/author\/admin\/"}]}},"jetpack_featured_media_url":"","jetpack_sharing_enabled":true,"jetpack_shortlink":"https:\/\/wp.me\/pe6lTn-oXb","_links":{"self":[{"href":"https:\/\/www.visit-ulcinj.com\/blog\/wp-json\/wp\/v2\/posts\/95925"}],"collection":[{"href":"https:\/\/www.visit-ulcinj.com\/blog\/wp-json\/wp\/v2\/posts"}],"about":[{"href":"https:\/\/www.visit-ulcinj.com\/blog\/wp-json\/wp\/v2\/types\/post"}],"author":[{"embeddable":true,"href":"https:\/\/www.visit-ulcinj.com\/blog\/wp-json\/wp\/v2\/users\/1"}],"replies":[{"embeddable":true,"href":"https:\/\/www.visit-ulcinj.com\/blog\/wp-json\/wp\/v2\/comments?post=95925"}],"version-history":[{"count":1,"href":"https:\/\/www.visit-ulcinj.com\/blog\/wp-json\/wp\/v2\/posts\/95925\/revisions"}],"predecessor-version":[{"id":95928,"href":"https:\/\/www.visit-ulcinj.com\/blog\/wp-json\/wp\/v2\/posts\/95925\/revisions\/95928"}],"wp:attachment":[{"href":"https:\/\/www.visit-ulcinj.com\/blog\/wp-json\/wp\/v2\/media?parent=95925"}],"wp:term":[{"taxonomy":"category","embeddable":true,"href":"https:\/\/www.visit-ulcinj.com\/blog\/wp-json\/wp\/v2\/categories?post=95925"},{"taxonomy":"post_tag","embeddable":true,"href":"https:\/\/www.visit-ulcinj.com\/blog\/wp-json\/wp\/v2\/tags?post=95925"}],"curies":[{"name":"wp","href":"https:\/\/api.w.org\/{rel}","templated":true}]}}