{"id":95935,"date":"2016-04-05T18:18:13","date_gmt":"2016-04-05T17:18:13","guid":{"rendered":"http:\/\/www.visit-ulcinj.com\/blog\/?p=95935"},"modified":"2016-04-05T18:18:13","modified_gmt":"2016-04-05T17:18:13","slug":"shqyrtim-publike-per-propozim-ligjin-per-te-drejtat-e-popujve-pakice","status":"publish","type":"post","link":"https:\/\/www.visit-ulcinj.com\/blog\/2016\/04\/05\/shqyrtim-publike-per-propozim-ligjin-per-te-drejtat-e-popujve-pakice\/","title":{"rendered":"Shqyrtim publike p\u00ebr propozim ligjin p\u00ebr t\u00eb drejtat e popujve pakic\u00eb"},"content":{"rendered":"<p><a href=\"http:\/\/www.visit-ulcinj.com\/blog\/wp-content\/uploads\/2016\/04\/Leon-Gjokaj-Ulqin.jpg\"><img loading=\"lazy\" class=\"alignleft wp-image-95936\" src=\"http:\/\/www.visit-ulcinj.com\/blog\/wp-content\/uploads\/2016\/04\/Leon-Gjokaj-Ulqin.jpg\" alt=\"Leon-Gjokaj-Ulqin\" width=\"508\" height=\"277\" srcset=\"https:\/\/www.visit-ulcinj.com\/blog\/wp-content\/uploads\/2016\/04\/Leon-Gjokaj-Ulqin.jpg 851w, https:\/\/www.visit-ulcinj.com\/blog\/wp-content\/uploads\/2016\/04\/Leon-Gjokaj-Ulqin-300x164.jpg 300w\" sizes=\"(max-width: 508px) 100vw, 508px\" \/><\/a>N\u00eb sall\u00ebn e madhe t\u00eb Kuvendit Komunal u mbajt shqyrtimi publik n\u00eb lidhje me propozim ligjin p\u00ebr t\u00eb drejtat e popujve pakic\u00eb, raporton portali TV Teuta.<\/p>\n<p>Prezantimin e propozim ligjit e b\u00ebri drejtori i p\u00ebrgjithsh\u00ebm i Drejtoris\u00eb p\u00ebr mbrojtjen e popujve pakic\u00eb Leon Gjokaj, i cili shprehu bindjen e tij se gjat\u00eb k\u00ebtij procesi n\u00eb adres\u00eb t\u00eb k\u00ebsaj drejtorie do t\u00eb vijn\u00eb v\u00ebrejtje dhe propozime konstruktive, me q\u00ebllim q\u00eb propozimi final t\u00eb jet\u00eb sa m\u00eb i pranuesh\u00ebm p\u00ebr t\u00eb gjith\u00eb popujt pakic\u00eb n\u00eb Mal t\u00eb Zi.<\/p>\n<p>N\u00eb shqyrtimin e sot\u00ebm , p\u00ebrve\u00e7 t\u00eb tjer\u00ebve, v\u00ebrejtjet e veta i parashtruan edhe kryetari i K\u00ebshillit Komb\u00ebtar Genci Nimanbegu dhe n\u00ebnkryetarja e Komun\u00ebs Hadixha Gjoni.<\/p>\n","protected":false},"excerpt":{"rendered":"<p>N\u00eb sall\u00ebn e madhe t\u00eb Kuvendit Komunal u mbajt shqyrtimi publik n\u00eb lidhje me propozim ligjin p\u00ebr t\u00eb drejtat e popujve pakic\u00eb, raporton portali TV Teuta. Prezantimin e propozim ligjit e b\u00ebri drejtori i p\u00ebrgjithsh\u00ebm i Drejtoris\u00eb p\u00ebr mbrojtjen e popujve pakic\u00eb Leon Gjokaj, i cili shprehu bindjen e tij se gjat\u00eb k\u00ebtij procesi n\u00eb [&hellip;]<\/p>\n","protected":false},"author":1,"featured_media":0,"comment_status":"closed","ping_status":"closed","sticky":false,"template":"","format":"standard","meta":{"spay_email":"","jetpack_publicize_message":"","jetpack_is_tweetstorm":false,"jetpack_publicize_feature_enabled":true},"categories":[6950],"tags":[],"jetpack_publicize_connections":[],"yoast_head":"<!-- This site is optimized with the Yoast SEO plugin v19.1 - https:\/\/yoast.com\/wordpress\/plugins\/seo\/ -->\n<title>Shqyrtim publike p\u00ebr propozim ligjin p\u00ebr t\u00eb drejtat e popujve pakic\u00eb - Lajme nga Ulqini<\/title>\n<meta name=\"description\" content=\"N\u00eb sall\u00ebn e madhe t\u00eb Kuvendit Komunal u mbajt shqyrtimi publik n\u00eb lidhje me propozim ligjin p\u00ebr t\u00eb drejtat e popujve pakic\u00eb, raporton portali TV Teuta.\" \/>\n<meta name=\"robots\" content=\"index, follow, max-snippet:-1, max-image-preview:large, max-video-preview:-1\" \/>\n<link rel=\"canonical\" href=\"https:\/\/www.visit-ulcinj.com\/blog\/2016\/04\/05\/shqyrtim-publike-per-propozim-ligjin-per-te-drejtat-e-popujve-pakice\/\" \/>\n<meta property=\"og:locale\" content=\"en_US\" \/>\n<meta property=\"og:type\" content=\"article\" \/>\n<meta property=\"og:title\" content=\"Shqyrtim publike p\u00ebr propozim ligjin p\u00ebr t\u00eb drejtat e popujve pakic\u00eb - Lajme nga Ulqini\" \/>\n<meta property=\"og:description\" content=\"N\u00eb sall\u00ebn e madhe t\u00eb Kuvendit Komunal u mbajt shqyrtimi publik n\u00eb lidhje me propozim ligjin p\u00ebr t\u00eb drejtat e popujve pakic\u00eb, raporton portali TV Teuta.\" \/>\n<meta property=\"og:url\" content=\"https:\/\/www.visit-ulcinj.com\/blog\/2016\/04\/05\/shqyrtim-publike-per-propozim-ligjin-per-te-drejtat-e-popujve-pakice\/\" \/>\n<meta property=\"og:site_name\" content=\"Lajme nga Ulqini\" \/>\n<meta property=\"article:published_time\" content=\"2016-04-05T17:18:13+00:00\" \/>\n<meta property=\"og:image\" content=\"http:\/\/www.visit-ulcinj.com\/blog\/wp-content\/uploads\/2016\/04\/Leon-Gjokaj-Ulqin.jpg\" \/>\n<meta name=\"twitter:label1\" content=\"Written by\" \/>\n\t<meta name=\"twitter:data1\" content=\"ulqini\" \/>\n\t<meta name=\"twitter:label2\" content=\"Est. reading time\" \/>\n\t<meta name=\"twitter:data2\" content=\"1 minute\" \/>\n<script type=\"application\/ld+json\" class=\"yoast-schema-graph\">{\"@context\":\"https:\/\/schema.org\",\"@graph\":[{\"@type\":\"WebSite\",\"@id\":\"https:\/\/www.visit-ulcinj.com\/blog\/#website\",\"url\":\"https:\/\/www.visit-ulcinj.com\/blog\/\",\"name\":\"Lajme nga Ulqini\",\"description\":\"Lajme,Vijesti,Ulqini,Ulqin,Crna Gora,Mali i Zi\",\"potentialAction\":[{\"@type\":\"SearchAction\",\"target\":{\"@type\":\"EntryPoint\",\"urlTemplate\":\"https:\/\/www.visit-ulcinj.com\/blog\/?s={search_term_string}\"},\"query-input\":\"required name=search_term_string\"}],\"inLanguage\":\"en-US\"},{\"@type\":\"ImageObject\",\"inLanguage\":\"en-US\",\"@id\":\"https:\/\/www.visit-ulcinj.com\/blog\/2016\/04\/05\/shqyrtim-publike-per-propozim-ligjin-per-te-drejtat-e-popujve-pakice\/#primaryimage\",\"url\":\"https:\/\/www.visit-ulcinj.com\/blog\/wp-content\/uploads\/2016\/04\/Leon-Gjokaj-Ulqin.jpg\",\"contentUrl\":\"https:\/\/www.visit-ulcinj.com\/blog\/wp-content\/uploads\/2016\/04\/Leon-Gjokaj-Ulqin.jpg\",\"width\":851,\"height\":464},{\"@type\":\"WebPage\",\"@id\":\"https:\/\/www.visit-ulcinj.com\/blog\/2016\/04\/05\/shqyrtim-publike-per-propozim-ligjin-per-te-drejtat-e-popujve-pakice\/#webpage\",\"url\":\"https:\/\/www.visit-ulcinj.com\/blog\/2016\/04\/05\/shqyrtim-publike-per-propozim-ligjin-per-te-drejtat-e-popujve-pakice\/\",\"name\":\"Shqyrtim publike p\u00ebr propozim ligjin p\u00ebr t\u00eb drejtat e popujve pakic\u00eb - Lajme nga Ulqini\",\"isPartOf\":{\"@id\":\"https:\/\/www.visit-ulcinj.com\/blog\/#website\"},\"primaryImageOfPage\":{\"@id\":\"https:\/\/www.visit-ulcinj.com\/blog\/2016\/04\/05\/shqyrtim-publike-per-propozim-ligjin-per-te-drejtat-e-popujve-pakice\/#primaryimage\"},\"datePublished\":\"2016-04-05T17:18:13+00:00\",\"dateModified\":\"2016-04-05T17:18:13+00:00\",\"author\":{\"@id\":\"https:\/\/www.visit-ulcinj.com\/blog\/#\/schema\/person\/dcab619c614d3038751c63bc2aadc06d\"},\"description\":\"N\u00eb sall\u00ebn e madhe t\u00eb Kuvendit Komunal u mbajt shqyrtimi publik n\u00eb lidhje me propozim ligjin p\u00ebr t\u00eb drejtat e popujve pakic\u00eb, raporton portali TV Teuta.\",\"breadcrumb\":{\"@id\":\"https:\/\/www.visit-ulcinj.com\/blog\/2016\/04\/05\/shqyrtim-publike-per-propozim-ligjin-per-te-drejtat-e-popujve-pakice\/#breadcrumb\"},\"inLanguage\":\"en-US\",\"potentialAction\":[{\"@type\":\"ReadAction\",\"target\":[\"https:\/\/www.visit-ulcinj.com\/blog\/2016\/04\/05\/shqyrtim-publike-per-propozim-ligjin-per-te-drejtat-e-popujve-pakice\/\"]}]},{\"@type\":\"BreadcrumbList\",\"@id\":\"https:\/\/www.visit-ulcinj.com\/blog\/2016\/04\/05\/shqyrtim-publike-per-propozim-ligjin-per-te-drejtat-e-popujve-pakice\/#breadcrumb\",\"itemListElement\":[{\"@type\":\"ListItem\",\"position\":1,\"name\":\"Shqyrtim publike p\u00ebr propozim ligjin p\u00ebr t\u00eb drejtat e popujve pakic\u00eb\"}]},{\"@type\":\"Person\",\"@id\":\"https:\/\/www.visit-ulcinj.com\/blog\/#\/schema\/person\/dcab619c614d3038751c63bc2aadc06d\",\"name\":\"ulqini\",\"sameAs\":[\"http:\/\/www.visit-ulcinj.com\"],\"url\":\"https:\/\/www.visit-ulcinj.com\/blog\/author\/admin\/\"}]}<\/script>\n<!-- \/ Yoast SEO plugin. -->","yoast_head_json":{"title":"Shqyrtim publike p\u00ebr propozim ligjin p\u00ebr t\u00eb drejtat e popujve pakic\u00eb - Lajme nga Ulqini","description":"N\u00eb sall\u00ebn e madhe t\u00eb Kuvendit Komunal u mbajt shqyrtimi publik n\u00eb lidhje me propozim ligjin p\u00ebr t\u00eb drejtat e popujve pakic\u00eb, raporton portali TV Teuta.","robots":{"index":"index","follow":"follow","max-snippet":"max-snippet:-1","max-image-preview":"max-image-preview:large","max-video-preview":"max-video-preview:-1"},"canonical":"https:\/\/www.visit-ulcinj.com\/blog\/2016\/04\/05\/shqyrtim-publike-per-propozim-ligjin-per-te-drejtat-e-popujve-pakice\/","og_locale":"en_US","og_type":"article","og_title":"Shqyrtim publike p\u00ebr propozim ligjin p\u00ebr t\u00eb drejtat e popujve pakic\u00eb - Lajme nga Ulqini","og_description":"N\u00eb sall\u00ebn e madhe t\u00eb Kuvendit Komunal u mbajt shqyrtimi publik n\u00eb lidhje me propozim ligjin p\u00ebr t\u00eb drejtat e popujve pakic\u00eb, raporton portali TV Teuta.","og_url":"https:\/\/www.visit-ulcinj.com\/blog\/2016\/04\/05\/shqyrtim-publike-per-propozim-ligjin-per-te-drejtat-e-popujve-pakice\/","og_site_name":"Lajme nga Ulqini","article_published_time":"2016-04-05T17:18:13+00:00","og_image":[{"url":"http:\/\/www.visit-ulcinj.com\/blog\/wp-content\/uploads\/2016\/04\/Leon-Gjokaj-Ulqin.jpg"}],"twitter_misc":{"Written by":"ulqini","Est. reading time":"1 minute"},"schema":{"@context":"https:\/\/schema.org","@graph":[{"@type":"WebSite","@id":"https:\/\/www.visit-ulcinj.com\/blog\/#website","url":"https:\/\/www.visit-ulcinj.com\/blog\/","name":"Lajme nga Ulqini","description":"Lajme,Vijesti,Ulqini,Ulqin,Crna Gora,Mali i Zi","potentialAction":[{"@type":"SearchAction","target":{"@type":"EntryPoint","urlTemplate":"https:\/\/www.visit-ulcinj.com\/blog\/?s={search_term_string}"},"query-input":"required name=search_term_string"}],"inLanguage":"en-US"},{"@type":"ImageObject","inLanguage":"en-US","@id":"https:\/\/www.visit-ulcinj.com\/blog\/2016\/04\/05\/shqyrtim-publike-per-propozim-ligjin-per-te-drejtat-e-popujve-pakice\/#primaryimage","url":"https:\/\/www.visit-ulcinj.com\/blog\/wp-content\/uploads\/2016\/04\/Leon-Gjokaj-Ulqin.jpg","contentUrl":"https:\/\/www.visit-ulcinj.com\/blog\/wp-content\/uploads\/2016\/04\/Leon-Gjokaj-Ulqin.jpg","width":851,"height":464},{"@type":"WebPage","@id":"https:\/\/www.visit-ulcinj.com\/blog\/2016\/04\/05\/shqyrtim-publike-per-propozim-ligjin-per-te-drejtat-e-popujve-pakice\/#webpage","url":"https:\/\/www.visit-ulcinj.com\/blog\/2016\/04\/05\/shqyrtim-publike-per-propozim-ligjin-per-te-drejtat-e-popujve-pakice\/","name":"Shqyrtim publike p\u00ebr propozim ligjin p\u00ebr t\u00eb drejtat e popujve pakic\u00eb - Lajme nga Ulqini","isPartOf":{"@id":"https:\/\/www.visit-ulcinj.com\/blog\/#website"},"primaryImageOfPage":{"@id":"https:\/\/www.visit-ulcinj.com\/blog\/2016\/04\/05\/shqyrtim-publike-per-propozim-ligjin-per-te-drejtat-e-popujve-pakice\/#primaryimage"},"datePublished":"2016-04-05T17:18:13+00:00","dateModified":"2016-04-05T17:18:13+00:00","author":{"@id":"https:\/\/www.visit-ulcinj.com\/blog\/#\/schema\/person\/dcab619c614d3038751c63bc2aadc06d"},"description":"N\u00eb sall\u00ebn e madhe t\u00eb Kuvendit Komunal u mbajt shqyrtimi publik n\u00eb lidhje me propozim ligjin p\u00ebr t\u00eb drejtat e popujve pakic\u00eb, raporton portali TV Teuta.","breadcrumb":{"@id":"https:\/\/www.visit-ulcinj.com\/blog\/2016\/04\/05\/shqyrtim-publike-per-propozim-ligjin-per-te-drejtat-e-popujve-pakice\/#breadcrumb"},"inLanguage":"en-US","potentialAction":[{"@type":"ReadAction","target":["https:\/\/www.visit-ulcinj.com\/blog\/2016\/04\/05\/shqyrtim-publike-per-propozim-ligjin-per-te-drejtat-e-popujve-pakice\/"]}]},{"@type":"BreadcrumbList","@id":"https:\/\/www.visit-ulcinj.com\/blog\/2016\/04\/05\/shqyrtim-publike-per-propozim-ligjin-per-te-drejtat-e-popujve-pakice\/#breadcrumb","itemListElement":[{"@type":"ListItem","position":1,"name":"Shqyrtim publike p\u00ebr propozim ligjin p\u00ebr t\u00eb drejtat e popujve pakic\u00eb"}]},{"@type":"Person","@id":"https:\/\/www.visit-ulcinj.com\/blog\/#\/schema\/person\/dcab619c614d3038751c63bc2aadc06d","name":"ulqini","sameAs":["http:\/\/www.visit-ulcinj.com"],"url":"https:\/\/www.visit-ulcinj.com\/blog\/author\/admin\/"}]}},"jetpack_featured_media_url":"","jetpack_sharing_enabled":true,"jetpack_shortlink":"https:\/\/wp.me\/pe6lTn-oXl","_links":{"self":[{"href":"https:\/\/www.visit-ulcinj.com\/blog\/wp-json\/wp\/v2\/posts\/95935"}],"collection":[{"href":"https:\/\/www.visit-ulcinj.com\/blog\/wp-json\/wp\/v2\/posts"}],"about":[{"href":"https:\/\/www.visit-ulcinj.com\/blog\/wp-json\/wp\/v2\/types\/post"}],"author":[{"embeddable":true,"href":"https:\/\/www.visit-ulcinj.com\/blog\/wp-json\/wp\/v2\/users\/1"}],"replies":[{"embeddable":true,"href":"https:\/\/www.visit-ulcinj.com\/blog\/wp-json\/wp\/v2\/comments?post=95935"}],"version-history":[{"count":1,"href":"https:\/\/www.visit-ulcinj.com\/blog\/wp-json\/wp\/v2\/posts\/95935\/revisions"}],"predecessor-version":[{"id":95937,"href":"https:\/\/www.visit-ulcinj.com\/blog\/wp-json\/wp\/v2\/posts\/95935\/revisions\/95937"}],"wp:attachment":[{"href":"https:\/\/www.visit-ulcinj.com\/blog\/wp-json\/wp\/v2\/media?parent=95935"}],"wp:term":[{"taxonomy":"category","embeddable":true,"href":"https:\/\/www.visit-ulcinj.com\/blog\/wp-json\/wp\/v2\/categories?post=95935"},{"taxonomy":"post_tag","embeddable":true,"href":"https:\/\/www.visit-ulcinj.com\/blog\/wp-json\/wp\/v2\/tags?post=95935"}],"curies":[{"name":"wp","href":"https:\/\/api.w.org\/{rel}","templated":true}]}}