{"id":95939,"date":"2016-04-06T15:25:36","date_gmt":"2016-04-06T14:25:36","guid":{"rendered":"http:\/\/www.visit-ulcinj.com\/blog\/?p=95939"},"modified":"2016-04-13T07:01:54","modified_gmt":"2016-04-13T06:01:54","slug":"cungu-mesazh-urimi-dom-rrok-gjonlleshaj","status":"publish","type":"post","link":"https:\/\/www.visit-ulcinj.com\/blog\/2016\/04\/06\/cungu-mesazh-urimi-dom-rrok-gjonlleshaj\/","title":{"rendered":"Cungu:  Mesazh  urimi  Dom Rrok Gjonlleshaj"},"content":{"rendered":"<p><a href=\"http:\/\/www.visit-ulcinj.com\/blog\/wp-content\/uploads\/2016\/04\/Nazif-Cungu-ne-aktivitet-Ulqin.jpg\"><img loading=\"lazy\" class=\"alignleft wp-image-95771\" src=\"http:\/\/www.visit-ulcinj.com\/blog\/wp-content\/uploads\/2016\/04\/Nazif-Cungu-ne-aktivitet-Ulqin.jpg\" alt=\"Nazif-Cungu-ne aktivitet-Ulqin\" width=\"508\" height=\"763\" srcset=\"https:\/\/www.visit-ulcinj.com\/blog\/wp-content\/uploads\/2016\/04\/Nazif-Cungu-ne-aktivitet-Ulqin.jpg 660w, https:\/\/www.visit-ulcinj.com\/blog\/wp-content\/uploads\/2016\/04\/Nazif-Cungu-ne-aktivitet-Ulqin-200x300.jpg 200w\" sizes=\"(max-width: 508px) 100vw, 508px\" \/><\/a>Kryetari I Komun\u00ebs s\u00eb Ulqinit Nazif Cungu\u00a0\u00a0 I ka\u00a0 d\u00ebrguar nj\u00eb\u00a0 mesazh\u00a0 urimi\u00a0 Dom Rrok Gjonlleshaj\u00a0 me rastin e emrimit t\u00eb\u00a0 tij\u00a0 Arqipeshkv I Arqipeshkvis\u00eb\u00a0 s\u00eb Tivarit.N\u00eb mesazh\u00a0 nd\u00ebr t\u00eb \u00a0tjera\u00a0 thuhet<\/p>\n<p>Me k\u00ebnaq\u00ebsi\u00a0 mor\u00ebm\u00a0 lajmin\u00a0 p\u00ebr\u00a0 emrimin Tuaj n\u00eb krye t\u00eb argjipeshkvis\u00eb s\u00eb Tivarit.Emrimi Juaj \u00ebsht\u00eb fryt i\u00a0 vler\u00ebsimit dhe rrolit tuaj\u00a0 n\u00eb sh\u00ebrbim\u00a0 t\u00eb fes\u00eb.<\/p>\n<p>N\u00eb em\u00ebr t\u00eb qytetar\u00ebve\u00a0\u00a0 t\u00eb Ulqinit dhe\u00a0 n\u00eb\u00a0 emrin tim personal ju uroj\u00a0 shum\u00eb suksese\u00a0 dhe sh\u00ebrbesa t\u00eb m\u00ebdhaa p\u00ebr besimtar\u00ebt dhe kombin. Sinqerisht i Jujaji<\/p>\n<p><strong>Kryetar,<\/strong><\/p>\n<p><strong>\u00a0\u00a0\u00a0 \u00a0Nazif Cungu\u00a0 <\/strong><\/p>\n","protected":false},"excerpt":{"rendered":"<p>Kryetari I Komun\u00ebs s\u00eb Ulqinit Nazif Cungu\u00a0\u00a0 I ka\u00a0 d\u00ebrguar nj\u00eb\u00a0 mesazh\u00a0 urimi\u00a0 Dom Rrok Gjonlleshaj\u00a0 me rastin e emrimit t\u00eb\u00a0 tij\u00a0 Arqipeshkv I Arqipeshkvis\u00eb\u00a0 s\u00eb Tivarit.N\u00eb mesazh\u00a0 nd\u00ebr t\u00eb \u00a0tjera\u00a0 thuhet Me k\u00ebnaq\u00ebsi\u00a0 mor\u00ebm\u00a0 lajmin\u00a0 p\u00ebr\u00a0 emrimin Tuaj n\u00eb krye t\u00eb argjipeshkvis\u00eb s\u00eb Tivarit.Emrimi Juaj \u00ebsht\u00eb fryt i\u00a0 vler\u00ebsimit dhe rrolit tuaj\u00a0 n\u00eb sh\u00ebrbim\u00a0 [&hellip;]<\/p>\n","protected":false},"author":1,"featured_media":0,"comment_status":"closed","ping_status":"closed","sticky":false,"template":"","format":"standard","meta":{"spay_email":"","jetpack_publicize_message":"","jetpack_is_tweetstorm":false,"jetpack_publicize_feature_enabled":true},"categories":[1],"tags":[],"jetpack_publicize_connections":[],"yoast_head":"<!-- This site is optimized with the Yoast SEO plugin v19.1 - https:\/\/yoast.com\/wordpress\/plugins\/seo\/ -->\n<title>Cungu: Mesazh urimi Dom Rrok Gjonlleshaj - Lajme nga Ulqini<\/title>\n<meta name=\"description\" content=\"Kryetari I Komun\u00ebs s\u00eb Ulqinit Nazif Cungu\u00a0\u00a0 I ka\u00a0 d\u00ebrguar nj\u00eb\u00a0 mesazh\u00a0 urimi\u00a0 Dom Rrok Gjonlleshaj\u00a0 me rastin e emrimit t\u00eb\u00a0 tij\u00a0 Arqipeshkv I\" \/>\n<meta name=\"robots\" content=\"index, follow, max-snippet:-1, max-image-preview:large, max-video-preview:-1\" \/>\n<link rel=\"canonical\" href=\"https:\/\/www.visit-ulcinj.com\/blog\/2016\/04\/06\/cungu-mesazh-urimi-dom-rrok-gjonlleshaj\/\" \/>\n<meta property=\"og:locale\" content=\"en_US\" \/>\n<meta property=\"og:type\" content=\"article\" \/>\n<meta property=\"og:title\" content=\"Cungu: Mesazh urimi Dom Rrok Gjonlleshaj - Lajme nga Ulqini\" \/>\n<meta property=\"og:description\" content=\"Kryetari I Komun\u00ebs s\u00eb Ulqinit Nazif Cungu\u00a0\u00a0 I ka\u00a0 d\u00ebrguar nj\u00eb\u00a0 mesazh\u00a0 urimi\u00a0 Dom Rrok Gjonlleshaj\u00a0 me rastin e emrimit t\u00eb\u00a0 tij\u00a0 Arqipeshkv I\" \/>\n<meta property=\"og:url\" content=\"https:\/\/www.visit-ulcinj.com\/blog\/2016\/04\/06\/cungu-mesazh-urimi-dom-rrok-gjonlleshaj\/\" \/>\n<meta property=\"og:site_name\" content=\"Lajme nga Ulqini\" \/>\n<meta property=\"article:published_time\" content=\"2016-04-06T14:25:36+00:00\" \/>\n<meta property=\"article:modified_time\" content=\"2016-04-13T06:01:54+00:00\" \/>\n<meta property=\"og:image\" content=\"http:\/\/www.visit-ulcinj.com\/blog\/wp-content\/uploads\/2016\/04\/Nazif-Cungu-ne-aktivitet-Ulqin.jpg\" \/>\n<meta name=\"twitter:label1\" content=\"Written by\" \/>\n\t<meta name=\"twitter:data1\" content=\"ulqini\" \/>\n\t<meta name=\"twitter:label2\" content=\"Est. reading time\" \/>\n\t<meta name=\"twitter:data2\" content=\"1 minute\" \/>\n<script type=\"application\/ld+json\" class=\"yoast-schema-graph\">{\"@context\":\"https:\/\/schema.org\",\"@graph\":[{\"@type\":\"WebSite\",\"@id\":\"https:\/\/www.visit-ulcinj.com\/blog\/#website\",\"url\":\"https:\/\/www.visit-ulcinj.com\/blog\/\",\"name\":\"Lajme nga Ulqini\",\"description\":\"Lajme,Vijesti,Ulqini,Ulqin,Crna Gora,Mali i Zi\",\"potentialAction\":[{\"@type\":\"SearchAction\",\"target\":{\"@type\":\"EntryPoint\",\"urlTemplate\":\"https:\/\/www.visit-ulcinj.com\/blog\/?s={search_term_string}\"},\"query-input\":\"required name=search_term_string\"}],\"inLanguage\":\"en-US\"},{\"@type\":\"ImageObject\",\"inLanguage\":\"en-US\",\"@id\":\"https:\/\/www.visit-ulcinj.com\/blog\/2016\/04\/06\/cungu-mesazh-urimi-dom-rrok-gjonlleshaj\/#primaryimage\",\"url\":\"https:\/\/www.visit-ulcinj.com\/blog\/wp-content\/uploads\/2016\/04\/Nazif-Cungu-ne-aktivitet-Ulqin.jpg\",\"contentUrl\":\"https:\/\/www.visit-ulcinj.com\/blog\/wp-content\/uploads\/2016\/04\/Nazif-Cungu-ne-aktivitet-Ulqin.jpg\",\"width\":660,\"height\":991},{\"@type\":\"WebPage\",\"@id\":\"https:\/\/www.visit-ulcinj.com\/blog\/2016\/04\/06\/cungu-mesazh-urimi-dom-rrok-gjonlleshaj\/#webpage\",\"url\":\"https:\/\/www.visit-ulcinj.com\/blog\/2016\/04\/06\/cungu-mesazh-urimi-dom-rrok-gjonlleshaj\/\",\"name\":\"Cungu: Mesazh urimi Dom Rrok Gjonlleshaj - Lajme nga Ulqini\",\"isPartOf\":{\"@id\":\"https:\/\/www.visit-ulcinj.com\/blog\/#website\"},\"primaryImageOfPage\":{\"@id\":\"https:\/\/www.visit-ulcinj.com\/blog\/2016\/04\/06\/cungu-mesazh-urimi-dom-rrok-gjonlleshaj\/#primaryimage\"},\"datePublished\":\"2016-04-06T14:25:36+00:00\",\"dateModified\":\"2016-04-13T06:01:54+00:00\",\"author\":{\"@id\":\"https:\/\/www.visit-ulcinj.com\/blog\/#\/schema\/person\/dcab619c614d3038751c63bc2aadc06d\"},\"description\":\"Kryetari I Komun\u00ebs s\u00eb Ulqinit Nazif Cungu\u00a0\u00a0 I ka\u00a0 d\u00ebrguar nj\u00eb\u00a0 mesazh\u00a0 urimi\u00a0 Dom Rrok Gjonlleshaj\u00a0 me rastin e emrimit t\u00eb\u00a0 tij\u00a0 Arqipeshkv I\",\"breadcrumb\":{\"@id\":\"https:\/\/www.visit-ulcinj.com\/blog\/2016\/04\/06\/cungu-mesazh-urimi-dom-rrok-gjonlleshaj\/#breadcrumb\"},\"inLanguage\":\"en-US\",\"potentialAction\":[{\"@type\":\"ReadAction\",\"target\":[\"https:\/\/www.visit-ulcinj.com\/blog\/2016\/04\/06\/cungu-mesazh-urimi-dom-rrok-gjonlleshaj\/\"]}]},{\"@type\":\"BreadcrumbList\",\"@id\":\"https:\/\/www.visit-ulcinj.com\/blog\/2016\/04\/06\/cungu-mesazh-urimi-dom-rrok-gjonlleshaj\/#breadcrumb\",\"itemListElement\":[{\"@type\":\"ListItem\",\"position\":1,\"name\":\"Cungu: Mesazh urimi Dom Rrok Gjonlleshaj\"}]},{\"@type\":\"Person\",\"@id\":\"https:\/\/www.visit-ulcinj.com\/blog\/#\/schema\/person\/dcab619c614d3038751c63bc2aadc06d\",\"name\":\"ulqini\",\"sameAs\":[\"http:\/\/www.visit-ulcinj.com\"],\"url\":\"https:\/\/www.visit-ulcinj.com\/blog\/author\/admin\/\"}]}<\/script>\n<!-- \/ Yoast SEO plugin. -->","yoast_head_json":{"title":"Cungu: Mesazh urimi Dom Rrok Gjonlleshaj - Lajme nga Ulqini","description":"Kryetari I Komun\u00ebs s\u00eb Ulqinit Nazif Cungu\u00a0\u00a0 I ka\u00a0 d\u00ebrguar nj\u00eb\u00a0 mesazh\u00a0 urimi\u00a0 Dom Rrok Gjonlleshaj\u00a0 me rastin e emrimit t\u00eb\u00a0 tij\u00a0 Arqipeshkv I","robots":{"index":"index","follow":"follow","max-snippet":"max-snippet:-1","max-image-preview":"max-image-preview:large","max-video-preview":"max-video-preview:-1"},"canonical":"https:\/\/www.visit-ulcinj.com\/blog\/2016\/04\/06\/cungu-mesazh-urimi-dom-rrok-gjonlleshaj\/","og_locale":"en_US","og_type":"article","og_title":"Cungu: Mesazh urimi Dom Rrok Gjonlleshaj - Lajme nga Ulqini","og_description":"Kryetari I Komun\u00ebs s\u00eb Ulqinit Nazif Cungu\u00a0\u00a0 I ka\u00a0 d\u00ebrguar nj\u00eb\u00a0 mesazh\u00a0 urimi\u00a0 Dom Rrok Gjonlleshaj\u00a0 me rastin e emrimit t\u00eb\u00a0 tij\u00a0 Arqipeshkv I","og_url":"https:\/\/www.visit-ulcinj.com\/blog\/2016\/04\/06\/cungu-mesazh-urimi-dom-rrok-gjonlleshaj\/","og_site_name":"Lajme nga Ulqini","article_published_time":"2016-04-06T14:25:36+00:00","article_modified_time":"2016-04-13T06:01:54+00:00","og_image":[{"url":"http:\/\/www.visit-ulcinj.com\/blog\/wp-content\/uploads\/2016\/04\/Nazif-Cungu-ne-aktivitet-Ulqin.jpg"}],"twitter_misc":{"Written by":"ulqini","Est. reading time":"1 minute"},"schema":{"@context":"https:\/\/schema.org","@graph":[{"@type":"WebSite","@id":"https:\/\/www.visit-ulcinj.com\/blog\/#website","url":"https:\/\/www.visit-ulcinj.com\/blog\/","name":"Lajme nga Ulqini","description":"Lajme,Vijesti,Ulqini,Ulqin,Crna Gora,Mali i Zi","potentialAction":[{"@type":"SearchAction","target":{"@type":"EntryPoint","urlTemplate":"https:\/\/www.visit-ulcinj.com\/blog\/?s={search_term_string}"},"query-input":"required name=search_term_string"}],"inLanguage":"en-US"},{"@type":"ImageObject","inLanguage":"en-US","@id":"https:\/\/www.visit-ulcinj.com\/blog\/2016\/04\/06\/cungu-mesazh-urimi-dom-rrok-gjonlleshaj\/#primaryimage","url":"https:\/\/www.visit-ulcinj.com\/blog\/wp-content\/uploads\/2016\/04\/Nazif-Cungu-ne-aktivitet-Ulqin.jpg","contentUrl":"https:\/\/www.visit-ulcinj.com\/blog\/wp-content\/uploads\/2016\/04\/Nazif-Cungu-ne-aktivitet-Ulqin.jpg","width":660,"height":991},{"@type":"WebPage","@id":"https:\/\/www.visit-ulcinj.com\/blog\/2016\/04\/06\/cungu-mesazh-urimi-dom-rrok-gjonlleshaj\/#webpage","url":"https:\/\/www.visit-ulcinj.com\/blog\/2016\/04\/06\/cungu-mesazh-urimi-dom-rrok-gjonlleshaj\/","name":"Cungu: Mesazh urimi Dom Rrok Gjonlleshaj - Lajme nga Ulqini","isPartOf":{"@id":"https:\/\/www.visit-ulcinj.com\/blog\/#website"},"primaryImageOfPage":{"@id":"https:\/\/www.visit-ulcinj.com\/blog\/2016\/04\/06\/cungu-mesazh-urimi-dom-rrok-gjonlleshaj\/#primaryimage"},"datePublished":"2016-04-06T14:25:36+00:00","dateModified":"2016-04-13T06:01:54+00:00","author":{"@id":"https:\/\/www.visit-ulcinj.com\/blog\/#\/schema\/person\/dcab619c614d3038751c63bc2aadc06d"},"description":"Kryetari I Komun\u00ebs s\u00eb Ulqinit Nazif Cungu\u00a0\u00a0 I ka\u00a0 d\u00ebrguar nj\u00eb\u00a0 mesazh\u00a0 urimi\u00a0 Dom Rrok Gjonlleshaj\u00a0 me rastin e emrimit t\u00eb\u00a0 tij\u00a0 Arqipeshkv I","breadcrumb":{"@id":"https:\/\/www.visit-ulcinj.com\/blog\/2016\/04\/06\/cungu-mesazh-urimi-dom-rrok-gjonlleshaj\/#breadcrumb"},"inLanguage":"en-US","potentialAction":[{"@type":"ReadAction","target":["https:\/\/www.visit-ulcinj.com\/blog\/2016\/04\/06\/cungu-mesazh-urimi-dom-rrok-gjonlleshaj\/"]}]},{"@type":"BreadcrumbList","@id":"https:\/\/www.visit-ulcinj.com\/blog\/2016\/04\/06\/cungu-mesazh-urimi-dom-rrok-gjonlleshaj\/#breadcrumb","itemListElement":[{"@type":"ListItem","position":1,"name":"Cungu: Mesazh urimi Dom Rrok Gjonlleshaj"}]},{"@type":"Person","@id":"https:\/\/www.visit-ulcinj.com\/blog\/#\/schema\/person\/dcab619c614d3038751c63bc2aadc06d","name":"ulqini","sameAs":["http:\/\/www.visit-ulcinj.com"],"url":"https:\/\/www.visit-ulcinj.com\/blog\/author\/admin\/"}]}},"jetpack_featured_media_url":"","jetpack_sharing_enabled":true,"jetpack_shortlink":"https:\/\/wp.me\/pe6lTn-oXp","_links":{"self":[{"href":"https:\/\/www.visit-ulcinj.com\/blog\/wp-json\/wp\/v2\/posts\/95939"}],"collection":[{"href":"https:\/\/www.visit-ulcinj.com\/blog\/wp-json\/wp\/v2\/posts"}],"about":[{"href":"https:\/\/www.visit-ulcinj.com\/blog\/wp-json\/wp\/v2\/types\/post"}],"author":[{"embeddable":true,"href":"https:\/\/www.visit-ulcinj.com\/blog\/wp-json\/wp\/v2\/users\/1"}],"replies":[{"embeddable":true,"href":"https:\/\/www.visit-ulcinj.com\/blog\/wp-json\/wp\/v2\/comments?post=95939"}],"version-history":[{"count":1,"href":"https:\/\/www.visit-ulcinj.com\/blog\/wp-json\/wp\/v2\/posts\/95939\/revisions"}],"predecessor-version":[{"id":95940,"href":"https:\/\/www.visit-ulcinj.com\/blog\/wp-json\/wp\/v2\/posts\/95939\/revisions\/95940"}],"wp:attachment":[{"href":"https:\/\/www.visit-ulcinj.com\/blog\/wp-json\/wp\/v2\/media?parent=95939"}],"wp:term":[{"taxonomy":"category","embeddable":true,"href":"https:\/\/www.visit-ulcinj.com\/blog\/wp-json\/wp\/v2\/categories?post=95939"},{"taxonomy":"post_tag","embeddable":true,"href":"https:\/\/www.visit-ulcinj.com\/blog\/wp-json\/wp\/v2\/tags?post=95939"}],"curies":[{"name":"wp","href":"https:\/\/api.w.org\/{rel}","templated":true}]}}