{"id":95943,"date":"2016-04-06T15:44:24","date_gmt":"2016-04-06T14:44:24","guid":{"rendered":"http:\/\/www.visit-ulcinj.com\/blog\/?p=95943"},"modified":"2016-04-12T20:24:51","modified_gmt":"2016-04-12T19:24:51","slug":"kerkohet-zgjidhje-e-problemit-te-borxheve-per-deponine-rajonale-mozhura","status":"publish","type":"post","link":"https:\/\/www.visit-ulcinj.com\/blog\/2016\/04\/06\/kerkohet-zgjidhje-e-problemit-te-borxheve-per-deponine-rajonale-mozhura\/","title":{"rendered":"K\u00ebrkohet zgjidhje e problemit t\u00eb borxheve p\u00ebr Deponin\u00eb rajonale \u2018\u2019Mozhura\u2019\u2019 &#8211; Video"},"content":{"rendered":"<p><a href=\"http:\/\/www.visit-ulcinj.com\/blog\/wp-content\/uploads\/2016\/04\/Deponia-rajonale-Mozhura.jpg\"><img loading=\"lazy\" class=\"alignleft wp-image-95944\" src=\"http:\/\/www.visit-ulcinj.com\/blog\/wp-content\/uploads\/2016\/04\/Deponia-rajonale-Mozhura.jpg\" alt=\"Deponia rajonale Mozhura\" width=\"508\" height=\"339\" srcset=\"https:\/\/www.visit-ulcinj.com\/blog\/wp-content\/uploads\/2016\/04\/Deponia-rajonale-Mozhura.jpg 436w, https:\/\/www.visit-ulcinj.com\/blog\/wp-content\/uploads\/2016\/04\/Deponia-rajonale-Mozhura-300x200.jpg 300w\" sizes=\"(max-width: 508px) 100vw, 508px\" \/><\/a>Kryetari i Ulqinit Z.Nazif Cungu me bashk\u00ebpuntor\u00eb u takua sot me drejtorin e Deponis\u00eb sanitare Z.Dragan Simoviq. Bashk\u00ebbiseduesit u fokusuan tek borxhet e m\u00ebdha q\u00eb komuna e Ulqinit i ka ndaj k\u00ebsaj nd\u00ebrmarrjeje rajonale dhe q\u00eb p\u00ebr fat t\u00eb\u00a0 keq t\u00eb mosshlyerjes nd\u00ebr vite p\u00ebr Komun\u00ebn ton\u00eb kapin shum\u00ebn\u00a0 mbi 350.000 euro.<\/p>\n<p>T\u00eb ndodhur n\u00eb nj\u00eb situat\u00eb t\u00eb till\u00eb t\u00eb v\u00ebshtir\u00eb dhe nj\u00eb procesi gjyq\u00ebsor\u00eb t\u00eb paralajm\u00ebruar n\u00eb d\u00ebm t\u00eb komun\u00ebs ton\u00eb m\u00eb 25 prill, kryetari Cungu ka propozuar q\u00eb\u00a0 t\u00eb n\u00ebnshkruhet nj\u00eb marr\u00ebveshje trepal\u00ebshe dhe me cesion t\u00eb b\u00ebhet shlyrja e borxheve, ku komuna \u00ebsht\u00eb garant, kuptohet\u00a0 n\u00eb mas\u00ebn e p\u00ebrballueshme. Ky hap \u00ebsht\u00eb i domosdosh\u00ebm deklaroi Cungu, ve\u00e7mas kur dihet q\u00eb sezoni turistik po troket.<\/p>\n<p>P\u00ebr t\u00eb gjitha k\u00ebto tha Kryetari Cungu, detalisht do t\u00eb njoftojm\u00eb Kuvendin\u00a0 Komunal.<\/p>\n<p><iframe loading=\"lazy\" frameborder=\"0\" width=\"508\" height=\"315\" src=\"\/\/www.dailymotion.com\/embed\/video\/x4349xf?autoPlay=1\" allowfullscreen><\/iframe><\/p>\n","protected":false},"excerpt":{"rendered":"<p>Kryetari i Ulqinit Z.Nazif Cungu me bashk\u00ebpuntor\u00eb u takua sot me drejtorin e Deponis\u00eb sanitare Z.Dragan Simoviq. Bashk\u00ebbiseduesit u fokusuan tek borxhet e m\u00ebdha q\u00eb komuna e Ulqinit i ka ndaj k\u00ebsaj nd\u00ebrmarrjeje rajonale dhe q\u00eb p\u00ebr fat t\u00eb\u00a0 keq t\u00eb mosshlyerjes nd\u00ebr vite p\u00ebr Komun\u00ebn ton\u00eb kapin shum\u00ebn\u00a0 mbi 350.000 euro. T\u00eb ndodhur n\u00eb [&hellip;]<\/p>\n","protected":false},"author":1,"featured_media":0,"comment_status":"closed","ping_status":"closed","sticky":false,"template":"","format":"standard","meta":{"spay_email":"","jetpack_publicize_message":"","jetpack_is_tweetstorm":false,"jetpack_publicize_feature_enabled":true},"categories":[12],"tags":[],"jetpack_publicize_connections":[],"yoast_head":"<!-- This site is optimized with the Yoast SEO plugin v19.1 - https:\/\/yoast.com\/wordpress\/plugins\/seo\/ -->\n<title>K\u00ebrkohet zgjidhje e problemit t\u00eb borxheve p\u00ebr Deponin\u00eb rajonale \u2018\u2019Mozhura\u2019\u2019 - Video - Lajme nga Ulqini<\/title>\n<meta name=\"description\" content=\"Kryetari i Ulqinit Z.Nazif Cungu me bashk\u00ebpuntor\u00eb u takua sot me drejtorin e Deponis\u00eb sanitare Z.Dragan Simoviq. Bashk\u00ebbiseduesit u fokusuan tek borxhet e\" \/>\n<meta name=\"robots\" content=\"index, follow, max-snippet:-1, max-image-preview:large, max-video-preview:-1\" \/>\n<link rel=\"canonical\" href=\"https:\/\/www.visit-ulcinj.com\/blog\/2016\/04\/06\/kerkohet-zgjidhje-e-problemit-te-borxheve-per-deponine-rajonale-mozhura\/\" \/>\n<meta property=\"og:locale\" content=\"en_US\" \/>\n<meta property=\"og:type\" content=\"article\" \/>\n<meta property=\"og:title\" content=\"K\u00ebrkohet zgjidhje e problemit t\u00eb borxheve p\u00ebr Deponin\u00eb rajonale \u2018\u2019Mozhura\u2019\u2019 - Video - Lajme nga Ulqini\" \/>\n<meta property=\"og:description\" content=\"Kryetari i Ulqinit Z.Nazif Cungu me bashk\u00ebpuntor\u00eb u takua sot me drejtorin e Deponis\u00eb sanitare Z.Dragan Simoviq. Bashk\u00ebbiseduesit u fokusuan tek borxhet e\" \/>\n<meta property=\"og:url\" content=\"https:\/\/www.visit-ulcinj.com\/blog\/2016\/04\/06\/kerkohet-zgjidhje-e-problemit-te-borxheve-per-deponine-rajonale-mozhura\/\" \/>\n<meta property=\"og:site_name\" content=\"Lajme nga Ulqini\" \/>\n<meta property=\"article:published_time\" content=\"2016-04-06T14:44:24+00:00\" \/>\n<meta property=\"article:modified_time\" content=\"2016-04-12T19:24:51+00:00\" \/>\n<meta property=\"og:image\" content=\"http:\/\/www.visit-ulcinj.com\/blog\/wp-content\/uploads\/2016\/04\/Deponia-rajonale-Mozhura.jpg\" \/>\n<meta name=\"twitter:label1\" content=\"Written by\" \/>\n\t<meta name=\"twitter:data1\" content=\"ulqini\" \/>\n\t<meta name=\"twitter:label2\" content=\"Est. reading time\" \/>\n\t<meta name=\"twitter:data2\" content=\"1 minute\" \/>\n<script type=\"application\/ld+json\" class=\"yoast-schema-graph\">{\"@context\":\"https:\/\/schema.org\",\"@graph\":[{\"@type\":\"WebSite\",\"@id\":\"https:\/\/www.visit-ulcinj.com\/blog\/#website\",\"url\":\"https:\/\/www.visit-ulcinj.com\/blog\/\",\"name\":\"Lajme nga Ulqini\",\"description\":\"Lajme,Vijesti,Ulqini,Ulqin,Crna Gora,Mali i Zi\",\"potentialAction\":[{\"@type\":\"SearchAction\",\"target\":{\"@type\":\"EntryPoint\",\"urlTemplate\":\"https:\/\/www.visit-ulcinj.com\/blog\/?s={search_term_string}\"},\"query-input\":\"required name=search_term_string\"}],\"inLanguage\":\"en-US\"},{\"@type\":\"ImageObject\",\"inLanguage\":\"en-US\",\"@id\":\"https:\/\/www.visit-ulcinj.com\/blog\/2016\/04\/06\/kerkohet-zgjidhje-e-problemit-te-borxheve-per-deponine-rajonale-mozhura\/#primaryimage\",\"url\":\"https:\/\/www.visit-ulcinj.com\/blog\/wp-content\/uploads\/2016\/04\/Deponia-rajonale-Mozhura.jpg\",\"contentUrl\":\"https:\/\/www.visit-ulcinj.com\/blog\/wp-content\/uploads\/2016\/04\/Deponia-rajonale-Mozhura.jpg\",\"width\":436,\"height\":291},{\"@type\":\"WebPage\",\"@id\":\"https:\/\/www.visit-ulcinj.com\/blog\/2016\/04\/06\/kerkohet-zgjidhje-e-problemit-te-borxheve-per-deponine-rajonale-mozhura\/#webpage\",\"url\":\"https:\/\/www.visit-ulcinj.com\/blog\/2016\/04\/06\/kerkohet-zgjidhje-e-problemit-te-borxheve-per-deponine-rajonale-mozhura\/\",\"name\":\"K\u00ebrkohet zgjidhje e problemit t\u00eb borxheve p\u00ebr Deponin\u00eb rajonale \u2018\u2019Mozhura\u2019\u2019 - Video - Lajme nga Ulqini\",\"isPartOf\":{\"@id\":\"https:\/\/www.visit-ulcinj.com\/blog\/#website\"},\"primaryImageOfPage\":{\"@id\":\"https:\/\/www.visit-ulcinj.com\/blog\/2016\/04\/06\/kerkohet-zgjidhje-e-problemit-te-borxheve-per-deponine-rajonale-mozhura\/#primaryimage\"},\"datePublished\":\"2016-04-06T14:44:24+00:00\",\"dateModified\":\"2016-04-12T19:24:51+00:00\",\"author\":{\"@id\":\"https:\/\/www.visit-ulcinj.com\/blog\/#\/schema\/person\/dcab619c614d3038751c63bc2aadc06d\"},\"description\":\"Kryetari i Ulqinit Z.Nazif Cungu me bashk\u00ebpuntor\u00eb u takua sot me drejtorin e Deponis\u00eb sanitare Z.Dragan Simoviq. Bashk\u00ebbiseduesit u fokusuan tek borxhet e\",\"breadcrumb\":{\"@id\":\"https:\/\/www.visit-ulcinj.com\/blog\/2016\/04\/06\/kerkohet-zgjidhje-e-problemit-te-borxheve-per-deponine-rajonale-mozhura\/#breadcrumb\"},\"inLanguage\":\"en-US\",\"potentialAction\":[{\"@type\":\"ReadAction\",\"target\":[\"https:\/\/www.visit-ulcinj.com\/blog\/2016\/04\/06\/kerkohet-zgjidhje-e-problemit-te-borxheve-per-deponine-rajonale-mozhura\/\"]}]},{\"@type\":\"BreadcrumbList\",\"@id\":\"https:\/\/www.visit-ulcinj.com\/blog\/2016\/04\/06\/kerkohet-zgjidhje-e-problemit-te-borxheve-per-deponine-rajonale-mozhura\/#breadcrumb\",\"itemListElement\":[{\"@type\":\"ListItem\",\"position\":1,\"name\":\"K\u00ebrkohet zgjidhje e problemit t\u00eb borxheve p\u00ebr Deponin\u00eb rajonale \u2018\u2019Mozhura\u2019\u2019 &#8211; Video\"}]},{\"@type\":\"Person\",\"@id\":\"https:\/\/www.visit-ulcinj.com\/blog\/#\/schema\/person\/dcab619c614d3038751c63bc2aadc06d\",\"name\":\"ulqini\",\"sameAs\":[\"http:\/\/www.visit-ulcinj.com\"],\"url\":\"https:\/\/www.visit-ulcinj.com\/blog\/author\/admin\/\"}]}<\/script>\n<!-- \/ Yoast SEO plugin. -->","yoast_head_json":{"title":"K\u00ebrkohet zgjidhje e problemit t\u00eb borxheve p\u00ebr Deponin\u00eb rajonale \u2018\u2019Mozhura\u2019\u2019 - Video - Lajme nga Ulqini","description":"Kryetari i Ulqinit Z.Nazif Cungu me bashk\u00ebpuntor\u00eb u takua sot me drejtorin e Deponis\u00eb sanitare Z.Dragan Simoviq. Bashk\u00ebbiseduesit u fokusuan tek borxhet e","robots":{"index":"index","follow":"follow","max-snippet":"max-snippet:-1","max-image-preview":"max-image-preview:large","max-video-preview":"max-video-preview:-1"},"canonical":"https:\/\/www.visit-ulcinj.com\/blog\/2016\/04\/06\/kerkohet-zgjidhje-e-problemit-te-borxheve-per-deponine-rajonale-mozhura\/","og_locale":"en_US","og_type":"article","og_title":"K\u00ebrkohet zgjidhje e problemit t\u00eb borxheve p\u00ebr Deponin\u00eb rajonale \u2018\u2019Mozhura\u2019\u2019 - Video - Lajme nga Ulqini","og_description":"Kryetari i Ulqinit Z.Nazif Cungu me bashk\u00ebpuntor\u00eb u takua sot me drejtorin e Deponis\u00eb sanitare Z.Dragan Simoviq. Bashk\u00ebbiseduesit u fokusuan tek borxhet e","og_url":"https:\/\/www.visit-ulcinj.com\/blog\/2016\/04\/06\/kerkohet-zgjidhje-e-problemit-te-borxheve-per-deponine-rajonale-mozhura\/","og_site_name":"Lajme nga Ulqini","article_published_time":"2016-04-06T14:44:24+00:00","article_modified_time":"2016-04-12T19:24:51+00:00","og_image":[{"url":"http:\/\/www.visit-ulcinj.com\/blog\/wp-content\/uploads\/2016\/04\/Deponia-rajonale-Mozhura.jpg"}],"twitter_misc":{"Written by":"ulqini","Est. reading time":"1 minute"},"schema":{"@context":"https:\/\/schema.org","@graph":[{"@type":"WebSite","@id":"https:\/\/www.visit-ulcinj.com\/blog\/#website","url":"https:\/\/www.visit-ulcinj.com\/blog\/","name":"Lajme nga Ulqini","description":"Lajme,Vijesti,Ulqini,Ulqin,Crna Gora,Mali i Zi","potentialAction":[{"@type":"SearchAction","target":{"@type":"EntryPoint","urlTemplate":"https:\/\/www.visit-ulcinj.com\/blog\/?s={search_term_string}"},"query-input":"required name=search_term_string"}],"inLanguage":"en-US"},{"@type":"ImageObject","inLanguage":"en-US","@id":"https:\/\/www.visit-ulcinj.com\/blog\/2016\/04\/06\/kerkohet-zgjidhje-e-problemit-te-borxheve-per-deponine-rajonale-mozhura\/#primaryimage","url":"https:\/\/www.visit-ulcinj.com\/blog\/wp-content\/uploads\/2016\/04\/Deponia-rajonale-Mozhura.jpg","contentUrl":"https:\/\/www.visit-ulcinj.com\/blog\/wp-content\/uploads\/2016\/04\/Deponia-rajonale-Mozhura.jpg","width":436,"height":291},{"@type":"WebPage","@id":"https:\/\/www.visit-ulcinj.com\/blog\/2016\/04\/06\/kerkohet-zgjidhje-e-problemit-te-borxheve-per-deponine-rajonale-mozhura\/#webpage","url":"https:\/\/www.visit-ulcinj.com\/blog\/2016\/04\/06\/kerkohet-zgjidhje-e-problemit-te-borxheve-per-deponine-rajonale-mozhura\/","name":"K\u00ebrkohet zgjidhje e problemit t\u00eb borxheve p\u00ebr Deponin\u00eb rajonale \u2018\u2019Mozhura\u2019\u2019 - Video - Lajme nga Ulqini","isPartOf":{"@id":"https:\/\/www.visit-ulcinj.com\/blog\/#website"},"primaryImageOfPage":{"@id":"https:\/\/www.visit-ulcinj.com\/blog\/2016\/04\/06\/kerkohet-zgjidhje-e-problemit-te-borxheve-per-deponine-rajonale-mozhura\/#primaryimage"},"datePublished":"2016-04-06T14:44:24+00:00","dateModified":"2016-04-12T19:24:51+00:00","author":{"@id":"https:\/\/www.visit-ulcinj.com\/blog\/#\/schema\/person\/dcab619c614d3038751c63bc2aadc06d"},"description":"Kryetari i Ulqinit Z.Nazif Cungu me bashk\u00ebpuntor\u00eb u takua sot me drejtorin e Deponis\u00eb sanitare Z.Dragan Simoviq. Bashk\u00ebbiseduesit u fokusuan tek borxhet e","breadcrumb":{"@id":"https:\/\/www.visit-ulcinj.com\/blog\/2016\/04\/06\/kerkohet-zgjidhje-e-problemit-te-borxheve-per-deponine-rajonale-mozhura\/#breadcrumb"},"inLanguage":"en-US","potentialAction":[{"@type":"ReadAction","target":["https:\/\/www.visit-ulcinj.com\/blog\/2016\/04\/06\/kerkohet-zgjidhje-e-problemit-te-borxheve-per-deponine-rajonale-mozhura\/"]}]},{"@type":"BreadcrumbList","@id":"https:\/\/www.visit-ulcinj.com\/blog\/2016\/04\/06\/kerkohet-zgjidhje-e-problemit-te-borxheve-per-deponine-rajonale-mozhura\/#breadcrumb","itemListElement":[{"@type":"ListItem","position":1,"name":"K\u00ebrkohet zgjidhje e problemit t\u00eb borxheve p\u00ebr Deponin\u00eb rajonale \u2018\u2019Mozhura\u2019\u2019 &#8211; Video"}]},{"@type":"Person","@id":"https:\/\/www.visit-ulcinj.com\/blog\/#\/schema\/person\/dcab619c614d3038751c63bc2aadc06d","name":"ulqini","sameAs":["http:\/\/www.visit-ulcinj.com"],"url":"https:\/\/www.visit-ulcinj.com\/blog\/author\/admin\/"}]}},"jetpack_featured_media_url":"","jetpack_sharing_enabled":true,"jetpack_shortlink":"https:\/\/wp.me\/pe6lTn-oXt","_links":{"self":[{"href":"https:\/\/www.visit-ulcinj.com\/blog\/wp-json\/wp\/v2\/posts\/95943"}],"collection":[{"href":"https:\/\/www.visit-ulcinj.com\/blog\/wp-json\/wp\/v2\/posts"}],"about":[{"href":"https:\/\/www.visit-ulcinj.com\/blog\/wp-json\/wp\/v2\/types\/post"}],"author":[{"embeddable":true,"href":"https:\/\/www.visit-ulcinj.com\/blog\/wp-json\/wp\/v2\/users\/1"}],"replies":[{"embeddable":true,"href":"https:\/\/www.visit-ulcinj.com\/blog\/wp-json\/wp\/v2\/comments?post=95943"}],"version-history":[{"count":2,"href":"https:\/\/www.visit-ulcinj.com\/blog\/wp-json\/wp\/v2\/posts\/95943\/revisions"}],"predecessor-version":[{"id":96026,"href":"https:\/\/www.visit-ulcinj.com\/blog\/wp-json\/wp\/v2\/posts\/95943\/revisions\/96026"}],"wp:attachment":[{"href":"https:\/\/www.visit-ulcinj.com\/blog\/wp-json\/wp\/v2\/media?parent=95943"}],"wp:term":[{"taxonomy":"category","embeddable":true,"href":"https:\/\/www.visit-ulcinj.com\/blog\/wp-json\/wp\/v2\/categories?post=95943"},{"taxonomy":"post_tag","embeddable":true,"href":"https:\/\/www.visit-ulcinj.com\/blog\/wp-json\/wp\/v2\/tags?post=95943"}],"curies":[{"name":"wp","href":"https:\/\/api.w.org\/{rel}","templated":true}]}}