{"id":95950,"date":"2016-04-06T16:00:41","date_gmt":"2016-04-06T15:00:41","guid":{"rendered":"http:\/\/www.visit-ulcinj.com\/blog\/?p=95950"},"modified":"2016-04-08T23:24:44","modified_gmt":"2016-04-08T22:24:44","slug":"nika-ishte-g-haxhibeti-viktime-e-guximit-te-tij-profesional","status":"publish","type":"post","link":"https:\/\/www.visit-ulcinj.com\/blog\/2016\/04\/06\/nika-ishte-g-haxhibeti-viktime-e-guximit-te-tij-profesional\/","title":{"rendered":"Nika: A ishte G. Haxhibeti, viktim\u00eb e guximit  t\u00eb tij  profesional?!"},"content":{"rendered":"<p><strong><a href=\"http:\/\/www.visit-ulcinj.com\/blog\/wp-content\/uploads\/2016\/04\/Gezim-Haxhibeti-Ulqin.jpg\"><img loading=\"lazy\" class=\"alignleft wp-image-95951\" src=\"http:\/\/www.visit-ulcinj.com\/blog\/wp-content\/uploads\/2016\/04\/Gezim-Haxhibeti-Ulqin.jpg\" alt=\"Gezim-Haxhibeti-Ulqin\" width=\"508\" height=\"374\" srcset=\"https:\/\/www.visit-ulcinj.com\/blog\/wp-content\/uploads\/2016\/04\/Gezim-Haxhibeti-Ulqin.jpg 1044w, https:\/\/www.visit-ulcinj.com\/blog\/wp-content\/uploads\/2016\/04\/Gezim-Haxhibeti-Ulqin-300x221.jpg 300w, https:\/\/www.visit-ulcinj.com\/blog\/wp-content\/uploads\/2016\/04\/Gezim-Haxhibeti-Ulqin-1024x753.jpg 1024w\" sizes=\"(max-width: 508px) 100vw, 508px\" \/><\/a>Shkruan Muhamet\u00a0 Nika<\/strong><\/p>\n<p><strong><em>P\u00ebrgjigja : Ne themi se po?!<\/em><\/strong><\/p>\n<p><strong><em>&#8211; \u00a0Edhe\u00a0 G\u00ebzimin si sekretar, tashti \u00a0si duket,\u00a0 e hoq\u00ebn sepse ai pati sukses dhe \u00a0i mbrojti t\u00eb gjitha l\u00ebnd\u00ebt e komun\u00ebs,\u00a0 p\u00ebr dallim prej tjer\u00ebve q\u00eb t\u00eb gjitha i humb\u00ebn.., kurse\u00a0 kjo dik\u00eb e nevrikosi&#8230;.?!!!<\/em><\/strong><\/p>\n<p>Po t\u00eb \u00a0flas\u00ebsh p\u00ebr sekretar\u00ebt e mbrojtjes s\u00eb pasuris\u00eb\u00a0 t\u00eb komun\u00ebs \u00a0s\u00eb Ulqinit, me t\u00eb drejt\u00eb njer\u00ebzit \u00a0deri \u00a0von\u00eb mund t\u00eb\u00a0 shtronin pyetjen : Po sa borxhet i paska pasur\u00a0 kjo komun\u00eb dhe pyetja e dyt\u00eb e radh\u00ebs\u00a0 \u00a0q\u00eb imponohej \u00a0mund t\u00eb \u00a0ishte : A ka ndonj\u00eb\u00a0 l\u00ebnd\u00eb t\u00eb cil\u00ebn e fitoi komuna nga sekretari i saj?!!<\/p>\n<p>\u00c7\u00ebshtja k\u00ebtyre dit\u00ebve sa vjen e b\u00ebhet edhe m\u00eb aktuale , \u00a0kur \u00a0edhe kryetari i sa po em\u00ebruar Nazif Cungu- pohoi se korrupsioni\u00a0 \u00ebsht\u00eb\u00a0 nga k\u00ebrc\u00ebnimet m\u00eb t\u00eb m\u00ebdha p\u00ebr komun\u00ebn e Ulqinit<em>.( P\u00ebr ata q\u00eb nuk e din\u00eb kuptimin e fjal\u00ebs&#8230;, popullor\u00e7e i bie t\u00eb jet\u00eb &#8211; \u00a0q\u00eb me letra je n\u00eb rregull , por hajnia \u00a0b\u00ebhet<\/em>)?!<\/p>\n<p>E\u00a0 n\u00ebse \u00ebsht\u00eb k\u00ebshtu, \u00a0at\u00ebher\u00eb \u00a0p\u00ebrs\u00ebri\u00a0 pyesim:\u00a0 Si e obligoi veten\u00a0 sekretari\u00a0 aktual komunal p\u00ebr mbrojtjen e pasuris\u00eb ?!\u00a0 Pyetja lind\u00a0 nga se dihet q\u00eb \u00a0\u00a0sekretar i p\u00ebrmendur\u00a0 pritet t\u00eb shkarkohet \u00a0\u00a0k\u00ebtyre dit\u00ebve \u00a0..?! \u00cbsht\u00eb momenti p\u00ebr t\u00eb rikujtuar se \u00a0pas komunizmit ( 1990)e deri te em\u00ebrimi i Haxhibetit , p\u00ebr sekretar , me\u00a0 sekretariatin e pasuris\u00eb \u00a0kryesuan 4 sekretar\u00eb \u00a0q\u00eb nd\u00ebrroheshin koh\u00eb pas kohe nga partit\u00eb. E k\u00ebta ishin: Vera Markiq, Ramazan Mu\u00e7aj, Sadik Pelinku dhe Shemso\u00a0 Hasadanaga.\u00a0 M\u00eb \u00eb von\u00eb \u00a0u \u00a0d\u00ebshmua\u00a0 edhe kjo\u00a0 se p\u00ebr pun\u00ebn e keqe t\u00eb tyre u zhvilluan hetime \u00a0t\u00eb shumta dhe mbase vet\u00ebm nj\u00ebri prej tyre\u00a0 mund \u00a0t\u00eb \u00a0llogaris\u00eb q\u00eb\u00a0 do shp\u00ebtoj\u00eb- pa padi penale .<\/p>\n<p><strong><em>Ku dallon Haxhibeti\u00a0 \u00a0si sekretar dhe p\u00ebrse po nd\u00ebrrohet ?!!<\/em><\/strong><\/p>\n<p>Edhe pse n\u00eb shkrimet e mija kam kritikuar shpesh her\u00eb \u00a0pun\u00ebn e k\u00ebtij sekretariati, personalisht mendoj q\u00eb Haxhibeti, \u00a0me gjith\u00eb at\u00eb &#8211; ra\u00a0 viktim\u00eb e luft\u00ebs q\u00eb ai b\u00ebri ndaj krimit t\u00eb organizuar me profesionalizmin \u00a0e vet\u00a0 duke zhveshur nj\u00ebanshm\u00ebrin\u00eb\u00a0 e gjykatave n\u00eb d\u00ebm t\u00eb komun\u00ebs.<\/p>\n<p>Nj\u00eb gj\u00eb po themi ,tashti p\u00ebr fund , q\u00eb \u00ebsht\u00eb fakt, se \u00a0, kur k\u00ebtij iu lan\u00eb duart e lira nga politika , pam\u00eb\u00a0 q\u00eb ai p\u00ebr mrekulli\u00a0 shtyri p\u00ebr do koh\u00eb rrezikun e borxhit t\u00eb \u201c K-1\u201d.\u00a0 N\u00eb k\u00ebt\u00eb rast, \u00a0padia \u00a0n\u00eb d\u00ebm t\u00eb komun\u00ebs\u00a0 peshon diku rreth 10 milion\u00eb euro. \u00a0Tjet\u00ebr, k\u00ebtij \u00a0Iu pranuan\u00a0 ankesat\u00a0 n\u00eb gjykat\u00ebn e shkall\u00ebs s\u00eb dyt\u00eb \u00a0ku i fitoi \u00a0t\u00eb gjitha l\u00ebnd\u00ebt \u00a0q\u00eb kushtonin mbi 100mij\u00eb euro gjat\u00eb mandatit t\u00eb vet.<\/p>\n<p>Nd\u00ebrsa kjo\u00a0 do t\u00eb thot\u00eb \u00a0\u00a0\u00a0se ai dik\u00eb \u201c t\u00eb politik\u00ebs&#8230;\u201d e \u00a0pengonte\u00a0 n\u00eb pun\u00ebn e tij profesionale. P\u00ebrflitet\u00a0 se sikur n\u00eb parti t\u00eb tij , t\u00eb ishin d\u00ebgjuar sugjerimet e tija profesionale, \u00a0\u00a0mbase\u00a0 \u00a0edhe ndonj\u00eb\u00a0 nga udh\u00ebheq\u00ebsit \u00a0e k\u00ebtij subjekti , do t\u00eb kishin \u00a0shp\u00ebtuar \u00a0sot\u00a0 nga burgu p\u00ebr pun\u00ebn q\u00eb kryen dhe\u00a0 nuk do t\u00eb kishin\u00a0 pasur arsye t\u00eb k\u00ebrkonin nga Filipi \u201d Pomillovanje..\u201d?!!!<\/p>\n<p>Nd\u00ebrrimi i tij ,\u00a0 sipas neve, pa dyshim q\u00eb \u00ebsht\u00eb nj\u00eb ogur i keq p\u00ebr mbar\u00ebvajtjen e pushtetit t\u00eb ri kur \u00ebsht\u00eb n\u00eb pyetje mbrojtja e pasuris\u00eb dhe na b\u00ebn t\u00eb dyshojm\u00eb\u00a0 q\u00eb nd\u00ebrrimet b\u00ebhen p\u00ebr pun\u00eb pazaresh &#8230;?!!<\/p>\n<p>&nbsp;<\/p>\n<p><strong>Pik\u00ebpamjet e shprehura n\u00eb faqen \u201cOPINIONE\u201d nuk p\u00ebrfaq\u00ebsojn\u00eb domosdoshm\u00ebrisht politik\u00ebn redaksionale t\u00eb \u201eLajmeve nga Ulqini\u201e<\/strong><\/p>\n","protected":false},"excerpt":{"rendered":"<p>Shkruan Muhamet\u00a0 Nika P\u00ebrgjigja : Ne themi se po?! &#8211; \u00a0Edhe\u00a0 G\u00ebzimin si sekretar, tashti \u00a0si duket,\u00a0 e hoq\u00ebn sepse ai pati sukses dhe \u00a0i mbrojti t\u00eb gjitha l\u00ebnd\u00ebt e komun\u00ebs,\u00a0 p\u00ebr dallim prej tjer\u00ebve q\u00eb t\u00eb gjitha i humb\u00ebn.., kurse\u00a0 kjo dik\u00eb e nevrikosi&#8230;.?!!! Po t\u00eb \u00a0flas\u00ebsh p\u00ebr sekretar\u00ebt e mbrojtjes s\u00eb pasuris\u00eb\u00a0 t\u00eb [&hellip;]<\/p>\n","protected":false},"author":1,"featured_media":0,"comment_status":"closed","ping_status":"closed","sticky":false,"template":"","format":"standard","meta":{"spay_email":"","jetpack_publicize_message":"","jetpack_is_tweetstorm":false,"jetpack_publicize_feature_enabled":true},"categories":[1,14249],"tags":[],"jetpack_publicize_connections":[],"yoast_head":"<!-- This site is optimized with the Yoast SEO plugin v19.1 - https:\/\/yoast.com\/wordpress\/plugins\/seo\/ -->\n<title>Nika: A ishte G. Haxhibeti, viktim\u00eb e guximit t\u00eb tij profesional?! - Lajme nga Ulqini<\/title>\n<meta name=\"description\" content=\"Shkruan Muhamet\u00a0 Nika P\u00ebrgjigja : Ne themi se po?! - \u00a0Edhe\u00a0 G\u00ebzimin si sekretar, tashti \u00a0si duket,\u00a0 e hoq\u00ebn sepse ai pati sukses dhe \u00a0i mbrojti t\u00eb gjitha\" \/>\n<meta name=\"robots\" content=\"index, follow, max-snippet:-1, max-image-preview:large, max-video-preview:-1\" \/>\n<link rel=\"canonical\" href=\"https:\/\/www.visit-ulcinj.com\/blog\/2016\/04\/06\/nika-ishte-g-haxhibeti-viktime-e-guximit-te-tij-profesional\/\" \/>\n<meta property=\"og:locale\" content=\"en_US\" \/>\n<meta property=\"og:type\" content=\"article\" \/>\n<meta property=\"og:title\" content=\"Nika: A ishte G. Haxhibeti, viktim\u00eb e guximit t\u00eb tij profesional?! - Lajme nga Ulqini\" \/>\n<meta property=\"og:description\" content=\"Shkruan Muhamet\u00a0 Nika P\u00ebrgjigja : Ne themi se po?! - \u00a0Edhe\u00a0 G\u00ebzimin si sekretar, tashti \u00a0si duket,\u00a0 e hoq\u00ebn sepse ai pati sukses dhe \u00a0i mbrojti t\u00eb gjitha\" \/>\n<meta property=\"og:url\" content=\"https:\/\/www.visit-ulcinj.com\/blog\/2016\/04\/06\/nika-ishte-g-haxhibeti-viktime-e-guximit-te-tij-profesional\/\" \/>\n<meta property=\"og:site_name\" content=\"Lajme nga Ulqini\" \/>\n<meta property=\"article:published_time\" content=\"2016-04-06T15:00:41+00:00\" \/>\n<meta property=\"article:modified_time\" content=\"2016-04-08T22:24:44+00:00\" \/>\n<meta property=\"og:image\" content=\"http:\/\/www.visit-ulcinj.com\/blog\/wp-content\/uploads\/2016\/04\/Gezim-Haxhibeti-Ulqin.jpg\" \/>\n<meta name=\"twitter:label1\" content=\"Written by\" \/>\n\t<meta name=\"twitter:data1\" content=\"ulqini\" \/>\n\t<meta name=\"twitter:label2\" content=\"Est. reading time\" \/>\n\t<meta name=\"twitter:data2\" content=\"3 minutes\" \/>\n<script type=\"application\/ld+json\" class=\"yoast-schema-graph\">{\"@context\":\"https:\/\/schema.org\",\"@graph\":[{\"@type\":\"WebSite\",\"@id\":\"https:\/\/www.visit-ulcinj.com\/blog\/#website\",\"url\":\"https:\/\/www.visit-ulcinj.com\/blog\/\",\"name\":\"Lajme nga Ulqini\",\"description\":\"Lajme,Vijesti,Ulqini,Ulqin,Crna Gora,Mali i Zi\",\"potentialAction\":[{\"@type\":\"SearchAction\",\"target\":{\"@type\":\"EntryPoint\",\"urlTemplate\":\"https:\/\/www.visit-ulcinj.com\/blog\/?s={search_term_string}\"},\"query-input\":\"required name=search_term_string\"}],\"inLanguage\":\"en-US\"},{\"@type\":\"ImageObject\",\"inLanguage\":\"en-US\",\"@id\":\"https:\/\/www.visit-ulcinj.com\/blog\/2016\/04\/06\/nika-ishte-g-haxhibeti-viktime-e-guximit-te-tij-profesional\/#primaryimage\",\"url\":\"https:\/\/www.visit-ulcinj.com\/blog\/wp-content\/uploads\/2016\/04\/Gezim-Haxhibeti-Ulqin.jpg\",\"contentUrl\":\"https:\/\/www.visit-ulcinj.com\/blog\/wp-content\/uploads\/2016\/04\/Gezim-Haxhibeti-Ulqin.jpg\",\"width\":1044,\"height\":768},{\"@type\":\"WebPage\",\"@id\":\"https:\/\/www.visit-ulcinj.com\/blog\/2016\/04\/06\/nika-ishte-g-haxhibeti-viktime-e-guximit-te-tij-profesional\/#webpage\",\"url\":\"https:\/\/www.visit-ulcinj.com\/blog\/2016\/04\/06\/nika-ishte-g-haxhibeti-viktime-e-guximit-te-tij-profesional\/\",\"name\":\"Nika: A ishte G. Haxhibeti, viktim\u00eb e guximit t\u00eb tij profesional?! - Lajme nga Ulqini\",\"isPartOf\":{\"@id\":\"https:\/\/www.visit-ulcinj.com\/blog\/#website\"},\"primaryImageOfPage\":{\"@id\":\"https:\/\/www.visit-ulcinj.com\/blog\/2016\/04\/06\/nika-ishte-g-haxhibeti-viktime-e-guximit-te-tij-profesional\/#primaryimage\"},\"datePublished\":\"2016-04-06T15:00:41+00:00\",\"dateModified\":\"2016-04-08T22:24:44+00:00\",\"author\":{\"@id\":\"https:\/\/www.visit-ulcinj.com\/blog\/#\/schema\/person\/dcab619c614d3038751c63bc2aadc06d\"},\"description\":\"Shkruan Muhamet\u00a0 Nika P\u00ebrgjigja : Ne themi se po?! - \u00a0Edhe\u00a0 G\u00ebzimin si sekretar, tashti \u00a0si duket,\u00a0 e hoq\u00ebn sepse ai pati sukses dhe \u00a0i mbrojti t\u00eb gjitha\",\"breadcrumb\":{\"@id\":\"https:\/\/www.visit-ulcinj.com\/blog\/2016\/04\/06\/nika-ishte-g-haxhibeti-viktime-e-guximit-te-tij-profesional\/#breadcrumb\"},\"inLanguage\":\"en-US\",\"potentialAction\":[{\"@type\":\"ReadAction\",\"target\":[\"https:\/\/www.visit-ulcinj.com\/blog\/2016\/04\/06\/nika-ishte-g-haxhibeti-viktime-e-guximit-te-tij-profesional\/\"]}]},{\"@type\":\"BreadcrumbList\",\"@id\":\"https:\/\/www.visit-ulcinj.com\/blog\/2016\/04\/06\/nika-ishte-g-haxhibeti-viktime-e-guximit-te-tij-profesional\/#breadcrumb\",\"itemListElement\":[{\"@type\":\"ListItem\",\"position\":1,\"name\":\"Nika: A ishte G. Haxhibeti, viktim\u00eb e guximit t\u00eb tij profesional?!\"}]},{\"@type\":\"Person\",\"@id\":\"https:\/\/www.visit-ulcinj.com\/blog\/#\/schema\/person\/dcab619c614d3038751c63bc2aadc06d\",\"name\":\"ulqini\",\"sameAs\":[\"http:\/\/www.visit-ulcinj.com\"],\"url\":\"https:\/\/www.visit-ulcinj.com\/blog\/author\/admin\/\"}]}<\/script>\n<!-- \/ Yoast SEO plugin. -->","yoast_head_json":{"title":"Nika: A ishte G. Haxhibeti, viktim\u00eb e guximit t\u00eb tij profesional?! - Lajme nga Ulqini","description":"Shkruan Muhamet\u00a0 Nika P\u00ebrgjigja : Ne themi se po?! - \u00a0Edhe\u00a0 G\u00ebzimin si sekretar, tashti \u00a0si duket,\u00a0 e hoq\u00ebn sepse ai pati sukses dhe \u00a0i mbrojti t\u00eb gjitha","robots":{"index":"index","follow":"follow","max-snippet":"max-snippet:-1","max-image-preview":"max-image-preview:large","max-video-preview":"max-video-preview:-1"},"canonical":"https:\/\/www.visit-ulcinj.com\/blog\/2016\/04\/06\/nika-ishte-g-haxhibeti-viktime-e-guximit-te-tij-profesional\/","og_locale":"en_US","og_type":"article","og_title":"Nika: A ishte G. Haxhibeti, viktim\u00eb e guximit t\u00eb tij profesional?! - Lajme nga Ulqini","og_description":"Shkruan Muhamet\u00a0 Nika P\u00ebrgjigja : Ne themi se po?! - \u00a0Edhe\u00a0 G\u00ebzimin si sekretar, tashti \u00a0si duket,\u00a0 e hoq\u00ebn sepse ai pati sukses dhe \u00a0i mbrojti t\u00eb gjitha","og_url":"https:\/\/www.visit-ulcinj.com\/blog\/2016\/04\/06\/nika-ishte-g-haxhibeti-viktime-e-guximit-te-tij-profesional\/","og_site_name":"Lajme nga Ulqini","article_published_time":"2016-04-06T15:00:41+00:00","article_modified_time":"2016-04-08T22:24:44+00:00","og_image":[{"url":"http:\/\/www.visit-ulcinj.com\/blog\/wp-content\/uploads\/2016\/04\/Gezim-Haxhibeti-Ulqin.jpg"}],"twitter_misc":{"Written by":"ulqini","Est. reading time":"3 minutes"},"schema":{"@context":"https:\/\/schema.org","@graph":[{"@type":"WebSite","@id":"https:\/\/www.visit-ulcinj.com\/blog\/#website","url":"https:\/\/www.visit-ulcinj.com\/blog\/","name":"Lajme nga Ulqini","description":"Lajme,Vijesti,Ulqini,Ulqin,Crna Gora,Mali i Zi","potentialAction":[{"@type":"SearchAction","target":{"@type":"EntryPoint","urlTemplate":"https:\/\/www.visit-ulcinj.com\/blog\/?s={search_term_string}"},"query-input":"required name=search_term_string"}],"inLanguage":"en-US"},{"@type":"ImageObject","inLanguage":"en-US","@id":"https:\/\/www.visit-ulcinj.com\/blog\/2016\/04\/06\/nika-ishte-g-haxhibeti-viktime-e-guximit-te-tij-profesional\/#primaryimage","url":"https:\/\/www.visit-ulcinj.com\/blog\/wp-content\/uploads\/2016\/04\/Gezim-Haxhibeti-Ulqin.jpg","contentUrl":"https:\/\/www.visit-ulcinj.com\/blog\/wp-content\/uploads\/2016\/04\/Gezim-Haxhibeti-Ulqin.jpg","width":1044,"height":768},{"@type":"WebPage","@id":"https:\/\/www.visit-ulcinj.com\/blog\/2016\/04\/06\/nika-ishte-g-haxhibeti-viktime-e-guximit-te-tij-profesional\/#webpage","url":"https:\/\/www.visit-ulcinj.com\/blog\/2016\/04\/06\/nika-ishte-g-haxhibeti-viktime-e-guximit-te-tij-profesional\/","name":"Nika: A ishte G. Haxhibeti, viktim\u00eb e guximit t\u00eb tij profesional?! - Lajme nga Ulqini","isPartOf":{"@id":"https:\/\/www.visit-ulcinj.com\/blog\/#website"},"primaryImageOfPage":{"@id":"https:\/\/www.visit-ulcinj.com\/blog\/2016\/04\/06\/nika-ishte-g-haxhibeti-viktime-e-guximit-te-tij-profesional\/#primaryimage"},"datePublished":"2016-04-06T15:00:41+00:00","dateModified":"2016-04-08T22:24:44+00:00","author":{"@id":"https:\/\/www.visit-ulcinj.com\/blog\/#\/schema\/person\/dcab619c614d3038751c63bc2aadc06d"},"description":"Shkruan Muhamet\u00a0 Nika P\u00ebrgjigja : Ne themi se po?! - \u00a0Edhe\u00a0 G\u00ebzimin si sekretar, tashti \u00a0si duket,\u00a0 e hoq\u00ebn sepse ai pati sukses dhe \u00a0i mbrojti t\u00eb gjitha","breadcrumb":{"@id":"https:\/\/www.visit-ulcinj.com\/blog\/2016\/04\/06\/nika-ishte-g-haxhibeti-viktime-e-guximit-te-tij-profesional\/#breadcrumb"},"inLanguage":"en-US","potentialAction":[{"@type":"ReadAction","target":["https:\/\/www.visit-ulcinj.com\/blog\/2016\/04\/06\/nika-ishte-g-haxhibeti-viktime-e-guximit-te-tij-profesional\/"]}]},{"@type":"BreadcrumbList","@id":"https:\/\/www.visit-ulcinj.com\/blog\/2016\/04\/06\/nika-ishte-g-haxhibeti-viktime-e-guximit-te-tij-profesional\/#breadcrumb","itemListElement":[{"@type":"ListItem","position":1,"name":"Nika: A ishte G. Haxhibeti, viktim\u00eb e guximit t\u00eb tij profesional?!"}]},{"@type":"Person","@id":"https:\/\/www.visit-ulcinj.com\/blog\/#\/schema\/person\/dcab619c614d3038751c63bc2aadc06d","name":"ulqini","sameAs":["http:\/\/www.visit-ulcinj.com"],"url":"https:\/\/www.visit-ulcinj.com\/blog\/author\/admin\/"}]}},"jetpack_featured_media_url":"","jetpack_sharing_enabled":true,"jetpack_shortlink":"https:\/\/wp.me\/pe6lTn-oXA","_links":{"self":[{"href":"https:\/\/www.visit-ulcinj.com\/blog\/wp-json\/wp\/v2\/posts\/95950"}],"collection":[{"href":"https:\/\/www.visit-ulcinj.com\/blog\/wp-json\/wp\/v2\/posts"}],"about":[{"href":"https:\/\/www.visit-ulcinj.com\/blog\/wp-json\/wp\/v2\/types\/post"}],"author":[{"embeddable":true,"href":"https:\/\/www.visit-ulcinj.com\/blog\/wp-json\/wp\/v2\/users\/1"}],"replies":[{"embeddable":true,"href":"https:\/\/www.visit-ulcinj.com\/blog\/wp-json\/wp\/v2\/comments?post=95950"}],"version-history":[{"count":1,"href":"https:\/\/www.visit-ulcinj.com\/blog\/wp-json\/wp\/v2\/posts\/95950\/revisions"}],"predecessor-version":[{"id":95952,"href":"https:\/\/www.visit-ulcinj.com\/blog\/wp-json\/wp\/v2\/posts\/95950\/revisions\/95952"}],"wp:attachment":[{"href":"https:\/\/www.visit-ulcinj.com\/blog\/wp-json\/wp\/v2\/media?parent=95950"}],"wp:term":[{"taxonomy":"category","embeddable":true,"href":"https:\/\/www.visit-ulcinj.com\/blog\/wp-json\/wp\/v2\/categories?post=95950"},{"taxonomy":"post_tag","embeddable":true,"href":"https:\/\/www.visit-ulcinj.com\/blog\/wp-json\/wp\/v2\/tags?post=95950"}],"curies":[{"name":"wp","href":"https:\/\/api.w.org\/{rel}","templated":true}]}}