{"id":95953,"date":"2016-04-06T19:14:36","date_gmt":"2016-04-06T18:14:36","guid":{"rendered":"http:\/\/www.visit-ulcinj.com\/blog\/?p=95953"},"modified":"2016-04-06T19:14:54","modified_gmt":"2016-04-06T18:14:54","slug":"cungu-kavariqit-ekonomia-e-ulqinit-eshte-ne-gjendje-te-keqe","status":"publish","type":"post","link":"https:\/\/www.visit-ulcinj.com\/blog\/2016\/04\/06\/cungu-kavariqit-ekonomia-e-ulqinit-eshte-ne-gjendje-te-keqe\/","title":{"rendered":"Cungu &#8211; Kavariqit: Ekonomia e Ulqinit \u00ebsht\u00eb n\u00eb gjendje t\u00eb keqe!"},"content":{"rendered":"<p><a href=\"http:\/\/www.visit-ulcinj.com\/blog\/wp-content\/uploads\/2013\/02\/nazifcungu-vladimirkavaric.jpg\"><img loading=\"lazy\" class=\"alignleft wp-image-69140\" src=\"http:\/\/www.visit-ulcinj.com\/blog\/wp-content\/uploads\/2013\/02\/nazifcungu-vladimirkavaric.jpg\" alt=\"nazifcungu-vladimirkavaric\" width=\"508\" height=\"295\" srcset=\"https:\/\/www.visit-ulcinj.com\/blog\/wp-content\/uploads\/2013\/02\/nazifcungu-vladimirkavaric.jpg 600w, https:\/\/www.visit-ulcinj.com\/blog\/wp-content\/uploads\/2013\/02\/nazifcungu-vladimirkavaric-300x174.jpg 300w\" sizes=\"(max-width: 508px) 100vw, 508px\" \/><\/a>Kryetari i komun\u00ebs s\u00eb Ulqinit z. Nazif Cungu ka filluar kontakte permanente me zyrtar\u00eb t\u00eb lart\u00eb qeveritar\u00eb, drejtor\u00eb t\u00eb Drejtorive dhe institucioneve t\u00eb ndryshme, t\u00eb cil\u00ebt jan\u00eb\u00a0kontaktuar lidhur me borxhet q\u00eb ka komuna\u00a0 dhe gjetjen e rrug\u00ebve p\u00ebr kap\u00ebrcimin e situat\u00ebs s\u00eb r\u00ebnduar financiare, njoftohet nga kabineti i kryetarit, raporton portali Lajme.me.<\/p>\n<p>N\u00eb dit\u00ebt n\u00eb vijim ai do t\u00eb takohet me ministra t\u00eb resor\u00ebve t\u00eb ndrysh\u00ebm, t\u00eb cil\u00ebt edhe\u00a0jan\u00eb t\u00eb ftuar q\u00eb t\u00eb gjejn\u00eb koh\u00eb p\u00ebr t\u00eb vizituar Ulqinin dhe t\u00eb diskutojn\u00eb\u00a0\u00a0p\u00ebr k\u00ebto probleme. \u00a0Kryetari Cungu pret q\u00eb ministri i ekonomis\u00eb Vlladimir Kavariq, pozitivisht do ti p\u00ebrgjigjet ftes\u00ebs dhe n\u00eb takimin e zgjeruar ku do t\u00eb jen\u00eb t\u00eb pranish\u00ebm bashk\u00ebpun\u00ebtor\u00ebt e tij dhe afarist\u00eb, do t\u00eb debatohet p\u00ebr mund\u00ebsin\u00eb e investimeve, dhe ku rroli i Qeveris\u00eb n\u00eb k\u00ebt\u00eb drejtim mund t\u00eb jet\u00eb shum\u00eb i madh.<\/p>\n<p>Poashtu n\u00eb ftes\u00ebn e kryetarit Cungu drejtuar ministrit t\u00eb ekonomis\u00eb nd\u00ebr temat q\u00eb do t\u00eb shqyrtoheshin n\u00eb takim do t\u00eb ishin dhe ata nga fusha e energjetik\u00ebs dhe dh\u00ebnia me koncesion e eksploatimit t\u00eb mineraleve.<\/p>\n","protected":false},"excerpt":{"rendered":"<p>Kryetari i komun\u00ebs s\u00eb Ulqinit z. Nazif Cungu ka filluar kontakte permanente me zyrtar\u00eb t\u00eb lart\u00eb qeveritar\u00eb, drejtor\u00eb t\u00eb Drejtorive dhe institucioneve t\u00eb ndryshme, t\u00eb cil\u00ebt jan\u00eb\u00a0kontaktuar lidhur me borxhet q\u00eb ka komuna\u00a0 dhe gjetjen e rrug\u00ebve p\u00ebr kap\u00ebrcimin e situat\u00ebs s\u00eb r\u00ebnduar financiare, njoftohet nga kabineti i kryetarit, raporton portali Lajme.me. N\u00eb dit\u00ebt n\u00eb [&hellip;]<\/p>\n","protected":false},"author":1,"featured_media":0,"comment_status":"closed","ping_status":"closed","sticky":false,"template":"","format":"standard","meta":{"spay_email":"","jetpack_publicize_message":"","jetpack_is_tweetstorm":false,"jetpack_publicize_feature_enabled":true},"categories":[10],"tags":[],"jetpack_publicize_connections":[],"yoast_head":"<!-- This site is optimized with the Yoast SEO plugin v19.1 - https:\/\/yoast.com\/wordpress\/plugins\/seo\/ -->\n<title>Cungu - Kavariqit: Ekonomia e Ulqinit \u00ebsht\u00eb n\u00eb gjendje t\u00eb keqe! - Lajme nga Ulqini<\/title>\n<meta name=\"description\" content=\"Kryetari i komun\u00ebs s\u00eb Ulqinit z. Nazif Cungu ka filluar kontakte permanente me zyrtar\u00eb t\u00eb lart\u00eb qeveritar\u00eb, drejtor\u00eb t\u00eb Drejtorive dhe institucioneve t\u00eb\" \/>\n<meta name=\"robots\" content=\"index, follow, max-snippet:-1, max-image-preview:large, max-video-preview:-1\" \/>\n<link rel=\"canonical\" href=\"https:\/\/www.visit-ulcinj.com\/blog\/2016\/04\/06\/cungu-kavariqit-ekonomia-e-ulqinit-eshte-ne-gjendje-te-keqe\/\" \/>\n<meta property=\"og:locale\" content=\"en_US\" \/>\n<meta property=\"og:type\" content=\"article\" \/>\n<meta property=\"og:title\" content=\"Cungu - Kavariqit: Ekonomia e Ulqinit \u00ebsht\u00eb n\u00eb gjendje t\u00eb keqe! - Lajme nga Ulqini\" \/>\n<meta property=\"og:description\" content=\"Kryetari i komun\u00ebs s\u00eb Ulqinit z. Nazif Cungu ka filluar kontakte permanente me zyrtar\u00eb t\u00eb lart\u00eb qeveritar\u00eb, drejtor\u00eb t\u00eb Drejtorive dhe institucioneve t\u00eb\" \/>\n<meta property=\"og:url\" content=\"https:\/\/www.visit-ulcinj.com\/blog\/2016\/04\/06\/cungu-kavariqit-ekonomia-e-ulqinit-eshte-ne-gjendje-te-keqe\/\" \/>\n<meta property=\"og:site_name\" content=\"Lajme nga Ulqini\" \/>\n<meta property=\"article:published_time\" content=\"2016-04-06T18:14:36+00:00\" \/>\n<meta property=\"article:modified_time\" content=\"2016-04-06T18:14:54+00:00\" \/>\n<meta property=\"og:image\" content=\"http:\/\/www.visit-ulcinj.com\/blog\/wp-content\/uploads\/2013\/02\/nazifcungu-vladimirkavaric.jpg\" \/>\n<meta name=\"twitter:label1\" content=\"Written by\" \/>\n\t<meta name=\"twitter:data1\" content=\"ulqini\" \/>\n\t<meta name=\"twitter:label2\" content=\"Est. reading time\" \/>\n\t<meta name=\"twitter:data2\" content=\"1 minute\" \/>\n<script type=\"application\/ld+json\" class=\"yoast-schema-graph\">{\"@context\":\"https:\/\/schema.org\",\"@graph\":[{\"@type\":\"WebSite\",\"@id\":\"https:\/\/www.visit-ulcinj.com\/blog\/#website\",\"url\":\"https:\/\/www.visit-ulcinj.com\/blog\/\",\"name\":\"Lajme nga Ulqini\",\"description\":\"Lajme,Vijesti,Ulqini,Ulqin,Crna Gora,Mali i Zi\",\"potentialAction\":[{\"@type\":\"SearchAction\",\"target\":{\"@type\":\"EntryPoint\",\"urlTemplate\":\"https:\/\/www.visit-ulcinj.com\/blog\/?s={search_term_string}\"},\"query-input\":\"required name=search_term_string\"}],\"inLanguage\":\"en-US\"},{\"@type\":\"ImageObject\",\"inLanguage\":\"en-US\",\"@id\":\"https:\/\/www.visit-ulcinj.com\/blog\/2016\/04\/06\/cungu-kavariqit-ekonomia-e-ulqinit-eshte-ne-gjendje-te-keqe\/#primaryimage\",\"url\":\"https:\/\/www.visit-ulcinj.com\/blog\/wp-content\/uploads\/2013\/02\/nazifcungu-vladimirkavaric.jpg\",\"contentUrl\":\"https:\/\/www.visit-ulcinj.com\/blog\/wp-content\/uploads\/2013\/02\/nazifcungu-vladimirkavaric.jpg\",\"width\":600,\"height\":349},{\"@type\":\"WebPage\",\"@id\":\"https:\/\/www.visit-ulcinj.com\/blog\/2016\/04\/06\/cungu-kavariqit-ekonomia-e-ulqinit-eshte-ne-gjendje-te-keqe\/#webpage\",\"url\":\"https:\/\/www.visit-ulcinj.com\/blog\/2016\/04\/06\/cungu-kavariqit-ekonomia-e-ulqinit-eshte-ne-gjendje-te-keqe\/\",\"name\":\"Cungu - Kavariqit: Ekonomia e Ulqinit \u00ebsht\u00eb n\u00eb gjendje t\u00eb keqe! - Lajme nga Ulqini\",\"isPartOf\":{\"@id\":\"https:\/\/www.visit-ulcinj.com\/blog\/#website\"},\"primaryImageOfPage\":{\"@id\":\"https:\/\/www.visit-ulcinj.com\/blog\/2016\/04\/06\/cungu-kavariqit-ekonomia-e-ulqinit-eshte-ne-gjendje-te-keqe\/#primaryimage\"},\"datePublished\":\"2016-04-06T18:14:36+00:00\",\"dateModified\":\"2016-04-06T18:14:54+00:00\",\"author\":{\"@id\":\"https:\/\/www.visit-ulcinj.com\/blog\/#\/schema\/person\/dcab619c614d3038751c63bc2aadc06d\"},\"description\":\"Kryetari i komun\u00ebs s\u00eb Ulqinit z. Nazif Cungu ka filluar kontakte permanente me zyrtar\u00eb t\u00eb lart\u00eb qeveritar\u00eb, drejtor\u00eb t\u00eb Drejtorive dhe institucioneve t\u00eb\",\"breadcrumb\":{\"@id\":\"https:\/\/www.visit-ulcinj.com\/blog\/2016\/04\/06\/cungu-kavariqit-ekonomia-e-ulqinit-eshte-ne-gjendje-te-keqe\/#breadcrumb\"},\"inLanguage\":\"en-US\",\"potentialAction\":[{\"@type\":\"ReadAction\",\"target\":[\"https:\/\/www.visit-ulcinj.com\/blog\/2016\/04\/06\/cungu-kavariqit-ekonomia-e-ulqinit-eshte-ne-gjendje-te-keqe\/\"]}]},{\"@type\":\"BreadcrumbList\",\"@id\":\"https:\/\/www.visit-ulcinj.com\/blog\/2016\/04\/06\/cungu-kavariqit-ekonomia-e-ulqinit-eshte-ne-gjendje-te-keqe\/#breadcrumb\",\"itemListElement\":[{\"@type\":\"ListItem\",\"position\":1,\"name\":\"Cungu &#8211; Kavariqit: Ekonomia e Ulqinit \u00ebsht\u00eb n\u00eb gjendje t\u00eb keqe!\"}]},{\"@type\":\"Person\",\"@id\":\"https:\/\/www.visit-ulcinj.com\/blog\/#\/schema\/person\/dcab619c614d3038751c63bc2aadc06d\",\"name\":\"ulqini\",\"sameAs\":[\"http:\/\/www.visit-ulcinj.com\"],\"url\":\"https:\/\/www.visit-ulcinj.com\/blog\/author\/admin\/\"}]}<\/script>\n<!-- \/ Yoast SEO plugin. -->","yoast_head_json":{"title":"Cungu - Kavariqit: Ekonomia e Ulqinit \u00ebsht\u00eb n\u00eb gjendje t\u00eb keqe! - Lajme nga Ulqini","description":"Kryetari i komun\u00ebs s\u00eb Ulqinit z. Nazif Cungu ka filluar kontakte permanente me zyrtar\u00eb t\u00eb lart\u00eb qeveritar\u00eb, drejtor\u00eb t\u00eb Drejtorive dhe institucioneve t\u00eb","robots":{"index":"index","follow":"follow","max-snippet":"max-snippet:-1","max-image-preview":"max-image-preview:large","max-video-preview":"max-video-preview:-1"},"canonical":"https:\/\/www.visit-ulcinj.com\/blog\/2016\/04\/06\/cungu-kavariqit-ekonomia-e-ulqinit-eshte-ne-gjendje-te-keqe\/","og_locale":"en_US","og_type":"article","og_title":"Cungu - Kavariqit: Ekonomia e Ulqinit \u00ebsht\u00eb n\u00eb gjendje t\u00eb keqe! - Lajme nga Ulqini","og_description":"Kryetari i komun\u00ebs s\u00eb Ulqinit z. Nazif Cungu ka filluar kontakte permanente me zyrtar\u00eb t\u00eb lart\u00eb qeveritar\u00eb, drejtor\u00eb t\u00eb Drejtorive dhe institucioneve t\u00eb","og_url":"https:\/\/www.visit-ulcinj.com\/blog\/2016\/04\/06\/cungu-kavariqit-ekonomia-e-ulqinit-eshte-ne-gjendje-te-keqe\/","og_site_name":"Lajme nga Ulqini","article_published_time":"2016-04-06T18:14:36+00:00","article_modified_time":"2016-04-06T18:14:54+00:00","og_image":[{"url":"http:\/\/www.visit-ulcinj.com\/blog\/wp-content\/uploads\/2013\/02\/nazifcungu-vladimirkavaric.jpg"}],"twitter_misc":{"Written by":"ulqini","Est. reading time":"1 minute"},"schema":{"@context":"https:\/\/schema.org","@graph":[{"@type":"WebSite","@id":"https:\/\/www.visit-ulcinj.com\/blog\/#website","url":"https:\/\/www.visit-ulcinj.com\/blog\/","name":"Lajme nga Ulqini","description":"Lajme,Vijesti,Ulqini,Ulqin,Crna Gora,Mali i Zi","potentialAction":[{"@type":"SearchAction","target":{"@type":"EntryPoint","urlTemplate":"https:\/\/www.visit-ulcinj.com\/blog\/?s={search_term_string}"},"query-input":"required name=search_term_string"}],"inLanguage":"en-US"},{"@type":"ImageObject","inLanguage":"en-US","@id":"https:\/\/www.visit-ulcinj.com\/blog\/2016\/04\/06\/cungu-kavariqit-ekonomia-e-ulqinit-eshte-ne-gjendje-te-keqe\/#primaryimage","url":"https:\/\/www.visit-ulcinj.com\/blog\/wp-content\/uploads\/2013\/02\/nazifcungu-vladimirkavaric.jpg","contentUrl":"https:\/\/www.visit-ulcinj.com\/blog\/wp-content\/uploads\/2013\/02\/nazifcungu-vladimirkavaric.jpg","width":600,"height":349},{"@type":"WebPage","@id":"https:\/\/www.visit-ulcinj.com\/blog\/2016\/04\/06\/cungu-kavariqit-ekonomia-e-ulqinit-eshte-ne-gjendje-te-keqe\/#webpage","url":"https:\/\/www.visit-ulcinj.com\/blog\/2016\/04\/06\/cungu-kavariqit-ekonomia-e-ulqinit-eshte-ne-gjendje-te-keqe\/","name":"Cungu - Kavariqit: Ekonomia e Ulqinit \u00ebsht\u00eb n\u00eb gjendje t\u00eb keqe! - Lajme nga Ulqini","isPartOf":{"@id":"https:\/\/www.visit-ulcinj.com\/blog\/#website"},"primaryImageOfPage":{"@id":"https:\/\/www.visit-ulcinj.com\/blog\/2016\/04\/06\/cungu-kavariqit-ekonomia-e-ulqinit-eshte-ne-gjendje-te-keqe\/#primaryimage"},"datePublished":"2016-04-06T18:14:36+00:00","dateModified":"2016-04-06T18:14:54+00:00","author":{"@id":"https:\/\/www.visit-ulcinj.com\/blog\/#\/schema\/person\/dcab619c614d3038751c63bc2aadc06d"},"description":"Kryetari i komun\u00ebs s\u00eb Ulqinit z. Nazif Cungu ka filluar kontakte permanente me zyrtar\u00eb t\u00eb lart\u00eb qeveritar\u00eb, drejtor\u00eb t\u00eb Drejtorive dhe institucioneve t\u00eb","breadcrumb":{"@id":"https:\/\/www.visit-ulcinj.com\/blog\/2016\/04\/06\/cungu-kavariqit-ekonomia-e-ulqinit-eshte-ne-gjendje-te-keqe\/#breadcrumb"},"inLanguage":"en-US","potentialAction":[{"@type":"ReadAction","target":["https:\/\/www.visit-ulcinj.com\/blog\/2016\/04\/06\/cungu-kavariqit-ekonomia-e-ulqinit-eshte-ne-gjendje-te-keqe\/"]}]},{"@type":"BreadcrumbList","@id":"https:\/\/www.visit-ulcinj.com\/blog\/2016\/04\/06\/cungu-kavariqit-ekonomia-e-ulqinit-eshte-ne-gjendje-te-keqe\/#breadcrumb","itemListElement":[{"@type":"ListItem","position":1,"name":"Cungu &#8211; Kavariqit: Ekonomia e Ulqinit \u00ebsht\u00eb n\u00eb gjendje t\u00eb keqe!"}]},{"@type":"Person","@id":"https:\/\/www.visit-ulcinj.com\/blog\/#\/schema\/person\/dcab619c614d3038751c63bc2aadc06d","name":"ulqini","sameAs":["http:\/\/www.visit-ulcinj.com"],"url":"https:\/\/www.visit-ulcinj.com\/blog\/author\/admin\/"}]}},"jetpack_featured_media_url":"","jetpack_sharing_enabled":true,"jetpack_shortlink":"https:\/\/wp.me\/pe6lTn-oXD","_links":{"self":[{"href":"https:\/\/www.visit-ulcinj.com\/blog\/wp-json\/wp\/v2\/posts\/95953"}],"collection":[{"href":"https:\/\/www.visit-ulcinj.com\/blog\/wp-json\/wp\/v2\/posts"}],"about":[{"href":"https:\/\/www.visit-ulcinj.com\/blog\/wp-json\/wp\/v2\/types\/post"}],"author":[{"embeddable":true,"href":"https:\/\/www.visit-ulcinj.com\/blog\/wp-json\/wp\/v2\/users\/1"}],"replies":[{"embeddable":true,"href":"https:\/\/www.visit-ulcinj.com\/blog\/wp-json\/wp\/v2\/comments?post=95953"}],"version-history":[{"count":2,"href":"https:\/\/www.visit-ulcinj.com\/blog\/wp-json\/wp\/v2\/posts\/95953\/revisions"}],"predecessor-version":[{"id":95955,"href":"https:\/\/www.visit-ulcinj.com\/blog\/wp-json\/wp\/v2\/posts\/95953\/revisions\/95955"}],"wp:attachment":[{"href":"https:\/\/www.visit-ulcinj.com\/blog\/wp-json\/wp\/v2\/media?parent=95953"}],"wp:term":[{"taxonomy":"category","embeddable":true,"href":"https:\/\/www.visit-ulcinj.com\/blog\/wp-json\/wp\/v2\/categories?post=95953"},{"taxonomy":"post_tag","embeddable":true,"href":"https:\/\/www.visit-ulcinj.com\/blog\/wp-json\/wp\/v2\/tags?post=95953"}],"curies":[{"name":"wp","href":"https:\/\/api.w.org\/{rel}","templated":true}]}}