{"id":95978,"date":"2016-04-09T09:26:36","date_gmt":"2016-04-09T08:26:36","guid":{"rendered":"http:\/\/www.visit-ulcinj.com\/blog\/?p=95978"},"modified":"2016-04-09T09:26:36","modified_gmt":"2016-04-09T08:26:36","slug":"ulcinj-trazi-jaci-medunarodni-pritisak-za-ulcinjsku-solani","status":"publish","type":"post","link":"https:\/\/www.visit-ulcinj.com\/blog\/2016\/04\/09\/ulcinj-trazi-jaci-medunarodni-pritisak-za-ulcinjsku-solani\/","title":{"rendered":"Ulcinj tra\u017ei ja\u010di me\u0111unarodni pritisak za Ulcinjsku Solani"},"content":{"rendered":"<p><strong><a href=\"http:\/\/www.visit-ulcinj.com\/blog\/wp-content\/uploads\/2016\/04\/izjave-za-ulcinjsku-solanu.jpg\"><img loading=\"lazy\" class=\"alignleft wp-image-95979\" src=\"http:\/\/www.visit-ulcinj.com\/blog\/wp-content\/uploads\/2016\/04\/izjave-za-ulcinjsku-solanu.jpg\" alt=\"izjave-za-ulcinjsku solanu\" width=\"508\" height=\"286\" srcset=\"https:\/\/www.visit-ulcinj.com\/blog\/wp-content\/uploads\/2016\/04\/izjave-za-ulcinjsku-solanu.jpg 640w, https:\/\/www.visit-ulcinj.com\/blog\/wp-content\/uploads\/2016\/04\/izjave-za-ulcinjsku-solanu-300x169.jpg 300w\" sizes=\"(max-width: 508px) 100vw, 508px\" \/><\/a>Me\u0111unarodni pritisak za za\u0161titu podru\u010dja ulcinjske Solane<\/strong><\/p>\n<p><strong>Podru\u010dje ulcinjske Solane koje spada u red najvrijednijih ekolo\u0161ko-turisti\u010dkih resursa Crne Gore, ve\u0107 godinama je ugro\u017eeno lo\u0161om privatizacijom industrije soli koja je preduslov za opstanak biljnih i \u017eivotinjskih vrsta na tom podru\u010dju, a dodatnu opasnost predstavljaju \u017eelje da se to zemlji\u0161te gradnjom pretvori u turisti\u010dki kompleks. <\/strong><\/p>\n<p><center><\/center>Podru\u010dje ulcinjske Solane je najzna\u010dajnije stani\u0161te na seobi, zimovanju, gnije\u017e\u0111enju i lokallitet za ishranu ptica na cijeloj isto\u010dnoj obali Jadrana.<\/p>\n<p>Na Solani je registrovano 240 vrsta ptica, a u prolje\u0107e se stotine i hiljade vodenih ptica ovdje zaustavlja radi odmora i prehrane.<\/p>\n<p>U slanim bazenima je registrovano 114.000 biljnih vrsta, 24 vrste ribe, a na nasipima 12 vrsta vodozemaca, 28 vrsta gmizavaca i 33 vrste sisara.<\/p>\n<p>Na prvoj Konferenciji o za\u0161titi ovog lokaliteta prije godinu dana, dogovoreno je da Vlada proglasi Solanu Emerald stani\u0161tem najkasnije do juna 2015. godine i da je nominuje za Ramsar podru\u010dje najkasnije do juna 2015. godine.<\/p>\n<p>Pro\u0161ao je i krajnji rok za slanje prijave, po\u010detak 2016. godine.<\/p>\n<p>Uo\u010di podgori\u010dke Konferencije u \u010detvrtak posve\u0107ene ovom pitanju, poslanice Evropskog parlamenta <strong>Aneliz Dods <\/strong>i <strong>Teri Rajntke<\/strong> uputile su Vladi pismo u kojem isti\u010du va\u017enost ulcinjske Solane kao najzna\u010dajnijeg lokaliteta na isto\u010dnom dijelu jadranske obale za uzgoj i boravak ptica tokom zime.<\/p>\n<p>Ono \u0161to Solanu \u010dini posebno vrijednom je \u010dinjenica da ona ne pripada samo Crnoj Gori ve\u0107 je dio svjetske prirodne ba\u0161tine.<\/p>\n<p>Tome u prilog govori i anga\u017eovanje stranih ambasadora najuticajnijih zemalja svijeta i me\u0111unarodnih prirodnja\u010dkih organizacija koji insistiraju na me\u0111unarodnoj za\u0161titi ovog podru\u010dja.<\/p>\n<p>Ambasadorka SAD, <strong>Margaret En Uehara<\/strong>, napominje da ulcinjska Solana nije pitanje koje se ti\u010de samo Crne Gore, ve\u0107 i cijele me\u0111unarodne zajednice.<\/p>\n<p><em>\u201eVlada SAD se energi\u010dno zala\u017ee za rje\u0161avanje ovog pitanja i, kao i evropske kolege, nastoje da obezbijede za\u0161titu ptica selica\u201c<\/em>, rekla je Uehara.<\/p>\n<p>Njema\u010dka ambasadorka, <strong>Gudrun \u0160tajnaker<\/strong>, poziva Vladu Crne Gore da \u0161to prije podnese prijavu za status Ramsar, a ambasador EU, <strong>Mitja Drobni\u010d<\/strong> je naglasio da je va\u017eno da Vlada bude svjesna svoje odgovornosti u cilju za\u0161tite ovog vrijednog dijela evropske prirodne ba\u0161tine.<\/p>\n<p>Me\u0111utim, doma\u0107i NVO sektor smatra da Vlada odugovla\u010di sa rje\u0161avanjem ovog pitanja.<\/p>\n<p><strong>Aleksandar Perovi\u0107<\/strong>, iz Centar za za\u0161titu i prou\u010davanje ptica, je tokom Konferencije, obra\u0107aju\u0107i se direktno ministru odr\u017eivog razvoja i turizma, <strong>Branimiru Gvozdenovi\u0107u<\/strong>, da ka\u0161njenje sa za\u0161titom podru\u010dja Solane na nacionalnom i me\u0111unarodnom nivou smatra odugovla\u010denjem i opstrukcijom.<\/p>\n<p>Ministar Branimir Gvozdenovi\u0107 je odbacio optu\u017ebe, rekav\u0161i da smatra da je to pitanje bolje odlo\u017eiti za nekoliko mjeseci da bi se na\u0161lo kvalitetno i dugoro\u010dno rje\u0161enje.<\/p>\n<p>Gvozdenovi\u0107 je pritom odbacio i sve tvrdnje o planovima za gradnju na ovom prostoru.<\/p>\n<p>Me\u0111utim, nije doma\u0107i NVO sektor jedini koji ima rezerve u vezi Vladine volje da zaista za\u0161titi podru\u010dje Solane.<\/p>\n<p>Izvr\u0161ni direktor EuroNatur-a, <strong>Gabriel \u0160vaderer<\/strong>, je rekao da sva obja\u0161njenja ostavljaju prostor za veliki broj pitanja, a da je jedno od njih \u2013 da li zaista postoji politi\u010dka volja da se ulcinjska Solana za\u0161titi.<\/p>\n<p>U kampanju za za\u0161titu Solane, uklju\u010dio se i crnogorski princ <strong>Nikola Petrovi\u0107 Njego\u0161<\/strong> koji je tokom Konferencije podsjetio da se, od dinastija Crnojevi\u0107a i Petrovi\u0107a, do dana\u0161nje republike Crne Gore, Crnogorci di\u010de sa jednom pticom, odnosno, orlom koji se nalazi i na dr\u017eavnoj zastavi.<\/p>\n<p><em>\u201eNa\u0161i precu su crpili snagu i inspiraciju iz te divlje prirode. Ne dozvolimo da izgubimo tu mo\u0107nu vezu koja nas ve\u017ee za ovu lijepu zemlju\u201c<\/em>, rekao je princ Nikola Petrovi\u0107 Njego\u0161.<\/p>\n<p>Izvor: <a href=\"http:\/\/www.slobodnaevropa.org\/content\/medjunarodni-pritisak-za-zastitu-podrucja-ulcinjske-solane\/27660300.html\">Radio Slobodna Evropa<\/a><\/p>\n<p>&nbsp;<\/p>\n","protected":false},"excerpt":{"rendered":"<p>Me\u0111unarodni pritisak za za\u0161titu podru\u010dja ulcinjske Solane Podru\u010dje ulcinjske Solane koje spada u red najvrijednijih ekolo\u0161ko-turisti\u010dkih resursa Crne Gore, ve\u0107 godinama je ugro\u017eeno lo\u0161om privatizacijom industrije soli koja je preduslov za opstanak biljnih i \u017eivotinjskih vrsta na tom podru\u010dju, a dodatnu opasnost predstavljaju \u017eelje da se to zemlji\u0161te gradnjom pretvori u turisti\u010dki kompleks. Podru\u010dje ulcinjske [&hellip;]<\/p>\n","protected":false},"author":1,"featured_media":0,"comment_status":"closed","ping_status":"closed","sticky":false,"template":"","format":"standard","meta":{"spay_email":"","jetpack_publicize_message":"","jetpack_is_tweetstorm":false,"jetpack_publicize_feature_enabled":true},"categories":[6950],"tags":[],"jetpack_publicize_connections":[],"yoast_head":"<!-- This site is optimized with the Yoast SEO plugin v19.1 - https:\/\/yoast.com\/wordpress\/plugins\/seo\/ -->\n<title>Ulcinj tra\u017ei ja\u010di me\u0111unarodni pritisak za Ulcinjsku Solani - Lajme nga Ulqini<\/title>\n<meta name=\"description\" content=\"Me\u0111unarodni pritisak za za\u0161titu podru\u010dja ulcinjske Solane Podru\u010dje ulcinjske Solane koje spada u red najvrijednijih ekolo\u0161ko-turisti\u010dkih resursa Crne\" \/>\n<meta name=\"robots\" content=\"index, follow, max-snippet:-1, max-image-preview:large, max-video-preview:-1\" \/>\n<link rel=\"canonical\" href=\"https:\/\/www.visit-ulcinj.com\/blog\/2016\/04\/09\/ulcinj-trazi-jaci-medunarodni-pritisak-za-ulcinjsku-solani\/\" \/>\n<meta property=\"og:locale\" content=\"en_US\" \/>\n<meta property=\"og:type\" content=\"article\" \/>\n<meta property=\"og:title\" content=\"Ulcinj tra\u017ei ja\u010di me\u0111unarodni pritisak za Ulcinjsku Solani - Lajme nga Ulqini\" \/>\n<meta property=\"og:description\" content=\"Me\u0111unarodni pritisak za za\u0161titu podru\u010dja ulcinjske Solane Podru\u010dje ulcinjske Solane koje spada u red najvrijednijih ekolo\u0161ko-turisti\u010dkih resursa Crne\" \/>\n<meta property=\"og:url\" content=\"https:\/\/www.visit-ulcinj.com\/blog\/2016\/04\/09\/ulcinj-trazi-jaci-medunarodni-pritisak-za-ulcinjsku-solani\/\" \/>\n<meta property=\"og:site_name\" content=\"Lajme nga Ulqini\" \/>\n<meta property=\"article:published_time\" content=\"2016-04-09T08:26:36+00:00\" \/>\n<meta property=\"og:image\" content=\"http:\/\/www.visit-ulcinj.com\/blog\/wp-content\/uploads\/2016\/04\/izjave-za-ulcinjsku-solanu.jpg\" \/>\n<meta name=\"twitter:label1\" content=\"Written by\" \/>\n\t<meta name=\"twitter:data1\" content=\"ulqini\" \/>\n\t<meta name=\"twitter:label2\" content=\"Est. reading time\" \/>\n\t<meta name=\"twitter:data2\" content=\"3 minutes\" \/>\n<script type=\"application\/ld+json\" class=\"yoast-schema-graph\">{\"@context\":\"https:\/\/schema.org\",\"@graph\":[{\"@type\":\"WebSite\",\"@id\":\"https:\/\/www.visit-ulcinj.com\/blog\/#website\",\"url\":\"https:\/\/www.visit-ulcinj.com\/blog\/\",\"name\":\"Lajme nga Ulqini\",\"description\":\"Lajme,Vijesti,Ulqini,Ulqin,Crna Gora,Mali i Zi\",\"potentialAction\":[{\"@type\":\"SearchAction\",\"target\":{\"@type\":\"EntryPoint\",\"urlTemplate\":\"https:\/\/www.visit-ulcinj.com\/blog\/?s={search_term_string}\"},\"query-input\":\"required name=search_term_string\"}],\"inLanguage\":\"en-US\"},{\"@type\":\"ImageObject\",\"inLanguage\":\"en-US\",\"@id\":\"https:\/\/www.visit-ulcinj.com\/blog\/2016\/04\/09\/ulcinj-trazi-jaci-medunarodni-pritisak-za-ulcinjsku-solani\/#primaryimage\",\"url\":\"https:\/\/www.visit-ulcinj.com\/blog\/wp-content\/uploads\/2016\/04\/izjave-za-ulcinjsku-solanu.jpg\",\"contentUrl\":\"https:\/\/www.visit-ulcinj.com\/blog\/wp-content\/uploads\/2016\/04\/izjave-za-ulcinjsku-solanu.jpg\",\"width\":640,\"height\":360},{\"@type\":\"WebPage\",\"@id\":\"https:\/\/www.visit-ulcinj.com\/blog\/2016\/04\/09\/ulcinj-trazi-jaci-medunarodni-pritisak-za-ulcinjsku-solani\/#webpage\",\"url\":\"https:\/\/www.visit-ulcinj.com\/blog\/2016\/04\/09\/ulcinj-trazi-jaci-medunarodni-pritisak-za-ulcinjsku-solani\/\",\"name\":\"Ulcinj tra\u017ei ja\u010di me\u0111unarodni pritisak za Ulcinjsku Solani - Lajme nga Ulqini\",\"isPartOf\":{\"@id\":\"https:\/\/www.visit-ulcinj.com\/blog\/#website\"},\"primaryImageOfPage\":{\"@id\":\"https:\/\/www.visit-ulcinj.com\/blog\/2016\/04\/09\/ulcinj-trazi-jaci-medunarodni-pritisak-za-ulcinjsku-solani\/#primaryimage\"},\"datePublished\":\"2016-04-09T08:26:36+00:00\",\"dateModified\":\"2016-04-09T08:26:36+00:00\",\"author\":{\"@id\":\"https:\/\/www.visit-ulcinj.com\/blog\/#\/schema\/person\/dcab619c614d3038751c63bc2aadc06d\"},\"description\":\"Me\u0111unarodni pritisak za za\u0161titu podru\u010dja ulcinjske Solane Podru\u010dje ulcinjske Solane koje spada u red najvrijednijih ekolo\u0161ko-turisti\u010dkih resursa Crne\",\"breadcrumb\":{\"@id\":\"https:\/\/www.visit-ulcinj.com\/blog\/2016\/04\/09\/ulcinj-trazi-jaci-medunarodni-pritisak-za-ulcinjsku-solani\/#breadcrumb\"},\"inLanguage\":\"en-US\",\"potentialAction\":[{\"@type\":\"ReadAction\",\"target\":[\"https:\/\/www.visit-ulcinj.com\/blog\/2016\/04\/09\/ulcinj-trazi-jaci-medunarodni-pritisak-za-ulcinjsku-solani\/\"]}]},{\"@type\":\"BreadcrumbList\",\"@id\":\"https:\/\/www.visit-ulcinj.com\/blog\/2016\/04\/09\/ulcinj-trazi-jaci-medunarodni-pritisak-za-ulcinjsku-solani\/#breadcrumb\",\"itemListElement\":[{\"@type\":\"ListItem\",\"position\":1,\"name\":\"Ulcinj tra\u017ei ja\u010di me\u0111unarodni pritisak za Ulcinjsku Solani\"}]},{\"@type\":\"Person\",\"@id\":\"https:\/\/www.visit-ulcinj.com\/blog\/#\/schema\/person\/dcab619c614d3038751c63bc2aadc06d\",\"name\":\"ulqini\",\"sameAs\":[\"http:\/\/www.visit-ulcinj.com\"],\"url\":\"https:\/\/www.visit-ulcinj.com\/blog\/author\/admin\/\"}]}<\/script>\n<!-- \/ Yoast SEO plugin. -->","yoast_head_json":{"title":"Ulcinj tra\u017ei ja\u010di me\u0111unarodni pritisak za Ulcinjsku Solani - Lajme nga Ulqini","description":"Me\u0111unarodni pritisak za za\u0161titu podru\u010dja ulcinjske Solane Podru\u010dje ulcinjske Solane koje spada u red najvrijednijih ekolo\u0161ko-turisti\u010dkih resursa Crne","robots":{"index":"index","follow":"follow","max-snippet":"max-snippet:-1","max-image-preview":"max-image-preview:large","max-video-preview":"max-video-preview:-1"},"canonical":"https:\/\/www.visit-ulcinj.com\/blog\/2016\/04\/09\/ulcinj-trazi-jaci-medunarodni-pritisak-za-ulcinjsku-solani\/","og_locale":"en_US","og_type":"article","og_title":"Ulcinj tra\u017ei ja\u010di me\u0111unarodni pritisak za Ulcinjsku Solani - Lajme nga Ulqini","og_description":"Me\u0111unarodni pritisak za za\u0161titu podru\u010dja ulcinjske Solane Podru\u010dje ulcinjske Solane koje spada u red najvrijednijih ekolo\u0161ko-turisti\u010dkih resursa Crne","og_url":"https:\/\/www.visit-ulcinj.com\/blog\/2016\/04\/09\/ulcinj-trazi-jaci-medunarodni-pritisak-za-ulcinjsku-solani\/","og_site_name":"Lajme nga Ulqini","article_published_time":"2016-04-09T08:26:36+00:00","og_image":[{"url":"http:\/\/www.visit-ulcinj.com\/blog\/wp-content\/uploads\/2016\/04\/izjave-za-ulcinjsku-solanu.jpg"}],"twitter_misc":{"Written by":"ulqini","Est. reading time":"3 minutes"},"schema":{"@context":"https:\/\/schema.org","@graph":[{"@type":"WebSite","@id":"https:\/\/www.visit-ulcinj.com\/blog\/#website","url":"https:\/\/www.visit-ulcinj.com\/blog\/","name":"Lajme nga Ulqini","description":"Lajme,Vijesti,Ulqini,Ulqin,Crna Gora,Mali i Zi","potentialAction":[{"@type":"SearchAction","target":{"@type":"EntryPoint","urlTemplate":"https:\/\/www.visit-ulcinj.com\/blog\/?s={search_term_string}"},"query-input":"required name=search_term_string"}],"inLanguage":"en-US"},{"@type":"ImageObject","inLanguage":"en-US","@id":"https:\/\/www.visit-ulcinj.com\/blog\/2016\/04\/09\/ulcinj-trazi-jaci-medunarodni-pritisak-za-ulcinjsku-solani\/#primaryimage","url":"https:\/\/www.visit-ulcinj.com\/blog\/wp-content\/uploads\/2016\/04\/izjave-za-ulcinjsku-solanu.jpg","contentUrl":"https:\/\/www.visit-ulcinj.com\/blog\/wp-content\/uploads\/2016\/04\/izjave-za-ulcinjsku-solanu.jpg","width":640,"height":360},{"@type":"WebPage","@id":"https:\/\/www.visit-ulcinj.com\/blog\/2016\/04\/09\/ulcinj-trazi-jaci-medunarodni-pritisak-za-ulcinjsku-solani\/#webpage","url":"https:\/\/www.visit-ulcinj.com\/blog\/2016\/04\/09\/ulcinj-trazi-jaci-medunarodni-pritisak-za-ulcinjsku-solani\/","name":"Ulcinj tra\u017ei ja\u010di me\u0111unarodni pritisak za Ulcinjsku Solani - Lajme nga Ulqini","isPartOf":{"@id":"https:\/\/www.visit-ulcinj.com\/blog\/#website"},"primaryImageOfPage":{"@id":"https:\/\/www.visit-ulcinj.com\/blog\/2016\/04\/09\/ulcinj-trazi-jaci-medunarodni-pritisak-za-ulcinjsku-solani\/#primaryimage"},"datePublished":"2016-04-09T08:26:36+00:00","dateModified":"2016-04-09T08:26:36+00:00","author":{"@id":"https:\/\/www.visit-ulcinj.com\/blog\/#\/schema\/person\/dcab619c614d3038751c63bc2aadc06d"},"description":"Me\u0111unarodni pritisak za za\u0161titu podru\u010dja ulcinjske Solane Podru\u010dje ulcinjske Solane koje spada u red najvrijednijih ekolo\u0161ko-turisti\u010dkih resursa Crne","breadcrumb":{"@id":"https:\/\/www.visit-ulcinj.com\/blog\/2016\/04\/09\/ulcinj-trazi-jaci-medunarodni-pritisak-za-ulcinjsku-solani\/#breadcrumb"},"inLanguage":"en-US","potentialAction":[{"@type":"ReadAction","target":["https:\/\/www.visit-ulcinj.com\/blog\/2016\/04\/09\/ulcinj-trazi-jaci-medunarodni-pritisak-za-ulcinjsku-solani\/"]}]},{"@type":"BreadcrumbList","@id":"https:\/\/www.visit-ulcinj.com\/blog\/2016\/04\/09\/ulcinj-trazi-jaci-medunarodni-pritisak-za-ulcinjsku-solani\/#breadcrumb","itemListElement":[{"@type":"ListItem","position":1,"name":"Ulcinj tra\u017ei ja\u010di me\u0111unarodni pritisak za Ulcinjsku Solani"}]},{"@type":"Person","@id":"https:\/\/www.visit-ulcinj.com\/blog\/#\/schema\/person\/dcab619c614d3038751c63bc2aadc06d","name":"ulqini","sameAs":["http:\/\/www.visit-ulcinj.com"],"url":"https:\/\/www.visit-ulcinj.com\/blog\/author\/admin\/"}]}},"jetpack_featured_media_url":"","jetpack_sharing_enabled":true,"jetpack_shortlink":"https:\/\/wp.me\/pe6lTn-oY2","_links":{"self":[{"href":"https:\/\/www.visit-ulcinj.com\/blog\/wp-json\/wp\/v2\/posts\/95978"}],"collection":[{"href":"https:\/\/www.visit-ulcinj.com\/blog\/wp-json\/wp\/v2\/posts"}],"about":[{"href":"https:\/\/www.visit-ulcinj.com\/blog\/wp-json\/wp\/v2\/types\/post"}],"author":[{"embeddable":true,"href":"https:\/\/www.visit-ulcinj.com\/blog\/wp-json\/wp\/v2\/users\/1"}],"replies":[{"embeddable":true,"href":"https:\/\/www.visit-ulcinj.com\/blog\/wp-json\/wp\/v2\/comments?post=95978"}],"version-history":[{"count":1,"href":"https:\/\/www.visit-ulcinj.com\/blog\/wp-json\/wp\/v2\/posts\/95978\/revisions"}],"predecessor-version":[{"id":95980,"href":"https:\/\/www.visit-ulcinj.com\/blog\/wp-json\/wp\/v2\/posts\/95978\/revisions\/95980"}],"wp:attachment":[{"href":"https:\/\/www.visit-ulcinj.com\/blog\/wp-json\/wp\/v2\/media?parent=95978"}],"wp:term":[{"taxonomy":"category","embeddable":true,"href":"https:\/\/www.visit-ulcinj.com\/blog\/wp-json\/wp\/v2\/categories?post=95978"},{"taxonomy":"post_tag","embeddable":true,"href":"https:\/\/www.visit-ulcinj.com\/blog\/wp-json\/wp\/v2\/tags?post=95978"}],"curies":[{"name":"wp","href":"https:\/\/api.w.org\/{rel}","templated":true}]}}