{"id":95984,"date":"2016-04-09T17:29:50","date_gmt":"2016-04-09T16:29:50","guid":{"rendered":"http:\/\/www.visit-ulcinj.com\/blog\/?p=95984"},"modified":"2016-04-09T17:29:50","modified_gmt":"2016-04-09T16:29:50","slug":"propadaju-hiljadugodisnje-masline-valdanosa-drzava-nema-para","status":"publish","type":"post","link":"https:\/\/www.visit-ulcinj.com\/blog\/2016\/04\/09\/propadaju-hiljadugodisnje-masline-valdanosa-drzava-nema-para\/","title":{"rendered":"Propadaju hiljadugodi\u0161nje masline Valdanosa, dr\u017eava nema para"},"content":{"rendered":"<p><strong><span class=\"firstLetter\"><a href=\"http:\/\/www.visit-ulcinj.com\/blog\/wp-content\/uploads\/2016\/04\/Masline-Valdanos-Mustafa-Canka.jpg\"><img loading=\"lazy\" class=\"alignleft wp-image-95986\" src=\"http:\/\/www.visit-ulcinj.com\/blog\/wp-content\/uploads\/2016\/04\/Masline-Valdanos-Mustafa-Canka.jpg\" alt=\"Masline-Valdanos -Mustafa-Canka\" width=\"508\" height=\"384\" srcset=\"https:\/\/www.visit-ulcinj.com\/blog\/wp-content\/uploads\/2016\/04\/Masline-Valdanos-Mustafa-Canka.jpg 635w, https:\/\/www.visit-ulcinj.com\/blog\/wp-content\/uploads\/2016\/04\/Masline-Valdanos-Mustafa-Canka-300x227.jpg 300w\" sizes=\"(max-width: 508px) 100vw, 508px\" \/><\/a>Lela \u0160\u0107epanovi\u0107<\/span><\/strong><\/p>\n<p><span class=\"firstLetter\">D<\/span>ok Francuzi mijenjaju trasu autoputa da ne ugroze stabla maslina, u turisti\u010dkom kompleksu Valdanos kod Ulcinja propadaju hiljadugodi\u0161nja stabla maslina.<\/p>\n<p>Zbog nebrige dr\u017eave koja nema para za revitalizaciju maslinjaka, ali i prepucavanja ministarstava finansija i poljoprivrede oko toga \u010dija je nadle\u017enost revitalizacija ovih stabala, u uvali Valdanos propada vi\u0161e od 17.000 maslina.<\/p>\n<p>Ova hiljadugodi\u0161nja stabla se nalaze na zemlji\u0161tu koje je eksproprijacijom sredinom &#8217;80-ih godina pro\u0161log vijeka oduzeto vlasnicima &#8211; uglavnom ulcinjskim porodicama, tvrdi poslanik URE <strong>Dritan Abazovi\u0107.<\/strong><\/p>\n<p>Iako je i 2014. godine u Skup\u0161tini Crne Gore Abazovi\u0107 postavio pitanje ministru poljoprivrede <strong>Petru Ivanovi\u0107u<\/strong>: &#8220;Kada \u0107e po\u010deti revitalizacija stabala?&#8221;, ni danas, kao ni unazad dvije godine, Abazovi\u0107, ali i crnogorska javnost, nijesu dobili odgovor.<\/p>\n<p>Umjesto odgovora o tome kada \u0107e po\u010deti revitalizacija stabala pomo\u0107nik ministra poljoprivrede <strong>Darko Konjevi\u0107<\/strong> je podsjetio da maslinama gazduje Ministrstvo finansija, a ne Ministarstvo poljoprivrede i kazao da dr\u017eava &#8220;nema para za revitalizaciju\u201c. Konjevi\u0107 je u odgovoru poslaniku Abazovi\u0107u naveo, uz ostalo, kako &#8220;posao revitalizacije maslina nije lak i jednostavan&#8221;.<\/p>\n<p><em>&#8220;Masline ne samo da su zapu\u0161tene ve\u0107 i neplodonosne, od njih se ne proizvodi maslinovo ulje i predstavljaju opasnost da bolestima i korovima ugroze okolne zdrave masline. Siguran sam da dijelimo mi\u0161ljenje da revitalizacija nije nimalo lak poduhvat. Mogli bi smo na\u0107i koliko god \u017eelite razloga da opravdamo za\u0161to do sada nije zavr\u0161ena. Kao \u0161to i sami znate, neki od tih razloga su u politi\u010dkoj sferi, drugi u pravnoj, a tre\u0107i u finansijskoj, jer ni\u0161ta nije mogu\u0107e uraditi bez novca kojeg u ovom momentu nema. Sve to nas ne obeshrabruje\u201c<\/em>, kazao je u odgovoru na poslani\u010dko pitanje u ime ministra Petra Ivanovi\u0107a njegov pomo\u0107nik Darko Konjevi\u0107.<\/p>\n<p>Poslanik Dritan Abazovi\u0107 je u Parlamentu podsjetio nadle\u017ene kako su se prilikom nedavne <a href=\"http:\/\/www.slobodnaevropa.org\/content\/britanski-kraljevski-par-u-cetinju\/27621402.html\" target=\"_blank\"><strong>posjete \u010dlanova britanske kraljevske porodice<\/strong><\/a> Crnoj Gori &#8220;pohvalili uljem od maslina iz uvale Valdanos\u201c i dodao:<\/p>\n<p><a href=\"http:\/\/www.visit-ulcinj.com\/blog\/wp-content\/uploads\/2016\/04\/Fatmir-Sadiku-urucio-princu-Carlsu-maslinovo-ulje-Ulcinja.jpg\"><img loading=\"lazy\" class=\"alignleft wp-image-95985\" src=\"http:\/\/www.visit-ulcinj.com\/blog\/wp-content\/uploads\/2016\/04\/Fatmir-Sadiku-urucio-princu-Carlsu-maslinovo-ulje-Ulcinja.jpg\" alt=\"Fatmir Sadiku urucio princu Carlsu maslinovo ulje Ulcinja\" width=\"508\" height=\"286\" \/><\/a><\/p>\n<p><em>&#8220;Svi smo bili ponosni jer je jedan moj sugra\u0111anin (Ulcinj) i prijatelj Fatmir Sadiku uru\u010dio princu \u010carlsu ulje od masline koje je staro skoro 2.000 godina. Ali princu \u010carlsu nijeste rekli da je ovo jedina zemlja na svijetu gdje postoji kompleks od 80.000 stabala masline, a jedna \u010detvrtina tih maslina propada\u201c<\/em>, kazao je Abazovi\u0107.<\/p>\n<p>Na podru\u010dju uvale Valdanos, nadomak najju\u017enijeg crnogorskog grada Ulcinja, nalazi se skoro 80.000 stabala maslina. Tri \u010detvrtine stabala maslina je u privatnom vlasni\u0161tvu, a na prostoru od oko 350 hektara koje je u vlasni\u0161tvu dr\u017eave nalazi se gotovo 18.000 stabala maslina.<\/p>\n<p>Osamdesetih godina pro\u0161log vijeka dr\u017eava je ovu zemlju na osnovu eksproprijacije uzela uglavnom od mje\u0161tana Ulcinja za potrebe vojnog odmarali\u0161ta, uklju\u010duju\u0107i i 18.000 stabala maslina starih od nekoliko stotina, pa \u010dak i do 2.000 godina. Uprkos sudskom zahtjevu gotovo 200 porodica da im se zemlja vrati, dr\u017eava, odnosno Ministarstvo finansija, gazduje zemlji\u0161tem i stablima maslina i bezuspje\u0161no poku\u0161ava da kompleks izda u dugoro\u010dan zakup. Ovaj prostor obezbje\u0111uje Ministarstvo odbrane.<\/p>\n<p>Predsjednik Parlamenta Ranko Krivokapi\u0107 je uputio apel svima i predlo\u017eio jedno od mogu\u0107ih rje\u0161enja ovog problema. To rje\u0161enje, kako je objasnio Krivokapi\u0107, &#8220;ima utemeljenje u Rimskom pravu\u201c.<\/p>\n<p><em>&#8220;Porodicama treba dati plodou\u017eivanje na dug rok. Svaki investitor \u0107e imati interes da ima obra\u0111ene maslinjake. To je potpuno kohezija prostora i tog objekta koji bi se gradio. Osim ako neko nema skrivene namjere, pa bi htio po neku maslinu da raskr\u010di. E, u tom slu\u010daju nije korisno uvesti nekoga u maslinjak. Ali ne \u017eelim da vjerujem u to&#8230;<\/em>\u201c, kazao je Krivokapi\u0107.<\/p>\n<p>Poslanik Dritan Abazovi\u0107 je ponovio da opet postavlja isto pitanje ministru Ivanovi\u0107u kao i 2014. godine, jer od tada ni\u0161ta nije ura\u0111eno za masline koje propadaju. Abazovi\u0107 je opet, po te\u0107i put, pitao za datum kada \u0107e se po\u010deti sa revitalizacijom.<\/p>\n<p><em>&#8220;Ja sam postavio jasno pitanje. Ne trebaju mi \u0161ira obrazlaganja, jer sam htio da \u010dujem, ovdje, od vas &#8211; &#8216;mi \u0107emo po\u010deti u septembru, oktobru ili novembru&#8217; &#8211; i dr\u017eao bih vas za rije\u010d. I onda bih vas opet uputio na va\u0161 odgovor da je toga bilo. Me\u0111utim, po\u0161to toga nema, po\u0161tovani gra\u0111ani, po svemu sude\u0107i, nastavi\u0107e se ova praksa kao i do sada. I taj Valdanos i te masline \u0107e izgleda morati da \u010dekaju neko drugo vrijeme i neki drugi odnos da bi mogle da se revitalizuju. Al&#8217; po\u0161to su pre\u017eivjele i mnogo ve\u0107e okupatore nego \u0161to je sada\u0161nja vlast \u0161to ih dr\u017ei u \u017eici. To je isto tragedija nevi\u0111ena jer nikada \u017eice nije bilo kroz hiljadu godina tradicije, kroz maslinjak, dok nije do\u0161lo Ministarstvo odbrane. Onda se nadam da \u0107e ove stare masline i to pre\u017eivjeti\u201c<\/em>, kazao je Abazovi\u0107.<\/p>\n<p><a href=\"http:\/\/www.slobodnaevropa.org\/content\/propadaju-hiljadugodisnje-masline-drzava-nema-para\/27658334.html\" target=\"_blank\"><strong>Izvor: Radio Free Europe \/ Radio Liberty\u00a0<\/strong><\/a><\/p>\n","protected":false},"excerpt":{"rendered":"<p>Lela \u0160\u0107epanovi\u0107 Dok Francuzi mijenjaju trasu autoputa da ne ugroze stabla maslina, u turisti\u010dkom kompleksu Valdanos kod Ulcinja propadaju hiljadugodi\u0161nja stabla maslina. Zbog nebrige dr\u017eave koja nema para za revitalizaciju maslinjaka, ali i prepucavanja ministarstava finansija i poljoprivrede oko toga \u010dija je nadle\u017enost revitalizacija ovih stabala, u uvali Valdanos propada vi\u0161e od 17.000 maslina. Ova [&hellip;]<\/p>\n","protected":false},"author":1,"featured_media":0,"comment_status":"closed","ping_status":"closed","sticky":false,"template":"","format":"standard","meta":{"spay_email":"","jetpack_publicize_message":"","jetpack_is_tweetstorm":false,"jetpack_publicize_feature_enabled":true},"categories":[6950],"tags":[],"jetpack_publicize_connections":[],"yoast_head":"<!-- This site is optimized with the Yoast SEO plugin v19.1 - https:\/\/yoast.com\/wordpress\/plugins\/seo\/ -->\n<title>Propadaju hiljadugodi\u0161nje masline Valdanosa, dr\u017eava nema para - Lajme nga Ulqini<\/title>\n<meta name=\"description\" content=\"Lela \u0160\u0107epanovi\u0107 Dok Francuzi mijenjaju trasu autoputa da ne ugroze stabla maslina, u turisti\u010dkom kompleksu Valdanos kod Ulcinja propadaju hiljadugodi\u0161nja\" \/>\n<meta name=\"robots\" content=\"index, follow, max-snippet:-1, max-image-preview:large, max-video-preview:-1\" \/>\n<link rel=\"canonical\" href=\"https:\/\/www.visit-ulcinj.com\/blog\/2016\/04\/09\/propadaju-hiljadugodisnje-masline-valdanosa-drzava-nema-para\/\" \/>\n<meta property=\"og:locale\" content=\"en_US\" \/>\n<meta property=\"og:type\" content=\"article\" \/>\n<meta property=\"og:title\" content=\"Propadaju hiljadugodi\u0161nje masline Valdanosa, dr\u017eava nema para - Lajme nga Ulqini\" \/>\n<meta property=\"og:description\" content=\"Lela \u0160\u0107epanovi\u0107 Dok Francuzi mijenjaju trasu autoputa da ne ugroze stabla maslina, u turisti\u010dkom kompleksu Valdanos kod Ulcinja propadaju hiljadugodi\u0161nja\" \/>\n<meta property=\"og:url\" content=\"https:\/\/www.visit-ulcinj.com\/blog\/2016\/04\/09\/propadaju-hiljadugodisnje-masline-valdanosa-drzava-nema-para\/\" \/>\n<meta property=\"og:site_name\" content=\"Lajme nga Ulqini\" \/>\n<meta property=\"article:published_time\" content=\"2016-04-09T16:29:50+00:00\" \/>\n<meta property=\"og:image\" content=\"http:\/\/www.visit-ulcinj.com\/blog\/wp-content\/uploads\/2016\/04\/Masline-Valdanos-Mustafa-Canka.jpg\" \/>\n<meta name=\"twitter:label1\" content=\"Written by\" \/>\n\t<meta name=\"twitter:data1\" content=\"ulqini\" \/>\n\t<meta name=\"twitter:label2\" content=\"Est. reading time\" \/>\n\t<meta name=\"twitter:data2\" content=\"4 minutes\" \/>\n<script type=\"application\/ld+json\" class=\"yoast-schema-graph\">{\"@context\":\"https:\/\/schema.org\",\"@graph\":[{\"@type\":\"WebSite\",\"@id\":\"https:\/\/www.visit-ulcinj.com\/blog\/#website\",\"url\":\"https:\/\/www.visit-ulcinj.com\/blog\/\",\"name\":\"Lajme nga Ulqini\",\"description\":\"Lajme,Vijesti,Ulqini,Ulqin,Crna Gora,Mali i Zi\",\"potentialAction\":[{\"@type\":\"SearchAction\",\"target\":{\"@type\":\"EntryPoint\",\"urlTemplate\":\"https:\/\/www.visit-ulcinj.com\/blog\/?s={search_term_string}\"},\"query-input\":\"required name=search_term_string\"}],\"inLanguage\":\"en-US\"},{\"@type\":\"ImageObject\",\"inLanguage\":\"en-US\",\"@id\":\"https:\/\/www.visit-ulcinj.com\/blog\/2016\/04\/09\/propadaju-hiljadugodisnje-masline-valdanosa-drzava-nema-para\/#primaryimage\",\"url\":\"https:\/\/www.visit-ulcinj.com\/blog\/wp-content\/uploads\/2016\/04\/Masline-Valdanos-Mustafa-Canka.jpg\",\"contentUrl\":\"https:\/\/www.visit-ulcinj.com\/blog\/wp-content\/uploads\/2016\/04\/Masline-Valdanos-Mustafa-Canka.jpg\",\"width\":635,\"height\":480},{\"@type\":\"WebPage\",\"@id\":\"https:\/\/www.visit-ulcinj.com\/blog\/2016\/04\/09\/propadaju-hiljadugodisnje-masline-valdanosa-drzava-nema-para\/#webpage\",\"url\":\"https:\/\/www.visit-ulcinj.com\/blog\/2016\/04\/09\/propadaju-hiljadugodisnje-masline-valdanosa-drzava-nema-para\/\",\"name\":\"Propadaju hiljadugodi\u0161nje masline Valdanosa, dr\u017eava nema para - Lajme nga Ulqini\",\"isPartOf\":{\"@id\":\"https:\/\/www.visit-ulcinj.com\/blog\/#website\"},\"primaryImageOfPage\":{\"@id\":\"https:\/\/www.visit-ulcinj.com\/blog\/2016\/04\/09\/propadaju-hiljadugodisnje-masline-valdanosa-drzava-nema-para\/#primaryimage\"},\"datePublished\":\"2016-04-09T16:29:50+00:00\",\"dateModified\":\"2016-04-09T16:29:50+00:00\",\"author\":{\"@id\":\"https:\/\/www.visit-ulcinj.com\/blog\/#\/schema\/person\/dcab619c614d3038751c63bc2aadc06d\"},\"description\":\"Lela \u0160\u0107epanovi\u0107 Dok Francuzi mijenjaju trasu autoputa da ne ugroze stabla maslina, u turisti\u010dkom kompleksu Valdanos kod Ulcinja propadaju hiljadugodi\u0161nja\",\"breadcrumb\":{\"@id\":\"https:\/\/www.visit-ulcinj.com\/blog\/2016\/04\/09\/propadaju-hiljadugodisnje-masline-valdanosa-drzava-nema-para\/#breadcrumb\"},\"inLanguage\":\"en-US\",\"potentialAction\":[{\"@type\":\"ReadAction\",\"target\":[\"https:\/\/www.visit-ulcinj.com\/blog\/2016\/04\/09\/propadaju-hiljadugodisnje-masline-valdanosa-drzava-nema-para\/\"]}]},{\"@type\":\"BreadcrumbList\",\"@id\":\"https:\/\/www.visit-ulcinj.com\/blog\/2016\/04\/09\/propadaju-hiljadugodisnje-masline-valdanosa-drzava-nema-para\/#breadcrumb\",\"itemListElement\":[{\"@type\":\"ListItem\",\"position\":1,\"name\":\"Propadaju hiljadugodi\u0161nje masline Valdanosa, dr\u017eava nema para\"}]},{\"@type\":\"Person\",\"@id\":\"https:\/\/www.visit-ulcinj.com\/blog\/#\/schema\/person\/dcab619c614d3038751c63bc2aadc06d\",\"name\":\"ulqini\",\"sameAs\":[\"http:\/\/www.visit-ulcinj.com\"],\"url\":\"https:\/\/www.visit-ulcinj.com\/blog\/author\/admin\/\"}]}<\/script>\n<!-- \/ Yoast SEO plugin. -->","yoast_head_json":{"title":"Propadaju hiljadugodi\u0161nje masline Valdanosa, dr\u017eava nema para - Lajme nga Ulqini","description":"Lela \u0160\u0107epanovi\u0107 Dok Francuzi mijenjaju trasu autoputa da ne ugroze stabla maslina, u turisti\u010dkom kompleksu Valdanos kod Ulcinja propadaju hiljadugodi\u0161nja","robots":{"index":"index","follow":"follow","max-snippet":"max-snippet:-1","max-image-preview":"max-image-preview:large","max-video-preview":"max-video-preview:-1"},"canonical":"https:\/\/www.visit-ulcinj.com\/blog\/2016\/04\/09\/propadaju-hiljadugodisnje-masline-valdanosa-drzava-nema-para\/","og_locale":"en_US","og_type":"article","og_title":"Propadaju hiljadugodi\u0161nje masline Valdanosa, dr\u017eava nema para - Lajme nga Ulqini","og_description":"Lela \u0160\u0107epanovi\u0107 Dok Francuzi mijenjaju trasu autoputa da ne ugroze stabla maslina, u turisti\u010dkom kompleksu Valdanos kod Ulcinja propadaju hiljadugodi\u0161nja","og_url":"https:\/\/www.visit-ulcinj.com\/blog\/2016\/04\/09\/propadaju-hiljadugodisnje-masline-valdanosa-drzava-nema-para\/","og_site_name":"Lajme nga Ulqini","article_published_time":"2016-04-09T16:29:50+00:00","og_image":[{"url":"http:\/\/www.visit-ulcinj.com\/blog\/wp-content\/uploads\/2016\/04\/Masline-Valdanos-Mustafa-Canka.jpg"}],"twitter_misc":{"Written by":"ulqini","Est. reading time":"4 minutes"},"schema":{"@context":"https:\/\/schema.org","@graph":[{"@type":"WebSite","@id":"https:\/\/www.visit-ulcinj.com\/blog\/#website","url":"https:\/\/www.visit-ulcinj.com\/blog\/","name":"Lajme nga Ulqini","description":"Lajme,Vijesti,Ulqini,Ulqin,Crna Gora,Mali i Zi","potentialAction":[{"@type":"SearchAction","target":{"@type":"EntryPoint","urlTemplate":"https:\/\/www.visit-ulcinj.com\/blog\/?s={search_term_string}"},"query-input":"required name=search_term_string"}],"inLanguage":"en-US"},{"@type":"ImageObject","inLanguage":"en-US","@id":"https:\/\/www.visit-ulcinj.com\/blog\/2016\/04\/09\/propadaju-hiljadugodisnje-masline-valdanosa-drzava-nema-para\/#primaryimage","url":"https:\/\/www.visit-ulcinj.com\/blog\/wp-content\/uploads\/2016\/04\/Masline-Valdanos-Mustafa-Canka.jpg","contentUrl":"https:\/\/www.visit-ulcinj.com\/blog\/wp-content\/uploads\/2016\/04\/Masline-Valdanos-Mustafa-Canka.jpg","width":635,"height":480},{"@type":"WebPage","@id":"https:\/\/www.visit-ulcinj.com\/blog\/2016\/04\/09\/propadaju-hiljadugodisnje-masline-valdanosa-drzava-nema-para\/#webpage","url":"https:\/\/www.visit-ulcinj.com\/blog\/2016\/04\/09\/propadaju-hiljadugodisnje-masline-valdanosa-drzava-nema-para\/","name":"Propadaju hiljadugodi\u0161nje masline Valdanosa, dr\u017eava nema para - Lajme nga Ulqini","isPartOf":{"@id":"https:\/\/www.visit-ulcinj.com\/blog\/#website"},"primaryImageOfPage":{"@id":"https:\/\/www.visit-ulcinj.com\/blog\/2016\/04\/09\/propadaju-hiljadugodisnje-masline-valdanosa-drzava-nema-para\/#primaryimage"},"datePublished":"2016-04-09T16:29:50+00:00","dateModified":"2016-04-09T16:29:50+00:00","author":{"@id":"https:\/\/www.visit-ulcinj.com\/blog\/#\/schema\/person\/dcab619c614d3038751c63bc2aadc06d"},"description":"Lela \u0160\u0107epanovi\u0107 Dok Francuzi mijenjaju trasu autoputa da ne ugroze stabla maslina, u turisti\u010dkom kompleksu Valdanos kod Ulcinja propadaju hiljadugodi\u0161nja","breadcrumb":{"@id":"https:\/\/www.visit-ulcinj.com\/blog\/2016\/04\/09\/propadaju-hiljadugodisnje-masline-valdanosa-drzava-nema-para\/#breadcrumb"},"inLanguage":"en-US","potentialAction":[{"@type":"ReadAction","target":["https:\/\/www.visit-ulcinj.com\/blog\/2016\/04\/09\/propadaju-hiljadugodisnje-masline-valdanosa-drzava-nema-para\/"]}]},{"@type":"BreadcrumbList","@id":"https:\/\/www.visit-ulcinj.com\/blog\/2016\/04\/09\/propadaju-hiljadugodisnje-masline-valdanosa-drzava-nema-para\/#breadcrumb","itemListElement":[{"@type":"ListItem","position":1,"name":"Propadaju hiljadugodi\u0161nje masline Valdanosa, dr\u017eava nema para"}]},{"@type":"Person","@id":"https:\/\/www.visit-ulcinj.com\/blog\/#\/schema\/person\/dcab619c614d3038751c63bc2aadc06d","name":"ulqini","sameAs":["http:\/\/www.visit-ulcinj.com"],"url":"https:\/\/www.visit-ulcinj.com\/blog\/author\/admin\/"}]}},"jetpack_featured_media_url":"","jetpack_sharing_enabled":true,"jetpack_shortlink":"https:\/\/wp.me\/pe6lTn-oY8","_links":{"self":[{"href":"https:\/\/www.visit-ulcinj.com\/blog\/wp-json\/wp\/v2\/posts\/95984"}],"collection":[{"href":"https:\/\/www.visit-ulcinj.com\/blog\/wp-json\/wp\/v2\/posts"}],"about":[{"href":"https:\/\/www.visit-ulcinj.com\/blog\/wp-json\/wp\/v2\/types\/post"}],"author":[{"embeddable":true,"href":"https:\/\/www.visit-ulcinj.com\/blog\/wp-json\/wp\/v2\/users\/1"}],"replies":[{"embeddable":true,"href":"https:\/\/www.visit-ulcinj.com\/blog\/wp-json\/wp\/v2\/comments?post=95984"}],"version-history":[{"count":1,"href":"https:\/\/www.visit-ulcinj.com\/blog\/wp-json\/wp\/v2\/posts\/95984\/revisions"}],"predecessor-version":[{"id":95987,"href":"https:\/\/www.visit-ulcinj.com\/blog\/wp-json\/wp\/v2\/posts\/95984\/revisions\/95987"}],"wp:attachment":[{"href":"https:\/\/www.visit-ulcinj.com\/blog\/wp-json\/wp\/v2\/media?parent=95984"}],"wp:term":[{"taxonomy":"category","embeddable":true,"href":"https:\/\/www.visit-ulcinj.com\/blog\/wp-json\/wp\/v2\/categories?post=95984"},{"taxonomy":"post_tag","embeddable":true,"href":"https:\/\/www.visit-ulcinj.com\/blog\/wp-json\/wp\/v2\/tags?post=95984"}],"curies":[{"name":"wp","href":"https:\/\/api.w.org\/{rel}","templated":true}]}}