{"id":95988,"date":"2016-04-09T18:17:07","date_gmt":"2016-04-09T17:17:07","guid":{"rendered":"http:\/\/www.visit-ulcinj.com\/blog\/?p=95988"},"modified":"2016-04-10T10:33:43","modified_gmt":"2016-04-10T09:33:43","slug":"turneu-tenisit-fed-cup-fillon-neser-ne-ulqin","status":"publish","type":"post","link":"https:\/\/www.visit-ulcinj.com\/blog\/2016\/04\/09\/turneu-tenisit-fed-cup-fillon-neser-ne-ulqin\/","title":{"rendered":"Turneu i tenisit &#8220;Fed Cup&#8221; fillon nes\u00ebr n\u00eb Ulqin"},"content":{"rendered":"<p><a href=\"http:\/\/www.visit-ulcinj.com\/blog\/wp-content\/uploads\/2013\/04\/fed-cup-ulqin.ulcinj-2013.jpg\"><img loading=\"lazy\" class=\"alignleft wp-image-70612\" src=\"http:\/\/www.visit-ulcinj.com\/blog\/wp-content\/uploads\/2013\/04\/fed-cup-ulqin.ulcinj-2013.jpg\" alt=\"fed cup ulqin.ulcinj 2013\" width=\"508\" height=\"287\" srcset=\"https:\/\/www.visit-ulcinj.com\/blog\/wp-content\/uploads\/2013\/04\/fed-cup-ulqin.ulcinj-2013.jpg 707w, https:\/\/www.visit-ulcinj.com\/blog\/wp-content\/uploads\/2013\/04\/fed-cup-ulqin.ulcinj-2013-300x169.jpg 300w\" sizes=\"(max-width: 508px) 100vw, 508px\" \/><\/a>Fillon turneu i tenisit \u201cFed Cup.\u201d, t\u00eb cil\u00ebn e organizon klubi i tenisit \u201cBellevue\u201d nga Ulqini.<\/p>\n<p>Pritet t\u00eb jet\u00eb nj\u00ebri prej turneve m\u00eb cil\u00ebsor\u00eb n\u00eb tre vitet e fundit\u201d, thuhet n\u00eb njoftimin e klubit t\u00eb tenisit \u201cBellevue\u201d. Hapja solemne e turneut FED Cup do zhvillohet n\u00eb fush\u00ebn e hotelit \u00a0Otrant n\u00eb ora 19.00 \u00a0. Organizator\u00ebt premtojn\u00eb se organizimi do t\u00eb jet\u00eb n\u00eb nivel t\u00eb lart\u00eb dhe priten ballafaqime atraktive nd\u00ebrmjet tenist\u00ebve.<\/p>\n<p>P\u00ebr t\u00eb gjith\u00eb adhuruesit e k\u00ebtij sporti q\u00eb d\u00ebshirojn\u00eb t\u00eb ndjekin k\u00ebt\u00eb turne hyrja \u00ebsht\u00eb pa pages.<\/p>\n","protected":false},"excerpt":{"rendered":"<p>Fillon turneu i tenisit \u201cFed Cup.\u201d, t\u00eb cil\u00ebn e organizon klubi i tenisit \u201cBellevue\u201d nga Ulqini. Pritet t\u00eb jet\u00eb nj\u00ebri prej turneve m\u00eb cil\u00ebsor\u00eb n\u00eb tre vitet e fundit\u201d, thuhet n\u00eb njoftimin e klubit t\u00eb tenisit \u201cBellevue\u201d. Hapja solemne e turneut FED Cup do zhvillohet n\u00eb fush\u00ebn e hotelit \u00a0Otrant n\u00eb ora 19.00 \u00a0. Organizator\u00ebt [&hellip;]<\/p>\n","protected":false},"author":1,"featured_media":0,"comment_status":"closed","ping_status":"closed","sticky":false,"template":"","format":"standard","meta":{"spay_email":"","jetpack_publicize_message":"","jetpack_is_tweetstorm":false,"jetpack_publicize_feature_enabled":true},"categories":[3],"tags":[],"jetpack_publicize_connections":[],"yoast_head":"<!-- This site is optimized with the Yoast SEO plugin v19.1 - https:\/\/yoast.com\/wordpress\/plugins\/seo\/ -->\n<title>Turneu i tenisit &quot;Fed Cup&quot; fillon nes\u00ebr n\u00eb Ulqin - Lajme nga Ulqini<\/title>\n<meta name=\"description\" content=\"Fillon turneu i tenisit \u201cFed Cup.\u201d, t\u00eb cil\u00ebn e organizon klubi i tenisit \u201cBellevue\u201d nga Ulqini. Pritet t\u00eb jet\u00eb nj\u00ebri prej turneve m\u00eb cil\u00ebsor\u00eb n\u00eb tre vitet\" \/>\n<meta name=\"robots\" content=\"index, follow, max-snippet:-1, max-image-preview:large, max-video-preview:-1\" \/>\n<link rel=\"canonical\" href=\"https:\/\/www.visit-ulcinj.com\/blog\/2016\/04\/09\/turneu-tenisit-fed-cup-fillon-neser-ne-ulqin\/\" \/>\n<meta property=\"og:locale\" content=\"en_US\" \/>\n<meta property=\"og:type\" content=\"article\" \/>\n<meta property=\"og:title\" content=\"Turneu i tenisit &quot;Fed Cup&quot; fillon nes\u00ebr n\u00eb Ulqin - Lajme nga Ulqini\" \/>\n<meta property=\"og:description\" content=\"Fillon turneu i tenisit \u201cFed Cup.\u201d, t\u00eb cil\u00ebn e organizon klubi i tenisit \u201cBellevue\u201d nga Ulqini. Pritet t\u00eb jet\u00eb nj\u00ebri prej turneve m\u00eb cil\u00ebsor\u00eb n\u00eb tre vitet\" \/>\n<meta property=\"og:url\" content=\"https:\/\/www.visit-ulcinj.com\/blog\/2016\/04\/09\/turneu-tenisit-fed-cup-fillon-neser-ne-ulqin\/\" \/>\n<meta property=\"og:site_name\" content=\"Lajme nga Ulqini\" \/>\n<meta property=\"article:published_time\" content=\"2016-04-09T17:17:07+00:00\" \/>\n<meta property=\"article:modified_time\" content=\"2016-04-10T09:33:43+00:00\" \/>\n<meta property=\"og:image\" content=\"http:\/\/www.visit-ulcinj.com\/blog\/wp-content\/uploads\/2013\/04\/fed-cup-ulqin.ulcinj-2013.jpg\" \/>\n<meta name=\"twitter:label1\" content=\"Written by\" \/>\n\t<meta name=\"twitter:data1\" content=\"ulqini\" \/>\n<script type=\"application\/ld+json\" class=\"yoast-schema-graph\">{\"@context\":\"https:\/\/schema.org\",\"@graph\":[{\"@type\":\"WebSite\",\"@id\":\"https:\/\/www.visit-ulcinj.com\/blog\/#website\",\"url\":\"https:\/\/www.visit-ulcinj.com\/blog\/\",\"name\":\"Lajme nga Ulqini\",\"description\":\"Lajme,Vijesti,Ulqini,Ulqin,Crna Gora,Mali i Zi\",\"potentialAction\":[{\"@type\":\"SearchAction\",\"target\":{\"@type\":\"EntryPoint\",\"urlTemplate\":\"https:\/\/www.visit-ulcinj.com\/blog\/?s={search_term_string}\"},\"query-input\":\"required name=search_term_string\"}],\"inLanguage\":\"en-US\"},{\"@type\":\"ImageObject\",\"inLanguage\":\"en-US\",\"@id\":\"https:\/\/www.visit-ulcinj.com\/blog\/2016\/04\/09\/turneu-tenisit-fed-cup-fillon-neser-ne-ulqin\/#primaryimage\",\"url\":\"https:\/\/www.visit-ulcinj.com\/blog\/wp-content\/uploads\/2013\/04\/fed-cup-ulqin.ulcinj-2013.jpg\",\"contentUrl\":\"https:\/\/www.visit-ulcinj.com\/blog\/wp-content\/uploads\/2013\/04\/fed-cup-ulqin.ulcinj-2013.jpg\",\"width\":707,\"height\":399},{\"@type\":\"WebPage\",\"@id\":\"https:\/\/www.visit-ulcinj.com\/blog\/2016\/04\/09\/turneu-tenisit-fed-cup-fillon-neser-ne-ulqin\/#webpage\",\"url\":\"https:\/\/www.visit-ulcinj.com\/blog\/2016\/04\/09\/turneu-tenisit-fed-cup-fillon-neser-ne-ulqin\/\",\"name\":\"Turneu i tenisit \\\"Fed Cup\\\" fillon nes\u00ebr n\u00eb Ulqin - Lajme nga Ulqini\",\"isPartOf\":{\"@id\":\"https:\/\/www.visit-ulcinj.com\/blog\/#website\"},\"primaryImageOfPage\":{\"@id\":\"https:\/\/www.visit-ulcinj.com\/blog\/2016\/04\/09\/turneu-tenisit-fed-cup-fillon-neser-ne-ulqin\/#primaryimage\"},\"datePublished\":\"2016-04-09T17:17:07+00:00\",\"dateModified\":\"2016-04-10T09:33:43+00:00\",\"author\":{\"@id\":\"https:\/\/www.visit-ulcinj.com\/blog\/#\/schema\/person\/dcab619c614d3038751c63bc2aadc06d\"},\"description\":\"Fillon turneu i tenisit \u201cFed Cup.\u201d, t\u00eb cil\u00ebn e organizon klubi i tenisit \u201cBellevue\u201d nga Ulqini. Pritet t\u00eb jet\u00eb nj\u00ebri prej turneve m\u00eb cil\u00ebsor\u00eb n\u00eb tre vitet\",\"breadcrumb\":{\"@id\":\"https:\/\/www.visit-ulcinj.com\/blog\/2016\/04\/09\/turneu-tenisit-fed-cup-fillon-neser-ne-ulqin\/#breadcrumb\"},\"inLanguage\":\"en-US\",\"potentialAction\":[{\"@type\":\"ReadAction\",\"target\":[\"https:\/\/www.visit-ulcinj.com\/blog\/2016\/04\/09\/turneu-tenisit-fed-cup-fillon-neser-ne-ulqin\/\"]}]},{\"@type\":\"BreadcrumbList\",\"@id\":\"https:\/\/www.visit-ulcinj.com\/blog\/2016\/04\/09\/turneu-tenisit-fed-cup-fillon-neser-ne-ulqin\/#breadcrumb\",\"itemListElement\":[{\"@type\":\"ListItem\",\"position\":1,\"name\":\"Turneu i tenisit &#8220;Fed Cup&#8221; fillon nes\u00ebr n\u00eb Ulqin\"}]},{\"@type\":\"Person\",\"@id\":\"https:\/\/www.visit-ulcinj.com\/blog\/#\/schema\/person\/dcab619c614d3038751c63bc2aadc06d\",\"name\":\"ulqini\",\"sameAs\":[\"http:\/\/www.visit-ulcinj.com\"],\"url\":\"https:\/\/www.visit-ulcinj.com\/blog\/author\/admin\/\"}]}<\/script>\n<!-- \/ Yoast SEO plugin. -->","yoast_head_json":{"title":"Turneu i tenisit \"Fed Cup\" fillon nes\u00ebr n\u00eb Ulqin - Lajme nga Ulqini","description":"Fillon turneu i tenisit \u201cFed Cup.\u201d, t\u00eb cil\u00ebn e organizon klubi i tenisit \u201cBellevue\u201d nga Ulqini. Pritet t\u00eb jet\u00eb nj\u00ebri prej turneve m\u00eb cil\u00ebsor\u00eb n\u00eb tre vitet","robots":{"index":"index","follow":"follow","max-snippet":"max-snippet:-1","max-image-preview":"max-image-preview:large","max-video-preview":"max-video-preview:-1"},"canonical":"https:\/\/www.visit-ulcinj.com\/blog\/2016\/04\/09\/turneu-tenisit-fed-cup-fillon-neser-ne-ulqin\/","og_locale":"en_US","og_type":"article","og_title":"Turneu i tenisit \"Fed Cup\" fillon nes\u00ebr n\u00eb Ulqin - Lajme nga Ulqini","og_description":"Fillon turneu i tenisit \u201cFed Cup.\u201d, t\u00eb cil\u00ebn e organizon klubi i tenisit \u201cBellevue\u201d nga Ulqini. Pritet t\u00eb jet\u00eb nj\u00ebri prej turneve m\u00eb cil\u00ebsor\u00eb n\u00eb tre vitet","og_url":"https:\/\/www.visit-ulcinj.com\/blog\/2016\/04\/09\/turneu-tenisit-fed-cup-fillon-neser-ne-ulqin\/","og_site_name":"Lajme nga Ulqini","article_published_time":"2016-04-09T17:17:07+00:00","article_modified_time":"2016-04-10T09:33:43+00:00","og_image":[{"url":"http:\/\/www.visit-ulcinj.com\/blog\/wp-content\/uploads\/2013\/04\/fed-cup-ulqin.ulcinj-2013.jpg"}],"twitter_misc":{"Written by":"ulqini"},"schema":{"@context":"https:\/\/schema.org","@graph":[{"@type":"WebSite","@id":"https:\/\/www.visit-ulcinj.com\/blog\/#website","url":"https:\/\/www.visit-ulcinj.com\/blog\/","name":"Lajme nga Ulqini","description":"Lajme,Vijesti,Ulqini,Ulqin,Crna Gora,Mali i Zi","potentialAction":[{"@type":"SearchAction","target":{"@type":"EntryPoint","urlTemplate":"https:\/\/www.visit-ulcinj.com\/blog\/?s={search_term_string}"},"query-input":"required name=search_term_string"}],"inLanguage":"en-US"},{"@type":"ImageObject","inLanguage":"en-US","@id":"https:\/\/www.visit-ulcinj.com\/blog\/2016\/04\/09\/turneu-tenisit-fed-cup-fillon-neser-ne-ulqin\/#primaryimage","url":"https:\/\/www.visit-ulcinj.com\/blog\/wp-content\/uploads\/2013\/04\/fed-cup-ulqin.ulcinj-2013.jpg","contentUrl":"https:\/\/www.visit-ulcinj.com\/blog\/wp-content\/uploads\/2013\/04\/fed-cup-ulqin.ulcinj-2013.jpg","width":707,"height":399},{"@type":"WebPage","@id":"https:\/\/www.visit-ulcinj.com\/blog\/2016\/04\/09\/turneu-tenisit-fed-cup-fillon-neser-ne-ulqin\/#webpage","url":"https:\/\/www.visit-ulcinj.com\/blog\/2016\/04\/09\/turneu-tenisit-fed-cup-fillon-neser-ne-ulqin\/","name":"Turneu i tenisit \"Fed Cup\" fillon nes\u00ebr n\u00eb Ulqin - Lajme nga Ulqini","isPartOf":{"@id":"https:\/\/www.visit-ulcinj.com\/blog\/#website"},"primaryImageOfPage":{"@id":"https:\/\/www.visit-ulcinj.com\/blog\/2016\/04\/09\/turneu-tenisit-fed-cup-fillon-neser-ne-ulqin\/#primaryimage"},"datePublished":"2016-04-09T17:17:07+00:00","dateModified":"2016-04-10T09:33:43+00:00","author":{"@id":"https:\/\/www.visit-ulcinj.com\/blog\/#\/schema\/person\/dcab619c614d3038751c63bc2aadc06d"},"description":"Fillon turneu i tenisit \u201cFed Cup.\u201d, t\u00eb cil\u00ebn e organizon klubi i tenisit \u201cBellevue\u201d nga Ulqini. Pritet t\u00eb jet\u00eb nj\u00ebri prej turneve m\u00eb cil\u00ebsor\u00eb n\u00eb tre vitet","breadcrumb":{"@id":"https:\/\/www.visit-ulcinj.com\/blog\/2016\/04\/09\/turneu-tenisit-fed-cup-fillon-neser-ne-ulqin\/#breadcrumb"},"inLanguage":"en-US","potentialAction":[{"@type":"ReadAction","target":["https:\/\/www.visit-ulcinj.com\/blog\/2016\/04\/09\/turneu-tenisit-fed-cup-fillon-neser-ne-ulqin\/"]}]},{"@type":"BreadcrumbList","@id":"https:\/\/www.visit-ulcinj.com\/blog\/2016\/04\/09\/turneu-tenisit-fed-cup-fillon-neser-ne-ulqin\/#breadcrumb","itemListElement":[{"@type":"ListItem","position":1,"name":"Turneu i tenisit &#8220;Fed Cup&#8221; fillon nes\u00ebr n\u00eb Ulqin"}]},{"@type":"Person","@id":"https:\/\/www.visit-ulcinj.com\/blog\/#\/schema\/person\/dcab619c614d3038751c63bc2aadc06d","name":"ulqini","sameAs":["http:\/\/www.visit-ulcinj.com"],"url":"https:\/\/www.visit-ulcinj.com\/blog\/author\/admin\/"}]}},"jetpack_featured_media_url":"","jetpack_sharing_enabled":true,"jetpack_shortlink":"https:\/\/wp.me\/pe6lTn-oYc","_links":{"self":[{"href":"https:\/\/www.visit-ulcinj.com\/blog\/wp-json\/wp\/v2\/posts\/95988"}],"collection":[{"href":"https:\/\/www.visit-ulcinj.com\/blog\/wp-json\/wp\/v2\/posts"}],"about":[{"href":"https:\/\/www.visit-ulcinj.com\/blog\/wp-json\/wp\/v2\/types\/post"}],"author":[{"embeddable":true,"href":"https:\/\/www.visit-ulcinj.com\/blog\/wp-json\/wp\/v2\/users\/1"}],"replies":[{"embeddable":true,"href":"https:\/\/www.visit-ulcinj.com\/blog\/wp-json\/wp\/v2\/comments?post=95988"}],"version-history":[{"count":2,"href":"https:\/\/www.visit-ulcinj.com\/blog\/wp-json\/wp\/v2\/posts\/95988\/revisions"}],"predecessor-version":[{"id":96007,"href":"https:\/\/www.visit-ulcinj.com\/blog\/wp-json\/wp\/v2\/posts\/95988\/revisions\/96007"}],"wp:attachment":[{"href":"https:\/\/www.visit-ulcinj.com\/blog\/wp-json\/wp\/v2\/media?parent=95988"}],"wp:term":[{"taxonomy":"category","embeddable":true,"href":"https:\/\/www.visit-ulcinj.com\/blog\/wp-json\/wp\/v2\/categories?post=95988"},{"taxonomy":"post_tag","embeddable":true,"href":"https:\/\/www.visit-ulcinj.com\/blog\/wp-json\/wp\/v2\/tags?post=95988"}],"curies":[{"name":"wp","href":"https:\/\/api.w.org\/{rel}","templated":true}]}}