{"id":96009,"date":"2016-04-10T21:30:38","date_gmt":"2016-04-10T20:30:38","guid":{"rendered":"http:\/\/www.visit-ulcinj.com\/blog\/?p=96009"},"modified":"2016-04-10T21:30:38","modified_gmt":"2016-04-10T20:30:38","slug":"misteret-e-varrezave-te-vuksanlekajve","status":"publish","type":"post","link":"https:\/\/www.visit-ulcinj.com\/blog\/2016\/04\/10\/misteret-e-varrezave-te-vuksanlekajve\/","title":{"rendered":"Misteret e varrezave t\u00eb Vuksanlekajve"},"content":{"rendered":"<div><a href=\"http:\/\/www.visit-ulcinj.com\/blog\/wp-content\/uploads\/2016\/04\/Misteret-e-varrezave-t\u00eb-Vuksanlekajve.jpg\"><img loading=\"lazy\" class=\"alignleft wp-image-96010\" src=\"http:\/\/www.visit-ulcinj.com\/blog\/wp-content\/uploads\/2016\/04\/Misteret-e-varrezave-t\u00eb-Vuksanlekajve.jpg\" alt=\"Misteret e varrezave t\u00eb Vuksanlekajve\" width=\"508\" height=\"235\" srcset=\"https:\/\/www.visit-ulcinj.com\/blog\/wp-content\/uploads\/2016\/04\/Misteret-e-varrezave-t\u00eb-Vuksanlekajve.jpg 645w, https:\/\/www.visit-ulcinj.com\/blog\/wp-content\/uploads\/2016\/04\/Misteret-e-varrezave-t\u00eb-Vuksanlekajve-300x139.jpg 300w\" sizes=\"(max-width: 508px) 100vw, 508px\" \/><\/a>Varrezat e Vuksanlekajve n\u00eb Mal\u00ebsi cil\u00ebsohen si monumente t\u00eb nj\u00eb r\u00ebnd\u00ebsie t\u00eb ve\u00e7ant\u00eb jo vet\u00ebm n\u00eb Mal t\u00eb Zi por edhe n\u00eb rajon. Ata jan\u00eb varreza pa emra dhe vet\u00ebm me simbole t\u00eb gdhendura n\u00eb gur\u00eb dhe q\u00eb konsiderohen si t\u00eb vetmet n\u00eb hap\u00ebsir\u00ebn e Ballkanit.<\/p>\n<p>Njoh\u00ebsit e mir\u00eb t\u00eb k\u00ebsaj kulture\u00a0 vler\u00ebsojn\u00eb se k\u00ebto varreza duhet t\u00eb studiohen, t\u00eb identifikohen dhe t\u00eb konzervohen si nj\u00eb trash\u00ebgimi e ve\u00e7ant\u00eb materiale t\u00eb zon\u00ebs s\u00eb Mal\u00ebsis\u00eb.<\/p>\n<p>Korrespondenti i Z\u00ebrit t\u00eb Amerik\u00ebs Ali Salaj\u00a0 p\u00ebrgatiti kronik\u00ebn.<\/p>\n<\/div>\n<p><b>VIDEO:<\/b><\/p>\n<!--YouTube Error: bad URL entered-->\n","protected":false},"excerpt":{"rendered":"<p>Varrezat e Vuksanlekajve n\u00eb Mal\u00ebsi cil\u00ebsohen si monumente t\u00eb nj\u00eb r\u00ebnd\u00ebsie t\u00eb ve\u00e7ant\u00eb jo vet\u00ebm n\u00eb Mal t\u00eb Zi por edhe n\u00eb rajon. Ata jan\u00eb varreza pa emra dhe vet\u00ebm me simbole t\u00eb gdhendura n\u00eb gur\u00eb dhe q\u00eb konsiderohen si t\u00eb vetmet n\u00eb hap\u00ebsir\u00ebn e Ballkanit. Njoh\u00ebsit e mir\u00eb t\u00eb k\u00ebsaj kulture\u00a0 vler\u00ebsojn\u00eb se k\u00ebto [&hellip;]<\/p>\n","protected":false},"author":1,"featured_media":0,"comment_status":"closed","ping_status":"closed","sticky":false,"template":"","format":"standard","meta":{"spay_email":"","jetpack_publicize_message":"","jetpack_is_tweetstorm":false,"jetpack_publicize_feature_enabled":true},"categories":[14],"tags":[],"jetpack_publicize_connections":[],"yoast_head":"<!-- This site is optimized with the Yoast SEO plugin v19.1 - https:\/\/yoast.com\/wordpress\/plugins\/seo\/ -->\n<title>Misteret e varrezave t\u00eb Vuksanlekajve - Lajme nga Ulqini<\/title>\n<meta name=\"description\" content=\"Varrezat e Vuksanlekajve n\u00eb Mal\u00ebsi cil\u00ebsohen si monumente t\u00eb nj\u00eb r\u00ebnd\u00ebsie t\u00eb ve\u00e7ant\u00eb jo vet\u00ebm n\u00eb Mal t\u00eb Zi por edhe n\u00eb rajon. Ata jan\u00eb varreza pa emra dhe\" \/>\n<meta name=\"robots\" content=\"index, follow, max-snippet:-1, max-image-preview:large, max-video-preview:-1\" \/>\n<link rel=\"canonical\" href=\"https:\/\/www.visit-ulcinj.com\/blog\/2016\/04\/10\/misteret-e-varrezave-te-vuksanlekajve\/\" \/>\n<meta property=\"og:locale\" content=\"en_US\" \/>\n<meta property=\"og:type\" content=\"article\" \/>\n<meta property=\"og:title\" content=\"Misteret e varrezave t\u00eb Vuksanlekajve - Lajme nga Ulqini\" \/>\n<meta property=\"og:description\" content=\"Varrezat e Vuksanlekajve n\u00eb Mal\u00ebsi cil\u00ebsohen si monumente t\u00eb nj\u00eb r\u00ebnd\u00ebsie t\u00eb ve\u00e7ant\u00eb jo vet\u00ebm n\u00eb Mal t\u00eb Zi por edhe n\u00eb rajon. Ata jan\u00eb varreza pa emra dhe\" \/>\n<meta property=\"og:url\" content=\"https:\/\/www.visit-ulcinj.com\/blog\/2016\/04\/10\/misteret-e-varrezave-te-vuksanlekajve\/\" \/>\n<meta property=\"og:site_name\" content=\"Lajme nga Ulqini\" \/>\n<meta property=\"article:published_time\" content=\"2016-04-10T20:30:38+00:00\" \/>\n<meta name=\"twitter:label1\" content=\"Written by\" \/>\n\t<meta name=\"twitter:data1\" content=\"ulqini\" \/>\n\t<meta name=\"twitter:label2\" content=\"Est. reading time\" \/>\n\t<meta name=\"twitter:data2\" content=\"1 minute\" \/>\n<script type=\"application\/ld+json\" class=\"yoast-schema-graph\">{\"@context\":\"https:\/\/schema.org\",\"@graph\":[{\"@type\":\"WebSite\",\"@id\":\"https:\/\/www.visit-ulcinj.com\/blog\/#website\",\"url\":\"https:\/\/www.visit-ulcinj.com\/blog\/\",\"name\":\"Lajme nga Ulqini\",\"description\":\"Lajme,Vijesti,Ulqini,Ulqin,Crna Gora,Mali i Zi\",\"potentialAction\":[{\"@type\":\"SearchAction\",\"target\":{\"@type\":\"EntryPoint\",\"urlTemplate\":\"https:\/\/www.visit-ulcinj.com\/blog\/?s={search_term_string}\"},\"query-input\":\"required name=search_term_string\"}],\"inLanguage\":\"en-US\"},{\"@type\":\"WebPage\",\"@id\":\"https:\/\/www.visit-ulcinj.com\/blog\/2016\/04\/10\/misteret-e-varrezave-te-vuksanlekajve\/#webpage\",\"url\":\"https:\/\/www.visit-ulcinj.com\/blog\/2016\/04\/10\/misteret-e-varrezave-te-vuksanlekajve\/\",\"name\":\"Misteret e varrezave t\u00eb Vuksanlekajve - Lajme nga Ulqini\",\"isPartOf\":{\"@id\":\"https:\/\/www.visit-ulcinj.com\/blog\/#website\"},\"datePublished\":\"2016-04-10T20:30:38+00:00\",\"dateModified\":\"2016-04-10T20:30:38+00:00\",\"author\":{\"@id\":\"https:\/\/www.visit-ulcinj.com\/blog\/#\/schema\/person\/dcab619c614d3038751c63bc2aadc06d\"},\"description\":\"Varrezat e Vuksanlekajve n\u00eb Mal\u00ebsi cil\u00ebsohen si monumente t\u00eb nj\u00eb r\u00ebnd\u00ebsie t\u00eb ve\u00e7ant\u00eb jo vet\u00ebm n\u00eb Mal t\u00eb Zi por edhe n\u00eb rajon. Ata jan\u00eb varreza pa emra dhe\",\"breadcrumb\":{\"@id\":\"https:\/\/www.visit-ulcinj.com\/blog\/2016\/04\/10\/misteret-e-varrezave-te-vuksanlekajve\/#breadcrumb\"},\"inLanguage\":\"en-US\",\"potentialAction\":[{\"@type\":\"ReadAction\",\"target\":[\"https:\/\/www.visit-ulcinj.com\/blog\/2016\/04\/10\/misteret-e-varrezave-te-vuksanlekajve\/\"]}]},{\"@type\":\"BreadcrumbList\",\"@id\":\"https:\/\/www.visit-ulcinj.com\/blog\/2016\/04\/10\/misteret-e-varrezave-te-vuksanlekajve\/#breadcrumb\",\"itemListElement\":[{\"@type\":\"ListItem\",\"position\":1,\"name\":\"Misteret e varrezave t\u00eb Vuksanlekajve\"}]},{\"@type\":\"Person\",\"@id\":\"https:\/\/www.visit-ulcinj.com\/blog\/#\/schema\/person\/dcab619c614d3038751c63bc2aadc06d\",\"name\":\"ulqini\",\"sameAs\":[\"http:\/\/www.visit-ulcinj.com\"],\"url\":\"https:\/\/www.visit-ulcinj.com\/blog\/author\/admin\/\"}]}<\/script>\n<!-- \/ Yoast SEO plugin. -->","yoast_head_json":{"title":"Misteret e varrezave t\u00eb Vuksanlekajve - Lajme nga Ulqini","description":"Varrezat e Vuksanlekajve n\u00eb Mal\u00ebsi cil\u00ebsohen si monumente t\u00eb nj\u00eb r\u00ebnd\u00ebsie t\u00eb ve\u00e7ant\u00eb jo vet\u00ebm n\u00eb Mal t\u00eb Zi por edhe n\u00eb rajon. Ata jan\u00eb varreza pa emra dhe","robots":{"index":"index","follow":"follow","max-snippet":"max-snippet:-1","max-image-preview":"max-image-preview:large","max-video-preview":"max-video-preview:-1"},"canonical":"https:\/\/www.visit-ulcinj.com\/blog\/2016\/04\/10\/misteret-e-varrezave-te-vuksanlekajve\/","og_locale":"en_US","og_type":"article","og_title":"Misteret e varrezave t\u00eb Vuksanlekajve - Lajme nga Ulqini","og_description":"Varrezat e Vuksanlekajve n\u00eb Mal\u00ebsi cil\u00ebsohen si monumente t\u00eb nj\u00eb r\u00ebnd\u00ebsie t\u00eb ve\u00e7ant\u00eb jo vet\u00ebm n\u00eb Mal t\u00eb Zi por edhe n\u00eb rajon. Ata jan\u00eb varreza pa emra dhe","og_url":"https:\/\/www.visit-ulcinj.com\/blog\/2016\/04\/10\/misteret-e-varrezave-te-vuksanlekajve\/","og_site_name":"Lajme nga Ulqini","article_published_time":"2016-04-10T20:30:38+00:00","twitter_misc":{"Written by":"ulqini","Est. reading time":"1 minute"},"schema":{"@context":"https:\/\/schema.org","@graph":[{"@type":"WebSite","@id":"https:\/\/www.visit-ulcinj.com\/blog\/#website","url":"https:\/\/www.visit-ulcinj.com\/blog\/","name":"Lajme nga Ulqini","description":"Lajme,Vijesti,Ulqini,Ulqin,Crna Gora,Mali i Zi","potentialAction":[{"@type":"SearchAction","target":{"@type":"EntryPoint","urlTemplate":"https:\/\/www.visit-ulcinj.com\/blog\/?s={search_term_string}"},"query-input":"required name=search_term_string"}],"inLanguage":"en-US"},{"@type":"WebPage","@id":"https:\/\/www.visit-ulcinj.com\/blog\/2016\/04\/10\/misteret-e-varrezave-te-vuksanlekajve\/#webpage","url":"https:\/\/www.visit-ulcinj.com\/blog\/2016\/04\/10\/misteret-e-varrezave-te-vuksanlekajve\/","name":"Misteret e varrezave t\u00eb Vuksanlekajve - Lajme nga Ulqini","isPartOf":{"@id":"https:\/\/www.visit-ulcinj.com\/blog\/#website"},"datePublished":"2016-04-10T20:30:38+00:00","dateModified":"2016-04-10T20:30:38+00:00","author":{"@id":"https:\/\/www.visit-ulcinj.com\/blog\/#\/schema\/person\/dcab619c614d3038751c63bc2aadc06d"},"description":"Varrezat e Vuksanlekajve n\u00eb Mal\u00ebsi cil\u00ebsohen si monumente t\u00eb nj\u00eb r\u00ebnd\u00ebsie t\u00eb ve\u00e7ant\u00eb jo vet\u00ebm n\u00eb Mal t\u00eb Zi por edhe n\u00eb rajon. Ata jan\u00eb varreza pa emra dhe","breadcrumb":{"@id":"https:\/\/www.visit-ulcinj.com\/blog\/2016\/04\/10\/misteret-e-varrezave-te-vuksanlekajve\/#breadcrumb"},"inLanguage":"en-US","potentialAction":[{"@type":"ReadAction","target":["https:\/\/www.visit-ulcinj.com\/blog\/2016\/04\/10\/misteret-e-varrezave-te-vuksanlekajve\/"]}]},{"@type":"BreadcrumbList","@id":"https:\/\/www.visit-ulcinj.com\/blog\/2016\/04\/10\/misteret-e-varrezave-te-vuksanlekajve\/#breadcrumb","itemListElement":[{"@type":"ListItem","position":1,"name":"Misteret e varrezave t\u00eb Vuksanlekajve"}]},{"@type":"Person","@id":"https:\/\/www.visit-ulcinj.com\/blog\/#\/schema\/person\/dcab619c614d3038751c63bc2aadc06d","name":"ulqini","sameAs":["http:\/\/www.visit-ulcinj.com"],"url":"https:\/\/www.visit-ulcinj.com\/blog\/author\/admin\/"}]}},"jetpack_featured_media_url":"","jetpack_sharing_enabled":true,"jetpack_shortlink":"https:\/\/wp.me\/pe6lTn-oYx","_links":{"self":[{"href":"https:\/\/www.visit-ulcinj.com\/blog\/wp-json\/wp\/v2\/posts\/96009"}],"collection":[{"href":"https:\/\/www.visit-ulcinj.com\/blog\/wp-json\/wp\/v2\/posts"}],"about":[{"href":"https:\/\/www.visit-ulcinj.com\/blog\/wp-json\/wp\/v2\/types\/post"}],"author":[{"embeddable":true,"href":"https:\/\/www.visit-ulcinj.com\/blog\/wp-json\/wp\/v2\/users\/1"}],"replies":[{"embeddable":true,"href":"https:\/\/www.visit-ulcinj.com\/blog\/wp-json\/wp\/v2\/comments?post=96009"}],"version-history":[{"count":1,"href":"https:\/\/www.visit-ulcinj.com\/blog\/wp-json\/wp\/v2\/posts\/96009\/revisions"}],"predecessor-version":[{"id":96011,"href":"https:\/\/www.visit-ulcinj.com\/blog\/wp-json\/wp\/v2\/posts\/96009\/revisions\/96011"}],"wp:attachment":[{"href":"https:\/\/www.visit-ulcinj.com\/blog\/wp-json\/wp\/v2\/media?parent=96009"}],"wp:term":[{"taxonomy":"category","embeddable":true,"href":"https:\/\/www.visit-ulcinj.com\/blog\/wp-json\/wp\/v2\/categories?post=96009"},{"taxonomy":"post_tag","embeddable":true,"href":"https:\/\/www.visit-ulcinj.com\/blog\/wp-json\/wp\/v2\/tags?post=96009"}],"curies":[{"name":"wp","href":"https:\/\/api.w.org\/{rel}","templated":true}]}}