{"id":96027,"date":"2016-04-12T20:45:32","date_gmt":"2016-04-12T19:45:32","guid":{"rendered":"http:\/\/www.visit-ulcinj.com\/blog\/?p=96027"},"modified":"2016-04-12T20:46:20","modified_gmt":"2016-04-12T19:46:20","slug":"u-ulcinj-otvoren-veliki-okov-centar-video","status":"publish","type":"post","link":"https:\/\/www.visit-ulcinj.com\/blog\/2016\/04\/12\/u-ulcinj-otvoren-veliki-okov-centar-video\/","title":{"rendered":"U Ulcinj otvoren veliki  Okov centar &#8211; Video"},"content":{"rendered":"<p><a href=\"http:\/\/www.visit-ulcinj.com\/blog\/wp-content\/uploads\/2016\/04\/U-Ulcinj-otvoren-veliki-Okov-centar.jpg\"><img loading=\"lazy\" class=\"alignleft wp-image-96028\" src=\"http:\/\/www.visit-ulcinj.com\/blog\/wp-content\/uploads\/2016\/04\/U-Ulcinj-otvoren-veliki-Okov-centar.jpg\" alt=\"U Ulcinj otvoren veliki  Okov centar\" width=\"508\" height=\"237\" srcset=\"https:\/\/www.visit-ulcinj.com\/blog\/wp-content\/uploads\/2016\/04\/U-Ulcinj-otvoren-veliki-Okov-centar.jpg 690w, https:\/\/www.visit-ulcinj.com\/blog\/wp-content\/uploads\/2016\/04\/U-Ulcinj-otvoren-veliki-Okov-centar-300x140.jpg 300w\" sizes=\"(max-width: 508px) 100vw, 508px\" \/><\/a>Sa zadovoljstvom saop\u0161tavamo da \u0107e veliki Okov centar u Ulcinju\u00a0biti otvoren u \u010detvrtak 7. aprila u 10 h. Novi centar se nalazi u Ulcinjskom polju, kod kru\u017enog toka koji razdvaja put za Vladimir i Bulevar Teuta.<\/p>\n<p>Na dan otvaranja odobrava se popust od <strong>minimum 15%<\/strong> na kompletan asortiman. Pripremljen je veliki broj akcijskih proizvoda sa jo\u0161 ve\u0107im umanjenjem cijena, a svaki 50. kupac \u0107e dobiti vrijedan poklon.\u00a0Sve\u010dana ceremonija po\u010dinje u 09:30 h, a sastoja\u0107e se od bogatog kulturno-umjetni\u010dkog programa. Akcijski letak, sa prodajnim pogodnostima koji \u0107e va\u017eiti u novom Okov centru mo\u017eete pogledati <strong><a href=\"https:\/\/drive.google.com\/file\/d\/0B6HPdSi5m-iwdGx1R2ZUOEhYWTA\/view\">ovdje<\/a>.<\/strong><\/p>\n<p>Otvaranjem novog, velikog centra zatvara se manja prodavnica u Ulcinju koja je sa uspjehom uslu\u017eivala gra\u0111ane punih 6 godina. Ipak, dinami\u010dan rast preduze\u0107a je u\u010dinio da postoje\u0107a prodavnica bude nedovoljna za izlaganje \u010ditavog asortimana pa se menad\u017ement odlu\u010dio za izgradnju modernog objekta koji \u0107e biti prvi izbor Ulcinjana kada je u pitanju opremanje doma, ba\u0161te ili radionice. Novi centar, ukupne povr\u0161ine 1.100 m2, \u0107e nuditi preko 20.000 artikala.<\/p>\n<p>Pogledajte TV reklamu koja najavljuje otvaranje velikog Okov centra.<\/p>\n<p><strong>Izvor: Okov.me<\/strong><\/p>\n<p><iframe loading=\"lazy\" frameborder=\"0\" width=\"508\" height=\"315\" src=\"\/\/www.dailymotion.com\/embed\/video\/x4349xi?autoPlay=1\" allowfullscreen><\/iframe><\/p>\n","protected":false},"excerpt":{"rendered":"<p>Sa zadovoljstvom saop\u0161tavamo da \u0107e veliki Okov centar u Ulcinju\u00a0biti otvoren u \u010detvrtak 7. aprila u 10 h. Novi centar se nalazi u Ulcinjskom polju, kod kru\u017enog toka koji razdvaja put za Vladimir i Bulevar Teuta. Na dan otvaranja odobrava se popust od minimum 15% na kompletan asortiman. Pripremljen je veliki broj akcijskih proizvoda sa [&hellip;]<\/p>\n","protected":false},"author":1,"featured_media":0,"comment_status":"closed","ping_status":"closed","sticky":false,"template":"","format":"standard","meta":{"spay_email":"","jetpack_publicize_message":"","jetpack_is_tweetstorm":false,"jetpack_publicize_feature_enabled":true},"categories":[8337],"tags":[],"jetpack_publicize_connections":[],"yoast_head":"<!-- This site is optimized with the Yoast SEO plugin v19.1 - https:\/\/yoast.com\/wordpress\/plugins\/seo\/ -->\n<title>U Ulcinj otvoren veliki Okov centar - Video - Lajme nga Ulqini<\/title>\n<meta name=\"description\" content=\"Sa zadovoljstvom saop\u0161tavamo da \u0107e veliki Okov centar u Ulcinju\u00a0biti otvoren u \u010detvrtak 7. aprila u 10 h. Novi centar se nalazi u Ulcinjskom polju, kod\" \/>\n<meta name=\"robots\" content=\"index, follow, max-snippet:-1, max-image-preview:large, max-video-preview:-1\" \/>\n<link rel=\"canonical\" href=\"https:\/\/www.visit-ulcinj.com\/blog\/2016\/04\/12\/u-ulcinj-otvoren-veliki-okov-centar-video\/\" \/>\n<meta property=\"og:locale\" content=\"en_US\" \/>\n<meta property=\"og:type\" content=\"article\" \/>\n<meta property=\"og:title\" content=\"U Ulcinj otvoren veliki Okov centar - Video - Lajme nga Ulqini\" \/>\n<meta property=\"og:description\" content=\"Sa zadovoljstvom saop\u0161tavamo da \u0107e veliki Okov centar u Ulcinju\u00a0biti otvoren u \u010detvrtak 7. aprila u 10 h. Novi centar se nalazi u Ulcinjskom polju, kod\" \/>\n<meta property=\"og:url\" content=\"https:\/\/www.visit-ulcinj.com\/blog\/2016\/04\/12\/u-ulcinj-otvoren-veliki-okov-centar-video\/\" \/>\n<meta property=\"og:site_name\" content=\"Lajme nga Ulqini\" \/>\n<meta property=\"article:published_time\" content=\"2016-04-12T19:45:32+00:00\" \/>\n<meta property=\"article:modified_time\" content=\"2016-04-12T19:46:20+00:00\" \/>\n<meta property=\"og:image\" content=\"http:\/\/www.visit-ulcinj.com\/blog\/wp-content\/uploads\/2016\/04\/U-Ulcinj-otvoren-veliki-Okov-centar.jpg\" \/>\n<meta name=\"twitter:label1\" content=\"Written by\" \/>\n\t<meta name=\"twitter:data1\" content=\"ulqini\" \/>\n\t<meta name=\"twitter:label2\" content=\"Est. reading time\" \/>\n\t<meta name=\"twitter:data2\" content=\"1 minute\" \/>\n<script type=\"application\/ld+json\" class=\"yoast-schema-graph\">{\"@context\":\"https:\/\/schema.org\",\"@graph\":[{\"@type\":\"WebSite\",\"@id\":\"https:\/\/www.visit-ulcinj.com\/blog\/#website\",\"url\":\"https:\/\/www.visit-ulcinj.com\/blog\/\",\"name\":\"Lajme nga Ulqini\",\"description\":\"Lajme,Vijesti,Ulqini,Ulqin,Crna Gora,Mali i Zi\",\"potentialAction\":[{\"@type\":\"SearchAction\",\"target\":{\"@type\":\"EntryPoint\",\"urlTemplate\":\"https:\/\/www.visit-ulcinj.com\/blog\/?s={search_term_string}\"},\"query-input\":\"required name=search_term_string\"}],\"inLanguage\":\"en-US\"},{\"@type\":\"ImageObject\",\"inLanguage\":\"en-US\",\"@id\":\"https:\/\/www.visit-ulcinj.com\/blog\/2016\/04\/12\/u-ulcinj-otvoren-veliki-okov-centar-video\/#primaryimage\",\"url\":\"https:\/\/www.visit-ulcinj.com\/blog\/wp-content\/uploads\/2016\/04\/U-Ulcinj-otvoren-veliki-Okov-centar.jpg\",\"contentUrl\":\"https:\/\/www.visit-ulcinj.com\/blog\/wp-content\/uploads\/2016\/04\/U-Ulcinj-otvoren-veliki-Okov-centar.jpg\",\"width\":690,\"height\":322},{\"@type\":\"WebPage\",\"@id\":\"https:\/\/www.visit-ulcinj.com\/blog\/2016\/04\/12\/u-ulcinj-otvoren-veliki-okov-centar-video\/#webpage\",\"url\":\"https:\/\/www.visit-ulcinj.com\/blog\/2016\/04\/12\/u-ulcinj-otvoren-veliki-okov-centar-video\/\",\"name\":\"U Ulcinj otvoren veliki Okov centar - Video - Lajme nga Ulqini\",\"isPartOf\":{\"@id\":\"https:\/\/www.visit-ulcinj.com\/blog\/#website\"},\"primaryImageOfPage\":{\"@id\":\"https:\/\/www.visit-ulcinj.com\/blog\/2016\/04\/12\/u-ulcinj-otvoren-veliki-okov-centar-video\/#primaryimage\"},\"datePublished\":\"2016-04-12T19:45:32+00:00\",\"dateModified\":\"2016-04-12T19:46:20+00:00\",\"author\":{\"@id\":\"https:\/\/www.visit-ulcinj.com\/blog\/#\/schema\/person\/dcab619c614d3038751c63bc2aadc06d\"},\"description\":\"Sa zadovoljstvom saop\u0161tavamo da \u0107e veliki Okov centar u Ulcinju\u00a0biti otvoren u \u010detvrtak 7. aprila u 10 h. Novi centar se nalazi u Ulcinjskom polju, kod\",\"breadcrumb\":{\"@id\":\"https:\/\/www.visit-ulcinj.com\/blog\/2016\/04\/12\/u-ulcinj-otvoren-veliki-okov-centar-video\/#breadcrumb\"},\"inLanguage\":\"en-US\",\"potentialAction\":[{\"@type\":\"ReadAction\",\"target\":[\"https:\/\/www.visit-ulcinj.com\/blog\/2016\/04\/12\/u-ulcinj-otvoren-veliki-okov-centar-video\/\"]}]},{\"@type\":\"BreadcrumbList\",\"@id\":\"https:\/\/www.visit-ulcinj.com\/blog\/2016\/04\/12\/u-ulcinj-otvoren-veliki-okov-centar-video\/#breadcrumb\",\"itemListElement\":[{\"@type\":\"ListItem\",\"position\":1,\"name\":\"U Ulcinj otvoren veliki Okov centar &#8211; Video\"}]},{\"@type\":\"Person\",\"@id\":\"https:\/\/www.visit-ulcinj.com\/blog\/#\/schema\/person\/dcab619c614d3038751c63bc2aadc06d\",\"name\":\"ulqini\",\"sameAs\":[\"http:\/\/www.visit-ulcinj.com\"],\"url\":\"https:\/\/www.visit-ulcinj.com\/blog\/author\/admin\/\"}]}<\/script>\n<!-- \/ Yoast SEO plugin. -->","yoast_head_json":{"title":"U Ulcinj otvoren veliki Okov centar - Video - Lajme nga Ulqini","description":"Sa zadovoljstvom saop\u0161tavamo da \u0107e veliki Okov centar u Ulcinju\u00a0biti otvoren u \u010detvrtak 7. aprila u 10 h. Novi centar se nalazi u Ulcinjskom polju, kod","robots":{"index":"index","follow":"follow","max-snippet":"max-snippet:-1","max-image-preview":"max-image-preview:large","max-video-preview":"max-video-preview:-1"},"canonical":"https:\/\/www.visit-ulcinj.com\/blog\/2016\/04\/12\/u-ulcinj-otvoren-veliki-okov-centar-video\/","og_locale":"en_US","og_type":"article","og_title":"U Ulcinj otvoren veliki Okov centar - Video - Lajme nga Ulqini","og_description":"Sa zadovoljstvom saop\u0161tavamo da \u0107e veliki Okov centar u Ulcinju\u00a0biti otvoren u \u010detvrtak 7. aprila u 10 h. Novi centar se nalazi u Ulcinjskom polju, kod","og_url":"https:\/\/www.visit-ulcinj.com\/blog\/2016\/04\/12\/u-ulcinj-otvoren-veliki-okov-centar-video\/","og_site_name":"Lajme nga Ulqini","article_published_time":"2016-04-12T19:45:32+00:00","article_modified_time":"2016-04-12T19:46:20+00:00","og_image":[{"url":"http:\/\/www.visit-ulcinj.com\/blog\/wp-content\/uploads\/2016\/04\/U-Ulcinj-otvoren-veliki-Okov-centar.jpg"}],"twitter_misc":{"Written by":"ulqini","Est. reading time":"1 minute"},"schema":{"@context":"https:\/\/schema.org","@graph":[{"@type":"WebSite","@id":"https:\/\/www.visit-ulcinj.com\/blog\/#website","url":"https:\/\/www.visit-ulcinj.com\/blog\/","name":"Lajme nga Ulqini","description":"Lajme,Vijesti,Ulqini,Ulqin,Crna Gora,Mali i Zi","potentialAction":[{"@type":"SearchAction","target":{"@type":"EntryPoint","urlTemplate":"https:\/\/www.visit-ulcinj.com\/blog\/?s={search_term_string}"},"query-input":"required name=search_term_string"}],"inLanguage":"en-US"},{"@type":"ImageObject","inLanguage":"en-US","@id":"https:\/\/www.visit-ulcinj.com\/blog\/2016\/04\/12\/u-ulcinj-otvoren-veliki-okov-centar-video\/#primaryimage","url":"https:\/\/www.visit-ulcinj.com\/blog\/wp-content\/uploads\/2016\/04\/U-Ulcinj-otvoren-veliki-Okov-centar.jpg","contentUrl":"https:\/\/www.visit-ulcinj.com\/blog\/wp-content\/uploads\/2016\/04\/U-Ulcinj-otvoren-veliki-Okov-centar.jpg","width":690,"height":322},{"@type":"WebPage","@id":"https:\/\/www.visit-ulcinj.com\/blog\/2016\/04\/12\/u-ulcinj-otvoren-veliki-okov-centar-video\/#webpage","url":"https:\/\/www.visit-ulcinj.com\/blog\/2016\/04\/12\/u-ulcinj-otvoren-veliki-okov-centar-video\/","name":"U Ulcinj otvoren veliki Okov centar - Video - Lajme nga Ulqini","isPartOf":{"@id":"https:\/\/www.visit-ulcinj.com\/blog\/#website"},"primaryImageOfPage":{"@id":"https:\/\/www.visit-ulcinj.com\/blog\/2016\/04\/12\/u-ulcinj-otvoren-veliki-okov-centar-video\/#primaryimage"},"datePublished":"2016-04-12T19:45:32+00:00","dateModified":"2016-04-12T19:46:20+00:00","author":{"@id":"https:\/\/www.visit-ulcinj.com\/blog\/#\/schema\/person\/dcab619c614d3038751c63bc2aadc06d"},"description":"Sa zadovoljstvom saop\u0161tavamo da \u0107e veliki Okov centar u Ulcinju\u00a0biti otvoren u \u010detvrtak 7. aprila u 10 h. Novi centar se nalazi u Ulcinjskom polju, kod","breadcrumb":{"@id":"https:\/\/www.visit-ulcinj.com\/blog\/2016\/04\/12\/u-ulcinj-otvoren-veliki-okov-centar-video\/#breadcrumb"},"inLanguage":"en-US","potentialAction":[{"@type":"ReadAction","target":["https:\/\/www.visit-ulcinj.com\/blog\/2016\/04\/12\/u-ulcinj-otvoren-veliki-okov-centar-video\/"]}]},{"@type":"BreadcrumbList","@id":"https:\/\/www.visit-ulcinj.com\/blog\/2016\/04\/12\/u-ulcinj-otvoren-veliki-okov-centar-video\/#breadcrumb","itemListElement":[{"@type":"ListItem","position":1,"name":"U Ulcinj otvoren veliki Okov centar &#8211; Video"}]},{"@type":"Person","@id":"https:\/\/www.visit-ulcinj.com\/blog\/#\/schema\/person\/dcab619c614d3038751c63bc2aadc06d","name":"ulqini","sameAs":["http:\/\/www.visit-ulcinj.com"],"url":"https:\/\/www.visit-ulcinj.com\/blog\/author\/admin\/"}]}},"jetpack_featured_media_url":"","jetpack_sharing_enabled":true,"jetpack_shortlink":"https:\/\/wp.me\/pe6lTn-oYP","_links":{"self":[{"href":"https:\/\/www.visit-ulcinj.com\/blog\/wp-json\/wp\/v2\/posts\/96027"}],"collection":[{"href":"https:\/\/www.visit-ulcinj.com\/blog\/wp-json\/wp\/v2\/posts"}],"about":[{"href":"https:\/\/www.visit-ulcinj.com\/blog\/wp-json\/wp\/v2\/types\/post"}],"author":[{"embeddable":true,"href":"https:\/\/www.visit-ulcinj.com\/blog\/wp-json\/wp\/v2\/users\/1"}],"replies":[{"embeddable":true,"href":"https:\/\/www.visit-ulcinj.com\/blog\/wp-json\/wp\/v2\/comments?post=96027"}],"version-history":[{"count":2,"href":"https:\/\/www.visit-ulcinj.com\/blog\/wp-json\/wp\/v2\/posts\/96027\/revisions"}],"predecessor-version":[{"id":96030,"href":"https:\/\/www.visit-ulcinj.com\/blog\/wp-json\/wp\/v2\/posts\/96027\/revisions\/96030"}],"wp:attachment":[{"href":"https:\/\/www.visit-ulcinj.com\/blog\/wp-json\/wp\/v2\/media?parent=96027"}],"wp:term":[{"taxonomy":"category","embeddable":true,"href":"https:\/\/www.visit-ulcinj.com\/blog\/wp-json\/wp\/v2\/categories?post=96027"},{"taxonomy":"post_tag","embeddable":true,"href":"https:\/\/www.visit-ulcinj.com\/blog\/wp-json\/wp\/v2\/tags?post=96027"}],"curies":[{"name":"wp","href":"https:\/\/api.w.org\/{rel}","templated":true}]}}