{"id":96055,"date":"2016-04-08T22:51:31","date_gmt":"2016-04-08T21:51:31","guid":{"rendered":"http:\/\/www.visit-ulcinj.com\/blog\/?p=96055"},"modified":"2016-04-12T22:55:25","modified_gmt":"2016-04-12T21:55:25","slug":"deponija-smeca-u-stoju-dobrodoslica-za-turiste","status":"publish","type":"post","link":"https:\/\/www.visit-ulcinj.com\/blog\/2016\/04\/08\/deponija-smeca-u-stoju-dobrodoslica-za-turiste\/","title":{"rendered":"Deponija sme\u0107a u \u0160toju \u201cdobrodo\u0161lica\u201d za turiste"},"content":{"rendered":"<p><a href=\"http:\/\/www.visit-ulcinj.com\/blog\/wp-content\/uploads\/2016\/04\/Deponija-smeca-Stoj-Ulcinj.jpg\"><img loading=\"lazy\" class=\"alignleft wp-image-96056\" src=\"http:\/\/www.visit-ulcinj.com\/blog\/wp-content\/uploads\/2016\/04\/Deponija-smeca-Stoj-Ulcinj.jpg\" alt=\"Deponija smeca -Stoj-Ulcinj\" width=\"508\" height=\"339\" srcset=\"https:\/\/www.visit-ulcinj.com\/blog\/wp-content\/uploads\/2016\/04\/Deponija-smeca-Stoj-Ulcinj.jpg 615w, https:\/\/www.visit-ulcinj.com\/blog\/wp-content\/uploads\/2016\/04\/Deponija-smeca-Stoj-Ulcinj-300x200.jpg 300w\" sizes=\"(max-width: 508px) 100vw, 508px\" \/><\/a><strong>Foto: Predrag Juri\u0161evi\u0107<\/strong><\/p>\n<p>Iako turisti\u010dka sezona nije zvani\u010dno po\u010dela, brojni ugostitelji se spremaju da do\u010dekaju <strong><a href=\"http:\/\/patuljak.me\/turizam\">turiste<\/a><\/strong>, od kojih su se neki ve\u0107 sada uputili prema na\u0161em primorju, kako bi u\u017eivali u neobi\u010dno toplim prolje\u0107nim danima.<\/p>\n<p>Ipak, postupcima <strong>nesavjesnih pojedinaca<\/strong>, sa pojedinih lokacija na crnogorskoj obali, dolazi ru\u017ena slika, koja svakako ne prili\u010di nijednom gradu.<\/p>\n<p><strong><a href=\"http:\/\/www.kolektiv.me\/66641\/foto-sutomore-runa-slika-pred-sam-poetak-turistike-sezone\">U utorak\u00a0ste na na\u0161em portal imali priliku da pro\u010ditate kakva je situacija u Sutomoru<\/a><\/strong>, a najnovije fotografije nam sti\u017eu iz najju\u017enijeg crnogorskog grada \u2013 <strong>Ulcinja.<\/strong><\/p>\n<p>Naime, u samom centru <strong>Donjeg \u0160toja<\/strong>, na Velikoj pla\u017ei u Ulcinju, pored kontejnera se nalazi deponija, koja \u201cdo\u010deka\u201d svakog gosta koji tu pro\u0111e. Ovako je ve\u0107 tri mjeseca, a kako ka\u017ee na\u0161 \u010ditalac reporter, <strong>Predrag Juri\u0161evi\u0107<\/strong> iz Ulcinja, ako se ovako nastavi mo\u017ee do\u0107i i\u00a0do zaraze.<\/p>\n<p><a href=\"http:\/\/www.visit-ulcinj.com\/blog\/wp-content\/uploads\/2016\/04\/Deponija-smeca-Stoj-Ulcinj-1.jpg\"><img loading=\"lazy\" class=\"alignleft wp-image-96057\" src=\"http:\/\/www.visit-ulcinj.com\/blog\/wp-content\/uploads\/2016\/04\/Deponija-smeca-Stoj-Ulcinj-1.jpg\" alt=\"Deponija smeca -Stoj-Ulcinj-1\" width=\"508\" height=\"381\" srcset=\"https:\/\/www.visit-ulcinj.com\/blog\/wp-content\/uploads\/2016\/04\/Deponija-smeca-Stoj-Ulcinj-1.jpg 610w, https:\/\/www.visit-ulcinj.com\/blog\/wp-content\/uploads\/2016\/04\/Deponija-smeca-Stoj-Ulcinj-1-300x225.jpg 300w\" sizes=\"(max-width: 508px) 100vw, 508px\" \/><\/a><\/p>\n<p><strong>\u201cE ovako se do\u010dekuje sezona u samom centru Donjeg \u0160toja na Velikoj pla\u017ei u Ulcinju, koja najvi\u0161e prihoduje ovome gradu tokom sezone, a sigurno dosta i dr\u017eavi. Svaki gost koji se uputi prema pla\u017ei ili Adi Bojani, pro\u0111e pored ove deponije. Ovo stoji ve\u0107 tri mjeseca ovako, i ako se ovako nastavi, neka zaraza je zagarantovana\u201d<\/strong>, ka\u017ee on za <strong>Kolektiv.me.<\/strong><\/p>\n<p>Iako se na ovom mjestu nalaze \u010dak <strong>\u010detiri kontejnera<\/strong>, pojedinci odla\u017eu sme\u0107e i\u00a0razli\u010dite vrste materijala oko njih, pa se napravljena deponija neprestano \u0161iri. Kako ka\u017ee na\u0161 sagovornik, pojedini mje\u0161tani uskoro ne\u0107e mo\u0107i da pri\u0111u svojim ku\u0107ama od otpada, jer se nalazi ta\u010dno na skretanju sa glavne magistrale u sporednu ulicu.<\/p>\n<p><a href=\"http:\/\/www.visit-ulcinj.com\/blog\/wp-content\/uploads\/2016\/04\/Deponija-smeca-Stoj-Ulcinj-2.jpg\"><img loading=\"lazy\" class=\"alignleft wp-image-96058\" src=\"http:\/\/www.visit-ulcinj.com\/blog\/wp-content\/uploads\/2016\/04\/Deponija-smeca-Stoj-Ulcinj-2.jpg\" alt=\"Deponija smeca -Stoj-Ulcinj-2\" width=\"508\" height=\"381\" srcset=\"https:\/\/www.visit-ulcinj.com\/blog\/wp-content\/uploads\/2016\/04\/Deponija-smeca-Stoj-Ulcinj-2.jpg 610w, https:\/\/www.visit-ulcinj.com\/blog\/wp-content\/uploads\/2016\/04\/Deponija-smeca-Stoj-Ulcinj-2-300x225.jpg 300w\" sizes=\"(max-width: 508px) 100vw, 508px\" \/><\/a><\/p>\n<p><strong>\u201cKao \u0161to vidite, komunalci su bili i samo ispraznili kontenjere, a ovo okolo nije njihovo. Sme\u0107e ne umije istina da pokupi, a pare kad stigne ljeto i te kako umije\u201d<\/strong>, zaklju\u010duje <strong>Juri\u0161evi\u0107 <\/strong>za <strong>Kolektiv.me.<\/strong><\/p>\n<p>Sezona samo \u0161to nije po\u010dela, a ovakva slika, sigurno nije ne\u0161to \u0161to treba da do\u010deka turiste!<\/p>\n<p><a href=\"http:\/\/www.kolektiv.me\/66764\/foto-ulcinj-deponija-smea-kao-dobrodolica-za-goste\" target=\"_blank\"><strong>Izvor: Kolektiv.me<\/strong><\/a><\/p>\n","protected":false},"excerpt":{"rendered":"<p>Foto: Predrag Juri\u0161evi\u0107 Iako turisti\u010dka sezona nije zvani\u010dno po\u010dela, brojni ugostitelji se spremaju da do\u010dekaju turiste, od kojih su se neki ve\u0107 sada uputili prema na\u0161em primorju, kako bi u\u017eivali u neobi\u010dno toplim prolje\u0107nim danima. Ipak, postupcima nesavjesnih pojedinaca, sa pojedinih lokacija na crnogorskoj obali, dolazi ru\u017ena slika, koja svakako ne prili\u010di nijednom gradu. U [&hellip;]<\/p>\n","protected":false},"author":1,"featured_media":0,"comment_status":"closed","ping_status":"closed","sticky":false,"template":"","format":"standard","meta":{"spay_email":"","jetpack_publicize_message":"","jetpack_is_tweetstorm":false,"jetpack_publicize_feature_enabled":true},"categories":[8337],"tags":[],"jetpack_publicize_connections":[],"yoast_head":"<!-- This site is optimized with the Yoast SEO plugin v19.1 - https:\/\/yoast.com\/wordpress\/plugins\/seo\/ -->\n<title>Deponija sme\u0107a u \u0160toju \u201cdobrodo\u0161lica\u201d za turiste - Lajme nga Ulqini<\/title>\n<meta name=\"description\" content=\"Foto: Predrag Juri\u0161evi\u0107 Iako turisti\u010dka sezona nije zvani\u010dno po\u010dela, brojni ugostitelji se spremaju da do\u010dekaju turiste, od kojih su se neki ve\u0107 sada\" \/>\n<meta name=\"robots\" content=\"index, follow, max-snippet:-1, max-image-preview:large, max-video-preview:-1\" \/>\n<link rel=\"canonical\" href=\"https:\/\/www.visit-ulcinj.com\/blog\/2016\/04\/08\/deponija-smeca-u-stoju-dobrodoslica-za-turiste\/\" \/>\n<meta property=\"og:locale\" content=\"en_US\" \/>\n<meta property=\"og:type\" content=\"article\" \/>\n<meta property=\"og:title\" content=\"Deponija sme\u0107a u \u0160toju \u201cdobrodo\u0161lica\u201d za turiste - Lajme nga Ulqini\" \/>\n<meta property=\"og:description\" content=\"Foto: Predrag Juri\u0161evi\u0107 Iako turisti\u010dka sezona nije zvani\u010dno po\u010dela, brojni ugostitelji se spremaju da do\u010dekaju turiste, od kojih su se neki ve\u0107 sada\" \/>\n<meta property=\"og:url\" content=\"https:\/\/www.visit-ulcinj.com\/blog\/2016\/04\/08\/deponija-smeca-u-stoju-dobrodoslica-za-turiste\/\" \/>\n<meta property=\"og:site_name\" content=\"Lajme nga Ulqini\" \/>\n<meta property=\"article:published_time\" content=\"2016-04-08T21:51:31+00:00\" \/>\n<meta property=\"article:modified_time\" content=\"2016-04-12T21:55:25+00:00\" \/>\n<meta property=\"og:image\" content=\"http:\/\/www.visit-ulcinj.com\/blog\/wp-content\/uploads\/2016\/04\/Deponija-smeca-Stoj-Ulcinj.jpg\" \/>\n<meta name=\"twitter:label1\" content=\"Written by\" \/>\n\t<meta name=\"twitter:data1\" content=\"ulqini\" \/>\n\t<meta name=\"twitter:label2\" content=\"Est. reading time\" \/>\n\t<meta name=\"twitter:data2\" content=\"2 minutes\" \/>\n<script type=\"application\/ld+json\" class=\"yoast-schema-graph\">{\"@context\":\"https:\/\/schema.org\",\"@graph\":[{\"@type\":\"WebSite\",\"@id\":\"https:\/\/www.visit-ulcinj.com\/blog\/#website\",\"url\":\"https:\/\/www.visit-ulcinj.com\/blog\/\",\"name\":\"Lajme nga Ulqini\",\"description\":\"Lajme,Vijesti,Ulqini,Ulqin,Crna Gora,Mali i Zi\",\"potentialAction\":[{\"@type\":\"SearchAction\",\"target\":{\"@type\":\"EntryPoint\",\"urlTemplate\":\"https:\/\/www.visit-ulcinj.com\/blog\/?s={search_term_string}\"},\"query-input\":\"required name=search_term_string\"}],\"inLanguage\":\"en-US\"},{\"@type\":\"ImageObject\",\"inLanguage\":\"en-US\",\"@id\":\"https:\/\/www.visit-ulcinj.com\/blog\/2016\/04\/08\/deponija-smeca-u-stoju-dobrodoslica-za-turiste\/#primaryimage\",\"url\":\"https:\/\/www.visit-ulcinj.com\/blog\/wp-content\/uploads\/2016\/04\/Deponija-smeca-Stoj-Ulcinj.jpg\",\"contentUrl\":\"https:\/\/www.visit-ulcinj.com\/blog\/wp-content\/uploads\/2016\/04\/Deponija-smeca-Stoj-Ulcinj.jpg\",\"width\":615,\"height\":410},{\"@type\":\"WebPage\",\"@id\":\"https:\/\/www.visit-ulcinj.com\/blog\/2016\/04\/08\/deponija-smeca-u-stoju-dobrodoslica-za-turiste\/#webpage\",\"url\":\"https:\/\/www.visit-ulcinj.com\/blog\/2016\/04\/08\/deponija-smeca-u-stoju-dobrodoslica-za-turiste\/\",\"name\":\"Deponija sme\u0107a u \u0160toju \u201cdobrodo\u0161lica\u201d za turiste - Lajme nga Ulqini\",\"isPartOf\":{\"@id\":\"https:\/\/www.visit-ulcinj.com\/blog\/#website\"},\"primaryImageOfPage\":{\"@id\":\"https:\/\/www.visit-ulcinj.com\/blog\/2016\/04\/08\/deponija-smeca-u-stoju-dobrodoslica-za-turiste\/#primaryimage\"},\"datePublished\":\"2016-04-08T21:51:31+00:00\",\"dateModified\":\"2016-04-12T21:55:25+00:00\",\"author\":{\"@id\":\"https:\/\/www.visit-ulcinj.com\/blog\/#\/schema\/person\/dcab619c614d3038751c63bc2aadc06d\"},\"description\":\"Foto: Predrag Juri\u0161evi\u0107 Iako turisti\u010dka sezona nije zvani\u010dno po\u010dela, brojni ugostitelji se spremaju da do\u010dekaju turiste, od kojih su se neki ve\u0107 sada\",\"breadcrumb\":{\"@id\":\"https:\/\/www.visit-ulcinj.com\/blog\/2016\/04\/08\/deponija-smeca-u-stoju-dobrodoslica-za-turiste\/#breadcrumb\"},\"inLanguage\":\"en-US\",\"potentialAction\":[{\"@type\":\"ReadAction\",\"target\":[\"https:\/\/www.visit-ulcinj.com\/blog\/2016\/04\/08\/deponija-smeca-u-stoju-dobrodoslica-za-turiste\/\"]}]},{\"@type\":\"BreadcrumbList\",\"@id\":\"https:\/\/www.visit-ulcinj.com\/blog\/2016\/04\/08\/deponija-smeca-u-stoju-dobrodoslica-za-turiste\/#breadcrumb\",\"itemListElement\":[{\"@type\":\"ListItem\",\"position\":1,\"name\":\"Deponija sme\u0107a u \u0160toju \u201cdobrodo\u0161lica\u201d za turiste\"}]},{\"@type\":\"Person\",\"@id\":\"https:\/\/www.visit-ulcinj.com\/blog\/#\/schema\/person\/dcab619c614d3038751c63bc2aadc06d\",\"name\":\"ulqini\",\"sameAs\":[\"http:\/\/www.visit-ulcinj.com\"],\"url\":\"https:\/\/www.visit-ulcinj.com\/blog\/author\/admin\/\"}]}<\/script>\n<!-- \/ Yoast SEO plugin. -->","yoast_head_json":{"title":"Deponija sme\u0107a u \u0160toju \u201cdobrodo\u0161lica\u201d za turiste - Lajme nga Ulqini","description":"Foto: Predrag Juri\u0161evi\u0107 Iako turisti\u010dka sezona nije zvani\u010dno po\u010dela, brojni ugostitelji se spremaju da do\u010dekaju turiste, od kojih su se neki ve\u0107 sada","robots":{"index":"index","follow":"follow","max-snippet":"max-snippet:-1","max-image-preview":"max-image-preview:large","max-video-preview":"max-video-preview:-1"},"canonical":"https:\/\/www.visit-ulcinj.com\/blog\/2016\/04\/08\/deponija-smeca-u-stoju-dobrodoslica-za-turiste\/","og_locale":"en_US","og_type":"article","og_title":"Deponija sme\u0107a u \u0160toju \u201cdobrodo\u0161lica\u201d za turiste - Lajme nga Ulqini","og_description":"Foto: Predrag Juri\u0161evi\u0107 Iako turisti\u010dka sezona nije zvani\u010dno po\u010dela, brojni ugostitelji se spremaju da do\u010dekaju turiste, od kojih su se neki ve\u0107 sada","og_url":"https:\/\/www.visit-ulcinj.com\/blog\/2016\/04\/08\/deponija-smeca-u-stoju-dobrodoslica-za-turiste\/","og_site_name":"Lajme nga Ulqini","article_published_time":"2016-04-08T21:51:31+00:00","article_modified_time":"2016-04-12T21:55:25+00:00","og_image":[{"url":"http:\/\/www.visit-ulcinj.com\/blog\/wp-content\/uploads\/2016\/04\/Deponija-smeca-Stoj-Ulcinj.jpg"}],"twitter_misc":{"Written by":"ulqini","Est. reading time":"2 minutes"},"schema":{"@context":"https:\/\/schema.org","@graph":[{"@type":"WebSite","@id":"https:\/\/www.visit-ulcinj.com\/blog\/#website","url":"https:\/\/www.visit-ulcinj.com\/blog\/","name":"Lajme nga Ulqini","description":"Lajme,Vijesti,Ulqini,Ulqin,Crna Gora,Mali i Zi","potentialAction":[{"@type":"SearchAction","target":{"@type":"EntryPoint","urlTemplate":"https:\/\/www.visit-ulcinj.com\/blog\/?s={search_term_string}"},"query-input":"required name=search_term_string"}],"inLanguage":"en-US"},{"@type":"ImageObject","inLanguage":"en-US","@id":"https:\/\/www.visit-ulcinj.com\/blog\/2016\/04\/08\/deponija-smeca-u-stoju-dobrodoslica-za-turiste\/#primaryimage","url":"https:\/\/www.visit-ulcinj.com\/blog\/wp-content\/uploads\/2016\/04\/Deponija-smeca-Stoj-Ulcinj.jpg","contentUrl":"https:\/\/www.visit-ulcinj.com\/blog\/wp-content\/uploads\/2016\/04\/Deponija-smeca-Stoj-Ulcinj.jpg","width":615,"height":410},{"@type":"WebPage","@id":"https:\/\/www.visit-ulcinj.com\/blog\/2016\/04\/08\/deponija-smeca-u-stoju-dobrodoslica-za-turiste\/#webpage","url":"https:\/\/www.visit-ulcinj.com\/blog\/2016\/04\/08\/deponija-smeca-u-stoju-dobrodoslica-za-turiste\/","name":"Deponija sme\u0107a u \u0160toju \u201cdobrodo\u0161lica\u201d za turiste - Lajme nga Ulqini","isPartOf":{"@id":"https:\/\/www.visit-ulcinj.com\/blog\/#website"},"primaryImageOfPage":{"@id":"https:\/\/www.visit-ulcinj.com\/blog\/2016\/04\/08\/deponija-smeca-u-stoju-dobrodoslica-za-turiste\/#primaryimage"},"datePublished":"2016-04-08T21:51:31+00:00","dateModified":"2016-04-12T21:55:25+00:00","author":{"@id":"https:\/\/www.visit-ulcinj.com\/blog\/#\/schema\/person\/dcab619c614d3038751c63bc2aadc06d"},"description":"Foto: Predrag Juri\u0161evi\u0107 Iako turisti\u010dka sezona nije zvani\u010dno po\u010dela, brojni ugostitelji se spremaju da do\u010dekaju turiste, od kojih su se neki ve\u0107 sada","breadcrumb":{"@id":"https:\/\/www.visit-ulcinj.com\/blog\/2016\/04\/08\/deponija-smeca-u-stoju-dobrodoslica-za-turiste\/#breadcrumb"},"inLanguage":"en-US","potentialAction":[{"@type":"ReadAction","target":["https:\/\/www.visit-ulcinj.com\/blog\/2016\/04\/08\/deponija-smeca-u-stoju-dobrodoslica-za-turiste\/"]}]},{"@type":"BreadcrumbList","@id":"https:\/\/www.visit-ulcinj.com\/blog\/2016\/04\/08\/deponija-smeca-u-stoju-dobrodoslica-za-turiste\/#breadcrumb","itemListElement":[{"@type":"ListItem","position":1,"name":"Deponija sme\u0107a u \u0160toju \u201cdobrodo\u0161lica\u201d za turiste"}]},{"@type":"Person","@id":"https:\/\/www.visit-ulcinj.com\/blog\/#\/schema\/person\/dcab619c614d3038751c63bc2aadc06d","name":"ulqini","sameAs":["http:\/\/www.visit-ulcinj.com"],"url":"https:\/\/www.visit-ulcinj.com\/blog\/author\/admin\/"}]}},"jetpack_featured_media_url":"","jetpack_sharing_enabled":true,"jetpack_shortlink":"https:\/\/wp.me\/pe6lTn-oZh","_links":{"self":[{"href":"https:\/\/www.visit-ulcinj.com\/blog\/wp-json\/wp\/v2\/posts\/96055"}],"collection":[{"href":"https:\/\/www.visit-ulcinj.com\/blog\/wp-json\/wp\/v2\/posts"}],"about":[{"href":"https:\/\/www.visit-ulcinj.com\/blog\/wp-json\/wp\/v2\/types\/post"}],"author":[{"embeddable":true,"href":"https:\/\/www.visit-ulcinj.com\/blog\/wp-json\/wp\/v2\/users\/1"}],"replies":[{"embeddable":true,"href":"https:\/\/www.visit-ulcinj.com\/blog\/wp-json\/wp\/v2\/comments?post=96055"}],"version-history":[{"count":2,"href":"https:\/\/www.visit-ulcinj.com\/blog\/wp-json\/wp\/v2\/posts\/96055\/revisions"}],"predecessor-version":[{"id":96060,"href":"https:\/\/www.visit-ulcinj.com\/blog\/wp-json\/wp\/v2\/posts\/96055\/revisions\/96060"}],"wp:attachment":[{"href":"https:\/\/www.visit-ulcinj.com\/blog\/wp-json\/wp\/v2\/media?parent=96055"}],"wp:term":[{"taxonomy":"category","embeddable":true,"href":"https:\/\/www.visit-ulcinj.com\/blog\/wp-json\/wp\/v2\/categories?post=96055"},{"taxonomy":"post_tag","embeddable":true,"href":"https:\/\/www.visit-ulcinj.com\/blog\/wp-json\/wp\/v2\/tags?post=96055"}],"curies":[{"name":"wp","href":"https:\/\/api.w.org\/{rel}","templated":true}]}}