{"id":96068,"date":"2016-04-13T07:19:40","date_gmt":"2016-04-13T06:19:40","guid":{"rendered":"http:\/\/www.visit-ulcinj.com\/blog\/?p=96068"},"modified":"2016-04-14T12:52:00","modified_gmt":"2016-04-14T11:52:00","slug":"zgjerohen-hetimet-per-rastin-kino-bahces-ne-rane","status":"publish","type":"post","link":"https:\/\/www.visit-ulcinj.com\/blog\/2016\/04\/13\/zgjerohen-hetimet-per-rastin-kino-bahces-ne-rane\/","title":{"rendered":"Zgjerohen hetimet p\u00ebr rastin \u201cKino bah\u00e7es n\u00eb Ran\u00eb\u201d"},"content":{"rendered":"<p><a href=\"http:\/\/www.visit-ulcinj.com\/blog\/wp-content\/uploads\/2015\/12\/Kino-bashta-kino-basta-ulqin-ulcinj.jpg\"><img loading=\"lazy\" class=\"alignleft wp-image-93545\" src=\"http:\/\/www.visit-ulcinj.com\/blog\/wp-content\/uploads\/2015\/12\/Kino-bashta-kino-basta-ulqin-ulcinj.jpg\" alt=\"Kino-bashta-kino-basta-ulqin-ulcinj\" width=\"508\" height=\"323\" srcset=\"https:\/\/www.visit-ulcinj.com\/blog\/wp-content\/uploads\/2015\/12\/Kino-bashta-kino-basta-ulqin-ulcinj.jpg 960w, https:\/\/www.visit-ulcinj.com\/blog\/wp-content\/uploads\/2015\/12\/Kino-bashta-kino-basta-ulqin-ulcinj-300x191.jpg 300w\" sizes=\"(max-width: 508px) 100vw, 508px\" \/><\/a><strong>Prokurori i Shtetit n\u00ebp\u00ebrmes nj\u00eb njoftimi ka njoftuar opinionin lidhur me rastin \u201cKino bah\u00e7es n\u00eb Ran\u00eb\u201d.<\/strong><\/p>\n<p>Prokuroria shtet\u00ebrore ka zgjeruar hetimin mbi dh\u00ebnien me qira t\u00eb objekteve q\u00eb i takonin Qendr\u00ebs p\u00ebr kultur\u00eb n\u00eb Ulqin, para s\u00eb gjithash Kino bah\u00e7es n\u00eb Ran\u00eb, m\u00ebson Portali Ul-info.<\/p>\n<p>P\u00ebr k\u00ebt\u00eb arsye deklaratat n\u00eb polici i dhan\u00eb ose jan\u00eb ftuar ta b\u00ebjn\u00eb k\u00ebt\u00eb gj\u00eb ish an\u00ebtar\u00ebt e K\u00ebshillit drejtues t\u00eb k\u00ebtij institucioni dhe drejtuesit komunal.<\/p>\n<p>Pak koh\u00eb m\u00eb par\u00eb drejtori i Qendr\u00ebs p\u00ebr kultur\u00eb dr. Nail Draga u d\u00ebnua me gjasht\u00eb muaj burg me vendim t\u00eb Gjykat\u00ebs s\u00eb lart\u00eb n\u00eb Podgoric\u00eb p\u00ebr shkak t\u00eb dh\u00ebnies s\u00eb paligjshme me qira t\u00eb hap\u00ebsirave afariste t\u00eb cilat ishin pron\u00eb e k\u00ebsaj nd\u00ebrmarrje publike.<\/p>\n<p><iframe loading=\"lazy\" frameborder=\"0\" width=\"508\" height=\"315\" src=\"\/\/www.dailymotion.com\/embed\/video\/x44f0yf?autoPlay=1\" allowfullscreen><\/p>\n","protected":false},"excerpt":{"rendered":"<p>Prokurori i Shtetit n\u00ebp\u00ebrmes nj\u00eb njoftimi ka njoftuar opinionin lidhur me rastin \u201cKino bah\u00e7es n\u00eb Ran\u00eb\u201d. Prokuroria shtet\u00ebrore ka zgjeruar hetimin mbi dh\u00ebnien me qira t\u00eb objekteve q\u00eb i takonin Qendr\u00ebs p\u00ebr kultur\u00eb n\u00eb Ulqin, para s\u00eb gjithash Kino bah\u00e7es n\u00eb Ran\u00eb, m\u00ebson Portali Ul-info. P\u00ebr k\u00ebt\u00eb arsye deklaratat n\u00eb polici i dhan\u00eb ose jan\u00eb [&hellip;]<\/p>\n","protected":false},"author":1,"featured_media":0,"comment_status":"closed","ping_status":"closed","sticky":false,"template":"","format":"standard","meta":{"spay_email":"","jetpack_publicize_message":"","jetpack_is_tweetstorm":false,"jetpack_publicize_feature_enabled":true},"categories":[6],"tags":[],"jetpack_publicize_connections":[],"yoast_head":"<!-- This site is optimized with the Yoast SEO plugin v19.1 - https:\/\/yoast.com\/wordpress\/plugins\/seo\/ -->\n<title>Zgjerohen hetimet p\u00ebr rastin \u201cKino bah\u00e7es n\u00eb Ran\u00eb\u201d - Lajme nga Ulqini<\/title>\n<meta name=\"description\" content=\"Prokurori i Shtetit n\u00ebp\u00ebrmes nj\u00eb njoftimi ka njoftuar opinionin lidhur me rastin \u201cKino bah\u00e7es n\u00eb Ran\u00eb\u201d. Prokuroria shtet\u00ebrore ka zgjeruar hetimin mbi\" \/>\n<meta name=\"robots\" content=\"index, follow, max-snippet:-1, max-image-preview:large, max-video-preview:-1\" \/>\n<link rel=\"canonical\" href=\"https:\/\/www.visit-ulcinj.com\/blog\/2016\/04\/13\/zgjerohen-hetimet-per-rastin-kino-bahces-ne-rane\/\" \/>\n<meta property=\"og:locale\" content=\"en_US\" \/>\n<meta property=\"og:type\" content=\"article\" \/>\n<meta property=\"og:title\" content=\"Zgjerohen hetimet p\u00ebr rastin \u201cKino bah\u00e7es n\u00eb Ran\u00eb\u201d - Lajme nga Ulqini\" \/>\n<meta property=\"og:description\" content=\"Prokurori i Shtetit n\u00ebp\u00ebrmes nj\u00eb njoftimi ka njoftuar opinionin lidhur me rastin \u201cKino bah\u00e7es n\u00eb Ran\u00eb\u201d. Prokuroria shtet\u00ebrore ka zgjeruar hetimin mbi\" \/>\n<meta property=\"og:url\" content=\"https:\/\/www.visit-ulcinj.com\/blog\/2016\/04\/13\/zgjerohen-hetimet-per-rastin-kino-bahces-ne-rane\/\" \/>\n<meta property=\"og:site_name\" content=\"Lajme nga Ulqini\" \/>\n<meta property=\"article:published_time\" content=\"2016-04-13T06:19:40+00:00\" \/>\n<meta property=\"article:modified_time\" content=\"2016-04-14T11:52:00+00:00\" \/>\n<meta property=\"og:image\" content=\"http:\/\/www.visit-ulcinj.com\/blog\/wp-content\/uploads\/2015\/12\/Kino-bashta-kino-basta-ulqin-ulcinj.jpg\" \/>\n<meta name=\"twitter:label1\" content=\"Written by\" \/>\n\t<meta name=\"twitter:data1\" content=\"ulqini\" \/>\n\t<meta name=\"twitter:label2\" content=\"Est. reading time\" \/>\n\t<meta name=\"twitter:data2\" content=\"1 minute\" \/>\n<script type=\"application\/ld+json\" class=\"yoast-schema-graph\">{\"@context\":\"https:\/\/schema.org\",\"@graph\":[{\"@type\":\"WebSite\",\"@id\":\"https:\/\/www.visit-ulcinj.com\/blog\/#website\",\"url\":\"https:\/\/www.visit-ulcinj.com\/blog\/\",\"name\":\"Lajme nga Ulqini\",\"description\":\"Lajme,Vijesti,Ulqini,Ulqin,Crna Gora,Mali i Zi\",\"potentialAction\":[{\"@type\":\"SearchAction\",\"target\":{\"@type\":\"EntryPoint\",\"urlTemplate\":\"https:\/\/www.visit-ulcinj.com\/blog\/?s={search_term_string}\"},\"query-input\":\"required name=search_term_string\"}],\"inLanguage\":\"en-US\"},{\"@type\":\"ImageObject\",\"inLanguage\":\"en-US\",\"@id\":\"https:\/\/www.visit-ulcinj.com\/blog\/2016\/04\/13\/zgjerohen-hetimet-per-rastin-kino-bahces-ne-rane\/#primaryimage\",\"url\":\"https:\/\/www.visit-ulcinj.com\/blog\/wp-content\/uploads\/2015\/12\/Kino-bashta-kino-basta-ulqin-ulcinj.jpg\",\"contentUrl\":\"https:\/\/www.visit-ulcinj.com\/blog\/wp-content\/uploads\/2015\/12\/Kino-bashta-kino-basta-ulqin-ulcinj.jpg\",\"width\":960,\"height\":610},{\"@type\":\"WebPage\",\"@id\":\"https:\/\/www.visit-ulcinj.com\/blog\/2016\/04\/13\/zgjerohen-hetimet-per-rastin-kino-bahces-ne-rane\/#webpage\",\"url\":\"https:\/\/www.visit-ulcinj.com\/blog\/2016\/04\/13\/zgjerohen-hetimet-per-rastin-kino-bahces-ne-rane\/\",\"name\":\"Zgjerohen hetimet p\u00ebr rastin \u201cKino bah\u00e7es n\u00eb Ran\u00eb\u201d - Lajme nga Ulqini\",\"isPartOf\":{\"@id\":\"https:\/\/www.visit-ulcinj.com\/blog\/#website\"},\"primaryImageOfPage\":{\"@id\":\"https:\/\/www.visit-ulcinj.com\/blog\/2016\/04\/13\/zgjerohen-hetimet-per-rastin-kino-bahces-ne-rane\/#primaryimage\"},\"datePublished\":\"2016-04-13T06:19:40+00:00\",\"dateModified\":\"2016-04-14T11:52:00+00:00\",\"author\":{\"@id\":\"https:\/\/www.visit-ulcinj.com\/blog\/#\/schema\/person\/dcab619c614d3038751c63bc2aadc06d\"},\"description\":\"Prokurori i Shtetit n\u00ebp\u00ebrmes nj\u00eb njoftimi ka njoftuar opinionin lidhur me rastin \u201cKino bah\u00e7es n\u00eb Ran\u00eb\u201d. Prokuroria shtet\u00ebrore ka zgjeruar hetimin mbi\",\"breadcrumb\":{\"@id\":\"https:\/\/www.visit-ulcinj.com\/blog\/2016\/04\/13\/zgjerohen-hetimet-per-rastin-kino-bahces-ne-rane\/#breadcrumb\"},\"inLanguage\":\"en-US\",\"potentialAction\":[{\"@type\":\"ReadAction\",\"target\":[\"https:\/\/www.visit-ulcinj.com\/blog\/2016\/04\/13\/zgjerohen-hetimet-per-rastin-kino-bahces-ne-rane\/\"]}]},{\"@type\":\"BreadcrumbList\",\"@id\":\"https:\/\/www.visit-ulcinj.com\/blog\/2016\/04\/13\/zgjerohen-hetimet-per-rastin-kino-bahces-ne-rane\/#breadcrumb\",\"itemListElement\":[{\"@type\":\"ListItem\",\"position\":1,\"name\":\"Zgjerohen hetimet p\u00ebr rastin \u201cKino bah\u00e7es n\u00eb Ran\u00eb\u201d\"}]},{\"@type\":\"Person\",\"@id\":\"https:\/\/www.visit-ulcinj.com\/blog\/#\/schema\/person\/dcab619c614d3038751c63bc2aadc06d\",\"name\":\"ulqini\",\"sameAs\":[\"http:\/\/www.visit-ulcinj.com\"],\"url\":\"https:\/\/www.visit-ulcinj.com\/blog\/author\/admin\/\"}]}<\/script>\n<!-- \/ Yoast SEO plugin. -->","yoast_head_json":{"title":"Zgjerohen hetimet p\u00ebr rastin \u201cKino bah\u00e7es n\u00eb Ran\u00eb\u201d - Lajme nga Ulqini","description":"Prokurori i Shtetit n\u00ebp\u00ebrmes nj\u00eb njoftimi ka njoftuar opinionin lidhur me rastin \u201cKino bah\u00e7es n\u00eb Ran\u00eb\u201d. Prokuroria shtet\u00ebrore ka zgjeruar hetimin mbi","robots":{"index":"index","follow":"follow","max-snippet":"max-snippet:-1","max-image-preview":"max-image-preview:large","max-video-preview":"max-video-preview:-1"},"canonical":"https:\/\/www.visit-ulcinj.com\/blog\/2016\/04\/13\/zgjerohen-hetimet-per-rastin-kino-bahces-ne-rane\/","og_locale":"en_US","og_type":"article","og_title":"Zgjerohen hetimet p\u00ebr rastin \u201cKino bah\u00e7es n\u00eb Ran\u00eb\u201d - Lajme nga Ulqini","og_description":"Prokurori i Shtetit n\u00ebp\u00ebrmes nj\u00eb njoftimi ka njoftuar opinionin lidhur me rastin \u201cKino bah\u00e7es n\u00eb Ran\u00eb\u201d. Prokuroria shtet\u00ebrore ka zgjeruar hetimin mbi","og_url":"https:\/\/www.visit-ulcinj.com\/blog\/2016\/04\/13\/zgjerohen-hetimet-per-rastin-kino-bahces-ne-rane\/","og_site_name":"Lajme nga Ulqini","article_published_time":"2016-04-13T06:19:40+00:00","article_modified_time":"2016-04-14T11:52:00+00:00","og_image":[{"url":"http:\/\/www.visit-ulcinj.com\/blog\/wp-content\/uploads\/2015\/12\/Kino-bashta-kino-basta-ulqin-ulcinj.jpg"}],"twitter_misc":{"Written by":"ulqini","Est. reading time":"1 minute"},"schema":{"@context":"https:\/\/schema.org","@graph":[{"@type":"WebSite","@id":"https:\/\/www.visit-ulcinj.com\/blog\/#website","url":"https:\/\/www.visit-ulcinj.com\/blog\/","name":"Lajme nga Ulqini","description":"Lajme,Vijesti,Ulqini,Ulqin,Crna Gora,Mali i Zi","potentialAction":[{"@type":"SearchAction","target":{"@type":"EntryPoint","urlTemplate":"https:\/\/www.visit-ulcinj.com\/blog\/?s={search_term_string}"},"query-input":"required name=search_term_string"}],"inLanguage":"en-US"},{"@type":"ImageObject","inLanguage":"en-US","@id":"https:\/\/www.visit-ulcinj.com\/blog\/2016\/04\/13\/zgjerohen-hetimet-per-rastin-kino-bahces-ne-rane\/#primaryimage","url":"https:\/\/www.visit-ulcinj.com\/blog\/wp-content\/uploads\/2015\/12\/Kino-bashta-kino-basta-ulqin-ulcinj.jpg","contentUrl":"https:\/\/www.visit-ulcinj.com\/blog\/wp-content\/uploads\/2015\/12\/Kino-bashta-kino-basta-ulqin-ulcinj.jpg","width":960,"height":610},{"@type":"WebPage","@id":"https:\/\/www.visit-ulcinj.com\/blog\/2016\/04\/13\/zgjerohen-hetimet-per-rastin-kino-bahces-ne-rane\/#webpage","url":"https:\/\/www.visit-ulcinj.com\/blog\/2016\/04\/13\/zgjerohen-hetimet-per-rastin-kino-bahces-ne-rane\/","name":"Zgjerohen hetimet p\u00ebr rastin \u201cKino bah\u00e7es n\u00eb Ran\u00eb\u201d - Lajme nga Ulqini","isPartOf":{"@id":"https:\/\/www.visit-ulcinj.com\/blog\/#website"},"primaryImageOfPage":{"@id":"https:\/\/www.visit-ulcinj.com\/blog\/2016\/04\/13\/zgjerohen-hetimet-per-rastin-kino-bahces-ne-rane\/#primaryimage"},"datePublished":"2016-04-13T06:19:40+00:00","dateModified":"2016-04-14T11:52:00+00:00","author":{"@id":"https:\/\/www.visit-ulcinj.com\/blog\/#\/schema\/person\/dcab619c614d3038751c63bc2aadc06d"},"description":"Prokurori i Shtetit n\u00ebp\u00ebrmes nj\u00eb njoftimi ka njoftuar opinionin lidhur me rastin \u201cKino bah\u00e7es n\u00eb Ran\u00eb\u201d. Prokuroria shtet\u00ebrore ka zgjeruar hetimin mbi","breadcrumb":{"@id":"https:\/\/www.visit-ulcinj.com\/blog\/2016\/04\/13\/zgjerohen-hetimet-per-rastin-kino-bahces-ne-rane\/#breadcrumb"},"inLanguage":"en-US","potentialAction":[{"@type":"ReadAction","target":["https:\/\/www.visit-ulcinj.com\/blog\/2016\/04\/13\/zgjerohen-hetimet-per-rastin-kino-bahces-ne-rane\/"]}]},{"@type":"BreadcrumbList","@id":"https:\/\/www.visit-ulcinj.com\/blog\/2016\/04\/13\/zgjerohen-hetimet-per-rastin-kino-bahces-ne-rane\/#breadcrumb","itemListElement":[{"@type":"ListItem","position":1,"name":"Zgjerohen hetimet p\u00ebr rastin \u201cKino bah\u00e7es n\u00eb Ran\u00eb\u201d"}]},{"@type":"Person","@id":"https:\/\/www.visit-ulcinj.com\/blog\/#\/schema\/person\/dcab619c614d3038751c63bc2aadc06d","name":"ulqini","sameAs":["http:\/\/www.visit-ulcinj.com"],"url":"https:\/\/www.visit-ulcinj.com\/blog\/author\/admin\/"}]}},"jetpack_featured_media_url":"","jetpack_sharing_enabled":true,"jetpack_shortlink":"https:\/\/wp.me\/pe6lTn-oZu","_links":{"self":[{"href":"https:\/\/www.visit-ulcinj.com\/blog\/wp-json\/wp\/v2\/posts\/96068"}],"collection":[{"href":"https:\/\/www.visit-ulcinj.com\/blog\/wp-json\/wp\/v2\/posts"}],"about":[{"href":"https:\/\/www.visit-ulcinj.com\/blog\/wp-json\/wp\/v2\/types\/post"}],"author":[{"embeddable":true,"href":"https:\/\/www.visit-ulcinj.com\/blog\/wp-json\/wp\/v2\/users\/1"}],"replies":[{"embeddable":true,"href":"https:\/\/www.visit-ulcinj.com\/blog\/wp-json\/wp\/v2\/comments?post=96068"}],"version-history":[{"count":3,"href":"https:\/\/www.visit-ulcinj.com\/blog\/wp-json\/wp\/v2\/posts\/96068\/revisions"}],"predecessor-version":[{"id":96129,"href":"https:\/\/www.visit-ulcinj.com\/blog\/wp-json\/wp\/v2\/posts\/96068\/revisions\/96129"}],"wp:attachment":[{"href":"https:\/\/www.visit-ulcinj.com\/blog\/wp-json\/wp\/v2\/media?parent=96068"}],"wp:term":[{"taxonomy":"category","embeddable":true,"href":"https:\/\/www.visit-ulcinj.com\/blog\/wp-json\/wp\/v2\/categories?post=96068"},{"taxonomy":"post_tag","embeddable":true,"href":"https:\/\/www.visit-ulcinj.com\/blog\/wp-json\/wp\/v2\/tags?post=96068"}],"curies":[{"name":"wp","href":"https:\/\/api.w.org\/{rel}","templated":true}]}}