{"id":96071,"date":"2016-04-13T07:32:05","date_gmt":"2016-04-13T06:32:05","guid":{"rendered":"http:\/\/www.visit-ulcinj.com\/blog\/?p=96071"},"modified":"2016-04-13T07:32:18","modified_gmt":"2016-04-13T06:32:18","slug":"demokratska-crna-gora-1290-odsto-podrske-u-ulcinju","status":"publish","type":"post","link":"https:\/\/www.visit-ulcinj.com\/blog\/2016\/04\/13\/demokratska-crna-gora-1290-odsto-podrske-u-ulcinju\/","title":{"rendered":"Demokratska Crna Gora 12,90 odsto podr\u0161ke u Ulcinju"},"content":{"rendered":"<p><strong> <a href=\"http:\/\/www.visit-ulcinj.com\/blog\/wp-content\/uploads\/2016\/04\/Demokratska-Crna-Gora-Ulcinj.jpg\"><img loading=\"lazy\" class=\"alignleft wp-image-96072\" src=\"http:\/\/www.visit-ulcinj.com\/blog\/wp-content\/uploads\/2016\/04\/Demokratska-Crna-Gora-Ulcinj.jpg\" alt=\"Demokratska Crna Gora-Ulcinj\" width=\"508\" height=\"340\" srcset=\"https:\/\/www.visit-ulcinj.com\/blog\/wp-content\/uploads\/2016\/04\/Demokratska-Crna-Gora-Ulcinj.jpg 960w, https:\/\/www.visit-ulcinj.com\/blog\/wp-content\/uploads\/2016\/04\/Demokratska-Crna-Gora-Ulcinj-300x201.jpg 300w\" sizes=\"(max-width: 508px) 100vw, 508px\" \/><\/a>Demokratska Crna Gora i njeni volonteri krenuli su u kampanju \u201eod vrata do vrata\u201c u Ulcinju, gdje su obi\u0161li 2.600 doma\u0107instava i, pri tome, kako tvrde, zabilje\u017eili procenat podr\u0161ke od 12,90 odsto. <\/strong><\/p>\n<p>\u201eIzuzetno ljubazni i gostoprimivi gra\u0111ani najju\u017enije primorske op\u0161tine izrazili su velike simpatije prema Programu Demokrata, a naro\u010dito prema na\u0161oj odlu\u010dnoj namjeri da unaprijedimo uslove \u017eivota i rada, govorimo o penzijama i platama, uka\u017eemo na kriminal i korupciju na konkretnim predmetima, a da raskinemo sa dosada\u0161njom praksom diskriminisanja gra\u0111ana po nacinalnoj, vjerskoj, politi\u010dkoj i bilo kakvoj drugoj pripadnosti, \u0161to je glavno obilje\u017eje ove vlasti\u201c, navodi se u saop\u0161tenju Demokrata.<\/p>\n<p>Kako dodaju, sve simpatije koje su Mlade demokrate pobrale u op\u0161tini sa stanovni\u0161tvom ve\u0107inske albanske nacionalnosti najbolji su dokaz uspjeha njihove polazne osnove \u2013 Pobjede, a ne podjele, ali i prepoznavanja iskrenosti te parole od strane Ulcinjanki i Ulcinjana.<\/p>\n<p><strong>Izvor: CDM<\/strong><\/p>\n","protected":false},"excerpt":{"rendered":"<p>Demokratska Crna Gora i njeni volonteri krenuli su u kampanju \u201eod vrata do vrata\u201c u Ulcinju, gdje su obi\u0161li 2.600 doma\u0107instava i, pri tome, kako tvrde, zabilje\u017eili procenat podr\u0161ke od 12,90 odsto. \u201eIzuzetno ljubazni i gostoprimivi gra\u0111ani najju\u017enije primorske op\u0161tine izrazili su velike simpatije prema Programu Demokrata, a naro\u010dito prema na\u0161oj odlu\u010dnoj namjeri da unaprijedimo [&hellip;]<\/p>\n","protected":false},"author":1,"featured_media":0,"comment_status":"closed","ping_status":"closed","sticky":false,"template":"","format":"standard","meta":{"spay_email":"","jetpack_publicize_message":"","jetpack_is_tweetstorm":false,"jetpack_publicize_feature_enabled":true},"categories":[6950],"tags":[],"jetpack_publicize_connections":[],"yoast_head":"<!-- This site is optimized with the Yoast SEO plugin v19.1 - https:\/\/yoast.com\/wordpress\/plugins\/seo\/ -->\n<title>Demokratska Crna Gora 12,90 odsto podr\u0161ke u Ulcinju - Lajme nga Ulqini<\/title>\n<meta name=\"description\" content=\"Demokratska Crna Gora i njeni volonteri krenuli su u kampanju \u201eod vrata do vrata\u201c u Ulcinju, gdje su obi\u0161li 2.600 doma\u0107instava i, pri tome, kako tvrde,\" \/>\n<meta name=\"robots\" content=\"index, follow, max-snippet:-1, max-image-preview:large, max-video-preview:-1\" \/>\n<link rel=\"canonical\" href=\"https:\/\/www.visit-ulcinj.com\/blog\/2016\/04\/13\/demokratska-crna-gora-1290-odsto-podrske-u-ulcinju\/\" \/>\n<meta property=\"og:locale\" content=\"en_US\" \/>\n<meta property=\"og:type\" content=\"article\" \/>\n<meta property=\"og:title\" content=\"Demokratska Crna Gora 12,90 odsto podr\u0161ke u Ulcinju - Lajme nga Ulqini\" \/>\n<meta property=\"og:description\" content=\"Demokratska Crna Gora i njeni volonteri krenuli su u kampanju \u201eod vrata do vrata\u201c u Ulcinju, gdje su obi\u0161li 2.600 doma\u0107instava i, pri tome, kako tvrde,\" \/>\n<meta property=\"og:url\" content=\"https:\/\/www.visit-ulcinj.com\/blog\/2016\/04\/13\/demokratska-crna-gora-1290-odsto-podrske-u-ulcinju\/\" \/>\n<meta property=\"og:site_name\" content=\"Lajme nga Ulqini\" \/>\n<meta property=\"article:published_time\" content=\"2016-04-13T06:32:05+00:00\" \/>\n<meta property=\"article:modified_time\" content=\"2016-04-13T06:32:18+00:00\" \/>\n<meta property=\"og:image\" content=\"http:\/\/www.visit-ulcinj.com\/blog\/wp-content\/uploads\/2016\/04\/Demokratska-Crna-Gora-Ulcinj.jpg\" \/>\n<meta name=\"twitter:label1\" content=\"Written by\" \/>\n\t<meta name=\"twitter:data1\" content=\"ulqini\" \/>\n\t<meta name=\"twitter:label2\" content=\"Est. reading time\" \/>\n\t<meta name=\"twitter:data2\" content=\"1 minute\" \/>\n<script type=\"application\/ld+json\" class=\"yoast-schema-graph\">{\"@context\":\"https:\/\/schema.org\",\"@graph\":[{\"@type\":\"WebSite\",\"@id\":\"https:\/\/www.visit-ulcinj.com\/blog\/#website\",\"url\":\"https:\/\/www.visit-ulcinj.com\/blog\/\",\"name\":\"Lajme nga Ulqini\",\"description\":\"Lajme,Vijesti,Ulqini,Ulqin,Crna Gora,Mali i Zi\",\"potentialAction\":[{\"@type\":\"SearchAction\",\"target\":{\"@type\":\"EntryPoint\",\"urlTemplate\":\"https:\/\/www.visit-ulcinj.com\/blog\/?s={search_term_string}\"},\"query-input\":\"required name=search_term_string\"}],\"inLanguage\":\"en-US\"},{\"@type\":\"ImageObject\",\"inLanguage\":\"en-US\",\"@id\":\"https:\/\/www.visit-ulcinj.com\/blog\/2016\/04\/13\/demokratska-crna-gora-1290-odsto-podrske-u-ulcinju\/#primaryimage\",\"url\":\"https:\/\/www.visit-ulcinj.com\/blog\/wp-content\/uploads\/2016\/04\/Demokratska-Crna-Gora-Ulcinj.jpg\",\"contentUrl\":\"https:\/\/www.visit-ulcinj.com\/blog\/wp-content\/uploads\/2016\/04\/Demokratska-Crna-Gora-Ulcinj.jpg\",\"width\":960,\"height\":642},{\"@type\":\"WebPage\",\"@id\":\"https:\/\/www.visit-ulcinj.com\/blog\/2016\/04\/13\/demokratska-crna-gora-1290-odsto-podrske-u-ulcinju\/#webpage\",\"url\":\"https:\/\/www.visit-ulcinj.com\/blog\/2016\/04\/13\/demokratska-crna-gora-1290-odsto-podrske-u-ulcinju\/\",\"name\":\"Demokratska Crna Gora 12,90 odsto podr\u0161ke u Ulcinju - Lajme nga Ulqini\",\"isPartOf\":{\"@id\":\"https:\/\/www.visit-ulcinj.com\/blog\/#website\"},\"primaryImageOfPage\":{\"@id\":\"https:\/\/www.visit-ulcinj.com\/blog\/2016\/04\/13\/demokratska-crna-gora-1290-odsto-podrske-u-ulcinju\/#primaryimage\"},\"datePublished\":\"2016-04-13T06:32:05+00:00\",\"dateModified\":\"2016-04-13T06:32:18+00:00\",\"author\":{\"@id\":\"https:\/\/www.visit-ulcinj.com\/blog\/#\/schema\/person\/dcab619c614d3038751c63bc2aadc06d\"},\"description\":\"Demokratska Crna Gora i njeni volonteri krenuli su u kampanju \u201eod vrata do vrata\u201c u Ulcinju, gdje su obi\u0161li 2.600 doma\u0107instava i, pri tome, kako tvrde,\",\"breadcrumb\":{\"@id\":\"https:\/\/www.visit-ulcinj.com\/blog\/2016\/04\/13\/demokratska-crna-gora-1290-odsto-podrske-u-ulcinju\/#breadcrumb\"},\"inLanguage\":\"en-US\",\"potentialAction\":[{\"@type\":\"ReadAction\",\"target\":[\"https:\/\/www.visit-ulcinj.com\/blog\/2016\/04\/13\/demokratska-crna-gora-1290-odsto-podrske-u-ulcinju\/\"]}]},{\"@type\":\"BreadcrumbList\",\"@id\":\"https:\/\/www.visit-ulcinj.com\/blog\/2016\/04\/13\/demokratska-crna-gora-1290-odsto-podrske-u-ulcinju\/#breadcrumb\",\"itemListElement\":[{\"@type\":\"ListItem\",\"position\":1,\"name\":\"Demokratska Crna Gora 12,90 odsto podr\u0161ke u Ulcinju\"}]},{\"@type\":\"Person\",\"@id\":\"https:\/\/www.visit-ulcinj.com\/blog\/#\/schema\/person\/dcab619c614d3038751c63bc2aadc06d\",\"name\":\"ulqini\",\"sameAs\":[\"http:\/\/www.visit-ulcinj.com\"],\"url\":\"https:\/\/www.visit-ulcinj.com\/blog\/author\/admin\/\"}]}<\/script>\n<!-- \/ Yoast SEO plugin. -->","yoast_head_json":{"title":"Demokratska Crna Gora 12,90 odsto podr\u0161ke u Ulcinju - Lajme nga Ulqini","description":"Demokratska Crna Gora i njeni volonteri krenuli su u kampanju \u201eod vrata do vrata\u201c u Ulcinju, gdje su obi\u0161li 2.600 doma\u0107instava i, pri tome, kako tvrde,","robots":{"index":"index","follow":"follow","max-snippet":"max-snippet:-1","max-image-preview":"max-image-preview:large","max-video-preview":"max-video-preview:-1"},"canonical":"https:\/\/www.visit-ulcinj.com\/blog\/2016\/04\/13\/demokratska-crna-gora-1290-odsto-podrske-u-ulcinju\/","og_locale":"en_US","og_type":"article","og_title":"Demokratska Crna Gora 12,90 odsto podr\u0161ke u Ulcinju - Lajme nga Ulqini","og_description":"Demokratska Crna Gora i njeni volonteri krenuli su u kampanju \u201eod vrata do vrata\u201c u Ulcinju, gdje su obi\u0161li 2.600 doma\u0107instava i, pri tome, kako tvrde,","og_url":"https:\/\/www.visit-ulcinj.com\/blog\/2016\/04\/13\/demokratska-crna-gora-1290-odsto-podrske-u-ulcinju\/","og_site_name":"Lajme nga Ulqini","article_published_time":"2016-04-13T06:32:05+00:00","article_modified_time":"2016-04-13T06:32:18+00:00","og_image":[{"url":"http:\/\/www.visit-ulcinj.com\/blog\/wp-content\/uploads\/2016\/04\/Demokratska-Crna-Gora-Ulcinj.jpg"}],"twitter_misc":{"Written by":"ulqini","Est. reading time":"1 minute"},"schema":{"@context":"https:\/\/schema.org","@graph":[{"@type":"WebSite","@id":"https:\/\/www.visit-ulcinj.com\/blog\/#website","url":"https:\/\/www.visit-ulcinj.com\/blog\/","name":"Lajme nga Ulqini","description":"Lajme,Vijesti,Ulqini,Ulqin,Crna Gora,Mali i Zi","potentialAction":[{"@type":"SearchAction","target":{"@type":"EntryPoint","urlTemplate":"https:\/\/www.visit-ulcinj.com\/blog\/?s={search_term_string}"},"query-input":"required name=search_term_string"}],"inLanguage":"en-US"},{"@type":"ImageObject","inLanguage":"en-US","@id":"https:\/\/www.visit-ulcinj.com\/blog\/2016\/04\/13\/demokratska-crna-gora-1290-odsto-podrske-u-ulcinju\/#primaryimage","url":"https:\/\/www.visit-ulcinj.com\/blog\/wp-content\/uploads\/2016\/04\/Demokratska-Crna-Gora-Ulcinj.jpg","contentUrl":"https:\/\/www.visit-ulcinj.com\/blog\/wp-content\/uploads\/2016\/04\/Demokratska-Crna-Gora-Ulcinj.jpg","width":960,"height":642},{"@type":"WebPage","@id":"https:\/\/www.visit-ulcinj.com\/blog\/2016\/04\/13\/demokratska-crna-gora-1290-odsto-podrske-u-ulcinju\/#webpage","url":"https:\/\/www.visit-ulcinj.com\/blog\/2016\/04\/13\/demokratska-crna-gora-1290-odsto-podrske-u-ulcinju\/","name":"Demokratska Crna Gora 12,90 odsto podr\u0161ke u Ulcinju - Lajme nga Ulqini","isPartOf":{"@id":"https:\/\/www.visit-ulcinj.com\/blog\/#website"},"primaryImageOfPage":{"@id":"https:\/\/www.visit-ulcinj.com\/blog\/2016\/04\/13\/demokratska-crna-gora-1290-odsto-podrske-u-ulcinju\/#primaryimage"},"datePublished":"2016-04-13T06:32:05+00:00","dateModified":"2016-04-13T06:32:18+00:00","author":{"@id":"https:\/\/www.visit-ulcinj.com\/blog\/#\/schema\/person\/dcab619c614d3038751c63bc2aadc06d"},"description":"Demokratska Crna Gora i njeni volonteri krenuli su u kampanju \u201eod vrata do vrata\u201c u Ulcinju, gdje su obi\u0161li 2.600 doma\u0107instava i, pri tome, kako tvrde,","breadcrumb":{"@id":"https:\/\/www.visit-ulcinj.com\/blog\/2016\/04\/13\/demokratska-crna-gora-1290-odsto-podrske-u-ulcinju\/#breadcrumb"},"inLanguage":"en-US","potentialAction":[{"@type":"ReadAction","target":["https:\/\/www.visit-ulcinj.com\/blog\/2016\/04\/13\/demokratska-crna-gora-1290-odsto-podrske-u-ulcinju\/"]}]},{"@type":"BreadcrumbList","@id":"https:\/\/www.visit-ulcinj.com\/blog\/2016\/04\/13\/demokratska-crna-gora-1290-odsto-podrske-u-ulcinju\/#breadcrumb","itemListElement":[{"@type":"ListItem","position":1,"name":"Demokratska Crna Gora 12,90 odsto podr\u0161ke u Ulcinju"}]},{"@type":"Person","@id":"https:\/\/www.visit-ulcinj.com\/blog\/#\/schema\/person\/dcab619c614d3038751c63bc2aadc06d","name":"ulqini","sameAs":["http:\/\/www.visit-ulcinj.com"],"url":"https:\/\/www.visit-ulcinj.com\/blog\/author\/admin\/"}]}},"jetpack_featured_media_url":"","jetpack_sharing_enabled":true,"jetpack_shortlink":"https:\/\/wp.me\/pe6lTn-oZx","_links":{"self":[{"href":"https:\/\/www.visit-ulcinj.com\/blog\/wp-json\/wp\/v2\/posts\/96071"}],"collection":[{"href":"https:\/\/www.visit-ulcinj.com\/blog\/wp-json\/wp\/v2\/posts"}],"about":[{"href":"https:\/\/www.visit-ulcinj.com\/blog\/wp-json\/wp\/v2\/types\/post"}],"author":[{"embeddable":true,"href":"https:\/\/www.visit-ulcinj.com\/blog\/wp-json\/wp\/v2\/users\/1"}],"replies":[{"embeddable":true,"href":"https:\/\/www.visit-ulcinj.com\/blog\/wp-json\/wp\/v2\/comments?post=96071"}],"version-history":[{"count":2,"href":"https:\/\/www.visit-ulcinj.com\/blog\/wp-json\/wp\/v2\/posts\/96071\/revisions"}],"predecessor-version":[{"id":96074,"href":"https:\/\/www.visit-ulcinj.com\/blog\/wp-json\/wp\/v2\/posts\/96071\/revisions\/96074"}],"wp:attachment":[{"href":"https:\/\/www.visit-ulcinj.com\/blog\/wp-json\/wp\/v2\/media?parent=96071"}],"wp:term":[{"taxonomy":"category","embeddable":true,"href":"https:\/\/www.visit-ulcinj.com\/blog\/wp-json\/wp\/v2\/categories?post=96071"},{"taxonomy":"post_tag","embeddable":true,"href":"https:\/\/www.visit-ulcinj.com\/blog\/wp-json\/wp\/v2\/tags?post=96071"}],"curies":[{"name":"wp","href":"https:\/\/api.w.org\/{rel}","templated":true}]}}