{"id":96079,"date":"2016-04-13T08:26:05","date_gmt":"2016-04-13T07:26:05","guid":{"rendered":"http:\/\/www.visit-ulcinj.com\/blog\/?p=96079"},"modified":"2016-04-13T08:26:05","modified_gmt":"2016-04-13T07:26:05","slug":"vidikovac-kod-bara-pogled-puca-ulcinja","status":"publish","type":"post","link":"https:\/\/www.visit-ulcinj.com\/blog\/2016\/04\/13\/vidikovac-kod-bara-pogled-puca-ulcinja\/","title":{"rendered":"Vidikovac kod Bara: Pogled \u201epuca\u201d do Ulcinja"},"content":{"rendered":"<p><a href=\"http:\/\/www.visit-ulcinj.com\/blog\/wp-content\/uploads\/2016\/04\/Vidikovac-od-Bara-do-Ulcinja.jpg\"><img loading=\"lazy\" class=\"alignleft wp-image-96080\" src=\"http:\/\/www.visit-ulcinj.com\/blog\/wp-content\/uploads\/2016\/04\/Vidikovac-od-Bara-do-Ulcinja.jpg\" alt=\"Vidikovac-od-Bara-do-Ulcinja\" width=\"508\" height=\"308\" srcset=\"https:\/\/www.visit-ulcinj.com\/blog\/wp-content\/uploads\/2016\/04\/Vidikovac-od-Bara-do-Ulcinja.jpg 1024w, https:\/\/www.visit-ulcinj.com\/blog\/wp-content\/uploads\/2016\/04\/Vidikovac-od-Bara-do-Ulcinja-300x182.jpg 300w\" sizes=\"(max-width: 508px) 100vw, 508px\" \/><\/a>BAR &#8211; Prvi turisti\u010dki vidikovac &#8211; odmori\u0161te na barskoj rivijeri, otvorili su ju\u010de potpredsednik Op\u0161tine Bar Du\u0161an Rai\u010devi\u0107 i direktorka Turisti\u010dke organizacije (TO) Neda Ivanovi\u0107. Vidikovac, koji je finansirala Turisti\u010dka organizacija, nalazi se izme\u0111u Bara i naselja Dobra Voda. Sa infrastrukturno ure\u0111enog i ozna\u010denog prostora, oplemenjenog maslinom starom oko 500 godina, i drugim mediteranskim kulturama, pru\u017ea se dopadljiv pogled na &#8220;crnogorski Monako&#8221;, ostrvo Stari Ulcinj, uvale, pu\u010dinu&#8230;<\/p>\n<div class=\"inlineBanner\"><\/div>\n<p>Turisti\u010dka organizacija predano radi na unapre\u0111enju turisti\u010dke ponude barske rivijere, o \u010demu svedo\u010di i zavr\u0161etak vidikovca pre glavne letnje sezone.<\/p>\n<p>&#8211; Bio nam je cilj da pobolj\u0161amo ponudu. Vidikovac je povr\u0161ine oko 200 kvadratnih metera, sa tolikom, tako\u0111e ure\u0111enom povr\u0161inom. Ima mesto za parkiranje autobusa i \u010detiri automobila, kao i prostor za pe\u0161ake. Ura\u0111en u betonu prostor za sedenje, a deo je u kamenu, ambijentalno uklopljenom u prostor. U vidikovcu je logo TO Bar, kao i karta Barske rivijere &#8211; kazala je Ivanovi\u0107eva dodaju\u0107i da \u0107e TO uraditi jo\u0161 nekoliko vidikovaca. Ivanovi\u0107eva je najavila ure\u0111enje vidikovaca na panoramskoj turi koja \u0107e obuhvatiti ruralni deo barske op\u0161tine koji gravitira prema Skadarskom jezeru.<\/p>\n<p>Rai\u010devi\u0107 je podsetio da je Bar pre nekoliko meseci dobio turisti\u010dku atrakciju u centru grada &#8211; nulti kilometar, a danas vidikovac.<\/p>\n<p><b>PRIMARNO<\/b><\/p>\n<p>&#8211; Turizam je primarna privredna delatnost op\u0161tine Bar. Iskreno se nadam da \u0107emo u narednom periodu na jednako inovativan na\u010din nastojati da razvijamo infrastrukturu koja slu\u017ei u promociji turisti\u010dke ponude grada. Ovim potvr\u0111ujemo da na jednak na\u010din planiramo i razvijamo dve \u010darobne obale &#8211; kazao je Rai\u010devi\u0107 isti\u010du\u0107i da op\u0161tina daje podr\u0161ku Turisti\u010dkoj organizaciji za sprovo\u0111enje budu\u0107ih projekata<\/p>\n<p><strong>Izvor: Novosti.rs<\/strong><\/p>\n","protected":false},"excerpt":{"rendered":"<p>BAR &#8211; Prvi turisti\u010dki vidikovac &#8211; odmori\u0161te na barskoj rivijeri, otvorili su ju\u010de potpredsednik Op\u0161tine Bar Du\u0161an Rai\u010devi\u0107 i direktorka Turisti\u010dke organizacije (TO) Neda Ivanovi\u0107. Vidikovac, koji je finansirala Turisti\u010dka organizacija, nalazi se izme\u0111u Bara i naselja Dobra Voda. Sa infrastrukturno ure\u0111enog i ozna\u010denog prostora, oplemenjenog maslinom starom oko 500 godina, i drugim mediteranskim kulturama, [&hellip;]<\/p>\n","protected":false},"author":1,"featured_media":0,"comment_status":"closed","ping_status":"closed","sticky":false,"template":"","format":"standard","meta":{"spay_email":"","jetpack_publicize_message":"","jetpack_is_tweetstorm":false,"jetpack_publicize_feature_enabled":true},"categories":[6950],"tags":[],"jetpack_publicize_connections":[],"yoast_head":"<!-- This site is optimized with the Yoast SEO plugin v19.1 - https:\/\/yoast.com\/wordpress\/plugins\/seo\/ -->\n<title>Vidikovac kod Bara: Pogled \u201epuca\u201d do Ulcinja - Lajme nga Ulqini<\/title>\n<meta name=\"description\" content=\"BAR - Prvi turisti\u010dki vidikovac - odmori\u0161te na barskoj rivijeri, otvorili su ju\u010de potpredsednik Op\u0161tine Bar Du\u0161an Rai\u010devi\u0107 i direktorka Turisti\u010dke\" \/>\n<meta name=\"robots\" content=\"index, follow, max-snippet:-1, max-image-preview:large, max-video-preview:-1\" \/>\n<link rel=\"canonical\" href=\"https:\/\/www.visit-ulcinj.com\/blog\/2016\/04\/13\/vidikovac-kod-bara-pogled-puca-ulcinja\/\" \/>\n<meta property=\"og:locale\" content=\"en_US\" \/>\n<meta property=\"og:type\" content=\"article\" \/>\n<meta property=\"og:title\" content=\"Vidikovac kod Bara: Pogled \u201epuca\u201d do Ulcinja - Lajme nga Ulqini\" \/>\n<meta property=\"og:description\" content=\"BAR - Prvi turisti\u010dki vidikovac - odmori\u0161te na barskoj rivijeri, otvorili su ju\u010de potpredsednik Op\u0161tine Bar Du\u0161an Rai\u010devi\u0107 i direktorka Turisti\u010dke\" \/>\n<meta property=\"og:url\" content=\"https:\/\/www.visit-ulcinj.com\/blog\/2016\/04\/13\/vidikovac-kod-bara-pogled-puca-ulcinja\/\" \/>\n<meta property=\"og:site_name\" content=\"Lajme nga Ulqini\" \/>\n<meta property=\"article:published_time\" content=\"2016-04-13T07:26:05+00:00\" \/>\n<meta property=\"og:image\" content=\"http:\/\/www.visit-ulcinj.com\/blog\/wp-content\/uploads\/2016\/04\/Vidikovac-od-Bara-do-Ulcinja.jpg\" \/>\n<meta name=\"twitter:label1\" content=\"Written by\" \/>\n\t<meta name=\"twitter:data1\" content=\"ulqini\" \/>\n\t<meta name=\"twitter:label2\" content=\"Est. reading time\" \/>\n\t<meta name=\"twitter:data2\" content=\"2 minutes\" \/>\n<script type=\"application\/ld+json\" class=\"yoast-schema-graph\">{\"@context\":\"https:\/\/schema.org\",\"@graph\":[{\"@type\":\"WebSite\",\"@id\":\"https:\/\/www.visit-ulcinj.com\/blog\/#website\",\"url\":\"https:\/\/www.visit-ulcinj.com\/blog\/\",\"name\":\"Lajme nga Ulqini\",\"description\":\"Lajme,Vijesti,Ulqini,Ulqin,Crna Gora,Mali i Zi\",\"potentialAction\":[{\"@type\":\"SearchAction\",\"target\":{\"@type\":\"EntryPoint\",\"urlTemplate\":\"https:\/\/www.visit-ulcinj.com\/blog\/?s={search_term_string}\"},\"query-input\":\"required name=search_term_string\"}],\"inLanguage\":\"en-US\"},{\"@type\":\"ImageObject\",\"inLanguage\":\"en-US\",\"@id\":\"https:\/\/www.visit-ulcinj.com\/blog\/2016\/04\/13\/vidikovac-kod-bara-pogled-puca-ulcinja\/#primaryimage\",\"url\":\"https:\/\/www.visit-ulcinj.com\/blog\/wp-content\/uploads\/2016\/04\/Vidikovac-od-Bara-do-Ulcinja.jpg\",\"contentUrl\":\"https:\/\/www.visit-ulcinj.com\/blog\/wp-content\/uploads\/2016\/04\/Vidikovac-od-Bara-do-Ulcinja.jpg\",\"width\":1024,\"height\":620},{\"@type\":\"WebPage\",\"@id\":\"https:\/\/www.visit-ulcinj.com\/blog\/2016\/04\/13\/vidikovac-kod-bara-pogled-puca-ulcinja\/#webpage\",\"url\":\"https:\/\/www.visit-ulcinj.com\/blog\/2016\/04\/13\/vidikovac-kod-bara-pogled-puca-ulcinja\/\",\"name\":\"Vidikovac kod Bara: Pogled \u201epuca\u201d do Ulcinja - Lajme nga Ulqini\",\"isPartOf\":{\"@id\":\"https:\/\/www.visit-ulcinj.com\/blog\/#website\"},\"primaryImageOfPage\":{\"@id\":\"https:\/\/www.visit-ulcinj.com\/blog\/2016\/04\/13\/vidikovac-kod-bara-pogled-puca-ulcinja\/#primaryimage\"},\"datePublished\":\"2016-04-13T07:26:05+00:00\",\"dateModified\":\"2016-04-13T07:26:05+00:00\",\"author\":{\"@id\":\"https:\/\/www.visit-ulcinj.com\/blog\/#\/schema\/person\/dcab619c614d3038751c63bc2aadc06d\"},\"description\":\"BAR - Prvi turisti\u010dki vidikovac - odmori\u0161te na barskoj rivijeri, otvorili su ju\u010de potpredsednik Op\u0161tine Bar Du\u0161an Rai\u010devi\u0107 i direktorka Turisti\u010dke\",\"breadcrumb\":{\"@id\":\"https:\/\/www.visit-ulcinj.com\/blog\/2016\/04\/13\/vidikovac-kod-bara-pogled-puca-ulcinja\/#breadcrumb\"},\"inLanguage\":\"en-US\",\"potentialAction\":[{\"@type\":\"ReadAction\",\"target\":[\"https:\/\/www.visit-ulcinj.com\/blog\/2016\/04\/13\/vidikovac-kod-bara-pogled-puca-ulcinja\/\"]}]},{\"@type\":\"BreadcrumbList\",\"@id\":\"https:\/\/www.visit-ulcinj.com\/blog\/2016\/04\/13\/vidikovac-kod-bara-pogled-puca-ulcinja\/#breadcrumb\",\"itemListElement\":[{\"@type\":\"ListItem\",\"position\":1,\"name\":\"Vidikovac kod Bara: Pogled \u201epuca\u201d do Ulcinja\"}]},{\"@type\":\"Person\",\"@id\":\"https:\/\/www.visit-ulcinj.com\/blog\/#\/schema\/person\/dcab619c614d3038751c63bc2aadc06d\",\"name\":\"ulqini\",\"sameAs\":[\"http:\/\/www.visit-ulcinj.com\"],\"url\":\"https:\/\/www.visit-ulcinj.com\/blog\/author\/admin\/\"}]}<\/script>\n<!-- \/ Yoast SEO plugin. -->","yoast_head_json":{"title":"Vidikovac kod Bara: Pogled \u201epuca\u201d do Ulcinja - Lajme nga Ulqini","description":"BAR - Prvi turisti\u010dki vidikovac - odmori\u0161te na barskoj rivijeri, otvorili su ju\u010de potpredsednik Op\u0161tine Bar Du\u0161an Rai\u010devi\u0107 i direktorka Turisti\u010dke","robots":{"index":"index","follow":"follow","max-snippet":"max-snippet:-1","max-image-preview":"max-image-preview:large","max-video-preview":"max-video-preview:-1"},"canonical":"https:\/\/www.visit-ulcinj.com\/blog\/2016\/04\/13\/vidikovac-kod-bara-pogled-puca-ulcinja\/","og_locale":"en_US","og_type":"article","og_title":"Vidikovac kod Bara: Pogled \u201epuca\u201d do Ulcinja - Lajme nga Ulqini","og_description":"BAR - Prvi turisti\u010dki vidikovac - odmori\u0161te na barskoj rivijeri, otvorili su ju\u010de potpredsednik Op\u0161tine Bar Du\u0161an Rai\u010devi\u0107 i direktorka Turisti\u010dke","og_url":"https:\/\/www.visit-ulcinj.com\/blog\/2016\/04\/13\/vidikovac-kod-bara-pogled-puca-ulcinja\/","og_site_name":"Lajme nga Ulqini","article_published_time":"2016-04-13T07:26:05+00:00","og_image":[{"url":"http:\/\/www.visit-ulcinj.com\/blog\/wp-content\/uploads\/2016\/04\/Vidikovac-od-Bara-do-Ulcinja.jpg"}],"twitter_misc":{"Written by":"ulqini","Est. reading time":"2 minutes"},"schema":{"@context":"https:\/\/schema.org","@graph":[{"@type":"WebSite","@id":"https:\/\/www.visit-ulcinj.com\/blog\/#website","url":"https:\/\/www.visit-ulcinj.com\/blog\/","name":"Lajme nga Ulqini","description":"Lajme,Vijesti,Ulqini,Ulqin,Crna Gora,Mali i Zi","potentialAction":[{"@type":"SearchAction","target":{"@type":"EntryPoint","urlTemplate":"https:\/\/www.visit-ulcinj.com\/blog\/?s={search_term_string}"},"query-input":"required name=search_term_string"}],"inLanguage":"en-US"},{"@type":"ImageObject","inLanguage":"en-US","@id":"https:\/\/www.visit-ulcinj.com\/blog\/2016\/04\/13\/vidikovac-kod-bara-pogled-puca-ulcinja\/#primaryimage","url":"https:\/\/www.visit-ulcinj.com\/blog\/wp-content\/uploads\/2016\/04\/Vidikovac-od-Bara-do-Ulcinja.jpg","contentUrl":"https:\/\/www.visit-ulcinj.com\/blog\/wp-content\/uploads\/2016\/04\/Vidikovac-od-Bara-do-Ulcinja.jpg","width":1024,"height":620},{"@type":"WebPage","@id":"https:\/\/www.visit-ulcinj.com\/blog\/2016\/04\/13\/vidikovac-kod-bara-pogled-puca-ulcinja\/#webpage","url":"https:\/\/www.visit-ulcinj.com\/blog\/2016\/04\/13\/vidikovac-kod-bara-pogled-puca-ulcinja\/","name":"Vidikovac kod Bara: Pogled \u201epuca\u201d do Ulcinja - Lajme nga Ulqini","isPartOf":{"@id":"https:\/\/www.visit-ulcinj.com\/blog\/#website"},"primaryImageOfPage":{"@id":"https:\/\/www.visit-ulcinj.com\/blog\/2016\/04\/13\/vidikovac-kod-bara-pogled-puca-ulcinja\/#primaryimage"},"datePublished":"2016-04-13T07:26:05+00:00","dateModified":"2016-04-13T07:26:05+00:00","author":{"@id":"https:\/\/www.visit-ulcinj.com\/blog\/#\/schema\/person\/dcab619c614d3038751c63bc2aadc06d"},"description":"BAR - Prvi turisti\u010dki vidikovac - odmori\u0161te na barskoj rivijeri, otvorili su ju\u010de potpredsednik Op\u0161tine Bar Du\u0161an Rai\u010devi\u0107 i direktorka Turisti\u010dke","breadcrumb":{"@id":"https:\/\/www.visit-ulcinj.com\/blog\/2016\/04\/13\/vidikovac-kod-bara-pogled-puca-ulcinja\/#breadcrumb"},"inLanguage":"en-US","potentialAction":[{"@type":"ReadAction","target":["https:\/\/www.visit-ulcinj.com\/blog\/2016\/04\/13\/vidikovac-kod-bara-pogled-puca-ulcinja\/"]}]},{"@type":"BreadcrumbList","@id":"https:\/\/www.visit-ulcinj.com\/blog\/2016\/04\/13\/vidikovac-kod-bara-pogled-puca-ulcinja\/#breadcrumb","itemListElement":[{"@type":"ListItem","position":1,"name":"Vidikovac kod Bara: Pogled \u201epuca\u201d do Ulcinja"}]},{"@type":"Person","@id":"https:\/\/www.visit-ulcinj.com\/blog\/#\/schema\/person\/dcab619c614d3038751c63bc2aadc06d","name":"ulqini","sameAs":["http:\/\/www.visit-ulcinj.com"],"url":"https:\/\/www.visit-ulcinj.com\/blog\/author\/admin\/"}]}},"jetpack_featured_media_url":"","jetpack_sharing_enabled":true,"jetpack_shortlink":"https:\/\/wp.me\/pe6lTn-oZF","_links":{"self":[{"href":"https:\/\/www.visit-ulcinj.com\/blog\/wp-json\/wp\/v2\/posts\/96079"}],"collection":[{"href":"https:\/\/www.visit-ulcinj.com\/blog\/wp-json\/wp\/v2\/posts"}],"about":[{"href":"https:\/\/www.visit-ulcinj.com\/blog\/wp-json\/wp\/v2\/types\/post"}],"author":[{"embeddable":true,"href":"https:\/\/www.visit-ulcinj.com\/blog\/wp-json\/wp\/v2\/users\/1"}],"replies":[{"embeddable":true,"href":"https:\/\/www.visit-ulcinj.com\/blog\/wp-json\/wp\/v2\/comments?post=96079"}],"version-history":[{"count":1,"href":"https:\/\/www.visit-ulcinj.com\/blog\/wp-json\/wp\/v2\/posts\/96079\/revisions"}],"predecessor-version":[{"id":96081,"href":"https:\/\/www.visit-ulcinj.com\/blog\/wp-json\/wp\/v2\/posts\/96079\/revisions\/96081"}],"wp:attachment":[{"href":"https:\/\/www.visit-ulcinj.com\/blog\/wp-json\/wp\/v2\/media?parent=96079"}],"wp:term":[{"taxonomy":"category","embeddable":true,"href":"https:\/\/www.visit-ulcinj.com\/blog\/wp-json\/wp\/v2\/categories?post=96079"},{"taxonomy":"post_tag","embeddable":true,"href":"https:\/\/www.visit-ulcinj.com\/blog\/wp-json\/wp\/v2\/tags?post=96079"}],"curies":[{"name":"wp","href":"https:\/\/api.w.org\/{rel}","templated":true}]}}