{"id":96082,"date":"2016-04-13T08:32:41","date_gmt":"2016-04-13T07:32:41","guid":{"rendered":"http:\/\/www.visit-ulcinj.com\/blog\/?p=96082"},"modified":"2016-04-13T08:33:03","modified_gmt":"2016-04-13T07:33:03","slug":"vlada-organizacije-da-daju-doprinos-unapredenju-turisticke-sezone","status":"publish","type":"post","link":"https:\/\/www.visit-ulcinj.com\/blog\/2016\/04\/13\/vlada-organizacije-da-daju-doprinos-unapredenju-turisticke-sezone\/","title":{"rendered":"Vlada i organizacije da daju doprinos unapre\u0111enju turisti\u010dke sezone"},"content":{"rendered":"<p><strong> <a href=\"http:\/\/www.visit-ulcinj.com\/blog\/wp-content\/uploads\/2016\/04\/Vlada-Crne-Gore.jpg\"><img loading=\"lazy\" class=\"alignleft wp-image-96084\" src=\"http:\/\/www.visit-ulcinj.com\/blog\/wp-content\/uploads\/2016\/04\/Vlada-Crne-Gore.jpg\" alt=\"Vlada Crne Gore\" width=\"508\" height=\"339\" srcset=\"https:\/\/www.visit-ulcinj.com\/blog\/wp-content\/uploads\/2016\/04\/Vlada-Crne-Gore.jpg 999w, https:\/\/www.visit-ulcinj.com\/blog\/wp-content\/uploads\/2016\/04\/Vlada-Crne-Gore-300x200.jpg 300w\" sizes=\"(max-width: 508px) 100vw, 508px\" \/><\/a>Tre\u0107a sjednica Savjeta za pra\u0107enje turisti\u010dkog razvoja i pripremu i pra\u0107enje turisti\u010dkih sezona, kojom je predsjedavao predsjednik Vlade, Milo \u0110ukanovi\u0107, odr\u017eana je danas, a tom prilikom je zaklju\u010deno da je neophodno je da sve institucije i organizacije daju sa svoje strane doprinos i ulo\u017ee dodatne napore da unaprijede ponudu u domenu svojih nadle\u017enosti. <\/strong><\/p>\n<p>Na dnevnom redu savjeta razmatrana je turisti\u010dka sezona 2015. godine i o\u010dekivanja za sezonu 2016. kao i akcioni plan pripreme ljetnje turisti\u010dke sezone.<\/p>\n<p>Tako\u0111e, na dnevnom redu analizirano je sezonsko zapo\u0161ljavanje, saobra\u0107ajna infrastruktura, aktivnosti Montenegro Airlinesa u sezoni 2016, Javnog preduze\u0107a za upravljanje morskim dobra, JP Nacionalni parkovi, vodosnabdijevanje, ektrosnabdijevanje i inspekcijski nadzor.<\/p>\n<p>Na sjednici Savjeta prezentovana je Informacija o progresu u dostupnosti Crne Gore kao turisti\u010dke destinacije, izmjene i dopune Zakona o turizmu kao i program podsticajnih mjera i novi Zakon o ure\u0111enju prostora i izgradnji objekata koji ima za cilj razvoj novih poslovnih formi i turizmu a u pravcu podsticaja razvoja smjestajnih kapaciteta visoke kategorij, razvoja ponude i sadr\u017eaja na sjeveru zemlje i povezivanju ponude.<\/p>\n<p>\u201eZaklju\u010deno je da je iza nas uspje\u0161na sezona 2015-te godine, kao i da je neophodno inteziviranje aktivnosti kako bi turisti\u010dka privreda ispunila o\u010dekivanja turista, obzirom na jako dobar buking za 2016-tu godinu\u201c, saop\u0161teno je iz Vlade.<\/p>\n<p>Na sjednici savjeta zaklju\u010deno je da je neophodno je da sve institucije i organizacije daju sa svoje strane doprinos i ulo\u017ee dodatne napore da unaprijede ponudu u domenu svojih nadle\u017enosti.<\/p>\n<p><strong>Izvor: CDM<\/strong><\/p>\n","protected":false},"excerpt":{"rendered":"<p>Tre\u0107a sjednica Savjeta za pra\u0107enje turisti\u010dkog razvoja i pripremu i pra\u0107enje turisti\u010dkih sezona, kojom je predsjedavao predsjednik Vlade, Milo \u0110ukanovi\u0107, odr\u017eana je danas, a tom prilikom je zaklju\u010deno da je neophodno je da sve institucije i organizacije daju sa svoje strane doprinos i ulo\u017ee dodatne napore da unaprijede ponudu u domenu svojih nadle\u017enosti. Na dnevnom [&hellip;]<\/p>\n","protected":false},"author":1,"featured_media":0,"comment_status":"closed","ping_status":"closed","sticky":false,"template":"","format":"standard","meta":{"spay_email":"","jetpack_publicize_message":"","jetpack_is_tweetstorm":false,"jetpack_publicize_feature_enabled":true},"categories":[6950],"tags":[],"jetpack_publicize_connections":[],"yoast_head":"<!-- This site is optimized with the Yoast SEO plugin v19.1 - https:\/\/yoast.com\/wordpress\/plugins\/seo\/ -->\n<title>Vlada i organizacije da daju doprinos unapre\u0111enju turisti\u010dke sezone - Lajme nga Ulqini<\/title>\n<meta name=\"description\" content=\"Tre\u0107a sjednica Savjeta za pra\u0107enje turisti\u010dkog razvoja i pripremu i pra\u0107enje turisti\u010dkih sezona, kojom je predsjedavao predsjednik Vlade, Milo \u0110ukanovi\u0107,\" \/>\n<meta name=\"robots\" content=\"index, follow, max-snippet:-1, max-image-preview:large, max-video-preview:-1\" \/>\n<link rel=\"canonical\" href=\"https:\/\/www.visit-ulcinj.com\/blog\/2016\/04\/13\/vlada-organizacije-da-daju-doprinos-unapredenju-turisticke-sezone\/\" \/>\n<meta property=\"og:locale\" content=\"en_US\" \/>\n<meta property=\"og:type\" content=\"article\" \/>\n<meta property=\"og:title\" content=\"Vlada i organizacije da daju doprinos unapre\u0111enju turisti\u010dke sezone - Lajme nga Ulqini\" \/>\n<meta property=\"og:description\" content=\"Tre\u0107a sjednica Savjeta za pra\u0107enje turisti\u010dkog razvoja i pripremu i pra\u0107enje turisti\u010dkih sezona, kojom je predsjedavao predsjednik Vlade, Milo \u0110ukanovi\u0107,\" \/>\n<meta property=\"og:url\" content=\"https:\/\/www.visit-ulcinj.com\/blog\/2016\/04\/13\/vlada-organizacije-da-daju-doprinos-unapredenju-turisticke-sezone\/\" \/>\n<meta property=\"og:site_name\" content=\"Lajme nga Ulqini\" \/>\n<meta property=\"article:published_time\" content=\"2016-04-13T07:32:41+00:00\" \/>\n<meta property=\"article:modified_time\" content=\"2016-04-13T07:33:03+00:00\" \/>\n<meta property=\"og:image\" content=\"http:\/\/www.visit-ulcinj.com\/blog\/wp-content\/uploads\/2016\/04\/Vlada-Crne-Gore.jpg\" \/>\n<meta name=\"twitter:label1\" content=\"Written by\" \/>\n\t<meta name=\"twitter:data1\" content=\"ulqini\" \/>\n\t<meta name=\"twitter:label2\" content=\"Est. reading time\" \/>\n\t<meta name=\"twitter:data2\" content=\"1 minute\" \/>\n<script type=\"application\/ld+json\" class=\"yoast-schema-graph\">{\"@context\":\"https:\/\/schema.org\",\"@graph\":[{\"@type\":\"WebSite\",\"@id\":\"https:\/\/www.visit-ulcinj.com\/blog\/#website\",\"url\":\"https:\/\/www.visit-ulcinj.com\/blog\/\",\"name\":\"Lajme nga Ulqini\",\"description\":\"Lajme,Vijesti,Ulqini,Ulqin,Crna Gora,Mali i Zi\",\"potentialAction\":[{\"@type\":\"SearchAction\",\"target\":{\"@type\":\"EntryPoint\",\"urlTemplate\":\"https:\/\/www.visit-ulcinj.com\/blog\/?s={search_term_string}\"},\"query-input\":\"required name=search_term_string\"}],\"inLanguage\":\"en-US\"},{\"@type\":\"ImageObject\",\"inLanguage\":\"en-US\",\"@id\":\"https:\/\/www.visit-ulcinj.com\/blog\/2016\/04\/13\/vlada-organizacije-da-daju-doprinos-unapredenju-turisticke-sezone\/#primaryimage\",\"url\":\"https:\/\/www.visit-ulcinj.com\/blog\/wp-content\/uploads\/2016\/04\/Vlada-Crne-Gore.jpg\",\"contentUrl\":\"https:\/\/www.visit-ulcinj.com\/blog\/wp-content\/uploads\/2016\/04\/Vlada-Crne-Gore.jpg\",\"width\":999,\"height\":666},{\"@type\":\"WebPage\",\"@id\":\"https:\/\/www.visit-ulcinj.com\/blog\/2016\/04\/13\/vlada-organizacije-da-daju-doprinos-unapredenju-turisticke-sezone\/#webpage\",\"url\":\"https:\/\/www.visit-ulcinj.com\/blog\/2016\/04\/13\/vlada-organizacije-da-daju-doprinos-unapredenju-turisticke-sezone\/\",\"name\":\"Vlada i organizacije da daju doprinos unapre\u0111enju turisti\u010dke sezone - Lajme nga Ulqini\",\"isPartOf\":{\"@id\":\"https:\/\/www.visit-ulcinj.com\/blog\/#website\"},\"primaryImageOfPage\":{\"@id\":\"https:\/\/www.visit-ulcinj.com\/blog\/2016\/04\/13\/vlada-organizacije-da-daju-doprinos-unapredenju-turisticke-sezone\/#primaryimage\"},\"datePublished\":\"2016-04-13T07:32:41+00:00\",\"dateModified\":\"2016-04-13T07:33:03+00:00\",\"author\":{\"@id\":\"https:\/\/www.visit-ulcinj.com\/blog\/#\/schema\/person\/dcab619c614d3038751c63bc2aadc06d\"},\"description\":\"Tre\u0107a sjednica Savjeta za pra\u0107enje turisti\u010dkog razvoja i pripremu i pra\u0107enje turisti\u010dkih sezona, kojom je predsjedavao predsjednik Vlade, Milo \u0110ukanovi\u0107,\",\"breadcrumb\":{\"@id\":\"https:\/\/www.visit-ulcinj.com\/blog\/2016\/04\/13\/vlada-organizacije-da-daju-doprinos-unapredenju-turisticke-sezone\/#breadcrumb\"},\"inLanguage\":\"en-US\",\"potentialAction\":[{\"@type\":\"ReadAction\",\"target\":[\"https:\/\/www.visit-ulcinj.com\/blog\/2016\/04\/13\/vlada-organizacije-da-daju-doprinos-unapredenju-turisticke-sezone\/\"]}]},{\"@type\":\"BreadcrumbList\",\"@id\":\"https:\/\/www.visit-ulcinj.com\/blog\/2016\/04\/13\/vlada-organizacije-da-daju-doprinos-unapredenju-turisticke-sezone\/#breadcrumb\",\"itemListElement\":[{\"@type\":\"ListItem\",\"position\":1,\"name\":\"Vlada i organizacije da daju doprinos unapre\u0111enju turisti\u010dke sezone\"}]},{\"@type\":\"Person\",\"@id\":\"https:\/\/www.visit-ulcinj.com\/blog\/#\/schema\/person\/dcab619c614d3038751c63bc2aadc06d\",\"name\":\"ulqini\",\"sameAs\":[\"http:\/\/www.visit-ulcinj.com\"],\"url\":\"https:\/\/www.visit-ulcinj.com\/blog\/author\/admin\/\"}]}<\/script>\n<!-- \/ Yoast SEO plugin. -->","yoast_head_json":{"title":"Vlada i organizacije da daju doprinos unapre\u0111enju turisti\u010dke sezone - Lajme nga Ulqini","description":"Tre\u0107a sjednica Savjeta za pra\u0107enje turisti\u010dkog razvoja i pripremu i pra\u0107enje turisti\u010dkih sezona, kojom je predsjedavao predsjednik Vlade, Milo \u0110ukanovi\u0107,","robots":{"index":"index","follow":"follow","max-snippet":"max-snippet:-1","max-image-preview":"max-image-preview:large","max-video-preview":"max-video-preview:-1"},"canonical":"https:\/\/www.visit-ulcinj.com\/blog\/2016\/04\/13\/vlada-organizacije-da-daju-doprinos-unapredenju-turisticke-sezone\/","og_locale":"en_US","og_type":"article","og_title":"Vlada i organizacije da daju doprinos unapre\u0111enju turisti\u010dke sezone - Lajme nga Ulqini","og_description":"Tre\u0107a sjednica Savjeta za pra\u0107enje turisti\u010dkog razvoja i pripremu i pra\u0107enje turisti\u010dkih sezona, kojom je predsjedavao predsjednik Vlade, Milo \u0110ukanovi\u0107,","og_url":"https:\/\/www.visit-ulcinj.com\/blog\/2016\/04\/13\/vlada-organizacije-da-daju-doprinos-unapredenju-turisticke-sezone\/","og_site_name":"Lajme nga Ulqini","article_published_time":"2016-04-13T07:32:41+00:00","article_modified_time":"2016-04-13T07:33:03+00:00","og_image":[{"url":"http:\/\/www.visit-ulcinj.com\/blog\/wp-content\/uploads\/2016\/04\/Vlada-Crne-Gore.jpg"}],"twitter_misc":{"Written by":"ulqini","Est. reading time":"1 minute"},"schema":{"@context":"https:\/\/schema.org","@graph":[{"@type":"WebSite","@id":"https:\/\/www.visit-ulcinj.com\/blog\/#website","url":"https:\/\/www.visit-ulcinj.com\/blog\/","name":"Lajme nga Ulqini","description":"Lajme,Vijesti,Ulqini,Ulqin,Crna Gora,Mali i Zi","potentialAction":[{"@type":"SearchAction","target":{"@type":"EntryPoint","urlTemplate":"https:\/\/www.visit-ulcinj.com\/blog\/?s={search_term_string}"},"query-input":"required name=search_term_string"}],"inLanguage":"en-US"},{"@type":"ImageObject","inLanguage":"en-US","@id":"https:\/\/www.visit-ulcinj.com\/blog\/2016\/04\/13\/vlada-organizacije-da-daju-doprinos-unapredenju-turisticke-sezone\/#primaryimage","url":"https:\/\/www.visit-ulcinj.com\/blog\/wp-content\/uploads\/2016\/04\/Vlada-Crne-Gore.jpg","contentUrl":"https:\/\/www.visit-ulcinj.com\/blog\/wp-content\/uploads\/2016\/04\/Vlada-Crne-Gore.jpg","width":999,"height":666},{"@type":"WebPage","@id":"https:\/\/www.visit-ulcinj.com\/blog\/2016\/04\/13\/vlada-organizacije-da-daju-doprinos-unapredenju-turisticke-sezone\/#webpage","url":"https:\/\/www.visit-ulcinj.com\/blog\/2016\/04\/13\/vlada-organizacije-da-daju-doprinos-unapredenju-turisticke-sezone\/","name":"Vlada i organizacije da daju doprinos unapre\u0111enju turisti\u010dke sezone - Lajme nga Ulqini","isPartOf":{"@id":"https:\/\/www.visit-ulcinj.com\/blog\/#website"},"primaryImageOfPage":{"@id":"https:\/\/www.visit-ulcinj.com\/blog\/2016\/04\/13\/vlada-organizacije-da-daju-doprinos-unapredenju-turisticke-sezone\/#primaryimage"},"datePublished":"2016-04-13T07:32:41+00:00","dateModified":"2016-04-13T07:33:03+00:00","author":{"@id":"https:\/\/www.visit-ulcinj.com\/blog\/#\/schema\/person\/dcab619c614d3038751c63bc2aadc06d"},"description":"Tre\u0107a sjednica Savjeta za pra\u0107enje turisti\u010dkog razvoja i pripremu i pra\u0107enje turisti\u010dkih sezona, kojom je predsjedavao predsjednik Vlade, Milo \u0110ukanovi\u0107,","breadcrumb":{"@id":"https:\/\/www.visit-ulcinj.com\/blog\/2016\/04\/13\/vlada-organizacije-da-daju-doprinos-unapredenju-turisticke-sezone\/#breadcrumb"},"inLanguage":"en-US","potentialAction":[{"@type":"ReadAction","target":["https:\/\/www.visit-ulcinj.com\/blog\/2016\/04\/13\/vlada-organizacije-da-daju-doprinos-unapredenju-turisticke-sezone\/"]}]},{"@type":"BreadcrumbList","@id":"https:\/\/www.visit-ulcinj.com\/blog\/2016\/04\/13\/vlada-organizacije-da-daju-doprinos-unapredenju-turisticke-sezone\/#breadcrumb","itemListElement":[{"@type":"ListItem","position":1,"name":"Vlada i organizacije da daju doprinos unapre\u0111enju turisti\u010dke sezone"}]},{"@type":"Person","@id":"https:\/\/www.visit-ulcinj.com\/blog\/#\/schema\/person\/dcab619c614d3038751c63bc2aadc06d","name":"ulqini","sameAs":["http:\/\/www.visit-ulcinj.com"],"url":"https:\/\/www.visit-ulcinj.com\/blog\/author\/admin\/"}]}},"jetpack_featured_media_url":"","jetpack_sharing_enabled":true,"jetpack_shortlink":"https:\/\/wp.me\/pe6lTn-oZI","_links":{"self":[{"href":"https:\/\/www.visit-ulcinj.com\/blog\/wp-json\/wp\/v2\/posts\/96082"}],"collection":[{"href":"https:\/\/www.visit-ulcinj.com\/blog\/wp-json\/wp\/v2\/posts"}],"about":[{"href":"https:\/\/www.visit-ulcinj.com\/blog\/wp-json\/wp\/v2\/types\/post"}],"author":[{"embeddable":true,"href":"https:\/\/www.visit-ulcinj.com\/blog\/wp-json\/wp\/v2\/users\/1"}],"replies":[{"embeddable":true,"href":"https:\/\/www.visit-ulcinj.com\/blog\/wp-json\/wp\/v2\/comments?post=96082"}],"version-history":[{"count":1,"href":"https:\/\/www.visit-ulcinj.com\/blog\/wp-json\/wp\/v2\/posts\/96082\/revisions"}],"predecessor-version":[{"id":96085,"href":"https:\/\/www.visit-ulcinj.com\/blog\/wp-json\/wp\/v2\/posts\/96082\/revisions\/96085"}],"wp:attachment":[{"href":"https:\/\/www.visit-ulcinj.com\/blog\/wp-json\/wp\/v2\/media?parent=96082"}],"wp:term":[{"taxonomy":"category","embeddable":true,"href":"https:\/\/www.visit-ulcinj.com\/blog\/wp-json\/wp\/v2\/categories?post=96082"},{"taxonomy":"post_tag","embeddable":true,"href":"https:\/\/www.visit-ulcinj.com\/blog\/wp-json\/wp\/v2\/tags?post=96082"}],"curies":[{"name":"wp","href":"https:\/\/api.w.org\/{rel}","templated":true}]}}