{"id":96115,"date":"2016-04-14T11:28:33","date_gmt":"2016-04-14T10:28:33","guid":{"rendered":"http:\/\/www.visit-ulcinj.com\/blog\/?p=96115"},"modified":"2016-04-14T12:49:21","modified_gmt":"2016-04-14T11:49:21","slug":"cungu-na-konferenciju-za-stampu-aktivnosti-za-poboljsanje-situacije-u-opstini","status":"publish","type":"post","link":"https:\/\/www.visit-ulcinj.com\/blog\/2016\/04\/14\/cungu-na-konferenciju-za-stampu-aktivnosti-za-poboljsanje-situacije-u-opstini\/","title":{"rendered":"Cungu na konferenciju za \u0161tampu: Aktivnosti za pobolj\u0161anje situacije u Op\u0161tini"},"content":{"rendered":"<p><a href=\"http:\/\/www.visit-ulcinj.com\/blog\/wp-content\/uploads\/2016\/04\/Konferenca-per-Media-Cungu-Ulqin.jpg\"><img loading=\"lazy\" class=\"alignleft wp-image-96113\" src=\"http:\/\/www.visit-ulcinj.com\/blog\/wp-content\/uploads\/2016\/04\/Konferenca-per-Media-Cungu-Ulqin.jpg\" alt=\"Konferenca-per-Media-Cungu-Ulqin\" width=\"508\" height=\"337\" srcset=\"https:\/\/www.visit-ulcinj.com\/blog\/wp-content\/uploads\/2016\/04\/Konferenca-per-Media-Cungu-Ulqin.jpg 999w, https:\/\/www.visit-ulcinj.com\/blog\/wp-content\/uploads\/2016\/04\/Konferenca-per-Media-Cungu-Ulqin-300x199.jpg 300w\" sizes=\"(max-width: 508px) 100vw, 508px\" \/><\/a>Predsjednik op\u0161tine Ulcinj Nazif Cungu odr\u017eao je konferenciju za \u0161tampu, na kojoj je prisutne upoznao o aktueloj situaciji u op\u0161tini, preduzetim mjerama na konsolidaciji finansija, stro\u017eijoj kontroli tro\u0161enja sredstva bud\u017eeta, nagomilanim dugovima, zaostalim platama zaposlenih i pripremama za ljetnju turisti\u010dku sezonu.<\/p>\n<p>U nastavku prenosimo integralni tekst konferencije:<\/p>\n<p>&#8212;&#8212;&#8212;&#8212;&#8212;&#8212;&#8212;&#8212;&#8212;<\/p>\n<p>Po\u0161tovani novinari,<\/p>\n<p>Dana\u0161nju pres konferenciju smo organizovali sa namjerom da \u0161iru javnost informi\u0161emo o realizovanim aktivnostima tokom perioda od kada vr\u0161imo vlast.<\/p>\n<p>Svima je poznato da se op\u0161tina nalazi u te\u0161koj finansijskoj situaciji, koja nam ne ostavlja prostora da puno govorimo o kapitalnim investicijama i drugim ulaganjima.<\/p>\n<p>\u017delimo da sa medijima imamo otvorenu komunikaciju i korektnu saradnju, jer mediji, zajedno sa nama, snose veliku dru\u0161tvenu odgovornost. Preko medija gra\u0111anima i \u0161iroj javnosti sti\u017eu informacije o na\u0161em radu i realizovanim projektima, zato \u017eelim iskoristiti ovu priliku da vam se zahvalim i pozovem da i dalje uspje\u0161no sara\u0111ujemo u interesu svih svih nas i na\u0161ih gra\u0111ana.<\/p>\n<p>Po\u0161tovani prisutni,<\/p>\n<p>U nastavku \u017eelim da vam predstavim nekoliko va\u017enih informacija o preduzetim mjerama u cilju konsolidacije finasijskog stanja op\u0161tine Ulcinj.<\/p>\n<p>Op\u0161tina Ulcinj, kao i sve ostale op\u0161tine u Crnoj Gori koje su dio sanacionog plana, iskoristila je mogu\u0107nost uzimanja kreditnih sredstava u okviru vladinog programa podr\u0161ke sporovo\u0111enju sanacionog plana. Stali smo na kraj nekotrolisanom tro\u0161enju bud\u017eetskih sredstva i uspostavili red u funcionisanju bud\u017eeta. Ve\u0107 od prvog dana smo uspjeli deblokirati op\u0161tinski ra\u010dun i izmirili broje obaveze iz pr\u0161log perioda, kao i pokrenuli neke investicije u infrastrukturi i komunalnim uslugama:<\/p>\n<p>&#8211; Za refinansiranje 3 ranije uzeta kredita,iskori\u0161\u0107eno je 2.4 miliona eura.<\/p>\n<p>-Zaposlenima u op\u0161tini smo isplatili 3 i po zaostale plate, kojima je u tom periodu ukupno dugovano sedam plata.<\/p>\n<p>&#8211; Radnici javnih preduze\u0107a \u010diji je osniva\u010d op\u0161tina dobili po 4 plate.<\/p>\n<p>&#8211; JP &#8221;Komunalne djelatnosti&#8221; Ulcinj upla\u0107eno 76 hiljada na ime ranijih obaveza.<\/p>\n<p>-Izmirena dugovanja prema Vodacomu &#8211; 100 hiljada eura.<\/p>\n<p>-Izmiren dio duga Elektroprivredi 80 hiljada eura<\/p>\n<p>&#8211; Studentima ispla\u0107ene stipendije za prva dva mjeseca akademske godine 2012-2013;<\/p>\n<p>&#8211; Izmirene obaveze op\u0161tine prema nevladimin organizacijama;<\/p>\n<p>&#8211; Sportskim klubovima upla\u0107eno ukupno 15 hiljada eura;<\/p>\n<p>&#8211; Izmirene obaveze za biv\u0161e zaposlene op\u0161tine Ulcinj i op\u0161tinskih javnih preduze\u0107a, koji su primili po 2000 eura po osnovu otpremnina i ispunjavanja uslova za penzionisanje;<\/p>\n<p>&#8211; Regulisane obaveze po osnovu ugovora o djelu za osobe anga\u017eove tokom pro\u0161logodi\u0161nje turisti\u010dke sezone &#8211; 35 hiljada eura;<\/p>\n<p>&#8211; Ispla\u0107ena dugovanja odbornicima skup\u0161tine Op\u0161tine Ulcinj za 2014. godinu;<\/p>\n<p>&#8211; Regulisan dio obaveza prema kompaniji UrbanProjekt iz \u010ca\u010dka za usluge izrade planskih dokumenata za op\u0161tinu Ulcinj;<\/p>\n<p>&#8211; Reprogramirane obaveze u iznosu od 42.000 euro Fonda za obe\u0161te\u0107enje na 18 mjeseci;<\/p>\n<p>-Planiramo da uskoro po\u010dnemo sa izmirivanjem obaveza prema zaposlenima koji su se javili za dobrovoljni raskid radnog odnose i primanje otpremnine po tom osnovu, \u010dija ukupna suma iznosi 170 hiljada eura.<\/p>\n<p>&#8211; Tako\u0111e, javnim preduze\u0107ima za rje\u0161avanje problema vi\u0161ka zaposlenih po osnovu dobrovoljnog raskida ugovora, koji je oko 40, spremni smo ustupiti potrebna sredstva.<\/p>\n<p>U nastavku, \u017eelim da vas upoznam o realizovanim projektima i onima \u010dija je<\/p>\n<p>realizacija u toku:<\/p>\n<p>-Po\u010delo je asfaltiranje 4100 metara lokalnih puteva u \u0110eranama, Velikoj pla\u017ei, Novoj mahali, Sukobinu, Midama i Krutama. Radove izvodi firma Putevi Bar. Vrijednost projekta 135 hiljada eura.<\/p>\n<p>&#8211; Ula\u017eemo napore kako bi do\u0161li do rje\u0161enja za nagomilani dug koje na\u0161e javno preduze\u0107e &#8221;Komunalne djelatnosti&#8221; ima prema Regionalnoj sanitarnoj deponiji \u201cMo\u017eura\u201d preko sporazuma o cesiji.<\/p>\n<p>&#8211; Od\u017eali smo vi\u0161e konstruktivnih sastanaka sa predstavnicima &#8221;Morskog dobra&#8221;, od kojih o\u010dekujemo po\u010detak realizacije nekoliko projekata.<\/p>\n<p>&#8211; U toku ove sedmice bi\u0107e raspisan tender sa sanaciju kaldrme u ulici Hafiz Ali Ul\u0107inaku. Vrijednost radova 30 hiljada eura.<\/p>\n<p>&#8211; Spreman je tender za zapra\u0161ivanje komaraca vrijedan 10 hiljada eura.<\/p>\n<p>Paraleno radimo i na hortikulturnom ure\u0111enju i uvo\u0111enju stro\u017eijeg komunalnog reda u gradu.<\/p>\n<p>Planiramo sadnju nekoliko stotina novih sadnica dekorativnih biljaka i drve\u0107a, kre\u010denje fasada objekata, trajno rje\u0161enje problem pasa lutalica u gradu itd.<\/p>\n<p>Radimo ubrzanim tempom kako bi grad ve\u0107 tokom prvih dana maja bio spreman za do\u010dek velikog broja turista.<\/p>\n<p>Tokom maja planirano vi\u0161e kulturno umjetni\u010dkih, ali i sportskih aktivnosti visokog nivoa kao \u0161to smo imali Me\u0111unarodni turnir u karateu \u2018\u2019Ulcinj Open 2016\u2019\u2019, Me\u0111unarodni turnir u tenisu \u2018\u2019FedCup\u2019\u2019, koje \u0107emo kao dio na\u0161e turisti\u010dke ponude predstaviti na sajmovima turizma u Pri\u0161tini, Skoplju i Lukavcu.<\/p>\n<p>Na kraju, \u017eelim da naglasim da smo odr\u017eali nekoliko bitnih sastanaka kao \u0161to je onaj u Podgorici na kome se raspravljalo o sudbini ulcinjske Solane, sastanak sa vlasnicima pla\u017ea, hotela, turisti\u010dkih agencija i restorana, sastanak sa Upravom za inspekcijske poslove, zvani\u010dnicima Uprave policije itd.<\/p>\n<p>Planirano da u narednim danima budemo doma\u0107ini sastanka na kome \u0107e u\u010destvovati ministri raznih resora Vlade Crne Gore, o \u010demu \u0107ete blagovremeno biti obavije\u0161teni.<\/p>\n<p>Hvala!<\/p>\n<p>Ulcinj, 13.04.2016<\/p>\n<p><iframe loading=\"lazy\" frameborder=\"0\" width=\"508\" height=\"315\" src=\"\/\/www.dailymotion.com\/embed\/video\/x44f0yf?autoPlay=1\" allowfullscreen><\/iframe><\/p>\n","protected":false},"excerpt":{"rendered":"<p>Predsjednik op\u0161tine Ulcinj Nazif Cungu odr\u017eao je konferenciju za \u0161tampu, na kojoj je prisutne upoznao o aktueloj situaciji u op\u0161tini, preduzetim mjerama na konsolidaciji finansija, stro\u017eijoj kontroli tro\u0161enja sredstva bud\u017eeta, nagomilanim dugovima, zaostalim platama zaposlenih i pripremama za ljetnju turisti\u010dku sezonu. U nastavku prenosimo integralni tekst konferencije: &#8212;&#8212;&#8212;&#8212;&#8212;&#8212;&#8212;&#8212;&#8212; Po\u0161tovani novinari, Dana\u0161nju pres konferenciju smo organizovali [&hellip;]<\/p>\n","protected":false},"author":1,"featured_media":0,"comment_status":"closed","ping_status":"closed","sticky":false,"template":"","format":"standard","meta":{"spay_email":"","jetpack_publicize_message":"","jetpack_is_tweetstorm":false,"jetpack_publicize_feature_enabled":true},"categories":[8337],"tags":[],"jetpack_publicize_connections":[],"yoast_head":"<!-- This site is optimized with the Yoast SEO plugin v19.1 - https:\/\/yoast.com\/wordpress\/plugins\/seo\/ -->\n<title>Cungu na konferenciju za \u0161tampu: Aktivnosti za pobolj\u0161anje situacije u Op\u0161tini - Lajme nga Ulqini<\/title>\n<meta name=\"description\" content=\"Predsjednik op\u0161tine Ulcinj Nazif Cungu odr\u017eao je konferenciju za \u0161tampu, na kojoj je prisutne upoznao o aktueloj situaciji u op\u0161tini, preduzetim mjerama\" \/>\n<meta name=\"robots\" content=\"index, follow, max-snippet:-1, max-image-preview:large, max-video-preview:-1\" \/>\n<link rel=\"canonical\" href=\"https:\/\/www.visit-ulcinj.com\/blog\/2016\/04\/14\/cungu-na-konferenciju-za-stampu-aktivnosti-za-poboljsanje-situacije-u-opstini\/\" \/>\n<meta property=\"og:locale\" content=\"en_US\" \/>\n<meta property=\"og:type\" content=\"article\" \/>\n<meta property=\"og:title\" content=\"Cungu na konferenciju za \u0161tampu: Aktivnosti za pobolj\u0161anje situacije u Op\u0161tini - Lajme nga Ulqini\" \/>\n<meta property=\"og:description\" content=\"Predsjednik op\u0161tine Ulcinj Nazif Cungu odr\u017eao je konferenciju za \u0161tampu, na kojoj je prisutne upoznao o aktueloj situaciji u op\u0161tini, preduzetim mjerama\" \/>\n<meta property=\"og:url\" content=\"https:\/\/www.visit-ulcinj.com\/blog\/2016\/04\/14\/cungu-na-konferenciju-za-stampu-aktivnosti-za-poboljsanje-situacije-u-opstini\/\" \/>\n<meta property=\"og:site_name\" content=\"Lajme nga Ulqini\" \/>\n<meta property=\"article:published_time\" content=\"2016-04-14T10:28:33+00:00\" \/>\n<meta property=\"article:modified_time\" content=\"2016-04-14T11:49:21+00:00\" \/>\n<meta property=\"og:image\" content=\"http:\/\/www.visit-ulcinj.com\/blog\/wp-content\/uploads\/2016\/04\/Konferenca-per-Media-Cungu-Ulqin.jpg\" \/>\n<meta name=\"twitter:label1\" content=\"Written by\" \/>\n\t<meta name=\"twitter:data1\" content=\"ulqini\" \/>\n\t<meta name=\"twitter:label2\" content=\"Est. reading time\" \/>\n\t<meta name=\"twitter:data2\" content=\"4 minutes\" \/>\n<script type=\"application\/ld+json\" class=\"yoast-schema-graph\">{\"@context\":\"https:\/\/schema.org\",\"@graph\":[{\"@type\":\"WebSite\",\"@id\":\"https:\/\/www.visit-ulcinj.com\/blog\/#website\",\"url\":\"https:\/\/www.visit-ulcinj.com\/blog\/\",\"name\":\"Lajme nga Ulqini\",\"description\":\"Lajme,Vijesti,Ulqini,Ulqin,Crna Gora,Mali i Zi\",\"potentialAction\":[{\"@type\":\"SearchAction\",\"target\":{\"@type\":\"EntryPoint\",\"urlTemplate\":\"https:\/\/www.visit-ulcinj.com\/blog\/?s={search_term_string}\"},\"query-input\":\"required name=search_term_string\"}],\"inLanguage\":\"en-US\"},{\"@type\":\"ImageObject\",\"inLanguage\":\"en-US\",\"@id\":\"https:\/\/www.visit-ulcinj.com\/blog\/2016\/04\/14\/cungu-na-konferenciju-za-stampu-aktivnosti-za-poboljsanje-situacije-u-opstini\/#primaryimage\",\"url\":\"https:\/\/www.visit-ulcinj.com\/blog\/wp-content\/uploads\/2016\/04\/Konferenca-per-Media-Cungu-Ulqin.jpg\",\"contentUrl\":\"https:\/\/www.visit-ulcinj.com\/blog\/wp-content\/uploads\/2016\/04\/Konferenca-per-Media-Cungu-Ulqin.jpg\",\"width\":999,\"height\":662},{\"@type\":\"WebPage\",\"@id\":\"https:\/\/www.visit-ulcinj.com\/blog\/2016\/04\/14\/cungu-na-konferenciju-za-stampu-aktivnosti-za-poboljsanje-situacije-u-opstini\/#webpage\",\"url\":\"https:\/\/www.visit-ulcinj.com\/blog\/2016\/04\/14\/cungu-na-konferenciju-za-stampu-aktivnosti-za-poboljsanje-situacije-u-opstini\/\",\"name\":\"Cungu na konferenciju za \u0161tampu: Aktivnosti za pobolj\u0161anje situacije u Op\u0161tini - Lajme nga Ulqini\",\"isPartOf\":{\"@id\":\"https:\/\/www.visit-ulcinj.com\/blog\/#website\"},\"primaryImageOfPage\":{\"@id\":\"https:\/\/www.visit-ulcinj.com\/blog\/2016\/04\/14\/cungu-na-konferenciju-za-stampu-aktivnosti-za-poboljsanje-situacije-u-opstini\/#primaryimage\"},\"datePublished\":\"2016-04-14T10:28:33+00:00\",\"dateModified\":\"2016-04-14T11:49:21+00:00\",\"author\":{\"@id\":\"https:\/\/www.visit-ulcinj.com\/blog\/#\/schema\/person\/dcab619c614d3038751c63bc2aadc06d\"},\"description\":\"Predsjednik op\u0161tine Ulcinj Nazif Cungu odr\u017eao je konferenciju za \u0161tampu, na kojoj je prisutne upoznao o aktueloj situaciji u op\u0161tini, preduzetim mjerama\",\"breadcrumb\":{\"@id\":\"https:\/\/www.visit-ulcinj.com\/blog\/2016\/04\/14\/cungu-na-konferenciju-za-stampu-aktivnosti-za-poboljsanje-situacije-u-opstini\/#breadcrumb\"},\"inLanguage\":\"en-US\",\"potentialAction\":[{\"@type\":\"ReadAction\",\"target\":[\"https:\/\/www.visit-ulcinj.com\/blog\/2016\/04\/14\/cungu-na-konferenciju-za-stampu-aktivnosti-za-poboljsanje-situacije-u-opstini\/\"]}]},{\"@type\":\"BreadcrumbList\",\"@id\":\"https:\/\/www.visit-ulcinj.com\/blog\/2016\/04\/14\/cungu-na-konferenciju-za-stampu-aktivnosti-za-poboljsanje-situacije-u-opstini\/#breadcrumb\",\"itemListElement\":[{\"@type\":\"ListItem\",\"position\":1,\"name\":\"Cungu na konferenciju za \u0161tampu: Aktivnosti za pobolj\u0161anje situacije u Op\u0161tini\"}]},{\"@type\":\"Person\",\"@id\":\"https:\/\/www.visit-ulcinj.com\/blog\/#\/schema\/person\/dcab619c614d3038751c63bc2aadc06d\",\"name\":\"ulqini\",\"sameAs\":[\"http:\/\/www.visit-ulcinj.com\"],\"url\":\"https:\/\/www.visit-ulcinj.com\/blog\/author\/admin\/\"}]}<\/script>\n<!-- \/ Yoast SEO plugin. -->","yoast_head_json":{"title":"Cungu na konferenciju za \u0161tampu: Aktivnosti za pobolj\u0161anje situacije u Op\u0161tini - Lajme nga Ulqini","description":"Predsjednik op\u0161tine Ulcinj Nazif Cungu odr\u017eao je konferenciju za \u0161tampu, na kojoj je prisutne upoznao o aktueloj situaciji u op\u0161tini, preduzetim mjerama","robots":{"index":"index","follow":"follow","max-snippet":"max-snippet:-1","max-image-preview":"max-image-preview:large","max-video-preview":"max-video-preview:-1"},"canonical":"https:\/\/www.visit-ulcinj.com\/blog\/2016\/04\/14\/cungu-na-konferenciju-za-stampu-aktivnosti-za-poboljsanje-situacije-u-opstini\/","og_locale":"en_US","og_type":"article","og_title":"Cungu na konferenciju za \u0161tampu: Aktivnosti za pobolj\u0161anje situacije u Op\u0161tini - Lajme nga Ulqini","og_description":"Predsjednik op\u0161tine Ulcinj Nazif Cungu odr\u017eao je konferenciju za \u0161tampu, na kojoj je prisutne upoznao o aktueloj situaciji u op\u0161tini, preduzetim mjerama","og_url":"https:\/\/www.visit-ulcinj.com\/blog\/2016\/04\/14\/cungu-na-konferenciju-za-stampu-aktivnosti-za-poboljsanje-situacije-u-opstini\/","og_site_name":"Lajme nga Ulqini","article_published_time":"2016-04-14T10:28:33+00:00","article_modified_time":"2016-04-14T11:49:21+00:00","og_image":[{"url":"http:\/\/www.visit-ulcinj.com\/blog\/wp-content\/uploads\/2016\/04\/Konferenca-per-Media-Cungu-Ulqin.jpg"}],"twitter_misc":{"Written by":"ulqini","Est. reading time":"4 minutes"},"schema":{"@context":"https:\/\/schema.org","@graph":[{"@type":"WebSite","@id":"https:\/\/www.visit-ulcinj.com\/blog\/#website","url":"https:\/\/www.visit-ulcinj.com\/blog\/","name":"Lajme nga Ulqini","description":"Lajme,Vijesti,Ulqini,Ulqin,Crna Gora,Mali i Zi","potentialAction":[{"@type":"SearchAction","target":{"@type":"EntryPoint","urlTemplate":"https:\/\/www.visit-ulcinj.com\/blog\/?s={search_term_string}"},"query-input":"required name=search_term_string"}],"inLanguage":"en-US"},{"@type":"ImageObject","inLanguage":"en-US","@id":"https:\/\/www.visit-ulcinj.com\/blog\/2016\/04\/14\/cungu-na-konferenciju-za-stampu-aktivnosti-za-poboljsanje-situacije-u-opstini\/#primaryimage","url":"https:\/\/www.visit-ulcinj.com\/blog\/wp-content\/uploads\/2016\/04\/Konferenca-per-Media-Cungu-Ulqin.jpg","contentUrl":"https:\/\/www.visit-ulcinj.com\/blog\/wp-content\/uploads\/2016\/04\/Konferenca-per-Media-Cungu-Ulqin.jpg","width":999,"height":662},{"@type":"WebPage","@id":"https:\/\/www.visit-ulcinj.com\/blog\/2016\/04\/14\/cungu-na-konferenciju-za-stampu-aktivnosti-za-poboljsanje-situacije-u-opstini\/#webpage","url":"https:\/\/www.visit-ulcinj.com\/blog\/2016\/04\/14\/cungu-na-konferenciju-za-stampu-aktivnosti-za-poboljsanje-situacije-u-opstini\/","name":"Cungu na konferenciju za \u0161tampu: Aktivnosti za pobolj\u0161anje situacije u Op\u0161tini - Lajme nga Ulqini","isPartOf":{"@id":"https:\/\/www.visit-ulcinj.com\/blog\/#website"},"primaryImageOfPage":{"@id":"https:\/\/www.visit-ulcinj.com\/blog\/2016\/04\/14\/cungu-na-konferenciju-za-stampu-aktivnosti-za-poboljsanje-situacije-u-opstini\/#primaryimage"},"datePublished":"2016-04-14T10:28:33+00:00","dateModified":"2016-04-14T11:49:21+00:00","author":{"@id":"https:\/\/www.visit-ulcinj.com\/blog\/#\/schema\/person\/dcab619c614d3038751c63bc2aadc06d"},"description":"Predsjednik op\u0161tine Ulcinj Nazif Cungu odr\u017eao je konferenciju za \u0161tampu, na kojoj je prisutne upoznao o aktueloj situaciji u op\u0161tini, preduzetim mjerama","breadcrumb":{"@id":"https:\/\/www.visit-ulcinj.com\/blog\/2016\/04\/14\/cungu-na-konferenciju-za-stampu-aktivnosti-za-poboljsanje-situacije-u-opstini\/#breadcrumb"},"inLanguage":"en-US","potentialAction":[{"@type":"ReadAction","target":["https:\/\/www.visit-ulcinj.com\/blog\/2016\/04\/14\/cungu-na-konferenciju-za-stampu-aktivnosti-za-poboljsanje-situacije-u-opstini\/"]}]},{"@type":"BreadcrumbList","@id":"https:\/\/www.visit-ulcinj.com\/blog\/2016\/04\/14\/cungu-na-konferenciju-za-stampu-aktivnosti-za-poboljsanje-situacije-u-opstini\/#breadcrumb","itemListElement":[{"@type":"ListItem","position":1,"name":"Cungu na konferenciju za \u0161tampu: Aktivnosti za pobolj\u0161anje situacije u Op\u0161tini"}]},{"@type":"Person","@id":"https:\/\/www.visit-ulcinj.com\/blog\/#\/schema\/person\/dcab619c614d3038751c63bc2aadc06d","name":"ulqini","sameAs":["http:\/\/www.visit-ulcinj.com"],"url":"https:\/\/www.visit-ulcinj.com\/blog\/author\/admin\/"}]}},"jetpack_featured_media_url":"","jetpack_sharing_enabled":true,"jetpack_shortlink":"https:\/\/wp.me\/pe6lTn-p0f","_links":{"self":[{"href":"https:\/\/www.visit-ulcinj.com\/blog\/wp-json\/wp\/v2\/posts\/96115"}],"collection":[{"href":"https:\/\/www.visit-ulcinj.com\/blog\/wp-json\/wp\/v2\/posts"}],"about":[{"href":"https:\/\/www.visit-ulcinj.com\/blog\/wp-json\/wp\/v2\/types\/post"}],"author":[{"embeddable":true,"href":"https:\/\/www.visit-ulcinj.com\/blog\/wp-json\/wp\/v2\/users\/1"}],"replies":[{"embeddable":true,"href":"https:\/\/www.visit-ulcinj.com\/blog\/wp-json\/wp\/v2\/comments?post=96115"}],"version-history":[{"count":2,"href":"https:\/\/www.visit-ulcinj.com\/blog\/wp-json\/wp\/v2\/posts\/96115\/revisions"}],"predecessor-version":[{"id":96127,"href":"https:\/\/www.visit-ulcinj.com\/blog\/wp-json\/wp\/v2\/posts\/96115\/revisions\/96127"}],"wp:attachment":[{"href":"https:\/\/www.visit-ulcinj.com\/blog\/wp-json\/wp\/v2\/media?parent=96115"}],"wp:term":[{"taxonomy":"category","embeddable":true,"href":"https:\/\/www.visit-ulcinj.com\/blog\/wp-json\/wp\/v2\/categories?post=96115"},{"taxonomy":"post_tag","embeddable":true,"href":"https:\/\/www.visit-ulcinj.com\/blog\/wp-json\/wp\/v2\/tags?post=96115"}],"curies":[{"name":"wp","href":"https:\/\/api.w.org\/{rel}","templated":true}]}}