{"id":96143,"date":"2016-04-14T14:14:03","date_gmt":"2016-04-14T13:14:03","guid":{"rendered":"http:\/\/www.visit-ulcinj.com\/blog\/?p=96143"},"modified":"2016-04-15T10:40:43","modified_gmt":"2016-04-15T09:40:43","slug":"pergatitje-per-prezantim-dinjitoz-ne-panairin-e-turizmit-ne-prishtine","status":"publish","type":"post","link":"https:\/\/www.visit-ulcinj.com\/blog\/2016\/04\/14\/pergatitje-per-prezantim-dinjitoz-ne-panairin-e-turizmit-ne-prishtine\/","title":{"rendered":"P\u00ebrgatitje p\u00ebr prezantim dinjitoz n\u00eb Panairin e turizmit n\u00eb Prishtin\u00eb"},"content":{"rendered":"<p><a href=\"http:\/\/www.visit-ulcinj.com\/blog\/wp-content\/uploads\/2012\/04\/Panairi-i-turizmit-n\u00eb-Prishtine-2012-Ulqini-prezanton-oferten-turistike.16.jpg\"><img loading=\"lazy\" class=\"alignleft wp-image-59568\" src=\"http:\/\/www.visit-ulcinj.com\/blog\/wp-content\/uploads\/2012\/04\/Panairi-i-turizmit-n\u00eb-Prishtine-2012-Ulqini-prezanton-oferten-turistike.16.jpg\" alt=\"Panairi i turizmit n\u00eb Prishtine 2012 - Ulqini prezanton oferten turistike.16\" width=\"508\" height=\"321\" srcset=\"https:\/\/www.visit-ulcinj.com\/blog\/wp-content\/uploads\/2012\/04\/Panairi-i-turizmit-n\u00eb-Prishtine-2012-Ulqini-prezanton-oferten-turistike.16.jpg 640w, https:\/\/www.visit-ulcinj.com\/blog\/wp-content\/uploads\/2012\/04\/Panairi-i-turizmit-n\u00eb-Prishtine-2012-Ulqini-prezanton-oferten-turistike.16-300x189.jpg 300w\" sizes=\"(max-width: 508px) 100vw, 508px\" \/><\/a>Gjat\u00eb k\u00ebtyre\u00a0 dit\u00ebve strukturat\u00a0 udh\u00ebheq\u00ebse komunale jan\u00eb t\u00eb angazhuara rreth p\u00ebrgatitjeve\u00a0 p\u00ebr\u00a0 prezantim dinjitoz\u00a0 t\u00eb ofert\u00ebs turistike t\u00eb\u00a0 Ulqinit n\u00eb Panairin\u00a0 e Prishtin\u00ebs.<\/p>\n<p>G\u00ebzon fakti q\u00eb t\u00eb gatsh\u00ebm p\u00ebr ndihm\u00eb jan\u00eb shprehur dhe afarist\u00ebt, pronar\u00ebt e plazheve, hoteleve dhe restoranteve. Nga ana tjet\u00ebr nuk do t\u00eb mungojn\u00eb\u00a0 materialet propagandistike nga Organizata Turistike dhe subjekt\u00eb t\u00eb tjer\u00eb t\u00eb\u00a0 interesuar. Si rendom\u00eb edhe ket\u00eb vit do t\u00eb k\u00ebt\u00eb konferenca me gazetar\u00eb, pjes\u00ebmarrje n\u00eb televizione t\u00eb ndryshme t\u00eb Kosov\u00ebs dhe deklarata p\u00ebr medije\u00a0 t\u00eb shkruara dhe portale. Nd\u00ebrkaq, kryetari i komun\u00ebs Nazif Cungu gjat\u00eb dit\u00ebve t\u00eb fundit ka dh\u00ebn\u00eb nj\u00eb s\u00ebr\u00eb intervistash p\u00ebr ekipet televizive t\u00eb cilat kan\u00eb ardhur p\u00ebr realizimin e emisioneve t\u00eb ve\u00e7anta nga Ulqini k\u00ebt\u00eb fillim ver\u00eb. N\u00eb intervistat dh\u00ebn\u00eb\u00a0 RTK-s\u00eb, RTSH dhe ekipeve t\u00eb tjera nga ku mund\u00a0 t\u00eb vijn\u00eb dhe mysafir\u00eb ai paralajmeroi aktivitete t\u00eb shumta kulturore dhe sportive p\u00ebr dit\u00ebt e para t\u00eb muajit maj.<\/p>\n<p><iframe loading=\"lazy\" src=\"\/\/www.dailymotion.com\/embed\/video\/x44f0yf?autoPlay=1\" width=\"508\" height=\"315\" frameborder=\"0\" allowfullscreen=\"allowfullscreen\"><\/iframe><\/p>\n","protected":false},"excerpt":{"rendered":"<p>Gjat\u00eb k\u00ebtyre\u00a0 dit\u00ebve strukturat\u00a0 udh\u00ebheq\u00ebse komunale jan\u00eb t\u00eb angazhuara rreth p\u00ebrgatitjeve\u00a0 p\u00ebr\u00a0 prezantim dinjitoz\u00a0 t\u00eb ofert\u00ebs turistike t\u00eb\u00a0 Ulqinit n\u00eb Panairin\u00a0 e Prishtin\u00ebs. G\u00ebzon fakti q\u00eb t\u00eb gatsh\u00ebm p\u00ebr ndihm\u00eb jan\u00eb shprehur dhe afarist\u00ebt, pronar\u00ebt e plazheve, hoteleve dhe restoranteve. Nga ana tjet\u00ebr nuk do t\u00eb mungojn\u00eb\u00a0 materialet propagandistike nga Organizata Turistike dhe subjekt\u00eb t\u00eb [&hellip;]<\/p>\n","protected":false},"author":1,"featured_media":0,"comment_status":"closed","ping_status":"closed","sticky":false,"template":"","format":"standard","meta":{"spay_email":"","jetpack_publicize_message":"","jetpack_is_tweetstorm":false,"jetpack_publicize_feature_enabled":true},"categories":[1,6],"tags":[],"jetpack_publicize_connections":[],"yoast_head":"<!-- This site is optimized with the Yoast SEO plugin v19.1 - https:\/\/yoast.com\/wordpress\/plugins\/seo\/ -->\n<title>P\u00ebrgatitje p\u00ebr prezantim dinjitoz n\u00eb Panairin e turizmit n\u00eb Prishtin\u00eb - Lajme nga Ulqini<\/title>\n<meta name=\"description\" content=\"Gjat\u00eb k\u00ebtyre\u00a0 dit\u00ebve strukturat\u00a0 udh\u00ebheq\u00ebse komunale jan\u00eb t\u00eb angazhuara rreth p\u00ebrgatitjeve\u00a0 p\u00ebr\u00a0 prezantim dinjitoz\u00a0 t\u00eb ofert\u00ebs turistike t\u00eb\u00a0 Ulqinit n\u00eb\" \/>\n<meta name=\"robots\" content=\"index, follow, max-snippet:-1, max-image-preview:large, max-video-preview:-1\" \/>\n<link rel=\"canonical\" href=\"https:\/\/www.visit-ulcinj.com\/blog\/2016\/04\/14\/pergatitje-per-prezantim-dinjitoz-ne-panairin-e-turizmit-ne-prishtine\/\" \/>\n<meta property=\"og:locale\" content=\"en_US\" \/>\n<meta property=\"og:type\" content=\"article\" \/>\n<meta property=\"og:title\" content=\"P\u00ebrgatitje p\u00ebr prezantim dinjitoz n\u00eb Panairin e turizmit n\u00eb Prishtin\u00eb - Lajme nga Ulqini\" \/>\n<meta property=\"og:description\" content=\"Gjat\u00eb k\u00ebtyre\u00a0 dit\u00ebve strukturat\u00a0 udh\u00ebheq\u00ebse komunale jan\u00eb t\u00eb angazhuara rreth p\u00ebrgatitjeve\u00a0 p\u00ebr\u00a0 prezantim dinjitoz\u00a0 t\u00eb ofert\u00ebs turistike t\u00eb\u00a0 Ulqinit n\u00eb\" \/>\n<meta property=\"og:url\" content=\"https:\/\/www.visit-ulcinj.com\/blog\/2016\/04\/14\/pergatitje-per-prezantim-dinjitoz-ne-panairin-e-turizmit-ne-prishtine\/\" \/>\n<meta property=\"og:site_name\" content=\"Lajme nga Ulqini\" \/>\n<meta property=\"article:published_time\" content=\"2016-04-14T13:14:03+00:00\" \/>\n<meta property=\"article:modified_time\" content=\"2016-04-15T09:40:43+00:00\" \/>\n<meta name=\"twitter:label1\" content=\"Written by\" \/>\n\t<meta name=\"twitter:data1\" content=\"ulqini\" \/>\n\t<meta name=\"twitter:label2\" content=\"Est. reading time\" \/>\n\t<meta name=\"twitter:data2\" content=\"1 minute\" \/>\n<script type=\"application\/ld+json\" class=\"yoast-schema-graph\">{\"@context\":\"https:\/\/schema.org\",\"@graph\":[{\"@type\":\"WebSite\",\"@id\":\"https:\/\/www.visit-ulcinj.com\/blog\/#website\",\"url\":\"https:\/\/www.visit-ulcinj.com\/blog\/\",\"name\":\"Lajme nga Ulqini\",\"description\":\"Lajme,Vijesti,Ulqini,Ulqin,Crna Gora,Mali i Zi\",\"potentialAction\":[{\"@type\":\"SearchAction\",\"target\":{\"@type\":\"EntryPoint\",\"urlTemplate\":\"https:\/\/www.visit-ulcinj.com\/blog\/?s={search_term_string}\"},\"query-input\":\"required name=search_term_string\"}],\"inLanguage\":\"en-US\"},{\"@type\":\"WebPage\",\"@id\":\"https:\/\/www.visit-ulcinj.com\/blog\/2016\/04\/14\/pergatitje-per-prezantim-dinjitoz-ne-panairin-e-turizmit-ne-prishtine\/#webpage\",\"url\":\"https:\/\/www.visit-ulcinj.com\/blog\/2016\/04\/14\/pergatitje-per-prezantim-dinjitoz-ne-panairin-e-turizmit-ne-prishtine\/\",\"name\":\"P\u00ebrgatitje p\u00ebr prezantim dinjitoz n\u00eb Panairin e turizmit n\u00eb Prishtin\u00eb - Lajme nga Ulqini\",\"isPartOf\":{\"@id\":\"https:\/\/www.visit-ulcinj.com\/blog\/#website\"},\"datePublished\":\"2016-04-14T13:14:03+00:00\",\"dateModified\":\"2016-04-15T09:40:43+00:00\",\"author\":{\"@id\":\"https:\/\/www.visit-ulcinj.com\/blog\/#\/schema\/person\/dcab619c614d3038751c63bc2aadc06d\"},\"description\":\"Gjat\u00eb k\u00ebtyre\u00a0 dit\u00ebve strukturat\u00a0 udh\u00ebheq\u00ebse komunale jan\u00eb t\u00eb angazhuara rreth p\u00ebrgatitjeve\u00a0 p\u00ebr\u00a0 prezantim dinjitoz\u00a0 t\u00eb ofert\u00ebs turistike t\u00eb\u00a0 Ulqinit n\u00eb\",\"breadcrumb\":{\"@id\":\"https:\/\/www.visit-ulcinj.com\/blog\/2016\/04\/14\/pergatitje-per-prezantim-dinjitoz-ne-panairin-e-turizmit-ne-prishtine\/#breadcrumb\"},\"inLanguage\":\"en-US\",\"potentialAction\":[{\"@type\":\"ReadAction\",\"target\":[\"https:\/\/www.visit-ulcinj.com\/blog\/2016\/04\/14\/pergatitje-per-prezantim-dinjitoz-ne-panairin-e-turizmit-ne-prishtine\/\"]}]},{\"@type\":\"BreadcrumbList\",\"@id\":\"https:\/\/www.visit-ulcinj.com\/blog\/2016\/04\/14\/pergatitje-per-prezantim-dinjitoz-ne-panairin-e-turizmit-ne-prishtine\/#breadcrumb\",\"itemListElement\":[{\"@type\":\"ListItem\",\"position\":1,\"name\":\"P\u00ebrgatitje p\u00ebr prezantim dinjitoz n\u00eb Panairin e turizmit n\u00eb Prishtin\u00eb\"}]},{\"@type\":\"Person\",\"@id\":\"https:\/\/www.visit-ulcinj.com\/blog\/#\/schema\/person\/dcab619c614d3038751c63bc2aadc06d\",\"name\":\"ulqini\",\"sameAs\":[\"http:\/\/www.visit-ulcinj.com\"],\"url\":\"https:\/\/www.visit-ulcinj.com\/blog\/author\/admin\/\"}]}<\/script>\n<!-- \/ Yoast SEO plugin. -->","yoast_head_json":{"title":"P\u00ebrgatitje p\u00ebr prezantim dinjitoz n\u00eb Panairin e turizmit n\u00eb Prishtin\u00eb - Lajme nga Ulqini","description":"Gjat\u00eb k\u00ebtyre\u00a0 dit\u00ebve strukturat\u00a0 udh\u00ebheq\u00ebse komunale jan\u00eb t\u00eb angazhuara rreth p\u00ebrgatitjeve\u00a0 p\u00ebr\u00a0 prezantim dinjitoz\u00a0 t\u00eb ofert\u00ebs turistike t\u00eb\u00a0 Ulqinit n\u00eb","robots":{"index":"index","follow":"follow","max-snippet":"max-snippet:-1","max-image-preview":"max-image-preview:large","max-video-preview":"max-video-preview:-1"},"canonical":"https:\/\/www.visit-ulcinj.com\/blog\/2016\/04\/14\/pergatitje-per-prezantim-dinjitoz-ne-panairin-e-turizmit-ne-prishtine\/","og_locale":"en_US","og_type":"article","og_title":"P\u00ebrgatitje p\u00ebr prezantim dinjitoz n\u00eb Panairin e turizmit n\u00eb Prishtin\u00eb - Lajme nga Ulqini","og_description":"Gjat\u00eb k\u00ebtyre\u00a0 dit\u00ebve strukturat\u00a0 udh\u00ebheq\u00ebse komunale jan\u00eb t\u00eb angazhuara rreth p\u00ebrgatitjeve\u00a0 p\u00ebr\u00a0 prezantim dinjitoz\u00a0 t\u00eb ofert\u00ebs turistike t\u00eb\u00a0 Ulqinit n\u00eb","og_url":"https:\/\/www.visit-ulcinj.com\/blog\/2016\/04\/14\/pergatitje-per-prezantim-dinjitoz-ne-panairin-e-turizmit-ne-prishtine\/","og_site_name":"Lajme nga Ulqini","article_published_time":"2016-04-14T13:14:03+00:00","article_modified_time":"2016-04-15T09:40:43+00:00","twitter_misc":{"Written by":"ulqini","Est. reading time":"1 minute"},"schema":{"@context":"https:\/\/schema.org","@graph":[{"@type":"WebSite","@id":"https:\/\/www.visit-ulcinj.com\/blog\/#website","url":"https:\/\/www.visit-ulcinj.com\/blog\/","name":"Lajme nga Ulqini","description":"Lajme,Vijesti,Ulqini,Ulqin,Crna Gora,Mali i Zi","potentialAction":[{"@type":"SearchAction","target":{"@type":"EntryPoint","urlTemplate":"https:\/\/www.visit-ulcinj.com\/blog\/?s={search_term_string}"},"query-input":"required name=search_term_string"}],"inLanguage":"en-US"},{"@type":"WebPage","@id":"https:\/\/www.visit-ulcinj.com\/blog\/2016\/04\/14\/pergatitje-per-prezantim-dinjitoz-ne-panairin-e-turizmit-ne-prishtine\/#webpage","url":"https:\/\/www.visit-ulcinj.com\/blog\/2016\/04\/14\/pergatitje-per-prezantim-dinjitoz-ne-panairin-e-turizmit-ne-prishtine\/","name":"P\u00ebrgatitje p\u00ebr prezantim dinjitoz n\u00eb Panairin e turizmit n\u00eb Prishtin\u00eb - Lajme nga Ulqini","isPartOf":{"@id":"https:\/\/www.visit-ulcinj.com\/blog\/#website"},"datePublished":"2016-04-14T13:14:03+00:00","dateModified":"2016-04-15T09:40:43+00:00","author":{"@id":"https:\/\/www.visit-ulcinj.com\/blog\/#\/schema\/person\/dcab619c614d3038751c63bc2aadc06d"},"description":"Gjat\u00eb k\u00ebtyre\u00a0 dit\u00ebve strukturat\u00a0 udh\u00ebheq\u00ebse komunale jan\u00eb t\u00eb angazhuara rreth p\u00ebrgatitjeve\u00a0 p\u00ebr\u00a0 prezantim dinjitoz\u00a0 t\u00eb ofert\u00ebs turistike t\u00eb\u00a0 Ulqinit n\u00eb","breadcrumb":{"@id":"https:\/\/www.visit-ulcinj.com\/blog\/2016\/04\/14\/pergatitje-per-prezantim-dinjitoz-ne-panairin-e-turizmit-ne-prishtine\/#breadcrumb"},"inLanguage":"en-US","potentialAction":[{"@type":"ReadAction","target":["https:\/\/www.visit-ulcinj.com\/blog\/2016\/04\/14\/pergatitje-per-prezantim-dinjitoz-ne-panairin-e-turizmit-ne-prishtine\/"]}]},{"@type":"BreadcrumbList","@id":"https:\/\/www.visit-ulcinj.com\/blog\/2016\/04\/14\/pergatitje-per-prezantim-dinjitoz-ne-panairin-e-turizmit-ne-prishtine\/#breadcrumb","itemListElement":[{"@type":"ListItem","position":1,"name":"P\u00ebrgatitje p\u00ebr prezantim dinjitoz n\u00eb Panairin e turizmit n\u00eb Prishtin\u00eb"}]},{"@type":"Person","@id":"https:\/\/www.visit-ulcinj.com\/blog\/#\/schema\/person\/dcab619c614d3038751c63bc2aadc06d","name":"ulqini","sameAs":["http:\/\/www.visit-ulcinj.com"],"url":"https:\/\/www.visit-ulcinj.com\/blog\/author\/admin\/"}]}},"jetpack_featured_media_url":"","jetpack_sharing_enabled":true,"jetpack_shortlink":"https:\/\/wp.me\/pe6lTn-p0H","_links":{"self":[{"href":"https:\/\/www.visit-ulcinj.com\/blog\/wp-json\/wp\/v2\/posts\/96143"}],"collection":[{"href":"https:\/\/www.visit-ulcinj.com\/blog\/wp-json\/wp\/v2\/posts"}],"about":[{"href":"https:\/\/www.visit-ulcinj.com\/blog\/wp-json\/wp\/v2\/types\/post"}],"author":[{"embeddable":true,"href":"https:\/\/www.visit-ulcinj.com\/blog\/wp-json\/wp\/v2\/users\/1"}],"replies":[{"embeddable":true,"href":"https:\/\/www.visit-ulcinj.com\/blog\/wp-json\/wp\/v2\/comments?post=96143"}],"version-history":[{"count":1,"href":"https:\/\/www.visit-ulcinj.com\/blog\/wp-json\/wp\/v2\/posts\/96143\/revisions"}],"predecessor-version":[{"id":96144,"href":"https:\/\/www.visit-ulcinj.com\/blog\/wp-json\/wp\/v2\/posts\/96143\/revisions\/96144"}],"wp:attachment":[{"href":"https:\/\/www.visit-ulcinj.com\/blog\/wp-json\/wp\/v2\/media?parent=96143"}],"wp:term":[{"taxonomy":"category","embeddable":true,"href":"https:\/\/www.visit-ulcinj.com\/blog\/wp-json\/wp\/v2\/categories?post=96143"},{"taxonomy":"post_tag","embeddable":true,"href":"https:\/\/www.visit-ulcinj.com\/blog\/wp-json\/wp\/v2\/tags?post=96143"}],"curies":[{"name":"wp","href":"https:\/\/api.w.org\/{rel}","templated":true}]}}