{"id":96145,"date":"2016-04-14T14:20:24","date_gmt":"2016-04-14T13:20:24","guid":{"rendered":"http:\/\/www.visit-ulcinj.com\/blog\/?p=96145"},"modified":"2016-04-14T14:22:11","modified_gmt":"2016-04-14T13:22:11","slug":"organizata-turistike-e-ulqinit-ne-shkup","status":"publish","type":"post","link":"https:\/\/www.visit-ulcinj.com\/blog\/2016\/04\/14\/organizata-turistike-e-ulqinit-ne-shkup\/","title":{"rendered":"Organizata Turistike e Ulqinit ne Shkup"},"content":{"rendered":"<p><strong><a href=\"http:\/\/www.visit-ulcinj.com\/blog\/wp-content\/uploads\/2016\/04\/Organizata-Turistike-e-Ulqinit-ne-Shkup-Turisticka-Organizacija-Ulcinj-u-Skopje-.jpg\"><img loading=\"lazy\" class=\"alignleft wp-image-96146\" src=\"http:\/\/www.visit-ulcinj.com\/blog\/wp-content\/uploads\/2016\/04\/Organizata-Turistike-e-Ulqinit-ne-Shkup-Turisticka-Organizacija-Ulcinj-u-Skopje-.jpg\" alt=\"Organizata Turistike e Ulqinit ne Shkup - Turisticka Organizacija Ulcinj u Skopje-\" width=\"508\" height=\"286\" srcset=\"https:\/\/www.visit-ulcinj.com\/blog\/wp-content\/uploads\/2016\/04\/Organizata-Turistike-e-Ulqinit-ne-Shkup-Turisticka-Organizacija-Ulcinj-u-Skopje-.jpg 884w, https:\/\/www.visit-ulcinj.com\/blog\/wp-content\/uploads\/2016\/04\/Organizata-Turistike-e-Ulqinit-ne-Shkup-Turisticka-Organizacija-Ulcinj-u-Skopje--300x169.jpg 300w\" sizes=\"(max-width: 508px) 100vw, 508px\" \/><\/a>Panairi i Shkupit 14-16.04.2016<\/strong><\/p>\n<p>Organizata Turistike e Ulqinit \u00ebsht\u00eb duke marr\u00eb pjes\u00eb p\u00ebr her\u00eb t\u00eb dyt\u00eb n\u00eb panairin e Shkupit n\u00eb bashk\u00ebpunim me Organizatat lokale t\u00eb Tivarit, Tivatit, Budv\u00ebs, Kotorit, Podgoric\u00ebs. Panairi i Shkupit \u00ebsht\u00eb nj\u00ebri nd\u00ebr m\u00eb t\u00eb r\u00ebndesishmit n\u00eb Maqedoni i cili \u00ebsht\u00eb treg i r\u00ebnd\u00ebsish\u00ebm p\u00ebr Ulqinin ku edhe numri i turist\u00ebve \u00ebsht\u00eb p\u00ebr \u00e7do vit e m\u00eb i madh. Panairi i Shkupit ka filluar sot dhe do t\u00eb zgjas\u00eb deri me 16 prill dhe pritet t\u00eb ket\u00eb shum\u00eb vizitor\u00eb por edhe interesim p\u00ebr ofert\u00ebn ton\u00eb turistike. N\u00eb k\u00ebt\u00eb panair marrin pjes\u00eb rreth 70 ekspozues nga 35 vende t\u00eb ndryshme q\u00eb v\u00ebrteton faktin q\u00eb \u00ebsht\u00eb panair i r\u00ebnd\u00ebsish\u00ebm rajonal dhe p\u00ebr k\u00ebt\u00eb pjes\u00eb t\u00eb Evrop\u00ebs.<\/p>\n<p>Dit\u00ebn e par\u00eb stend\u00ebn e Malit t\u00eb Zi e ka vizituar edhe ambasadori i MZ n\u00eb Shkup, nd\u00ebrsa prej p\u00ebrfaq\u00ebsuesve t\u00eb Komun\u00ebs ton\u00eb n\u00eb k\u00ebt\u00eb panairi merr pjes\u00eb n\u00ebnkryetari i Komun\u00ebs z.Vaso Radoviq. Vitin e kaluar Ulqinin\u00a0 e kan\u00eb vizituar 5.639 turist\u00eb nga Maqedonia q\u00eb kan\u00eb realizuar 47.200 fjetje k\u00ebshtu q\u00eb, shpresojm\u00eb q\u00eb promovimi i ofert\u00ebs ton\u00eb dhe pjes\u00ebmarrja n\u00eb k\u00ebt\u00eb panair do t\u00eb ndikojn\u00eb q\u00eb edhe numri i turist\u00ebve do t\u00eb jet\u00eb n\u00eb rritje.<\/p>\n<p>&nbsp;<\/p>\n<p>Sh\u00ebrbimi i OT Ulqin<\/p>\n<p><iframe loading=\"lazy\" src=\"\/\/www.dailymotion.com\/embed\/video\/x44f0yf?autoPlay=1\" width=\"508\" height=\"315\" frameborder=\"0\" allowfullscreen=\"allowfullscreen\"><\/iframe><\/p>\n<p><a href=\"http:\/\/www.visit-ulcinj.com\/blog\/wp-content\/uploads\/2016\/04\/Organizata-Turistike-e-Ulqinit-ne-Shkup-Turisticka-Organizacija-Ulcinj-u-Skopje-1.jpg\"><img loading=\"lazy\" class=\"alignleft wp-image-96149\" src=\"http:\/\/www.visit-ulcinj.com\/blog\/wp-content\/uploads\/2016\/04\/Organizata-Turistike-e-Ulqinit-ne-Shkup-Turisticka-Organizacija-Ulcinj-u-Skopje-1.jpg\" alt=\"Organizata Turistike e Ulqinit ne Shkup - Turisticka Organizacija Ulcinj u Skopje-1\" width=\"508\" height=\"902\" srcset=\"https:\/\/www.visit-ulcinj.com\/blog\/wp-content\/uploads\/2016\/04\/Organizata-Turistike-e-Ulqinit-ne-Shkup-Turisticka-Organizacija-Ulcinj-u-Skopje-1.jpg 280w, https:\/\/www.visit-ulcinj.com\/blog\/wp-content\/uploads\/2016\/04\/Organizata-Turistike-e-Ulqinit-ne-Shkup-Turisticka-Organizacija-Ulcinj-u-Skopje-1-169x300.jpg 169w\" sizes=\"(max-width: 508px) 100vw, 508px\" \/><\/a><\/p>\n","protected":false},"excerpt":{"rendered":"<p>Panairi i Shkupit 14-16.04.2016 Organizata Turistike e Ulqinit \u00ebsht\u00eb duke marr\u00eb pjes\u00eb p\u00ebr her\u00eb t\u00eb dyt\u00eb n\u00eb panairin e Shkupit n\u00eb bashk\u00ebpunim me Organizatat lokale t\u00eb Tivarit, Tivatit, Budv\u00ebs, Kotorit, Podgoric\u00ebs. Panairi i Shkupit \u00ebsht\u00eb nj\u00ebri nd\u00ebr m\u00eb t\u00eb r\u00ebndesishmit n\u00eb Maqedoni i cili \u00ebsht\u00eb treg i r\u00ebnd\u00ebsish\u00ebm p\u00ebr Ulqinin ku edhe numri i turist\u00ebve [&hellip;]<\/p>\n","protected":false},"author":1,"featured_media":0,"comment_status":"closed","ping_status":"closed","sticky":false,"template":"","format":"standard","meta":{"spay_email":"","jetpack_publicize_message":"","jetpack_is_tweetstorm":false,"jetpack_publicize_feature_enabled":true},"categories":[15],"tags":[],"jetpack_publicize_connections":[],"yoast_head":"<!-- This site is optimized with the Yoast SEO plugin v19.1 - https:\/\/yoast.com\/wordpress\/plugins\/seo\/ -->\n<title>Organizata Turistike e Ulqinit ne Shkup - Lajme nga Ulqini<\/title>\n<meta name=\"description\" content=\"Panairi i Shkupit 14-16.04.2016 Organizata Turistike e Ulqinit \u00ebsht\u00eb duke marr\u00eb pjes\u00eb p\u00ebr her\u00eb t\u00eb dyt\u00eb n\u00eb panairin e Shkupit n\u00eb bashk\u00ebpunim me Organizatat\" \/>\n<meta name=\"robots\" content=\"index, follow, max-snippet:-1, max-image-preview:large, max-video-preview:-1\" \/>\n<link rel=\"canonical\" href=\"https:\/\/www.visit-ulcinj.com\/blog\/2016\/04\/14\/organizata-turistike-e-ulqinit-ne-shkup\/\" \/>\n<meta property=\"og:locale\" content=\"en_US\" \/>\n<meta property=\"og:type\" content=\"article\" \/>\n<meta property=\"og:title\" content=\"Organizata Turistike e Ulqinit ne Shkup - Lajme nga Ulqini\" \/>\n<meta property=\"og:description\" content=\"Panairi i Shkupit 14-16.04.2016 Organizata Turistike e Ulqinit \u00ebsht\u00eb duke marr\u00eb pjes\u00eb p\u00ebr her\u00eb t\u00eb dyt\u00eb n\u00eb panairin e Shkupit n\u00eb bashk\u00ebpunim me Organizatat\" \/>\n<meta property=\"og:url\" content=\"https:\/\/www.visit-ulcinj.com\/blog\/2016\/04\/14\/organizata-turistike-e-ulqinit-ne-shkup\/\" \/>\n<meta property=\"og:site_name\" content=\"Lajme nga Ulqini\" \/>\n<meta property=\"article:published_time\" content=\"2016-04-14T13:20:24+00:00\" \/>\n<meta property=\"article:modified_time\" content=\"2016-04-14T13:22:11+00:00\" \/>\n<meta property=\"og:image\" content=\"http:\/\/www.visit-ulcinj.com\/blog\/wp-content\/uploads\/2016\/04\/Organizata-Turistike-e-Ulqinit-ne-Shkup-Turisticka-Organizacija-Ulcinj-u-Skopje-.jpg\" \/>\n<meta name=\"twitter:label1\" content=\"Written by\" \/>\n\t<meta name=\"twitter:data1\" content=\"ulqini\" \/>\n\t<meta name=\"twitter:label2\" content=\"Est. reading time\" \/>\n\t<meta name=\"twitter:data2\" content=\"1 minute\" \/>\n<script type=\"application\/ld+json\" class=\"yoast-schema-graph\">{\"@context\":\"https:\/\/schema.org\",\"@graph\":[{\"@type\":\"WebSite\",\"@id\":\"https:\/\/www.visit-ulcinj.com\/blog\/#website\",\"url\":\"https:\/\/www.visit-ulcinj.com\/blog\/\",\"name\":\"Lajme nga Ulqini\",\"description\":\"Lajme,Vijesti,Ulqini,Ulqin,Crna Gora,Mali i Zi\",\"potentialAction\":[{\"@type\":\"SearchAction\",\"target\":{\"@type\":\"EntryPoint\",\"urlTemplate\":\"https:\/\/www.visit-ulcinj.com\/blog\/?s={search_term_string}\"},\"query-input\":\"required name=search_term_string\"}],\"inLanguage\":\"en-US\"},{\"@type\":\"ImageObject\",\"inLanguage\":\"en-US\",\"@id\":\"https:\/\/www.visit-ulcinj.com\/blog\/2016\/04\/14\/organizata-turistike-e-ulqinit-ne-shkup\/#primaryimage\",\"url\":\"https:\/\/www.visit-ulcinj.com\/blog\/wp-content\/uploads\/2016\/04\/Organizata-Turistike-e-Ulqinit-ne-Shkup-Turisticka-Organizacija-Ulcinj-u-Skopje-.jpg\",\"contentUrl\":\"https:\/\/www.visit-ulcinj.com\/blog\/wp-content\/uploads\/2016\/04\/Organizata-Turistike-e-Ulqinit-ne-Shkup-Turisticka-Organizacija-Ulcinj-u-Skopje-.jpg\",\"width\":884,\"height\":497},{\"@type\":\"WebPage\",\"@id\":\"https:\/\/www.visit-ulcinj.com\/blog\/2016\/04\/14\/organizata-turistike-e-ulqinit-ne-shkup\/#webpage\",\"url\":\"https:\/\/www.visit-ulcinj.com\/blog\/2016\/04\/14\/organizata-turistike-e-ulqinit-ne-shkup\/\",\"name\":\"Organizata Turistike e Ulqinit ne Shkup - Lajme nga Ulqini\",\"isPartOf\":{\"@id\":\"https:\/\/www.visit-ulcinj.com\/blog\/#website\"},\"primaryImageOfPage\":{\"@id\":\"https:\/\/www.visit-ulcinj.com\/blog\/2016\/04\/14\/organizata-turistike-e-ulqinit-ne-shkup\/#primaryimage\"},\"datePublished\":\"2016-04-14T13:20:24+00:00\",\"dateModified\":\"2016-04-14T13:22:11+00:00\",\"author\":{\"@id\":\"https:\/\/www.visit-ulcinj.com\/blog\/#\/schema\/person\/dcab619c614d3038751c63bc2aadc06d\"},\"description\":\"Panairi i Shkupit 14-16.04.2016 Organizata Turistike e Ulqinit \u00ebsht\u00eb duke marr\u00eb pjes\u00eb p\u00ebr her\u00eb t\u00eb dyt\u00eb n\u00eb panairin e Shkupit n\u00eb bashk\u00ebpunim me Organizatat\",\"breadcrumb\":{\"@id\":\"https:\/\/www.visit-ulcinj.com\/blog\/2016\/04\/14\/organizata-turistike-e-ulqinit-ne-shkup\/#breadcrumb\"},\"inLanguage\":\"en-US\",\"potentialAction\":[{\"@type\":\"ReadAction\",\"target\":[\"https:\/\/www.visit-ulcinj.com\/blog\/2016\/04\/14\/organizata-turistike-e-ulqinit-ne-shkup\/\"]}]},{\"@type\":\"BreadcrumbList\",\"@id\":\"https:\/\/www.visit-ulcinj.com\/blog\/2016\/04\/14\/organizata-turistike-e-ulqinit-ne-shkup\/#breadcrumb\",\"itemListElement\":[{\"@type\":\"ListItem\",\"position\":1,\"name\":\"Organizata Turistike e Ulqinit ne Shkup\"}]},{\"@type\":\"Person\",\"@id\":\"https:\/\/www.visit-ulcinj.com\/blog\/#\/schema\/person\/dcab619c614d3038751c63bc2aadc06d\",\"name\":\"ulqini\",\"sameAs\":[\"http:\/\/www.visit-ulcinj.com\"],\"url\":\"https:\/\/www.visit-ulcinj.com\/blog\/author\/admin\/\"}]}<\/script>\n<!-- \/ Yoast SEO plugin. -->","yoast_head_json":{"title":"Organizata Turistike e Ulqinit ne Shkup - Lajme nga Ulqini","description":"Panairi i Shkupit 14-16.04.2016 Organizata Turistike e Ulqinit \u00ebsht\u00eb duke marr\u00eb pjes\u00eb p\u00ebr her\u00eb t\u00eb dyt\u00eb n\u00eb panairin e Shkupit n\u00eb bashk\u00ebpunim me Organizatat","robots":{"index":"index","follow":"follow","max-snippet":"max-snippet:-1","max-image-preview":"max-image-preview:large","max-video-preview":"max-video-preview:-1"},"canonical":"https:\/\/www.visit-ulcinj.com\/blog\/2016\/04\/14\/organizata-turistike-e-ulqinit-ne-shkup\/","og_locale":"en_US","og_type":"article","og_title":"Organizata Turistike e Ulqinit ne Shkup - Lajme nga Ulqini","og_description":"Panairi i Shkupit 14-16.04.2016 Organizata Turistike e Ulqinit \u00ebsht\u00eb duke marr\u00eb pjes\u00eb p\u00ebr her\u00eb t\u00eb dyt\u00eb n\u00eb panairin e Shkupit n\u00eb bashk\u00ebpunim me Organizatat","og_url":"https:\/\/www.visit-ulcinj.com\/blog\/2016\/04\/14\/organizata-turistike-e-ulqinit-ne-shkup\/","og_site_name":"Lajme nga Ulqini","article_published_time":"2016-04-14T13:20:24+00:00","article_modified_time":"2016-04-14T13:22:11+00:00","og_image":[{"url":"http:\/\/www.visit-ulcinj.com\/blog\/wp-content\/uploads\/2016\/04\/Organizata-Turistike-e-Ulqinit-ne-Shkup-Turisticka-Organizacija-Ulcinj-u-Skopje-.jpg"}],"twitter_misc":{"Written by":"ulqini","Est. reading time":"1 minute"},"schema":{"@context":"https:\/\/schema.org","@graph":[{"@type":"WebSite","@id":"https:\/\/www.visit-ulcinj.com\/blog\/#website","url":"https:\/\/www.visit-ulcinj.com\/blog\/","name":"Lajme nga Ulqini","description":"Lajme,Vijesti,Ulqini,Ulqin,Crna Gora,Mali i Zi","potentialAction":[{"@type":"SearchAction","target":{"@type":"EntryPoint","urlTemplate":"https:\/\/www.visit-ulcinj.com\/blog\/?s={search_term_string}"},"query-input":"required name=search_term_string"}],"inLanguage":"en-US"},{"@type":"ImageObject","inLanguage":"en-US","@id":"https:\/\/www.visit-ulcinj.com\/blog\/2016\/04\/14\/organizata-turistike-e-ulqinit-ne-shkup\/#primaryimage","url":"https:\/\/www.visit-ulcinj.com\/blog\/wp-content\/uploads\/2016\/04\/Organizata-Turistike-e-Ulqinit-ne-Shkup-Turisticka-Organizacija-Ulcinj-u-Skopje-.jpg","contentUrl":"https:\/\/www.visit-ulcinj.com\/blog\/wp-content\/uploads\/2016\/04\/Organizata-Turistike-e-Ulqinit-ne-Shkup-Turisticka-Organizacija-Ulcinj-u-Skopje-.jpg","width":884,"height":497},{"@type":"WebPage","@id":"https:\/\/www.visit-ulcinj.com\/blog\/2016\/04\/14\/organizata-turistike-e-ulqinit-ne-shkup\/#webpage","url":"https:\/\/www.visit-ulcinj.com\/blog\/2016\/04\/14\/organizata-turistike-e-ulqinit-ne-shkup\/","name":"Organizata Turistike e Ulqinit ne Shkup - Lajme nga Ulqini","isPartOf":{"@id":"https:\/\/www.visit-ulcinj.com\/blog\/#website"},"primaryImageOfPage":{"@id":"https:\/\/www.visit-ulcinj.com\/blog\/2016\/04\/14\/organizata-turistike-e-ulqinit-ne-shkup\/#primaryimage"},"datePublished":"2016-04-14T13:20:24+00:00","dateModified":"2016-04-14T13:22:11+00:00","author":{"@id":"https:\/\/www.visit-ulcinj.com\/blog\/#\/schema\/person\/dcab619c614d3038751c63bc2aadc06d"},"description":"Panairi i Shkupit 14-16.04.2016 Organizata Turistike e Ulqinit \u00ebsht\u00eb duke marr\u00eb pjes\u00eb p\u00ebr her\u00eb t\u00eb dyt\u00eb n\u00eb panairin e Shkupit n\u00eb bashk\u00ebpunim me Organizatat","breadcrumb":{"@id":"https:\/\/www.visit-ulcinj.com\/blog\/2016\/04\/14\/organizata-turistike-e-ulqinit-ne-shkup\/#breadcrumb"},"inLanguage":"en-US","potentialAction":[{"@type":"ReadAction","target":["https:\/\/www.visit-ulcinj.com\/blog\/2016\/04\/14\/organizata-turistike-e-ulqinit-ne-shkup\/"]}]},{"@type":"BreadcrumbList","@id":"https:\/\/www.visit-ulcinj.com\/blog\/2016\/04\/14\/organizata-turistike-e-ulqinit-ne-shkup\/#breadcrumb","itemListElement":[{"@type":"ListItem","position":1,"name":"Organizata Turistike e Ulqinit ne Shkup"}]},{"@type":"Person","@id":"https:\/\/www.visit-ulcinj.com\/blog\/#\/schema\/person\/dcab619c614d3038751c63bc2aadc06d","name":"ulqini","sameAs":["http:\/\/www.visit-ulcinj.com"],"url":"https:\/\/www.visit-ulcinj.com\/blog\/author\/admin\/"}]}},"jetpack_featured_media_url":"","jetpack_sharing_enabled":true,"jetpack_shortlink":"https:\/\/wp.me\/pe6lTn-p0J","_links":{"self":[{"href":"https:\/\/www.visit-ulcinj.com\/blog\/wp-json\/wp\/v2\/posts\/96145"}],"collection":[{"href":"https:\/\/www.visit-ulcinj.com\/blog\/wp-json\/wp\/v2\/posts"}],"about":[{"href":"https:\/\/www.visit-ulcinj.com\/blog\/wp-json\/wp\/v2\/types\/post"}],"author":[{"embeddable":true,"href":"https:\/\/www.visit-ulcinj.com\/blog\/wp-json\/wp\/v2\/users\/1"}],"replies":[{"embeddable":true,"href":"https:\/\/www.visit-ulcinj.com\/blog\/wp-json\/wp\/v2\/comments?post=96145"}],"version-history":[{"count":3,"href":"https:\/\/www.visit-ulcinj.com\/blog\/wp-json\/wp\/v2\/posts\/96145\/revisions"}],"predecessor-version":[{"id":96150,"href":"https:\/\/www.visit-ulcinj.com\/blog\/wp-json\/wp\/v2\/posts\/96145\/revisions\/96150"}],"wp:attachment":[{"href":"https:\/\/www.visit-ulcinj.com\/blog\/wp-json\/wp\/v2\/media?parent=96145"}],"wp:term":[{"taxonomy":"category","embeddable":true,"href":"https:\/\/www.visit-ulcinj.com\/blog\/wp-json\/wp\/v2\/categories?post=96145"},{"taxonomy":"post_tag","embeddable":true,"href":"https:\/\/www.visit-ulcinj.com\/blog\/wp-json\/wp\/v2\/tags?post=96145"}],"curies":[{"name":"wp","href":"https:\/\/api.w.org\/{rel}","templated":true}]}}