{"id":96159,"date":"2016-04-14T15:04:09","date_gmt":"2016-04-14T14:04:09","guid":{"rendered":"http:\/\/www.visit-ulcinj.com\/blog\/?p=96159"},"modified":"2016-04-14T15:05:20","modified_gmt":"2016-04-14T14:05:20","slug":"fuad-lamezevic-sacuvati-borovu-sumu-od-devastacije","status":"publish","type":"post","link":"https:\/\/www.visit-ulcinj.com\/blog\/2016\/04\/14\/fuad-lamezevic-sacuvati-borovu-sumu-od-devastacije\/","title":{"rendered":"Fuad Lame\u017eevi\u0107: Sa\u010duvati Borovu \u0161umu od devastacije"},"content":{"rendered":"<p><strong><a href=\"http:\/\/www.visit-ulcinj.com\/blog\/wp-content\/uploads\/2016\/04\/Fuad-Lamezevic-pozitivna-Ulcinj.jpg\"><img loading=\"lazy\" class=\"alignleft wp-image-96160\" src=\"http:\/\/www.visit-ulcinj.com\/blog\/wp-content\/uploads\/2016\/04\/Fuad-Lamezevic-pozitivna-Ulcinj.jpg\" alt=\"Fuad-Lamezevic-pozitivna-Ulcinj\" width=\"508\" height=\"339\" srcset=\"https:\/\/www.visit-ulcinj.com\/blog\/wp-content\/uploads\/2016\/04\/Fuad-Lamezevic-pozitivna-Ulcinj.jpg 999w, https:\/\/www.visit-ulcinj.com\/blog\/wp-content\/uploads\/2016\/04\/Fuad-Lamezevic-pozitivna-Ulcinj-300x200.jpg 300w\" sizes=\"(max-width: 508px) 100vw, 508px\" \/><\/a>Pozivamo nadle\u017ene, posebno Op\u0161tinu Ulcinj i JP Morsko dobro, da pomognu akciju grupe gra\u0111ana u revitalizaciji Borove \u0161ume, jer ukoliko ne sa\u010duvamo pomenuti resurs, sada\u0161njim tempom devastacije, \u0161uma bi mogla, prema procjenama, nestati u narednih deset godina.<\/strong><\/p>\n<p>Zbog neodgovornosti nadle\u017enih i vremenskih nepogoda, nakon kojih se ni\u0161ta ne preduzima od strane odgovornih I str\u010dnih slu\u017ebi, jedna od najatraktivnijih lokacija decenijama je prepu\u0161tena sebi i prijeti joj nestajanje.<\/p>\n<p>Pozitivna Crna Gora podr\u017eava akciju \u010di\u0161\u0107enja i revitalizacije \u0161ume u organizaciji grupe gra\u0111ana Ulcinja i spremna je da u saradnji sa NVO \u00a0\u201cZeleni korak\u201d uradi projektni zadatak za revitalizaciju Borove \u0161ume.<\/p>\n<p>O\u010dekujemo od Op\u0161tine Ulcinj i JP Morsko dobro, da podr\u017ee projekat, kao i aktivnosti grupe gra\u0111ana, kako bi se sa\u010duvala Borova \u0161uma a samim tim i pospje\u0161io zdravstveni turizam op\u0161tine.<\/p>\n<p><strong>Izvor: pozitivnacrnagora.me<\/strong><\/p>\n<p><iframe loading=\"lazy\" src=\"\/\/www.dailymotion.com\/embed\/video\/x44f0yf?autoPlay=1\" width=\"508\" height=\"315\" frameborder=\"0\" allowfullscreen=\"allowfullscreen\"><\/iframe><\/p>\n","protected":false},"excerpt":{"rendered":"<p>Pozivamo nadle\u017ene, posebno Op\u0161tinu Ulcinj i JP Morsko dobro, da pomognu akciju grupe gra\u0111ana u revitalizaciji Borove \u0161ume, jer ukoliko ne sa\u010duvamo pomenuti resurs, sada\u0161njim tempom devastacije, \u0161uma bi mogla, prema procjenama, nestati u narednih deset godina. Zbog neodgovornosti nadle\u017enih i vremenskih nepogoda, nakon kojih se ni\u0161ta ne preduzima od strane odgovornih I str\u010dnih slu\u017ebi, [&hellip;]<\/p>\n","protected":false},"author":1,"featured_media":0,"comment_status":"closed","ping_status":"closed","sticky":false,"template":"","format":"standard","meta":{"spay_email":"","jetpack_publicize_message":"","jetpack_is_tweetstorm":false,"jetpack_publicize_feature_enabled":true},"categories":[6950],"tags":[],"jetpack_publicize_connections":[],"yoast_head":"<!-- This site is optimized with the Yoast SEO plugin v19.1 - https:\/\/yoast.com\/wordpress\/plugins\/seo\/ -->\n<title>Fuad Lame\u017eevi\u0107: Sa\u010duvati Borovu \u0161umu od devastacije - Lajme nga Ulqini<\/title>\n<meta name=\"description\" content=\"Pozivamo nadle\u017ene, posebno Op\u0161tinu Ulcinj i JP Morsko dobro, da pomognu akciju grupe gra\u0111ana u revitalizaciji Borove \u0161ume, jer ukoliko ne sa\u010duvamo\" \/>\n<meta name=\"robots\" content=\"index, follow, max-snippet:-1, max-image-preview:large, max-video-preview:-1\" \/>\n<link rel=\"canonical\" href=\"https:\/\/www.visit-ulcinj.com\/blog\/2016\/04\/14\/fuad-lamezevic-sacuvati-borovu-sumu-od-devastacije\/\" \/>\n<meta property=\"og:locale\" content=\"en_US\" \/>\n<meta property=\"og:type\" content=\"article\" \/>\n<meta property=\"og:title\" content=\"Fuad Lame\u017eevi\u0107: Sa\u010duvati Borovu \u0161umu od devastacije - Lajme nga Ulqini\" \/>\n<meta property=\"og:description\" content=\"Pozivamo nadle\u017ene, posebno Op\u0161tinu Ulcinj i JP Morsko dobro, da pomognu akciju grupe gra\u0111ana u revitalizaciji Borove \u0161ume, jer ukoliko ne sa\u010duvamo\" \/>\n<meta property=\"og:url\" content=\"https:\/\/www.visit-ulcinj.com\/blog\/2016\/04\/14\/fuad-lamezevic-sacuvati-borovu-sumu-od-devastacije\/\" \/>\n<meta property=\"og:site_name\" content=\"Lajme nga Ulqini\" \/>\n<meta property=\"article:published_time\" content=\"2016-04-14T14:04:09+00:00\" \/>\n<meta property=\"article:modified_time\" content=\"2016-04-14T14:05:20+00:00\" \/>\n<meta property=\"og:image\" content=\"http:\/\/www.visit-ulcinj.com\/blog\/wp-content\/uploads\/2016\/04\/Fuad-Lamezevic-pozitivna-Ulcinj.jpg\" \/>\n<meta name=\"twitter:label1\" content=\"Written by\" \/>\n\t<meta name=\"twitter:data1\" content=\"ulqini\" \/>\n\t<meta name=\"twitter:label2\" content=\"Est. reading time\" \/>\n\t<meta name=\"twitter:data2\" content=\"1 minute\" \/>\n<script type=\"application\/ld+json\" class=\"yoast-schema-graph\">{\"@context\":\"https:\/\/schema.org\",\"@graph\":[{\"@type\":\"WebSite\",\"@id\":\"https:\/\/www.visit-ulcinj.com\/blog\/#website\",\"url\":\"https:\/\/www.visit-ulcinj.com\/blog\/\",\"name\":\"Lajme nga Ulqini\",\"description\":\"Lajme,Vijesti,Ulqini,Ulqin,Crna Gora,Mali i Zi\",\"potentialAction\":[{\"@type\":\"SearchAction\",\"target\":{\"@type\":\"EntryPoint\",\"urlTemplate\":\"https:\/\/www.visit-ulcinj.com\/blog\/?s={search_term_string}\"},\"query-input\":\"required name=search_term_string\"}],\"inLanguage\":\"en-US\"},{\"@type\":\"ImageObject\",\"inLanguage\":\"en-US\",\"@id\":\"https:\/\/www.visit-ulcinj.com\/blog\/2016\/04\/14\/fuad-lamezevic-sacuvati-borovu-sumu-od-devastacije\/#primaryimage\",\"url\":\"https:\/\/www.visit-ulcinj.com\/blog\/wp-content\/uploads\/2016\/04\/Fuad-Lamezevic-pozitivna-Ulcinj.jpg\",\"contentUrl\":\"https:\/\/www.visit-ulcinj.com\/blog\/wp-content\/uploads\/2016\/04\/Fuad-Lamezevic-pozitivna-Ulcinj.jpg\",\"width\":999,\"height\":667},{\"@type\":\"WebPage\",\"@id\":\"https:\/\/www.visit-ulcinj.com\/blog\/2016\/04\/14\/fuad-lamezevic-sacuvati-borovu-sumu-od-devastacije\/#webpage\",\"url\":\"https:\/\/www.visit-ulcinj.com\/blog\/2016\/04\/14\/fuad-lamezevic-sacuvati-borovu-sumu-od-devastacije\/\",\"name\":\"Fuad Lame\u017eevi\u0107: Sa\u010duvati Borovu \u0161umu od devastacije - Lajme nga Ulqini\",\"isPartOf\":{\"@id\":\"https:\/\/www.visit-ulcinj.com\/blog\/#website\"},\"primaryImageOfPage\":{\"@id\":\"https:\/\/www.visit-ulcinj.com\/blog\/2016\/04\/14\/fuad-lamezevic-sacuvati-borovu-sumu-od-devastacije\/#primaryimage\"},\"datePublished\":\"2016-04-14T14:04:09+00:00\",\"dateModified\":\"2016-04-14T14:05:20+00:00\",\"author\":{\"@id\":\"https:\/\/www.visit-ulcinj.com\/blog\/#\/schema\/person\/dcab619c614d3038751c63bc2aadc06d\"},\"description\":\"Pozivamo nadle\u017ene, posebno Op\u0161tinu Ulcinj i JP Morsko dobro, da pomognu akciju grupe gra\u0111ana u revitalizaciji Borove \u0161ume, jer ukoliko ne sa\u010duvamo\",\"breadcrumb\":{\"@id\":\"https:\/\/www.visit-ulcinj.com\/blog\/2016\/04\/14\/fuad-lamezevic-sacuvati-borovu-sumu-od-devastacije\/#breadcrumb\"},\"inLanguage\":\"en-US\",\"potentialAction\":[{\"@type\":\"ReadAction\",\"target\":[\"https:\/\/www.visit-ulcinj.com\/blog\/2016\/04\/14\/fuad-lamezevic-sacuvati-borovu-sumu-od-devastacije\/\"]}]},{\"@type\":\"BreadcrumbList\",\"@id\":\"https:\/\/www.visit-ulcinj.com\/blog\/2016\/04\/14\/fuad-lamezevic-sacuvati-borovu-sumu-od-devastacije\/#breadcrumb\",\"itemListElement\":[{\"@type\":\"ListItem\",\"position\":1,\"name\":\"Fuad Lame\u017eevi\u0107: Sa\u010duvati Borovu \u0161umu od devastacije\"}]},{\"@type\":\"Person\",\"@id\":\"https:\/\/www.visit-ulcinj.com\/blog\/#\/schema\/person\/dcab619c614d3038751c63bc2aadc06d\",\"name\":\"ulqini\",\"sameAs\":[\"http:\/\/www.visit-ulcinj.com\"],\"url\":\"https:\/\/www.visit-ulcinj.com\/blog\/author\/admin\/\"}]}<\/script>\n<!-- \/ Yoast SEO plugin. -->","yoast_head_json":{"title":"Fuad Lame\u017eevi\u0107: Sa\u010duvati Borovu \u0161umu od devastacije - Lajme nga Ulqini","description":"Pozivamo nadle\u017ene, posebno Op\u0161tinu Ulcinj i JP Morsko dobro, da pomognu akciju grupe gra\u0111ana u revitalizaciji Borove \u0161ume, jer ukoliko ne sa\u010duvamo","robots":{"index":"index","follow":"follow","max-snippet":"max-snippet:-1","max-image-preview":"max-image-preview:large","max-video-preview":"max-video-preview:-1"},"canonical":"https:\/\/www.visit-ulcinj.com\/blog\/2016\/04\/14\/fuad-lamezevic-sacuvati-borovu-sumu-od-devastacije\/","og_locale":"en_US","og_type":"article","og_title":"Fuad Lame\u017eevi\u0107: Sa\u010duvati Borovu \u0161umu od devastacije - Lajme nga Ulqini","og_description":"Pozivamo nadle\u017ene, posebno Op\u0161tinu Ulcinj i JP Morsko dobro, da pomognu akciju grupe gra\u0111ana u revitalizaciji Borove \u0161ume, jer ukoliko ne sa\u010duvamo","og_url":"https:\/\/www.visit-ulcinj.com\/blog\/2016\/04\/14\/fuad-lamezevic-sacuvati-borovu-sumu-od-devastacije\/","og_site_name":"Lajme nga Ulqini","article_published_time":"2016-04-14T14:04:09+00:00","article_modified_time":"2016-04-14T14:05:20+00:00","og_image":[{"url":"http:\/\/www.visit-ulcinj.com\/blog\/wp-content\/uploads\/2016\/04\/Fuad-Lamezevic-pozitivna-Ulcinj.jpg"}],"twitter_misc":{"Written by":"ulqini","Est. reading time":"1 minute"},"schema":{"@context":"https:\/\/schema.org","@graph":[{"@type":"WebSite","@id":"https:\/\/www.visit-ulcinj.com\/blog\/#website","url":"https:\/\/www.visit-ulcinj.com\/blog\/","name":"Lajme nga Ulqini","description":"Lajme,Vijesti,Ulqini,Ulqin,Crna Gora,Mali i Zi","potentialAction":[{"@type":"SearchAction","target":{"@type":"EntryPoint","urlTemplate":"https:\/\/www.visit-ulcinj.com\/blog\/?s={search_term_string}"},"query-input":"required name=search_term_string"}],"inLanguage":"en-US"},{"@type":"ImageObject","inLanguage":"en-US","@id":"https:\/\/www.visit-ulcinj.com\/blog\/2016\/04\/14\/fuad-lamezevic-sacuvati-borovu-sumu-od-devastacije\/#primaryimage","url":"https:\/\/www.visit-ulcinj.com\/blog\/wp-content\/uploads\/2016\/04\/Fuad-Lamezevic-pozitivna-Ulcinj.jpg","contentUrl":"https:\/\/www.visit-ulcinj.com\/blog\/wp-content\/uploads\/2016\/04\/Fuad-Lamezevic-pozitivna-Ulcinj.jpg","width":999,"height":667},{"@type":"WebPage","@id":"https:\/\/www.visit-ulcinj.com\/blog\/2016\/04\/14\/fuad-lamezevic-sacuvati-borovu-sumu-od-devastacije\/#webpage","url":"https:\/\/www.visit-ulcinj.com\/blog\/2016\/04\/14\/fuad-lamezevic-sacuvati-borovu-sumu-od-devastacije\/","name":"Fuad Lame\u017eevi\u0107: Sa\u010duvati Borovu \u0161umu od devastacije - Lajme nga Ulqini","isPartOf":{"@id":"https:\/\/www.visit-ulcinj.com\/blog\/#website"},"primaryImageOfPage":{"@id":"https:\/\/www.visit-ulcinj.com\/blog\/2016\/04\/14\/fuad-lamezevic-sacuvati-borovu-sumu-od-devastacije\/#primaryimage"},"datePublished":"2016-04-14T14:04:09+00:00","dateModified":"2016-04-14T14:05:20+00:00","author":{"@id":"https:\/\/www.visit-ulcinj.com\/blog\/#\/schema\/person\/dcab619c614d3038751c63bc2aadc06d"},"description":"Pozivamo nadle\u017ene, posebno Op\u0161tinu Ulcinj i JP Morsko dobro, da pomognu akciju grupe gra\u0111ana u revitalizaciji Borove \u0161ume, jer ukoliko ne sa\u010duvamo","breadcrumb":{"@id":"https:\/\/www.visit-ulcinj.com\/blog\/2016\/04\/14\/fuad-lamezevic-sacuvati-borovu-sumu-od-devastacije\/#breadcrumb"},"inLanguage":"en-US","potentialAction":[{"@type":"ReadAction","target":["https:\/\/www.visit-ulcinj.com\/blog\/2016\/04\/14\/fuad-lamezevic-sacuvati-borovu-sumu-od-devastacije\/"]}]},{"@type":"BreadcrumbList","@id":"https:\/\/www.visit-ulcinj.com\/blog\/2016\/04\/14\/fuad-lamezevic-sacuvati-borovu-sumu-od-devastacije\/#breadcrumb","itemListElement":[{"@type":"ListItem","position":1,"name":"Fuad Lame\u017eevi\u0107: Sa\u010duvati Borovu \u0161umu od devastacije"}]},{"@type":"Person","@id":"https:\/\/www.visit-ulcinj.com\/blog\/#\/schema\/person\/dcab619c614d3038751c63bc2aadc06d","name":"ulqini","sameAs":["http:\/\/www.visit-ulcinj.com"],"url":"https:\/\/www.visit-ulcinj.com\/blog\/author\/admin\/"}]}},"jetpack_featured_media_url":"","jetpack_sharing_enabled":true,"jetpack_shortlink":"https:\/\/wp.me\/pe6lTn-p0X","_links":{"self":[{"href":"https:\/\/www.visit-ulcinj.com\/blog\/wp-json\/wp\/v2\/posts\/96159"}],"collection":[{"href":"https:\/\/www.visit-ulcinj.com\/blog\/wp-json\/wp\/v2\/posts"}],"about":[{"href":"https:\/\/www.visit-ulcinj.com\/blog\/wp-json\/wp\/v2\/types\/post"}],"author":[{"embeddable":true,"href":"https:\/\/www.visit-ulcinj.com\/blog\/wp-json\/wp\/v2\/users\/1"}],"replies":[{"embeddable":true,"href":"https:\/\/www.visit-ulcinj.com\/blog\/wp-json\/wp\/v2\/comments?post=96159"}],"version-history":[{"count":2,"href":"https:\/\/www.visit-ulcinj.com\/blog\/wp-json\/wp\/v2\/posts\/96159\/revisions"}],"predecessor-version":[{"id":96162,"href":"https:\/\/www.visit-ulcinj.com\/blog\/wp-json\/wp\/v2\/posts\/96159\/revisions\/96162"}],"wp:attachment":[{"href":"https:\/\/www.visit-ulcinj.com\/blog\/wp-json\/wp\/v2\/media?parent=96159"}],"wp:term":[{"taxonomy":"category","embeddable":true,"href":"https:\/\/www.visit-ulcinj.com\/blog\/wp-json\/wp\/v2\/categories?post=96159"},{"taxonomy":"post_tag","embeddable":true,"href":"https:\/\/www.visit-ulcinj.com\/blog\/wp-json\/wp\/v2\/tags?post=96159"}],"curies":[{"name":"wp","href":"https:\/\/api.w.org\/{rel}","templated":true}]}}