{"id":96168,"date":"2016-04-14T21:28:08","date_gmt":"2016-04-14T20:28:08","guid":{"rendered":"http:\/\/www.visit-ulcinj.com\/blog\/?p=96168"},"modified":"2016-04-15T19:03:13","modified_gmt":"2016-04-15T18:03:13","slug":"opozita-e-pavendosur-rreth-ofertes-se-pds-per-200-funksione-te-pushtetit","status":"publish","type":"post","link":"https:\/\/www.visit-ulcinj.com\/blog\/2016\/04\/14\/opozita-e-pavendosur-rreth-ofertes-se-pds-per-200-funksione-te-pushtetit\/","title":{"rendered":"Opozita e pavendosur rreth ofert\u00ebs s\u00eb PDS-it p\u00ebr 200 funksione t\u00eb pushtetit"},"content":{"rendered":"<p><strong><a href=\"http:\/\/www.visit-ulcinj.com\/blog\/wp-content\/uploads\/2016\/04\/PDS-me-ofert\u00ebn-e-vet-ndaj-opozit\u00ebs.jpg\"><img loading=\"lazy\" class=\"alignleft wp-image-96169\" src=\"http:\/\/www.visit-ulcinj.com\/blog\/wp-content\/uploads\/2016\/04\/PDS-me-ofert\u00ebn-e-vet-ndaj-opozit\u00ebs.jpg\" alt=\"PDS me ofert\u00ebn e vet ndaj opozit\u00ebs\" width=\"508\" height=\"287\" srcset=\"https:\/\/www.visit-ulcinj.com\/blog\/wp-content\/uploads\/2016\/04\/PDS-me-ofert\u00ebn-e-vet-ndaj-opozit\u00ebs.jpg 986w, https:\/\/www.visit-ulcinj.com\/blog\/wp-content\/uploads\/2016\/04\/PDS-me-ofert\u00ebn-e-vet-ndaj-opozit\u00ebs-300x169.jpg 300w\" sizes=\"(max-width: 508px) 100vw, 508px\" \/><\/a>PDS me ofert\u00ebn e vet ndaj opozit\u00ebs ka hapur dyert e bashk\u00ebpunimit<\/strong><\/p>\n<p>N\u00eb pritje t\u00eb n\u00ebnshkrimit t\u00eb marr\u00ebveshjes politike mbi zgjedhjet e lira dhe demokratike, opozita \u00ebsht\u00eb duke kalkuluar me mbi 200 funksione p\u00ebr njer\u00ebzit e vet\u00eb n\u00eb organet qendrore dhe lokale t\u00eb pushtetit.\u00a0\u00a0 Partia Demokratike e Socialist\u00ebve dhe kryetari i saj Millo Gjukanoviq kan\u00eb treguar me marr\u00ebveshjen e ofruar p\u00ebr zgjedhje t\u00eb lira dhe demokratike se \u00ebsht\u00eb e hapur dhe e gatshme t\u2019i hap dyert e pushtetit, por pret q\u00eb k\u00ebt\u00eb hap opozita ta kuptoj\u00eb me p\u00ebrgjegj\u00ebsi e jo si mund\u00ebsi p\u00ebr bllokimin e procesit, ka th\u00ebn\u00eb funksionari i k\u00ebsaj partie, Zoran Jeliq.<\/p>\n<p>U kemi ofruar atyre q\u00eb kan\u00eb treguar mosbesim n\u00eb procesin zgjedhor q\u00eb t\u00eb marrin pjes\u00eb n\u00eb kontrollin e shpenzimit t\u00eb mjeteve shtet\u00ebrore dhe t\u00eb jen\u00eb n\u00eb institucione, nd\u00ebrmarrje, organe shtet\u00ebrore, qeverisje lokale. Presim q\u00eb k\u00ebt\u00eb hap opozita ta kuptoj\u00eb me p\u00ebrgjegj\u00ebsi, q\u00eb t\u00eb vendoset si partner e jo ta bllokoj\u00eb procesin, ka th\u00ebn\u00eb p\u00ebr gazet\u00ebn Dnevne Novine deputeti i Partis\u00eb Demokratike t\u00eb Socialist\u00ebve, Zoran Jeliq. Funksionari i DEMOS-it Goran Danilloviq thot\u00eb se me marr\u00ebveshje mbi zgjedhjet t\u00eb lira dhe demokratike opozit\u00ebs i takojn\u00eb 200 poste n\u00eb fushat ky\u00e7e, si dhe e drejta p\u00ebr vendosje.<\/p>\n<p>Ai ka th\u00ebn\u00eb se n\u00eb Patin\u00eb demokratike t\u00eb Socialist\u00ebve deri n\u00eb momentin e fundit kan\u00eb shpresuar q\u00eb nj\u00eb pjes\u00eb e opozit\u00ebs do t\u00eb heq dor\u00eb dhe se Gjukanoviq do t\u2019i thot\u00eb Evrop\u00ebs se i kam ofruar t\u00eb gjitha, por nuk kam pasur kujt t\u2019ia ofroj. Nd\u00ebrkaq, kryetari i Partis\u00eb Socialiste Popullore S\u00ebrgjan Miliq, e cila gjithashtu merr pjes\u00eb n\u00eb bisedime, konsideron se pas n\u00ebnshkrimit t\u00eb marr\u00ebveshjes, opozit\u00ebs i takojn\u00eb edhe m\u00eb shum\u00eb se 200 vende.\u00a0 Kurse Negjelko Rudoviq nga L\u00ebvizja qytetare URA ka th\u00ebn\u00eb se 200 poste \u00ebsht\u00eb num\u00ebr real q\u00eb i \u00ebsht\u00eb ofruar opozit\u00ebs.<\/p>\n<p>RTCG<\/p>\n<p><strong>M.Gjukanoviq; Marr\u00ebveshja af\u00ebr n\u00ebnshkrimit<\/strong><\/p>\n<p>Pushteti dhe opozita jan\u00eb af\u00ebr n\u00ebnshkrimit t\u00eb marr\u00ebveshjes p\u00ebr krijimin e kushteve p\u00ebr zgjedhje t\u00eb lira dhe t\u00eb ndershme dhe kjo mund t\u00eb ndodh gjat\u00eb disa dit\u00ebve t\u00eb ardhshme , ka theksuar kryeministri, Millo Gjukanoviq. Mendoj se jemi af\u00ebr n\u00ebnshkrimit t\u00eb marr\u00ebveshjes dhe si\u00e7 e dini PDS ishte iniciues i k\u00ebtij projekti dhe ka ofruar \u00e7do gj\u00eb q\u00eb ishte e domosdoshme t\u00eb ofrohet ka theksuar Gjukanoviq,\u00a0 p\u00ebr Radio Tivat. Ai ka vler\u00ebsuar se opozit\u00ebs i \u00ebsht\u00eb ofruar marr\u00ebveshje si paket e pasur p\u00ebr bashk\u00ebpunim n\u00eb periudh\u00ebn q\u00eb vjen dhe se gjat\u00eb disa muajve t\u00eb kaluar jan\u00eb realizuar hapa serioz p\u00ebrpara. Duke komentuar insistimin e opozit\u00ebs p\u00ebr ndryshime n\u00eb servisin publik\u00eb , Gjukanoviq, ka vler\u00ebsuar se ky \u00ebsht\u00eb grusht serioz kund\u00ebr zhvillimit demokratik. Mendoj se servisi publik \u00ebsht\u00eb sht\u00ebpi me profesioniste mediatike n\u00eb Mal t\u00eb Zi , sht\u00ebpia m\u00eb objektive dhe m\u00eb e hapur mediatike e cila nuk i mban dyert e mbyllura p\u00ebr ask\u00ebnd.<\/p>\n","protected":false},"excerpt":{"rendered":"<p>PDS me ofert\u00ebn e vet ndaj opozit\u00ebs ka hapur dyert e bashk\u00ebpunimit N\u00eb pritje t\u00eb n\u00ebnshkrimit t\u00eb marr\u00ebveshjes politike mbi zgjedhjet e lira dhe demokratike, opozita \u00ebsht\u00eb duke kalkuluar me mbi 200 funksione p\u00ebr njer\u00ebzit e vet\u00eb n\u00eb organet qendrore dhe lokale t\u00eb pushtetit.\u00a0\u00a0 Partia Demokratike e Socialist\u00ebve dhe kryetari i saj Millo Gjukanoviq kan\u00eb [&hellip;]<\/p>\n","protected":false},"author":1,"featured_media":0,"comment_status":"closed","ping_status":"closed","sticky":false,"template":"","format":"standard","meta":{"spay_email":"","jetpack_publicize_message":"","jetpack_is_tweetstorm":false,"jetpack_publicize_feature_enabled":true},"categories":[13],"tags":[],"jetpack_publicize_connections":[],"yoast_head":"<!-- This site is optimized with the Yoast SEO plugin v19.1 - https:\/\/yoast.com\/wordpress\/plugins\/seo\/ -->\n<title>Opozita e pavendosur rreth ofert\u00ebs s\u00eb PDS-it p\u00ebr 200 funksione t\u00eb pushtetit - Lajme nga Ulqini<\/title>\n<meta name=\"description\" content=\"PDS me ofert\u00ebn e vet ndaj opozit\u00ebs ka hapur dyert e bashk\u00ebpunimit N\u00eb pritje t\u00eb n\u00ebnshkrimit t\u00eb marr\u00ebveshjes politike mbi zgjedhjet e lira dhe demokratike,\" \/>\n<meta name=\"robots\" content=\"index, follow, max-snippet:-1, max-image-preview:large, max-video-preview:-1\" \/>\n<link rel=\"canonical\" href=\"https:\/\/www.visit-ulcinj.com\/blog\/2016\/04\/14\/opozita-e-pavendosur-rreth-ofertes-se-pds-per-200-funksione-te-pushtetit\/\" \/>\n<meta property=\"og:locale\" content=\"en_US\" \/>\n<meta property=\"og:type\" content=\"article\" \/>\n<meta property=\"og:title\" content=\"Opozita e pavendosur rreth ofert\u00ebs s\u00eb PDS-it p\u00ebr 200 funksione t\u00eb pushtetit - Lajme nga Ulqini\" \/>\n<meta property=\"og:description\" content=\"PDS me ofert\u00ebn e vet ndaj opozit\u00ebs ka hapur dyert e bashk\u00ebpunimit N\u00eb pritje t\u00eb n\u00ebnshkrimit t\u00eb marr\u00ebveshjes politike mbi zgjedhjet e lira dhe demokratike,\" \/>\n<meta property=\"og:url\" content=\"https:\/\/www.visit-ulcinj.com\/blog\/2016\/04\/14\/opozita-e-pavendosur-rreth-ofertes-se-pds-per-200-funksione-te-pushtetit\/\" \/>\n<meta property=\"og:site_name\" content=\"Lajme nga Ulqini\" \/>\n<meta property=\"article:published_time\" content=\"2016-04-14T20:28:08+00:00\" \/>\n<meta property=\"article:modified_time\" content=\"2016-04-15T18:03:13+00:00\" \/>\n<meta name=\"twitter:label1\" content=\"Written by\" \/>\n\t<meta name=\"twitter:data1\" content=\"ulqini\" \/>\n\t<meta name=\"twitter:label2\" content=\"Est. reading time\" \/>\n\t<meta name=\"twitter:data2\" content=\"3 minutes\" \/>\n<script type=\"application\/ld+json\" class=\"yoast-schema-graph\">{\"@context\":\"https:\/\/schema.org\",\"@graph\":[{\"@type\":\"WebSite\",\"@id\":\"https:\/\/www.visit-ulcinj.com\/blog\/#website\",\"url\":\"https:\/\/www.visit-ulcinj.com\/blog\/\",\"name\":\"Lajme nga Ulqini\",\"description\":\"Lajme,Vijesti,Ulqini,Ulqin,Crna Gora,Mali i Zi\",\"potentialAction\":[{\"@type\":\"SearchAction\",\"target\":{\"@type\":\"EntryPoint\",\"urlTemplate\":\"https:\/\/www.visit-ulcinj.com\/blog\/?s={search_term_string}\"},\"query-input\":\"required name=search_term_string\"}],\"inLanguage\":\"en-US\"},{\"@type\":\"WebPage\",\"@id\":\"https:\/\/www.visit-ulcinj.com\/blog\/2016\/04\/14\/opozita-e-pavendosur-rreth-ofertes-se-pds-per-200-funksione-te-pushtetit\/#webpage\",\"url\":\"https:\/\/www.visit-ulcinj.com\/blog\/2016\/04\/14\/opozita-e-pavendosur-rreth-ofertes-se-pds-per-200-funksione-te-pushtetit\/\",\"name\":\"Opozita e pavendosur rreth ofert\u00ebs s\u00eb PDS-it p\u00ebr 200 funksione t\u00eb pushtetit - Lajme nga Ulqini\",\"isPartOf\":{\"@id\":\"https:\/\/www.visit-ulcinj.com\/blog\/#website\"},\"datePublished\":\"2016-04-14T20:28:08+00:00\",\"dateModified\":\"2016-04-15T18:03:13+00:00\",\"author\":{\"@id\":\"https:\/\/www.visit-ulcinj.com\/blog\/#\/schema\/person\/dcab619c614d3038751c63bc2aadc06d\"},\"description\":\"PDS me ofert\u00ebn e vet ndaj opozit\u00ebs ka hapur dyert e bashk\u00ebpunimit N\u00eb pritje t\u00eb n\u00ebnshkrimit t\u00eb marr\u00ebveshjes politike mbi zgjedhjet e lira dhe demokratike,\",\"breadcrumb\":{\"@id\":\"https:\/\/www.visit-ulcinj.com\/blog\/2016\/04\/14\/opozita-e-pavendosur-rreth-ofertes-se-pds-per-200-funksione-te-pushtetit\/#breadcrumb\"},\"inLanguage\":\"en-US\",\"potentialAction\":[{\"@type\":\"ReadAction\",\"target\":[\"https:\/\/www.visit-ulcinj.com\/blog\/2016\/04\/14\/opozita-e-pavendosur-rreth-ofertes-se-pds-per-200-funksione-te-pushtetit\/\"]}]},{\"@type\":\"BreadcrumbList\",\"@id\":\"https:\/\/www.visit-ulcinj.com\/blog\/2016\/04\/14\/opozita-e-pavendosur-rreth-ofertes-se-pds-per-200-funksione-te-pushtetit\/#breadcrumb\",\"itemListElement\":[{\"@type\":\"ListItem\",\"position\":1,\"name\":\"Opozita e pavendosur rreth ofert\u00ebs s\u00eb PDS-it p\u00ebr 200 funksione t\u00eb pushtetit\"}]},{\"@type\":\"Person\",\"@id\":\"https:\/\/www.visit-ulcinj.com\/blog\/#\/schema\/person\/dcab619c614d3038751c63bc2aadc06d\",\"name\":\"ulqini\",\"sameAs\":[\"http:\/\/www.visit-ulcinj.com\"],\"url\":\"https:\/\/www.visit-ulcinj.com\/blog\/author\/admin\/\"}]}<\/script>\n<!-- \/ Yoast SEO plugin. -->","yoast_head_json":{"title":"Opozita e pavendosur rreth ofert\u00ebs s\u00eb PDS-it p\u00ebr 200 funksione t\u00eb pushtetit - Lajme nga Ulqini","description":"PDS me ofert\u00ebn e vet ndaj opozit\u00ebs ka hapur dyert e bashk\u00ebpunimit N\u00eb pritje t\u00eb n\u00ebnshkrimit t\u00eb marr\u00ebveshjes politike mbi zgjedhjet e lira dhe demokratike,","robots":{"index":"index","follow":"follow","max-snippet":"max-snippet:-1","max-image-preview":"max-image-preview:large","max-video-preview":"max-video-preview:-1"},"canonical":"https:\/\/www.visit-ulcinj.com\/blog\/2016\/04\/14\/opozita-e-pavendosur-rreth-ofertes-se-pds-per-200-funksione-te-pushtetit\/","og_locale":"en_US","og_type":"article","og_title":"Opozita e pavendosur rreth ofert\u00ebs s\u00eb PDS-it p\u00ebr 200 funksione t\u00eb pushtetit - Lajme nga Ulqini","og_description":"PDS me ofert\u00ebn e vet ndaj opozit\u00ebs ka hapur dyert e bashk\u00ebpunimit N\u00eb pritje t\u00eb n\u00ebnshkrimit t\u00eb marr\u00ebveshjes politike mbi zgjedhjet e lira dhe demokratike,","og_url":"https:\/\/www.visit-ulcinj.com\/blog\/2016\/04\/14\/opozita-e-pavendosur-rreth-ofertes-se-pds-per-200-funksione-te-pushtetit\/","og_site_name":"Lajme nga Ulqini","article_published_time":"2016-04-14T20:28:08+00:00","article_modified_time":"2016-04-15T18:03:13+00:00","twitter_misc":{"Written by":"ulqini","Est. reading time":"3 minutes"},"schema":{"@context":"https:\/\/schema.org","@graph":[{"@type":"WebSite","@id":"https:\/\/www.visit-ulcinj.com\/blog\/#website","url":"https:\/\/www.visit-ulcinj.com\/blog\/","name":"Lajme nga Ulqini","description":"Lajme,Vijesti,Ulqini,Ulqin,Crna Gora,Mali i Zi","potentialAction":[{"@type":"SearchAction","target":{"@type":"EntryPoint","urlTemplate":"https:\/\/www.visit-ulcinj.com\/blog\/?s={search_term_string}"},"query-input":"required name=search_term_string"}],"inLanguage":"en-US"},{"@type":"WebPage","@id":"https:\/\/www.visit-ulcinj.com\/blog\/2016\/04\/14\/opozita-e-pavendosur-rreth-ofertes-se-pds-per-200-funksione-te-pushtetit\/#webpage","url":"https:\/\/www.visit-ulcinj.com\/blog\/2016\/04\/14\/opozita-e-pavendosur-rreth-ofertes-se-pds-per-200-funksione-te-pushtetit\/","name":"Opozita e pavendosur rreth ofert\u00ebs s\u00eb PDS-it p\u00ebr 200 funksione t\u00eb pushtetit - Lajme nga Ulqini","isPartOf":{"@id":"https:\/\/www.visit-ulcinj.com\/blog\/#website"},"datePublished":"2016-04-14T20:28:08+00:00","dateModified":"2016-04-15T18:03:13+00:00","author":{"@id":"https:\/\/www.visit-ulcinj.com\/blog\/#\/schema\/person\/dcab619c614d3038751c63bc2aadc06d"},"description":"PDS me ofert\u00ebn e vet ndaj opozit\u00ebs ka hapur dyert e bashk\u00ebpunimit N\u00eb pritje t\u00eb n\u00ebnshkrimit t\u00eb marr\u00ebveshjes politike mbi zgjedhjet e lira dhe demokratike,","breadcrumb":{"@id":"https:\/\/www.visit-ulcinj.com\/blog\/2016\/04\/14\/opozita-e-pavendosur-rreth-ofertes-se-pds-per-200-funksione-te-pushtetit\/#breadcrumb"},"inLanguage":"en-US","potentialAction":[{"@type":"ReadAction","target":["https:\/\/www.visit-ulcinj.com\/blog\/2016\/04\/14\/opozita-e-pavendosur-rreth-ofertes-se-pds-per-200-funksione-te-pushtetit\/"]}]},{"@type":"BreadcrumbList","@id":"https:\/\/www.visit-ulcinj.com\/blog\/2016\/04\/14\/opozita-e-pavendosur-rreth-ofertes-se-pds-per-200-funksione-te-pushtetit\/#breadcrumb","itemListElement":[{"@type":"ListItem","position":1,"name":"Opozita e pavendosur rreth ofert\u00ebs s\u00eb PDS-it p\u00ebr 200 funksione t\u00eb pushtetit"}]},{"@type":"Person","@id":"https:\/\/www.visit-ulcinj.com\/blog\/#\/schema\/person\/dcab619c614d3038751c63bc2aadc06d","name":"ulqini","sameAs":["http:\/\/www.visit-ulcinj.com"],"url":"https:\/\/www.visit-ulcinj.com\/blog\/author\/admin\/"}]}},"jetpack_featured_media_url":"","jetpack_sharing_enabled":true,"jetpack_shortlink":"https:\/\/wp.me\/pe6lTn-p16","_links":{"self":[{"href":"https:\/\/www.visit-ulcinj.com\/blog\/wp-json\/wp\/v2\/posts\/96168"}],"collection":[{"href":"https:\/\/www.visit-ulcinj.com\/blog\/wp-json\/wp\/v2\/posts"}],"about":[{"href":"https:\/\/www.visit-ulcinj.com\/blog\/wp-json\/wp\/v2\/types\/post"}],"author":[{"embeddable":true,"href":"https:\/\/www.visit-ulcinj.com\/blog\/wp-json\/wp\/v2\/users\/1"}],"replies":[{"embeddable":true,"href":"https:\/\/www.visit-ulcinj.com\/blog\/wp-json\/wp\/v2\/comments?post=96168"}],"version-history":[{"count":3,"href":"https:\/\/www.visit-ulcinj.com\/blog\/wp-json\/wp\/v2\/posts\/96168\/revisions"}],"predecessor-version":[{"id":96229,"href":"https:\/\/www.visit-ulcinj.com\/blog\/wp-json\/wp\/v2\/posts\/96168\/revisions\/96229"}],"wp:attachment":[{"href":"https:\/\/www.visit-ulcinj.com\/blog\/wp-json\/wp\/v2\/media?parent=96168"}],"wp:term":[{"taxonomy":"category","embeddable":true,"href":"https:\/\/www.visit-ulcinj.com\/blog\/wp-json\/wp\/v2\/categories?post=96168"},{"taxonomy":"post_tag","embeddable":true,"href":"https:\/\/www.visit-ulcinj.com\/blog\/wp-json\/wp\/v2\/tags?post=96168"}],"curies":[{"name":"wp","href":"https:\/\/api.w.org\/{rel}","templated":true}]}}