{"id":96191,"date":"2016-04-15T10:40:09","date_gmt":"2016-04-15T09:40:09","guid":{"rendered":"http:\/\/www.visit-ulcinj.com\/blog\/?p=96191"},"modified":"2016-04-16T18:13:24","modified_gmt":"2016-04-16T17:13:24","slug":"kush-po-penalizon-futjen-ne-hapesiren-ajrore-te-kompanive-low-cost-ne-mal-te-zi","status":"publish","type":"post","link":"https:\/\/www.visit-ulcinj.com\/blog\/2016\/04\/15\/kush-po-penalizon-futjen-ne-hapesiren-ajrore-te-kompanive-low-cost-ne-mal-te-zi\/","title":{"rendered":"Kush po penalizon futjen n\u00eb hap\u00ebsiren ajrore t\u00eb kompanive Low Cost n\u00eb Mal t\u00eb Zi"},"content":{"rendered":"<p><a href=\"http:\/\/www.visit-ulcinj.com\/blog\/wp-content\/uploads\/2016\/04\/ryanair-podgorica.jpg\"><img loading=\"lazy\" class=\"alignleft wp-image-96192\" src=\"http:\/\/www.visit-ulcinj.com\/blog\/wp-content\/uploads\/2016\/04\/ryanair-podgorica.jpg\" alt=\"ryanair-podgorica\" width=\"508\" height=\"255\" \/><\/a>N\u00eb analiz\u00ebn e\u00a0 b\u00ebr\u00eb lidhur me struktur\u00ebn e tarifave, taksave dhe kostove q\u00eb kontribuojn\u00eb n\u00eb ngritjen e \u00e7mimeve t\u00eb biletave p\u00ebr udh\u00ebtar\u00ebt q\u00eb udh\u00ebtojn p\u00ebr destinacionin e Malit t\u00eb Zi, p\u00ebrsa i p\u00ebrket kon\u00e7esionit t\u00eb aeroportit \u00ebsht\u00eb e plot\u00eb, por kostot e fluturimit nga Podgorica dhe Tivati apo drejt Podgoric\u00ebs dhe Tivatit, jan\u00eb rezultante e disa faktor\u00ebve ky\u00e7e.<\/p>\n<p>Taksat n\u00eb bileta jan\u00eb n\u00eb Mal t\u00eb Zi dhe renditen n\u00eb at\u00eb mesatare. Duke krahasuar taksat totale n\u00eb gjitha aeroportet e rajonit, nd\u00ebr m\u00eb t\u00eb shtrejtit renditet aeroporti i Tiran\u00ebs n\u00eb nj\u00eb bilet\u00eb vetem vajtje jan\u00eb 26.50\u20ac. Nd\u00ebrkohe taksat totale n\u00eb disa aeroporte n\u00eb rajon jan\u00eb: aeroporti i Prishtin\u00ebs 20.53\u20ac, aeroporti i Shkupit 17.50\u20ac, aeroporti i Ohrit 16.50\u20ac, aeroporti i Korfuzit 12.00\u20ac, aeroporti i Dubrovnikut 15.00\u20ac,\u00a0 aeroporti i Podgoric\u00ebs dhe Tivatit 15.00\u20ac.<\/p>\n<p>Duhet cekur se transporti ajror \u00ebsht\u00eb elementi i par\u00eb, gjat\u00eb zgjedhjes s\u00eb destinacionit p\u00ebr nj\u00eb turist apo p\u00ebr nj\u00eb operator turistik. At\u00ebhere, n\u00eb kushtet kur Mali i Zi si destinacion ofron \u00e7mimet m\u00eb t\u00eb larta t\u00eb transportit ajror n\u00eb rajon, si mund t\u00eb jet\u00eb Mali i Zi t\u00ebrheq\u00ebse p\u00ebr turist\u00ebt e huaj?!<br \/>\nDeri n\u00eb pranver\u00eb t\u00eb vitit 2013, n\u00eb Mal t\u00eb Zi nuk ka fluturuar asnj\u00eb avion Low Cost.<\/p>\n<p>P\u00ebr her\u00eb t\u00eb par\u00eb, n\u00eb vitin 2013 filloi fluturime t\u00eb tilla kompania Low Cost <strong><a href=\"https:\/\/www.ryanair.com\" target=\"_blank\">Ryanair<\/a><\/strong> nga Belgjika &#8211; <a href=\"https:\/\/www.ryanair.com\" target=\"_blank\">Charleroi \u2013 Podgorica<\/a> dhe anasjelltas.<\/p>\n<p>Nd\u00ebrkaq, nga 31.marsi 2016\u00a0 filloj me fluturime <strong><a href=\"http:\/\/www.easyjet.com\" target=\"_blank\">Easy Jet<\/a> <\/strong>dega ne Angli ku do t\u00eb ket\u00eb 2 fluturime n\u00eb jav\u00eb p\u00ebr <a href=\"http:\/\/www.easyjet.com\/FR\/Booking.mvc\" target=\"_blank\"><strong>Manchester &#8211; Tivat<\/strong><\/a> dhe anasjelltas.<\/p>\n<p><a href=\"http:\/\/www.visit-ulcinj.com\/blog\/wp-content\/uploads\/2016\/04\/easyJet-boarding.jpg\"><img loading=\"lazy\" class=\"alignleft wp-image-96193\" src=\"http:\/\/www.visit-ulcinj.com\/blog\/wp-content\/uploads\/2016\/04\/easyJet-boarding.jpg\" alt=\"easyJet-boarding\" width=\"508\" height=\"343\" \/><\/a><\/p>\n<p>Tur operator\u00ebt e huaj q\u00eb kan\u00eb shprehur d\u00ebshir\u00ebn t\u00eb fillojn\u00eb sjelljen e turist\u00ebve drejt plazheve t\u00eb Malit t\u00eb Zi, t\u00eb cil\u00ebt kan premtuar dhe vlem ti p\u00ebrmendim operator\u00ebt anglez\u00eb, gjerman\u00eb, hollandez\u00eb, belg\u00eb, italian\u00eb, francez\u00eb etj.<\/p>\n<p>Arsyeja e udh\u00ebtimeve drejt Malit t\u00eb Zi nga turist\u00ebt e huaj ka qen\u00eb para s\u00eb gjithash turizmi kulturor. Edhe reklamat mbi turizmin t\u00eb financuar nga qeveria jan\u00eb p\u00ebrqendruar te pasurit\u00eb kulturore t\u00eb vendit t\u00eb Malit t\u00eb Zi. Por k\u00ebt\u00eb vit, edhe pushimet n\u00eb bregdet kan\u00eb hyr\u00eb n\u00eb list\u00ebn e ofertave, pavar\u00ebsisht se sistemi i transportit publik apo vet\u00eb bregdeti nuk ofron ndonj\u00eb gj\u00eb t\u00eb madhe p\u00ebrve\u00e7 bukuris\u00eb natyrore. P\u00ebr k\u00ebt\u00eb arsye, kompanit\u00eb turistike n\u00eb Europ ofrojn\u00eb vet\u00ebm udh\u00ebtime me guid\u00eb, gj\u00eb q\u00eb rrit kostot. P\u00ebrve\u00e7 faktit se udh\u00ebtimet ajrore drejt Malit t\u00eb Zi kushtojn\u00eb m\u00eb shtrenjt\u00eb se n\u00eb \u00e7do vend tjet\u00ebr t\u00eb \u00a0rajonit.<br \/>\nSot, ardhja e turist\u00ebve t\u00eb huaj nga vendet e larg\u00ebta drejt plazheve t\u00eb Malit t\u00eb Zi, \u00ebsht\u00eb gjithashtu me prejardhje nga aeroportet e Dubrovnikut, Prishtin\u00ebs, Tiran\u00ebs apo nga aeroportet tjera t\u00eb rajonit. Dhe t\u00eb mos harrojm\u00eb q\u00eb k\u00ebta turist\u00eb sakrifikojn\u00eb koh\u00ebn e pushimit t\u00eb tyre p\u00ebr t\u00eb udh\u00ebtuar nga k\u00ebto aeroporte drejt plazheve tona.<br \/>\nNxitja e turizmit n\u00eb Mal t\u00eb Zi k\u00ebrkon buxhet. Nuk mund t\u00eb promovohet turizmi \u00a0me buxhetin aktual q\u00eb merr Organizata turistike e Malit t\u00eb Zi.<\/p>\n<p><a href=\"http:\/\/www.visit-ulcinj.com\/blog\/wp-content\/uploads\/2016\/04\/Wizz-Air-Podgorica.jpg\"><img loading=\"lazy\" class=\"alignleft wp-image-96194\" src=\"http:\/\/www.visit-ulcinj.com\/blog\/wp-content\/uploads\/2016\/04\/Wizz-Air-Podgorica.jpg\" alt=\"Wizz-Air-Podgorica\" width=\"508\" height=\"293\" \/><\/a><br \/>\nNe jetojm\u00eb n\u00eb nj\u00eb koh\u00eb ku turisti nuk \u201czgjedh\u201d destinacionin, por \u201cblihet\u201d nga destinacioni. Duhet cekur q\u00eb Maqedonia u jep tur operator\u00ebve t\u00eb huaj subvencione nga 30\u20ac deri n\u00eb 65\u20ac, p\u00ebr nj\u00eb turist q\u00eb q\u00ebndron n\u00eb Maqedoni 1 jav\u00eb. Nd\u00ebrkoh\u00eb, qeveria maqedonase ka subvencionuar kompanit\u00eb ajrore , <a href=\"https:\/\/wizzair.com\" target=\"_blank\"><strong>Wizz Air<\/strong>r <\/a>dhe <strong><a href=\"https:\/\/www.flydubai.com\/en\/\" target=\"_blank\">Fly Dubai<\/a><\/strong>, p\u00ebr t\u2019i mb\u00ebshtetur q\u00eb t\u00eb fillojn\u00eb fluturime nga Shkupi.<br \/>\nRimini n\u00eb Itali u jep tur operator\u00ebve nga 10\u20ac deri n\u00eb 30\u20ac, p\u00ebr \u00e7do turist q\u00eb q\u00ebndron minimum 3 net\u00eb jasht\u00eb sezonit t\u00eb lart\u00eb, kurse Mali i Zi jep jasht\u00eb sezonit prej 2\u20ac deri n\u00eb 10\u20ac, kurse gjat\u00eb sezonit edhe m\u00eb pak. Qipro Veriore jep subvencione deri n\u00eb 100\u20ac, p\u00ebr \u00e7do turist q\u00eb q\u00ebndron 1 jav\u00eb. Egjipti\u00a0 paguan 35% t\u00eb vendeve t\u00eb avionit, kur fluturon me Low Cost. Korfuzi e b\u00ebn taks\u00ebn e aeroportit zero, kurse Mali i Zi e b\u00ebn taks\u00ebn prej 15\u20ac jasht\u00eb sezonit.<br \/>\nMb\u00ebshtetja e turizmit me buxhet subvencionimi nga ministria e turizmit, \u00ebsht\u00eb kushti i par\u00eb q\u00eb t\u00eb konkurojm\u00eb n\u00eb rajon. Pa k\u00ebt\u00eb, deklarimi p\u00ebr zhvillimin e turizmit si prioritet n\u00eb Mal t\u00eb Zi, \u00ebsht\u00eb demagogji q\u00eb nuk ka pse t\u00eb na g\u00ebnjej\u00eb m\u00eb.<\/p>\n<p><iframe loading=\"lazy\" src=\"\/\/www.dailymotion.com\/embed\/video\/x44f0yf?autoPlay=1\" width=\"508\" height=\"315\" frameborder=\"0\" allowfullscreen=\"allowfullscreen\"><\/iframe><\/p>\n","protected":false},"excerpt":{"rendered":"<p>N\u00eb analiz\u00ebn e\u00a0 b\u00ebr\u00eb lidhur me struktur\u00ebn e tarifave, taksave dhe kostove q\u00eb kontribuojn\u00eb n\u00eb ngritjen e \u00e7mimeve t\u00eb biletave p\u00ebr udh\u00ebtar\u00ebt q\u00eb udh\u00ebtojn p\u00ebr destinacionin e Malit t\u00eb Zi, p\u00ebrsa i p\u00ebrket kon\u00e7esionit t\u00eb aeroportit \u00ebsht\u00eb e plot\u00eb, por kostot e fluturimit nga Podgorica dhe Tivati apo drejt Podgoric\u00ebs dhe Tivatit, jan\u00eb rezultante e [&hellip;]<\/p>\n","protected":false},"author":1,"featured_media":0,"comment_status":"closed","ping_status":"closed","sticky":false,"template":"","format":"standard","meta":{"spay_email":"","jetpack_publicize_message":"","jetpack_is_tweetstorm":false,"jetpack_publicize_feature_enabled":true},"categories":[1,13],"tags":[],"jetpack_publicize_connections":[],"yoast_head":"<!-- This site is optimized with the Yoast SEO plugin v19.1 - https:\/\/yoast.com\/wordpress\/plugins\/seo\/ -->\n<title>Kush po penalizon futjen n\u00eb hap\u00ebsiren ajrore t\u00eb kompanive Low Cost n\u00eb Mal t\u00eb Zi - Lajme nga Ulqini<\/title>\n<meta name=\"description\" content=\"N\u00eb analiz\u00ebn e\u00a0 b\u00ebr\u00eb lidhur me struktur\u00ebn e tarifave, taksave dhe kostove q\u00eb kontribuojn\u00eb n\u00eb ngritjen e \u00e7mimeve t\u00eb biletave p\u00ebr udh\u00ebtar\u00ebt q\u00eb udh\u00ebtojn p\u00ebr\" \/>\n<meta name=\"robots\" content=\"index, follow, max-snippet:-1, max-image-preview:large, max-video-preview:-1\" \/>\n<link rel=\"canonical\" href=\"https:\/\/www.visit-ulcinj.com\/blog\/2016\/04\/15\/kush-po-penalizon-futjen-ne-hapesiren-ajrore-te-kompanive-low-cost-ne-mal-te-zi\/\" \/>\n<meta property=\"og:locale\" content=\"en_US\" \/>\n<meta property=\"og:type\" content=\"article\" \/>\n<meta property=\"og:title\" content=\"Kush po penalizon futjen n\u00eb hap\u00ebsiren ajrore t\u00eb kompanive Low Cost n\u00eb Mal t\u00eb Zi - Lajme nga Ulqini\" \/>\n<meta property=\"og:description\" content=\"N\u00eb analiz\u00ebn e\u00a0 b\u00ebr\u00eb lidhur me struktur\u00ebn e tarifave, taksave dhe kostove q\u00eb kontribuojn\u00eb n\u00eb ngritjen e \u00e7mimeve t\u00eb biletave p\u00ebr udh\u00ebtar\u00ebt q\u00eb udh\u00ebtojn p\u00ebr\" \/>\n<meta property=\"og:url\" content=\"https:\/\/www.visit-ulcinj.com\/blog\/2016\/04\/15\/kush-po-penalizon-futjen-ne-hapesiren-ajrore-te-kompanive-low-cost-ne-mal-te-zi\/\" \/>\n<meta property=\"og:site_name\" content=\"Lajme nga Ulqini\" \/>\n<meta property=\"article:published_time\" content=\"2016-04-15T09:40:09+00:00\" \/>\n<meta property=\"article:modified_time\" content=\"2016-04-16T17:13:24+00:00\" \/>\n<meta property=\"og:image\" content=\"http:\/\/www.visit-ulcinj.com\/blog\/wp-content\/uploads\/2016\/04\/ryanair-podgorica.jpg\" \/>\n<meta name=\"twitter:label1\" content=\"Written by\" \/>\n\t<meta name=\"twitter:data1\" content=\"ulqini\" \/>\n\t<meta name=\"twitter:label2\" content=\"Est. reading time\" \/>\n\t<meta name=\"twitter:data2\" content=\"4 minutes\" \/>\n<script type=\"application\/ld+json\" class=\"yoast-schema-graph\">{\"@context\":\"https:\/\/schema.org\",\"@graph\":[{\"@type\":\"WebSite\",\"@id\":\"https:\/\/www.visit-ulcinj.com\/blog\/#website\",\"url\":\"https:\/\/www.visit-ulcinj.com\/blog\/\",\"name\":\"Lajme nga Ulqini\",\"description\":\"Lajme,Vijesti,Ulqini,Ulqin,Crna Gora,Mali i Zi\",\"potentialAction\":[{\"@type\":\"SearchAction\",\"target\":{\"@type\":\"EntryPoint\",\"urlTemplate\":\"https:\/\/www.visit-ulcinj.com\/blog\/?s={search_term_string}\"},\"query-input\":\"required name=search_term_string\"}],\"inLanguage\":\"en-US\"},{\"@type\":\"ImageObject\",\"inLanguage\":\"en-US\",\"@id\":\"https:\/\/www.visit-ulcinj.com\/blog\/2016\/04\/15\/kush-po-penalizon-futjen-ne-hapesiren-ajrore-te-kompanive-low-cost-ne-mal-te-zi\/#primaryimage\",\"url\":\"http:\/\/www.visit-ulcinj.com\/blog\/wp-content\/uploads\/2016\/04\/ryanair-podgorica.jpg\",\"contentUrl\":\"http:\/\/www.visit-ulcinj.com\/blog\/wp-content\/uploads\/2016\/04\/ryanair-podgorica.jpg\"},{\"@type\":\"WebPage\",\"@id\":\"https:\/\/www.visit-ulcinj.com\/blog\/2016\/04\/15\/kush-po-penalizon-futjen-ne-hapesiren-ajrore-te-kompanive-low-cost-ne-mal-te-zi\/#webpage\",\"url\":\"https:\/\/www.visit-ulcinj.com\/blog\/2016\/04\/15\/kush-po-penalizon-futjen-ne-hapesiren-ajrore-te-kompanive-low-cost-ne-mal-te-zi\/\",\"name\":\"Kush po penalizon futjen n\u00eb hap\u00ebsiren ajrore t\u00eb kompanive Low Cost n\u00eb Mal t\u00eb Zi - Lajme nga Ulqini\",\"isPartOf\":{\"@id\":\"https:\/\/www.visit-ulcinj.com\/blog\/#website\"},\"primaryImageOfPage\":{\"@id\":\"https:\/\/www.visit-ulcinj.com\/blog\/2016\/04\/15\/kush-po-penalizon-futjen-ne-hapesiren-ajrore-te-kompanive-low-cost-ne-mal-te-zi\/#primaryimage\"},\"datePublished\":\"2016-04-15T09:40:09+00:00\",\"dateModified\":\"2016-04-16T17:13:24+00:00\",\"author\":{\"@id\":\"https:\/\/www.visit-ulcinj.com\/blog\/#\/schema\/person\/dcab619c614d3038751c63bc2aadc06d\"},\"description\":\"N\u00eb analiz\u00ebn e\u00a0 b\u00ebr\u00eb lidhur me struktur\u00ebn e tarifave, taksave dhe kostove q\u00eb kontribuojn\u00eb n\u00eb ngritjen e \u00e7mimeve t\u00eb biletave p\u00ebr udh\u00ebtar\u00ebt q\u00eb udh\u00ebtojn p\u00ebr\",\"breadcrumb\":{\"@id\":\"https:\/\/www.visit-ulcinj.com\/blog\/2016\/04\/15\/kush-po-penalizon-futjen-ne-hapesiren-ajrore-te-kompanive-low-cost-ne-mal-te-zi\/#breadcrumb\"},\"inLanguage\":\"en-US\",\"potentialAction\":[{\"@type\":\"ReadAction\",\"target\":[\"https:\/\/www.visit-ulcinj.com\/blog\/2016\/04\/15\/kush-po-penalizon-futjen-ne-hapesiren-ajrore-te-kompanive-low-cost-ne-mal-te-zi\/\"]}]},{\"@type\":\"BreadcrumbList\",\"@id\":\"https:\/\/www.visit-ulcinj.com\/blog\/2016\/04\/15\/kush-po-penalizon-futjen-ne-hapesiren-ajrore-te-kompanive-low-cost-ne-mal-te-zi\/#breadcrumb\",\"itemListElement\":[{\"@type\":\"ListItem\",\"position\":1,\"name\":\"Kush po penalizon futjen n\u00eb hap\u00ebsiren ajrore t\u00eb kompanive Low Cost n\u00eb Mal t\u00eb Zi\"}]},{\"@type\":\"Person\",\"@id\":\"https:\/\/www.visit-ulcinj.com\/blog\/#\/schema\/person\/dcab619c614d3038751c63bc2aadc06d\",\"name\":\"ulqini\",\"sameAs\":[\"http:\/\/www.visit-ulcinj.com\"],\"url\":\"https:\/\/www.visit-ulcinj.com\/blog\/author\/admin\/\"}]}<\/script>\n<!-- \/ Yoast SEO plugin. -->","yoast_head_json":{"title":"Kush po penalizon futjen n\u00eb hap\u00ebsiren ajrore t\u00eb kompanive Low Cost n\u00eb Mal t\u00eb Zi - Lajme nga Ulqini","description":"N\u00eb analiz\u00ebn e\u00a0 b\u00ebr\u00eb lidhur me struktur\u00ebn e tarifave, taksave dhe kostove q\u00eb kontribuojn\u00eb n\u00eb ngritjen e \u00e7mimeve t\u00eb biletave p\u00ebr udh\u00ebtar\u00ebt q\u00eb udh\u00ebtojn p\u00ebr","robots":{"index":"index","follow":"follow","max-snippet":"max-snippet:-1","max-image-preview":"max-image-preview:large","max-video-preview":"max-video-preview:-1"},"canonical":"https:\/\/www.visit-ulcinj.com\/blog\/2016\/04\/15\/kush-po-penalizon-futjen-ne-hapesiren-ajrore-te-kompanive-low-cost-ne-mal-te-zi\/","og_locale":"en_US","og_type":"article","og_title":"Kush po penalizon futjen n\u00eb hap\u00ebsiren ajrore t\u00eb kompanive Low Cost n\u00eb Mal t\u00eb Zi - Lajme nga Ulqini","og_description":"N\u00eb analiz\u00ebn e\u00a0 b\u00ebr\u00eb lidhur me struktur\u00ebn e tarifave, taksave dhe kostove q\u00eb kontribuojn\u00eb n\u00eb ngritjen e \u00e7mimeve t\u00eb biletave p\u00ebr udh\u00ebtar\u00ebt q\u00eb udh\u00ebtojn p\u00ebr","og_url":"https:\/\/www.visit-ulcinj.com\/blog\/2016\/04\/15\/kush-po-penalizon-futjen-ne-hapesiren-ajrore-te-kompanive-low-cost-ne-mal-te-zi\/","og_site_name":"Lajme nga Ulqini","article_published_time":"2016-04-15T09:40:09+00:00","article_modified_time":"2016-04-16T17:13:24+00:00","og_image":[{"url":"http:\/\/www.visit-ulcinj.com\/blog\/wp-content\/uploads\/2016\/04\/ryanair-podgorica.jpg"}],"twitter_misc":{"Written by":"ulqini","Est. reading time":"4 minutes"},"schema":{"@context":"https:\/\/schema.org","@graph":[{"@type":"WebSite","@id":"https:\/\/www.visit-ulcinj.com\/blog\/#website","url":"https:\/\/www.visit-ulcinj.com\/blog\/","name":"Lajme nga Ulqini","description":"Lajme,Vijesti,Ulqini,Ulqin,Crna Gora,Mali i Zi","potentialAction":[{"@type":"SearchAction","target":{"@type":"EntryPoint","urlTemplate":"https:\/\/www.visit-ulcinj.com\/blog\/?s={search_term_string}"},"query-input":"required name=search_term_string"}],"inLanguage":"en-US"},{"@type":"ImageObject","inLanguage":"en-US","@id":"https:\/\/www.visit-ulcinj.com\/blog\/2016\/04\/15\/kush-po-penalizon-futjen-ne-hapesiren-ajrore-te-kompanive-low-cost-ne-mal-te-zi\/#primaryimage","url":"http:\/\/www.visit-ulcinj.com\/blog\/wp-content\/uploads\/2016\/04\/ryanair-podgorica.jpg","contentUrl":"http:\/\/www.visit-ulcinj.com\/blog\/wp-content\/uploads\/2016\/04\/ryanair-podgorica.jpg"},{"@type":"WebPage","@id":"https:\/\/www.visit-ulcinj.com\/blog\/2016\/04\/15\/kush-po-penalizon-futjen-ne-hapesiren-ajrore-te-kompanive-low-cost-ne-mal-te-zi\/#webpage","url":"https:\/\/www.visit-ulcinj.com\/blog\/2016\/04\/15\/kush-po-penalizon-futjen-ne-hapesiren-ajrore-te-kompanive-low-cost-ne-mal-te-zi\/","name":"Kush po penalizon futjen n\u00eb hap\u00ebsiren ajrore t\u00eb kompanive Low Cost n\u00eb Mal t\u00eb Zi - Lajme nga Ulqini","isPartOf":{"@id":"https:\/\/www.visit-ulcinj.com\/blog\/#website"},"primaryImageOfPage":{"@id":"https:\/\/www.visit-ulcinj.com\/blog\/2016\/04\/15\/kush-po-penalizon-futjen-ne-hapesiren-ajrore-te-kompanive-low-cost-ne-mal-te-zi\/#primaryimage"},"datePublished":"2016-04-15T09:40:09+00:00","dateModified":"2016-04-16T17:13:24+00:00","author":{"@id":"https:\/\/www.visit-ulcinj.com\/blog\/#\/schema\/person\/dcab619c614d3038751c63bc2aadc06d"},"description":"N\u00eb analiz\u00ebn e\u00a0 b\u00ebr\u00eb lidhur me struktur\u00ebn e tarifave, taksave dhe kostove q\u00eb kontribuojn\u00eb n\u00eb ngritjen e \u00e7mimeve t\u00eb biletave p\u00ebr udh\u00ebtar\u00ebt q\u00eb udh\u00ebtojn p\u00ebr","breadcrumb":{"@id":"https:\/\/www.visit-ulcinj.com\/blog\/2016\/04\/15\/kush-po-penalizon-futjen-ne-hapesiren-ajrore-te-kompanive-low-cost-ne-mal-te-zi\/#breadcrumb"},"inLanguage":"en-US","potentialAction":[{"@type":"ReadAction","target":["https:\/\/www.visit-ulcinj.com\/blog\/2016\/04\/15\/kush-po-penalizon-futjen-ne-hapesiren-ajrore-te-kompanive-low-cost-ne-mal-te-zi\/"]}]},{"@type":"BreadcrumbList","@id":"https:\/\/www.visit-ulcinj.com\/blog\/2016\/04\/15\/kush-po-penalizon-futjen-ne-hapesiren-ajrore-te-kompanive-low-cost-ne-mal-te-zi\/#breadcrumb","itemListElement":[{"@type":"ListItem","position":1,"name":"Kush po penalizon futjen n\u00eb hap\u00ebsiren ajrore t\u00eb kompanive Low Cost n\u00eb Mal t\u00eb Zi"}]},{"@type":"Person","@id":"https:\/\/www.visit-ulcinj.com\/blog\/#\/schema\/person\/dcab619c614d3038751c63bc2aadc06d","name":"ulqini","sameAs":["http:\/\/www.visit-ulcinj.com"],"url":"https:\/\/www.visit-ulcinj.com\/blog\/author\/admin\/"}]}},"jetpack_featured_media_url":"","jetpack_sharing_enabled":true,"jetpack_shortlink":"https:\/\/wp.me\/pe6lTn-p1t","_links":{"self":[{"href":"https:\/\/www.visit-ulcinj.com\/blog\/wp-json\/wp\/v2\/posts\/96191"}],"collection":[{"href":"https:\/\/www.visit-ulcinj.com\/blog\/wp-json\/wp\/v2\/posts"}],"about":[{"href":"https:\/\/www.visit-ulcinj.com\/blog\/wp-json\/wp\/v2\/types\/post"}],"author":[{"embeddable":true,"href":"https:\/\/www.visit-ulcinj.com\/blog\/wp-json\/wp\/v2\/users\/1"}],"replies":[{"embeddable":true,"href":"https:\/\/www.visit-ulcinj.com\/blog\/wp-json\/wp\/v2\/comments?post=96191"}],"version-history":[{"count":3,"href":"https:\/\/www.visit-ulcinj.com\/blog\/wp-json\/wp\/v2\/posts\/96191\/revisions"}],"predecessor-version":[{"id":96228,"href":"https:\/\/www.visit-ulcinj.com\/blog\/wp-json\/wp\/v2\/posts\/96191\/revisions\/96228"}],"wp:attachment":[{"href":"https:\/\/www.visit-ulcinj.com\/blog\/wp-json\/wp\/v2\/media?parent=96191"}],"wp:term":[{"taxonomy":"category","embeddable":true,"href":"https:\/\/www.visit-ulcinj.com\/blog\/wp-json\/wp\/v2\/categories?post=96191"},{"taxonomy":"post_tag","embeddable":true,"href":"https:\/\/www.visit-ulcinj.com\/blog\/wp-json\/wp\/v2\/tags?post=96191"}],"curies":[{"name":"wp","href":"https:\/\/api.w.org\/{rel}","templated":true}]}}