{"id":96197,"date":"2016-04-15T11:39:54","date_gmt":"2016-04-15T10:39:54","guid":{"rendered":"http:\/\/www.visit-ulcinj.com\/blog\/?p=96197"},"modified":"2016-04-15T11:39:54","modified_gmt":"2016-04-15T10:39:54","slug":"digjet-flamuri-kosoves-dhe-shqiperise-ne-podgorice","status":"publish","type":"post","link":"https:\/\/www.visit-ulcinj.com\/blog\/2016\/04\/15\/digjet-flamuri-kosoves-dhe-shqiperise-ne-podgorice\/","title":{"rendered":"Digjet flamuri i Kosov\u00ebs dhe Shqip\u00ebris\u00eb n\u00eb Podgoric\u00eb"},"content":{"rendered":"<p><a href=\"http:\/\/www.visit-ulcinj.com\/blog\/wp-content\/uploads\/2016\/04\/Digjet-Flamuri.jpg\"><img loading=\"lazy\" class=\"alignleft wp-image-96198\" src=\"http:\/\/www.visit-ulcinj.com\/blog\/wp-content\/uploads\/2016\/04\/Digjet-Flamuri.jpg\" alt=\"Digjet -Flamuri\" width=\"508\" height=\"335\" srcset=\"https:\/\/www.visit-ulcinj.com\/blog\/wp-content\/uploads\/2016\/04\/Digjet-Flamuri.jpg 455w, https:\/\/www.visit-ulcinj.com\/blog\/wp-content\/uploads\/2016\/04\/Digjet-Flamuri-300x198.jpg 300w\" sizes=\"(max-width: 508px) 100vw, 508px\" \/><\/a>Persona t\u00eb panjohur ia kan\u00eb flak\u00ebn flamurit t\u00eb Kosov\u00ebs dhe atij t\u00eb Shqip\u00ebris\u00eb para objekteve t\u00eb ambasadave t\u00eb t\u00eb dyja vendeve n\u00eb Podgoric\u00eb.<br \/>\nMediat n\u00eb Mal t\u00eb Zi raportojn\u00eb se flamujt jan\u00eb d\u00ebmtuar pjes\u00ebrisht nga zjarri, por jan\u00eb larguar menj\u00ebher\u00eb nga direku.<\/p>\n<p>Flamujt e t\u00eb dyja vendeve ishin t\u00eb varur n\u00eb sheshin e Capital Plaza t\u00eb Sh\u00ebn Petrit bashk\u00eb me at\u00eb t\u00eb Malit t\u00eb Zi i cili nuk ishte d\u00ebmtuar fare.<\/p>\n<p>Ministria e Pun\u00ebve t\u00eb Jashtme dhe ajo e Integrimit Evropian t\u00eb Malit t\u00eb Zi e kan\u00eb d\u00ebnuar ashp\u00ebr k\u00ebt\u00eb akt t\u00eb djegjes s\u00eb flamujve t\u00eb t\u00eb dyja vendeve para nd\u00ebrtesave s\u00eb ambasadave t\u00eb Shqip\u00ebris\u00eb dhe Kosov\u00ebs.<\/p>\n<p>Ministria e jashtme e k\u00ebtij vendi thot\u00eb se \u00ebsht\u00eb n\u00eb komunikim t\u00eb vazhduesh\u00ebm me ambasadat e t\u00eb dyja vendeve dhe ka b\u00ebr\u00eb thirrje q\u00eb autoritetet kompetente t\u00eb marrin t\u00eb gjitha masat e nevojshme p\u00ebr t\u00eb sqaruar rastin dhe autor\u00ebt identifikuese.<\/p>\n<p>\u201cNe jemi t\u00eb bindur se k\u00ebto raste t\u00eb izoluara nuk mund t\u00eb ndikojn\u00eb n\u00eb marr\u00ebdh\u00ebniet e mira bilaterale dhe miq\u00ebsore midis dy vendeve tona\u201d, thuhet n\u00eb deklarat\u00eb e MPJ-s\u00eb s\u00eb Malit t\u00eb Zi, njofton Klan Kosova.<\/p>\n","protected":false},"excerpt":{"rendered":"<p>Persona t\u00eb panjohur ia kan\u00eb flak\u00ebn flamurit t\u00eb Kosov\u00ebs dhe atij t\u00eb Shqip\u00ebris\u00eb para objekteve t\u00eb ambasadave t\u00eb t\u00eb dyja vendeve n\u00eb Podgoric\u00eb. Mediat n\u00eb Mal t\u00eb Zi raportojn\u00eb se flamujt jan\u00eb d\u00ebmtuar pjes\u00ebrisht nga zjarri, por jan\u00eb larguar menj\u00ebher\u00eb nga direku. Flamujt e t\u00eb dyja vendeve ishin t\u00eb varur n\u00eb sheshin e Capital Plaza [&hellip;]<\/p>\n","protected":false},"author":1,"featured_media":0,"comment_status":"closed","ping_status":"closed","sticky":false,"template":"","format":"standard","meta":{"spay_email":"","jetpack_publicize_message":"","jetpack_is_tweetstorm":false,"jetpack_publicize_feature_enabled":true},"categories":[14],"tags":[],"jetpack_publicize_connections":[],"yoast_head":"<!-- This site is optimized with the Yoast SEO plugin v19.1 - https:\/\/yoast.com\/wordpress\/plugins\/seo\/ -->\n<title>Digjet flamuri i Kosov\u00ebs dhe Shqip\u00ebris\u00eb n\u00eb Podgoric\u00eb - Lajme nga Ulqini<\/title>\n<meta name=\"description\" content=\"Persona t\u00eb panjohur ia kan\u00eb flak\u00ebn flamurit t\u00eb Kosov\u00ebs dhe atij t\u00eb Shqip\u00ebris\u00eb para objekteve t\u00eb ambasadave t\u00eb t\u00eb dyja vendeve n\u00eb Podgoric\u00eb. Mediat n\u00eb Mal\" \/>\n<meta name=\"robots\" content=\"index, follow, max-snippet:-1, max-image-preview:large, max-video-preview:-1\" \/>\n<link rel=\"canonical\" href=\"https:\/\/www.visit-ulcinj.com\/blog\/2016\/04\/15\/digjet-flamuri-kosoves-dhe-shqiperise-ne-podgorice\/\" \/>\n<meta property=\"og:locale\" content=\"en_US\" \/>\n<meta property=\"og:type\" content=\"article\" \/>\n<meta property=\"og:title\" content=\"Digjet flamuri i Kosov\u00ebs dhe Shqip\u00ebris\u00eb n\u00eb Podgoric\u00eb - Lajme nga Ulqini\" \/>\n<meta property=\"og:description\" content=\"Persona t\u00eb panjohur ia kan\u00eb flak\u00ebn flamurit t\u00eb Kosov\u00ebs dhe atij t\u00eb Shqip\u00ebris\u00eb para objekteve t\u00eb ambasadave t\u00eb t\u00eb dyja vendeve n\u00eb Podgoric\u00eb. Mediat n\u00eb Mal\" \/>\n<meta property=\"og:url\" content=\"https:\/\/www.visit-ulcinj.com\/blog\/2016\/04\/15\/digjet-flamuri-kosoves-dhe-shqiperise-ne-podgorice\/\" \/>\n<meta property=\"og:site_name\" content=\"Lajme nga Ulqini\" \/>\n<meta property=\"article:published_time\" content=\"2016-04-15T10:39:54+00:00\" \/>\n<meta property=\"og:image\" content=\"http:\/\/www.visit-ulcinj.com\/blog\/wp-content\/uploads\/2016\/04\/Digjet-Flamuri.jpg\" \/>\n<meta name=\"twitter:label1\" content=\"Written by\" \/>\n\t<meta name=\"twitter:data1\" content=\"ulqini\" \/>\n\t<meta name=\"twitter:label2\" content=\"Est. reading time\" \/>\n\t<meta name=\"twitter:data2\" content=\"1 minute\" \/>\n<script type=\"application\/ld+json\" class=\"yoast-schema-graph\">{\"@context\":\"https:\/\/schema.org\",\"@graph\":[{\"@type\":\"WebSite\",\"@id\":\"https:\/\/www.visit-ulcinj.com\/blog\/#website\",\"url\":\"https:\/\/www.visit-ulcinj.com\/blog\/\",\"name\":\"Lajme nga Ulqini\",\"description\":\"Lajme,Vijesti,Ulqini,Ulqin,Crna Gora,Mali i Zi\",\"potentialAction\":[{\"@type\":\"SearchAction\",\"target\":{\"@type\":\"EntryPoint\",\"urlTemplate\":\"https:\/\/www.visit-ulcinj.com\/blog\/?s={search_term_string}\"},\"query-input\":\"required name=search_term_string\"}],\"inLanguage\":\"en-US\"},{\"@type\":\"ImageObject\",\"inLanguage\":\"en-US\",\"@id\":\"https:\/\/www.visit-ulcinj.com\/blog\/2016\/04\/15\/digjet-flamuri-kosoves-dhe-shqiperise-ne-podgorice\/#primaryimage\",\"url\":\"https:\/\/www.visit-ulcinj.com\/blog\/wp-content\/uploads\/2016\/04\/Digjet-Flamuri.jpg\",\"contentUrl\":\"https:\/\/www.visit-ulcinj.com\/blog\/wp-content\/uploads\/2016\/04\/Digjet-Flamuri.jpg\",\"width\":455,\"height\":300},{\"@type\":\"WebPage\",\"@id\":\"https:\/\/www.visit-ulcinj.com\/blog\/2016\/04\/15\/digjet-flamuri-kosoves-dhe-shqiperise-ne-podgorice\/#webpage\",\"url\":\"https:\/\/www.visit-ulcinj.com\/blog\/2016\/04\/15\/digjet-flamuri-kosoves-dhe-shqiperise-ne-podgorice\/\",\"name\":\"Digjet flamuri i Kosov\u00ebs dhe Shqip\u00ebris\u00eb n\u00eb Podgoric\u00eb - Lajme nga Ulqini\",\"isPartOf\":{\"@id\":\"https:\/\/www.visit-ulcinj.com\/blog\/#website\"},\"primaryImageOfPage\":{\"@id\":\"https:\/\/www.visit-ulcinj.com\/blog\/2016\/04\/15\/digjet-flamuri-kosoves-dhe-shqiperise-ne-podgorice\/#primaryimage\"},\"datePublished\":\"2016-04-15T10:39:54+00:00\",\"dateModified\":\"2016-04-15T10:39:54+00:00\",\"author\":{\"@id\":\"https:\/\/www.visit-ulcinj.com\/blog\/#\/schema\/person\/dcab619c614d3038751c63bc2aadc06d\"},\"description\":\"Persona t\u00eb panjohur ia kan\u00eb flak\u00ebn flamurit t\u00eb Kosov\u00ebs dhe atij t\u00eb Shqip\u00ebris\u00eb para objekteve t\u00eb ambasadave t\u00eb t\u00eb dyja vendeve n\u00eb Podgoric\u00eb. Mediat n\u00eb Mal\",\"breadcrumb\":{\"@id\":\"https:\/\/www.visit-ulcinj.com\/blog\/2016\/04\/15\/digjet-flamuri-kosoves-dhe-shqiperise-ne-podgorice\/#breadcrumb\"},\"inLanguage\":\"en-US\",\"potentialAction\":[{\"@type\":\"ReadAction\",\"target\":[\"https:\/\/www.visit-ulcinj.com\/blog\/2016\/04\/15\/digjet-flamuri-kosoves-dhe-shqiperise-ne-podgorice\/\"]}]},{\"@type\":\"BreadcrumbList\",\"@id\":\"https:\/\/www.visit-ulcinj.com\/blog\/2016\/04\/15\/digjet-flamuri-kosoves-dhe-shqiperise-ne-podgorice\/#breadcrumb\",\"itemListElement\":[{\"@type\":\"ListItem\",\"position\":1,\"name\":\"Digjet flamuri i Kosov\u00ebs dhe Shqip\u00ebris\u00eb n\u00eb Podgoric\u00eb\"}]},{\"@type\":\"Person\",\"@id\":\"https:\/\/www.visit-ulcinj.com\/blog\/#\/schema\/person\/dcab619c614d3038751c63bc2aadc06d\",\"name\":\"ulqini\",\"sameAs\":[\"http:\/\/www.visit-ulcinj.com\"],\"url\":\"https:\/\/www.visit-ulcinj.com\/blog\/author\/admin\/\"}]}<\/script>\n<!-- \/ Yoast SEO plugin. -->","yoast_head_json":{"title":"Digjet flamuri i Kosov\u00ebs dhe Shqip\u00ebris\u00eb n\u00eb Podgoric\u00eb - Lajme nga Ulqini","description":"Persona t\u00eb panjohur ia kan\u00eb flak\u00ebn flamurit t\u00eb Kosov\u00ebs dhe atij t\u00eb Shqip\u00ebris\u00eb para objekteve t\u00eb ambasadave t\u00eb t\u00eb dyja vendeve n\u00eb Podgoric\u00eb. Mediat n\u00eb Mal","robots":{"index":"index","follow":"follow","max-snippet":"max-snippet:-1","max-image-preview":"max-image-preview:large","max-video-preview":"max-video-preview:-1"},"canonical":"https:\/\/www.visit-ulcinj.com\/blog\/2016\/04\/15\/digjet-flamuri-kosoves-dhe-shqiperise-ne-podgorice\/","og_locale":"en_US","og_type":"article","og_title":"Digjet flamuri i Kosov\u00ebs dhe Shqip\u00ebris\u00eb n\u00eb Podgoric\u00eb - Lajme nga Ulqini","og_description":"Persona t\u00eb panjohur ia kan\u00eb flak\u00ebn flamurit t\u00eb Kosov\u00ebs dhe atij t\u00eb Shqip\u00ebris\u00eb para objekteve t\u00eb ambasadave t\u00eb t\u00eb dyja vendeve n\u00eb Podgoric\u00eb. Mediat n\u00eb Mal","og_url":"https:\/\/www.visit-ulcinj.com\/blog\/2016\/04\/15\/digjet-flamuri-kosoves-dhe-shqiperise-ne-podgorice\/","og_site_name":"Lajme nga Ulqini","article_published_time":"2016-04-15T10:39:54+00:00","og_image":[{"url":"http:\/\/www.visit-ulcinj.com\/blog\/wp-content\/uploads\/2016\/04\/Digjet-Flamuri.jpg"}],"twitter_misc":{"Written by":"ulqini","Est. reading time":"1 minute"},"schema":{"@context":"https:\/\/schema.org","@graph":[{"@type":"WebSite","@id":"https:\/\/www.visit-ulcinj.com\/blog\/#website","url":"https:\/\/www.visit-ulcinj.com\/blog\/","name":"Lajme nga Ulqini","description":"Lajme,Vijesti,Ulqini,Ulqin,Crna Gora,Mali i Zi","potentialAction":[{"@type":"SearchAction","target":{"@type":"EntryPoint","urlTemplate":"https:\/\/www.visit-ulcinj.com\/blog\/?s={search_term_string}"},"query-input":"required name=search_term_string"}],"inLanguage":"en-US"},{"@type":"ImageObject","inLanguage":"en-US","@id":"https:\/\/www.visit-ulcinj.com\/blog\/2016\/04\/15\/digjet-flamuri-kosoves-dhe-shqiperise-ne-podgorice\/#primaryimage","url":"https:\/\/www.visit-ulcinj.com\/blog\/wp-content\/uploads\/2016\/04\/Digjet-Flamuri.jpg","contentUrl":"https:\/\/www.visit-ulcinj.com\/blog\/wp-content\/uploads\/2016\/04\/Digjet-Flamuri.jpg","width":455,"height":300},{"@type":"WebPage","@id":"https:\/\/www.visit-ulcinj.com\/blog\/2016\/04\/15\/digjet-flamuri-kosoves-dhe-shqiperise-ne-podgorice\/#webpage","url":"https:\/\/www.visit-ulcinj.com\/blog\/2016\/04\/15\/digjet-flamuri-kosoves-dhe-shqiperise-ne-podgorice\/","name":"Digjet flamuri i Kosov\u00ebs dhe Shqip\u00ebris\u00eb n\u00eb Podgoric\u00eb - Lajme nga Ulqini","isPartOf":{"@id":"https:\/\/www.visit-ulcinj.com\/blog\/#website"},"primaryImageOfPage":{"@id":"https:\/\/www.visit-ulcinj.com\/blog\/2016\/04\/15\/digjet-flamuri-kosoves-dhe-shqiperise-ne-podgorice\/#primaryimage"},"datePublished":"2016-04-15T10:39:54+00:00","dateModified":"2016-04-15T10:39:54+00:00","author":{"@id":"https:\/\/www.visit-ulcinj.com\/blog\/#\/schema\/person\/dcab619c614d3038751c63bc2aadc06d"},"description":"Persona t\u00eb panjohur ia kan\u00eb flak\u00ebn flamurit t\u00eb Kosov\u00ebs dhe atij t\u00eb Shqip\u00ebris\u00eb para objekteve t\u00eb ambasadave t\u00eb t\u00eb dyja vendeve n\u00eb Podgoric\u00eb. Mediat n\u00eb Mal","breadcrumb":{"@id":"https:\/\/www.visit-ulcinj.com\/blog\/2016\/04\/15\/digjet-flamuri-kosoves-dhe-shqiperise-ne-podgorice\/#breadcrumb"},"inLanguage":"en-US","potentialAction":[{"@type":"ReadAction","target":["https:\/\/www.visit-ulcinj.com\/blog\/2016\/04\/15\/digjet-flamuri-kosoves-dhe-shqiperise-ne-podgorice\/"]}]},{"@type":"BreadcrumbList","@id":"https:\/\/www.visit-ulcinj.com\/blog\/2016\/04\/15\/digjet-flamuri-kosoves-dhe-shqiperise-ne-podgorice\/#breadcrumb","itemListElement":[{"@type":"ListItem","position":1,"name":"Digjet flamuri i Kosov\u00ebs dhe Shqip\u00ebris\u00eb n\u00eb Podgoric\u00eb"}]},{"@type":"Person","@id":"https:\/\/www.visit-ulcinj.com\/blog\/#\/schema\/person\/dcab619c614d3038751c63bc2aadc06d","name":"ulqini","sameAs":["http:\/\/www.visit-ulcinj.com"],"url":"https:\/\/www.visit-ulcinj.com\/blog\/author\/admin\/"}]}},"jetpack_featured_media_url":"","jetpack_sharing_enabled":true,"jetpack_shortlink":"https:\/\/wp.me\/pe6lTn-p1z","_links":{"self":[{"href":"https:\/\/www.visit-ulcinj.com\/blog\/wp-json\/wp\/v2\/posts\/96197"}],"collection":[{"href":"https:\/\/www.visit-ulcinj.com\/blog\/wp-json\/wp\/v2\/posts"}],"about":[{"href":"https:\/\/www.visit-ulcinj.com\/blog\/wp-json\/wp\/v2\/types\/post"}],"author":[{"embeddable":true,"href":"https:\/\/www.visit-ulcinj.com\/blog\/wp-json\/wp\/v2\/users\/1"}],"replies":[{"embeddable":true,"href":"https:\/\/www.visit-ulcinj.com\/blog\/wp-json\/wp\/v2\/comments?post=96197"}],"version-history":[{"count":1,"href":"https:\/\/www.visit-ulcinj.com\/blog\/wp-json\/wp\/v2\/posts\/96197\/revisions"}],"predecessor-version":[{"id":96199,"href":"https:\/\/www.visit-ulcinj.com\/blog\/wp-json\/wp\/v2\/posts\/96197\/revisions\/96199"}],"wp:attachment":[{"href":"https:\/\/www.visit-ulcinj.com\/blog\/wp-json\/wp\/v2\/media?parent=96197"}],"wp:term":[{"taxonomy":"category","embeddable":true,"href":"https:\/\/www.visit-ulcinj.com\/blog\/wp-json\/wp\/v2\/categories?post=96197"},{"taxonomy":"post_tag","embeddable":true,"href":"https:\/\/www.visit-ulcinj.com\/blog\/wp-json\/wp\/v2\/tags?post=96197"}],"curies":[{"name":"wp","href":"https:\/\/api.w.org\/{rel}","templated":true}]}}