{"id":96203,"date":"2016-04-15T12:39:33","date_gmt":"2016-04-15T11:39:33","guid":{"rendered":"http:\/\/www.visit-ulcinj.com\/blog\/?p=96203"},"modified":"2016-04-15T19:30:34","modified_gmt":"2016-04-15T18:30:34","slug":"komuna-ulqinit-vazhdon-bashkepunimi-mire-unionin-e-sindikatave-te-lira","status":"publish","type":"post","link":"https:\/\/www.visit-ulcinj.com\/blog\/2016\/04\/15\/komuna-ulqinit-vazhdon-bashkepunimi-mire-unionin-e-sindikatave-te-lira\/","title":{"rendered":"Komuna Ulqinit: Vazhdon bashk\u00ebpunimi i mir\u00eb me unionin e Sindikatave t\u00eb lira"},"content":{"rendered":"<p><a href=\"http:\/\/www.visit-ulcinj.com\/blog\/wp-content\/uploads\/2016\/04\/CunguNrekiq-Hadixha-GjoniKekoviq-Zeneli-.jpg\"><img loading=\"lazy\" class=\"alignleft wp-image-96223\" src=\"http:\/\/www.visit-ulcinj.com\/blog\/wp-content\/uploads\/2016\/04\/CunguNrekiq-Hadixha-GjoniKekoviq-Zeneli-.jpg\" alt=\"Cungu,Nrekiq-Hadixha Gjoni,Kekoviq-Zeneli-\" width=\"508\" height=\"337\" srcset=\"https:\/\/www.visit-ulcinj.com\/blog\/wp-content\/uploads\/2016\/04\/CunguNrekiq-Hadixha-GjoniKekoviq-Zeneli-.jpg 999w, https:\/\/www.visit-ulcinj.com\/blog\/wp-content\/uploads\/2016\/04\/CunguNrekiq-Hadixha-GjoniKekoviq-Zeneli--300x199.jpg 300w\" sizes=\"(max-width: 508px) 100vw, 508px\" \/><\/a>Kryetari i Komun\u00ebs Nazif Cungu, kryetari i Kuvendit Loro Nrekiq dhe n\u00ebnkryetarja Hadixha Gjoni, prit\u00ebn n\u00eb nj\u00eb takim pune\u00a0 sekretarin gjeneral t\u00eb Unionit t\u00eb sindikatave t\u00eb lira t\u00eb Malit t\u00eb Zi , Srgja Kekoviq dhe p\u00ebrfaq\u00ebsuesin e k\u00ebtij sindikati p\u00ebr Ulqinin Asllan Zenelin.<\/p>\n<p>Edhe pse takimi i par\u00eb i k\u00ebtij lloji u prek\u00ebn nj\u00eb s\u00ebr\u00eb temash, me theks t\u00eb ve\u00e7ant\u00eb p\u00ebr situat\u00ebn ekonomike, standartin e punetor\u00ebve dhe aktivitetet e paralajm\u00ebruara nga udh\u00ebheq\u00ebsia e re p\u00ebr stabilizimin e gjendjes dhe konsolidimin e financave. Udh\u00ebheq\u00ebsit komunal u shprehen t\u00eb gatsh\u00ebm p\u00ebr bashk\u00ebpunim dhe ndihm\u00eb. Nga ana tjet\u00ebr p\u00ebrfaq\u00ebsuesit e sindikatave parashtruan k\u00ebrkesat e tyre q\u00eb edhe ata shkojn\u00eb n\u00eb k\u00ebt\u00eb drejtim.<\/p>\n<p>Duke i uruar suksese udh\u00ebheq\u00ebsis\u00eb se re, llogarisin q\u00eb bashk\u00ebpunimi nuk do t\u00eb mungoj\u00eb dhe paralajmeruan p\u00ebrgatitjen e nj\u00eb takimi m\u00eb t\u00eb zgjeruar, gj\u00eb e cila u pranua nga t\u00eb dyja palet.<\/p>\n","protected":false},"excerpt":{"rendered":"<p>Kryetari i Komun\u00ebs Nazif Cungu, kryetari i Kuvendit Loro Nrekiq dhe n\u00ebnkryetarja Hadixha Gjoni, prit\u00ebn n\u00eb nj\u00eb takim pune\u00a0 sekretarin gjeneral t\u00eb Unionit t\u00eb sindikatave t\u00eb lira t\u00eb Malit t\u00eb Zi , Srgja Kekoviq dhe p\u00ebrfaq\u00ebsuesin e k\u00ebtij sindikati p\u00ebr Ulqinin Asllan Zenelin. Edhe pse takimi i par\u00eb i k\u00ebtij lloji u prek\u00ebn nj\u00eb s\u00ebr\u00eb [&hellip;]<\/p>\n","protected":false},"author":1,"featured_media":0,"comment_status":"closed","ping_status":"closed","sticky":false,"template":"","format":"standard","meta":{"spay_email":"","jetpack_publicize_message":"","jetpack_is_tweetstorm":false,"jetpack_publicize_feature_enabled":true},"categories":[6950,2451],"tags":[],"jetpack_publicize_connections":[],"yoast_head":"<!-- This site is optimized with the Yoast SEO plugin v19.1 - https:\/\/yoast.com\/wordpress\/plugins\/seo\/ -->\n<title>Komuna Ulqinit: Vazhdon bashk\u00ebpunimi i mir\u00eb me unionin e Sindikatave t\u00eb lira - Lajme nga Ulqini<\/title>\n<meta name=\"description\" content=\"Kryetari i Komun\u00ebs Nazif Cungu, kryetari i Kuvendit Loro Nrekiq dhe n\u00ebnkryetarja Hadixha Gjoni, prit\u00ebn n\u00eb nj\u00eb takim pune\u00a0 sekretarin gjeneral t\u00eb Unionit\" \/>\n<meta name=\"robots\" content=\"index, follow, max-snippet:-1, max-image-preview:large, max-video-preview:-1\" \/>\n<link rel=\"canonical\" href=\"https:\/\/www.visit-ulcinj.com\/blog\/2016\/04\/15\/komuna-ulqinit-vazhdon-bashkepunimi-mire-unionin-e-sindikatave-te-lira\/\" \/>\n<meta property=\"og:locale\" content=\"en_US\" \/>\n<meta property=\"og:type\" content=\"article\" \/>\n<meta property=\"og:title\" content=\"Komuna Ulqinit: Vazhdon bashk\u00ebpunimi i mir\u00eb me unionin e Sindikatave t\u00eb lira - Lajme nga Ulqini\" \/>\n<meta property=\"og:description\" content=\"Kryetari i Komun\u00ebs Nazif Cungu, kryetari i Kuvendit Loro Nrekiq dhe n\u00ebnkryetarja Hadixha Gjoni, prit\u00ebn n\u00eb nj\u00eb takim pune\u00a0 sekretarin gjeneral t\u00eb Unionit\" \/>\n<meta property=\"og:url\" content=\"https:\/\/www.visit-ulcinj.com\/blog\/2016\/04\/15\/komuna-ulqinit-vazhdon-bashkepunimi-mire-unionin-e-sindikatave-te-lira\/\" \/>\n<meta property=\"og:site_name\" content=\"Lajme nga Ulqini\" \/>\n<meta property=\"article:published_time\" content=\"2016-04-15T11:39:33+00:00\" \/>\n<meta property=\"article:modified_time\" content=\"2016-04-15T18:30:34+00:00\" \/>\n<meta property=\"og:image\" content=\"http:\/\/www.visit-ulcinj.com\/blog\/wp-content\/uploads\/2016\/04\/CunguNrekiq-Hadixha-GjoniKekoviq-Zeneli-.jpg\" \/>\n<meta name=\"twitter:label1\" content=\"Written by\" \/>\n\t<meta name=\"twitter:data1\" content=\"ulqini\" \/>\n\t<meta name=\"twitter:label2\" content=\"Est. reading time\" \/>\n\t<meta name=\"twitter:data2\" content=\"1 minute\" \/>\n<script type=\"application\/ld+json\" class=\"yoast-schema-graph\">{\"@context\":\"https:\/\/schema.org\",\"@graph\":[{\"@type\":\"WebSite\",\"@id\":\"https:\/\/www.visit-ulcinj.com\/blog\/#website\",\"url\":\"https:\/\/www.visit-ulcinj.com\/blog\/\",\"name\":\"Lajme nga Ulqini\",\"description\":\"Lajme,Vijesti,Ulqini,Ulqin,Crna Gora,Mali i Zi\",\"potentialAction\":[{\"@type\":\"SearchAction\",\"target\":{\"@type\":\"EntryPoint\",\"urlTemplate\":\"https:\/\/www.visit-ulcinj.com\/blog\/?s={search_term_string}\"},\"query-input\":\"required name=search_term_string\"}],\"inLanguage\":\"en-US\"},{\"@type\":\"ImageObject\",\"inLanguage\":\"en-US\",\"@id\":\"https:\/\/www.visit-ulcinj.com\/blog\/2016\/04\/15\/komuna-ulqinit-vazhdon-bashkepunimi-mire-unionin-e-sindikatave-te-lira\/#primaryimage\",\"url\":\"https:\/\/www.visit-ulcinj.com\/blog\/wp-content\/uploads\/2016\/04\/CunguNrekiq-Hadixha-GjoniKekoviq-Zeneli-.jpg\",\"contentUrl\":\"https:\/\/www.visit-ulcinj.com\/blog\/wp-content\/uploads\/2016\/04\/CunguNrekiq-Hadixha-GjoniKekoviq-Zeneli-.jpg\",\"width\":999,\"height\":662},{\"@type\":\"WebPage\",\"@id\":\"https:\/\/www.visit-ulcinj.com\/blog\/2016\/04\/15\/komuna-ulqinit-vazhdon-bashkepunimi-mire-unionin-e-sindikatave-te-lira\/#webpage\",\"url\":\"https:\/\/www.visit-ulcinj.com\/blog\/2016\/04\/15\/komuna-ulqinit-vazhdon-bashkepunimi-mire-unionin-e-sindikatave-te-lira\/\",\"name\":\"Komuna Ulqinit: Vazhdon bashk\u00ebpunimi i mir\u00eb me unionin e Sindikatave t\u00eb lira - Lajme nga Ulqini\",\"isPartOf\":{\"@id\":\"https:\/\/www.visit-ulcinj.com\/blog\/#website\"},\"primaryImageOfPage\":{\"@id\":\"https:\/\/www.visit-ulcinj.com\/blog\/2016\/04\/15\/komuna-ulqinit-vazhdon-bashkepunimi-mire-unionin-e-sindikatave-te-lira\/#primaryimage\"},\"datePublished\":\"2016-04-15T11:39:33+00:00\",\"dateModified\":\"2016-04-15T18:30:34+00:00\",\"author\":{\"@id\":\"https:\/\/www.visit-ulcinj.com\/blog\/#\/schema\/person\/dcab619c614d3038751c63bc2aadc06d\"},\"description\":\"Kryetari i Komun\u00ebs Nazif Cungu, kryetari i Kuvendit Loro Nrekiq dhe n\u00ebnkryetarja Hadixha Gjoni, prit\u00ebn n\u00eb nj\u00eb takim pune\u00a0 sekretarin gjeneral t\u00eb Unionit\",\"breadcrumb\":{\"@id\":\"https:\/\/www.visit-ulcinj.com\/blog\/2016\/04\/15\/komuna-ulqinit-vazhdon-bashkepunimi-mire-unionin-e-sindikatave-te-lira\/#breadcrumb\"},\"inLanguage\":\"en-US\",\"potentialAction\":[{\"@type\":\"ReadAction\",\"target\":[\"https:\/\/www.visit-ulcinj.com\/blog\/2016\/04\/15\/komuna-ulqinit-vazhdon-bashkepunimi-mire-unionin-e-sindikatave-te-lira\/\"]}]},{\"@type\":\"BreadcrumbList\",\"@id\":\"https:\/\/www.visit-ulcinj.com\/blog\/2016\/04\/15\/komuna-ulqinit-vazhdon-bashkepunimi-mire-unionin-e-sindikatave-te-lira\/#breadcrumb\",\"itemListElement\":[{\"@type\":\"ListItem\",\"position\":1,\"name\":\"Komuna Ulqinit: Vazhdon bashk\u00ebpunimi i mir\u00eb me unionin e Sindikatave t\u00eb lira\"}]},{\"@type\":\"Person\",\"@id\":\"https:\/\/www.visit-ulcinj.com\/blog\/#\/schema\/person\/dcab619c614d3038751c63bc2aadc06d\",\"name\":\"ulqini\",\"sameAs\":[\"http:\/\/www.visit-ulcinj.com\"],\"url\":\"https:\/\/www.visit-ulcinj.com\/blog\/author\/admin\/\"}]}<\/script>\n<!-- \/ Yoast SEO plugin. -->","yoast_head_json":{"title":"Komuna Ulqinit: Vazhdon bashk\u00ebpunimi i mir\u00eb me unionin e Sindikatave t\u00eb lira - Lajme nga Ulqini","description":"Kryetari i Komun\u00ebs Nazif Cungu, kryetari i Kuvendit Loro Nrekiq dhe n\u00ebnkryetarja Hadixha Gjoni, prit\u00ebn n\u00eb nj\u00eb takim pune\u00a0 sekretarin gjeneral t\u00eb Unionit","robots":{"index":"index","follow":"follow","max-snippet":"max-snippet:-1","max-image-preview":"max-image-preview:large","max-video-preview":"max-video-preview:-1"},"canonical":"https:\/\/www.visit-ulcinj.com\/blog\/2016\/04\/15\/komuna-ulqinit-vazhdon-bashkepunimi-mire-unionin-e-sindikatave-te-lira\/","og_locale":"en_US","og_type":"article","og_title":"Komuna Ulqinit: Vazhdon bashk\u00ebpunimi i mir\u00eb me unionin e Sindikatave t\u00eb lira - Lajme nga Ulqini","og_description":"Kryetari i Komun\u00ebs Nazif Cungu, kryetari i Kuvendit Loro Nrekiq dhe n\u00ebnkryetarja Hadixha Gjoni, prit\u00ebn n\u00eb nj\u00eb takim pune\u00a0 sekretarin gjeneral t\u00eb Unionit","og_url":"https:\/\/www.visit-ulcinj.com\/blog\/2016\/04\/15\/komuna-ulqinit-vazhdon-bashkepunimi-mire-unionin-e-sindikatave-te-lira\/","og_site_name":"Lajme nga Ulqini","article_published_time":"2016-04-15T11:39:33+00:00","article_modified_time":"2016-04-15T18:30:34+00:00","og_image":[{"url":"http:\/\/www.visit-ulcinj.com\/blog\/wp-content\/uploads\/2016\/04\/CunguNrekiq-Hadixha-GjoniKekoviq-Zeneli-.jpg"}],"twitter_misc":{"Written by":"ulqini","Est. reading time":"1 minute"},"schema":{"@context":"https:\/\/schema.org","@graph":[{"@type":"WebSite","@id":"https:\/\/www.visit-ulcinj.com\/blog\/#website","url":"https:\/\/www.visit-ulcinj.com\/blog\/","name":"Lajme nga Ulqini","description":"Lajme,Vijesti,Ulqini,Ulqin,Crna Gora,Mali i Zi","potentialAction":[{"@type":"SearchAction","target":{"@type":"EntryPoint","urlTemplate":"https:\/\/www.visit-ulcinj.com\/blog\/?s={search_term_string}"},"query-input":"required name=search_term_string"}],"inLanguage":"en-US"},{"@type":"ImageObject","inLanguage":"en-US","@id":"https:\/\/www.visit-ulcinj.com\/blog\/2016\/04\/15\/komuna-ulqinit-vazhdon-bashkepunimi-mire-unionin-e-sindikatave-te-lira\/#primaryimage","url":"https:\/\/www.visit-ulcinj.com\/blog\/wp-content\/uploads\/2016\/04\/CunguNrekiq-Hadixha-GjoniKekoviq-Zeneli-.jpg","contentUrl":"https:\/\/www.visit-ulcinj.com\/blog\/wp-content\/uploads\/2016\/04\/CunguNrekiq-Hadixha-GjoniKekoviq-Zeneli-.jpg","width":999,"height":662},{"@type":"WebPage","@id":"https:\/\/www.visit-ulcinj.com\/blog\/2016\/04\/15\/komuna-ulqinit-vazhdon-bashkepunimi-mire-unionin-e-sindikatave-te-lira\/#webpage","url":"https:\/\/www.visit-ulcinj.com\/blog\/2016\/04\/15\/komuna-ulqinit-vazhdon-bashkepunimi-mire-unionin-e-sindikatave-te-lira\/","name":"Komuna Ulqinit: Vazhdon bashk\u00ebpunimi i mir\u00eb me unionin e Sindikatave t\u00eb lira - Lajme nga Ulqini","isPartOf":{"@id":"https:\/\/www.visit-ulcinj.com\/blog\/#website"},"primaryImageOfPage":{"@id":"https:\/\/www.visit-ulcinj.com\/blog\/2016\/04\/15\/komuna-ulqinit-vazhdon-bashkepunimi-mire-unionin-e-sindikatave-te-lira\/#primaryimage"},"datePublished":"2016-04-15T11:39:33+00:00","dateModified":"2016-04-15T18:30:34+00:00","author":{"@id":"https:\/\/www.visit-ulcinj.com\/blog\/#\/schema\/person\/dcab619c614d3038751c63bc2aadc06d"},"description":"Kryetari i Komun\u00ebs Nazif Cungu, kryetari i Kuvendit Loro Nrekiq dhe n\u00ebnkryetarja Hadixha Gjoni, prit\u00ebn n\u00eb nj\u00eb takim pune\u00a0 sekretarin gjeneral t\u00eb Unionit","breadcrumb":{"@id":"https:\/\/www.visit-ulcinj.com\/blog\/2016\/04\/15\/komuna-ulqinit-vazhdon-bashkepunimi-mire-unionin-e-sindikatave-te-lira\/#breadcrumb"},"inLanguage":"en-US","potentialAction":[{"@type":"ReadAction","target":["https:\/\/www.visit-ulcinj.com\/blog\/2016\/04\/15\/komuna-ulqinit-vazhdon-bashkepunimi-mire-unionin-e-sindikatave-te-lira\/"]}]},{"@type":"BreadcrumbList","@id":"https:\/\/www.visit-ulcinj.com\/blog\/2016\/04\/15\/komuna-ulqinit-vazhdon-bashkepunimi-mire-unionin-e-sindikatave-te-lira\/#breadcrumb","itemListElement":[{"@type":"ListItem","position":1,"name":"Komuna Ulqinit: Vazhdon bashk\u00ebpunimi i mir\u00eb me unionin e Sindikatave t\u00eb lira"}]},{"@type":"Person","@id":"https:\/\/www.visit-ulcinj.com\/blog\/#\/schema\/person\/dcab619c614d3038751c63bc2aadc06d","name":"ulqini","sameAs":["http:\/\/www.visit-ulcinj.com"],"url":"https:\/\/www.visit-ulcinj.com\/blog\/author\/admin\/"}]}},"jetpack_featured_media_url":"","jetpack_sharing_enabled":true,"jetpack_shortlink":"https:\/\/wp.me\/pe6lTn-p1F","_links":{"self":[{"href":"https:\/\/www.visit-ulcinj.com\/blog\/wp-json\/wp\/v2\/posts\/96203"}],"collection":[{"href":"https:\/\/www.visit-ulcinj.com\/blog\/wp-json\/wp\/v2\/posts"}],"about":[{"href":"https:\/\/www.visit-ulcinj.com\/blog\/wp-json\/wp\/v2\/types\/post"}],"author":[{"embeddable":true,"href":"https:\/\/www.visit-ulcinj.com\/blog\/wp-json\/wp\/v2\/users\/1"}],"replies":[{"embeddable":true,"href":"https:\/\/www.visit-ulcinj.com\/blog\/wp-json\/wp\/v2\/comments?post=96203"}],"version-history":[{"count":3,"href":"https:\/\/www.visit-ulcinj.com\/blog\/wp-json\/wp\/v2\/posts\/96203\/revisions"}],"predecessor-version":[{"id":96224,"href":"https:\/\/www.visit-ulcinj.com\/blog\/wp-json\/wp\/v2\/posts\/96203\/revisions\/96224"}],"wp:attachment":[{"href":"https:\/\/www.visit-ulcinj.com\/blog\/wp-json\/wp\/v2\/media?parent=96203"}],"wp:term":[{"taxonomy":"category","embeddable":true,"href":"https:\/\/www.visit-ulcinj.com\/blog\/wp-json\/wp\/v2\/categories?post=96203"},{"taxonomy":"post_tag","embeddable":true,"href":"https:\/\/www.visit-ulcinj.com\/blog\/wp-json\/wp\/v2\/tags?post=96203"}],"curies":[{"name":"wp","href":"https:\/\/api.w.org\/{rel}","templated":true}]}}