{"id":96230,"date":"2016-04-15T19:06:36","date_gmt":"2016-04-15T18:06:36","guid":{"rendered":"http:\/\/www.visit-ulcinj.com\/blog\/?p=96230"},"modified":"2016-04-18T19:59:46","modified_gmt":"2016-04-18T18:59:46","slug":"denohet-aktin-vandal-te-ndezjes-se-flamujve-te-shqiperise-dhe-kosoves-nga-ministria-dhe-nga-eu","status":"publish","type":"post","link":"https:\/\/www.visit-ulcinj.com\/blog\/2016\/04\/15\/denohet-aktin-vandal-te-ndezjes-se-flamujve-te-shqiperise-dhe-kosoves-nga-ministria-dhe-nga-eu\/","title":{"rendered":"D\u00ebnohet  aktin vandal t\u00eb ndezjes s\u00eb flamujve t\u00eb Shqip\u00ebris\u00eb dhe Kosov\u00ebs nga Ministria dhe nga EU"},"content":{"rendered":"<p><a href=\"http:\/\/www.visit-ulcinj.com\/blog\/wp-content\/uploads\/2014\/12\/crna-gora-EU.jpg\"><img loading=\"lazy\" class=\"alignleft wp-image-87122\" src=\"http:\/\/www.visit-ulcinj.com\/blog\/wp-content\/uploads\/2014\/12\/crna-gora-EU.jpg\" alt=\"crna-gora-EU\" width=\"508\" height=\"254\" srcset=\"https:\/\/www.visit-ulcinj.com\/blog\/wp-content\/uploads\/2014\/12\/crna-gora-EU.jpg 660w, https:\/\/www.visit-ulcinj.com\/blog\/wp-content\/uploads\/2014\/12\/crna-gora-EU-300x150.jpg 300w\" sizes=\"(max-width: 508px) 100vw, 508px\" \/><\/a>Ministria p\u00ebr pun\u00eb t\u00eb jashtme dhe integrimet evropiane, Aleanca qytetare dhe\u00a0 Partia boshnjake kan\u00eb d\u00ebnuar ndezjen e flamujve shqiptar\u00eb dhe t\u00eb Kosov\u00ebs n\u00eb Podgoric\u00eb. T\u00eb theksojm\u00eb se autor\u00ebt deri tani t\u00eb panjohur i kan\u00eb ndezur mbr\u00ebm\u00eb flamujt e Shqip\u00ebris\u00eb dhe t\u00eb Kosov\u00ebs para objektit afarist\u00eb\u00a0 Kapitall Pllaza, n\u00eb Podgoric\u00eb. N\u00eb Kapitall Pllaza, gjenden lokalet e ambasad\u00ebs s\u00eb Kosov\u00ebs.<\/p>\n<p>Ministria e jashtme,\u00a0 shpreh keqardhje dhe d\u00ebnon aktin vandal e t\u00eb pa shembull\u00a0 t\u00eb ndezjes s\u00eb flamujve t\u00eb Shqip\u00ebris\u00eb dhe Kosv\u00ebs, para objektit t\u00eb ambasadave t\u00eb Kosov\u00ebs dhe t\u00eb Shqip\u00ebris\u00eb, n\u00eb Podgoric\u00eb,\u00a0 \u00ebsht\u00eb kumtuar nga ministria e pun\u00ebve t\u00eb jashtme dhe integrimet evropiane.<\/p>\n<p>Nga kjo ministri, kan\u00eb theksuar se jan\u00eb n\u00eb komunikim t\u00eb p\u00ebrhersh\u00ebm me ambasadat dhe se organet kompetente po i nd\u00ebrmarrin t\u00eb gjitha veprimet e duhura p\u00ebr shndritjen e rastit dhe zbulimin e autor\u00ebve. Aleanca qytetare i ka ftuar organet kompetente t\u00eb b\u00ebjn\u00eb hetime urgjente , t\u00eb zbulohen dhe autor\u00ebt e k\u00ebsaj vepre t\u00eb procesuohen m\u00eb tej. Partia Boshnjake ka d\u00ebnuar ashp\u00ebr aktin vandal dhe jo t\u00eb qytet\u00ebruar\u00a0 t\u00eb b\u00ebr\u00eb nga autoret deri tani t\u00eb panjohur duke ndezur flamujt e dy vendeve fqinje<\/p>\n","protected":false},"excerpt":{"rendered":"<p>Ministria p\u00ebr pun\u00eb t\u00eb jashtme dhe integrimet evropiane, Aleanca qytetare dhe\u00a0 Partia boshnjake kan\u00eb d\u00ebnuar ndezjen e flamujve shqiptar\u00eb dhe t\u00eb Kosov\u00ebs n\u00eb Podgoric\u00eb. T\u00eb theksojm\u00eb se autor\u00ebt deri tani t\u00eb panjohur i kan\u00eb ndezur mbr\u00ebm\u00eb flamujt e Shqip\u00ebris\u00eb dhe t\u00eb Kosov\u00ebs para objektit afarist\u00eb\u00a0 Kapitall Pllaza, n\u00eb Podgoric\u00eb. N\u00eb Kapitall Pllaza, gjenden lokalet e [&hellip;]<\/p>\n","protected":false},"author":1,"featured_media":0,"comment_status":"closed","ping_status":"closed","sticky":false,"template":"","format":"standard","meta":{"spay_email":"","jetpack_publicize_message":"","jetpack_is_tweetstorm":false,"jetpack_publicize_feature_enabled":true},"categories":[6950],"tags":[],"jetpack_publicize_connections":[],"yoast_head":"<!-- This site is optimized with the Yoast SEO plugin v19.1 - https:\/\/yoast.com\/wordpress\/plugins\/seo\/ -->\n<title>D\u00ebnohet aktin vandal t\u00eb ndezjes s\u00eb flamujve t\u00eb Shqip\u00ebris\u00eb dhe Kosov\u00ebs nga Ministria dhe nga EU - Lajme nga Ulqini<\/title>\n<meta name=\"description\" content=\"Ministria p\u00ebr pun\u00eb t\u00eb jashtme dhe integrimet evropiane, Aleanca qytetare dhe\u00a0 Partia boshnjake kan\u00eb d\u00ebnuar ndezjen e flamujve shqiptar\u00eb dhe t\u00eb Kosov\u00ebs n\u00eb\" \/>\n<meta name=\"robots\" content=\"index, follow, max-snippet:-1, max-image-preview:large, max-video-preview:-1\" \/>\n<link rel=\"canonical\" href=\"https:\/\/www.visit-ulcinj.com\/blog\/2016\/04\/15\/denohet-aktin-vandal-te-ndezjes-se-flamujve-te-shqiperise-dhe-kosoves-nga-ministria-dhe-nga-eu\/\" \/>\n<meta property=\"og:locale\" content=\"en_US\" \/>\n<meta property=\"og:type\" content=\"article\" \/>\n<meta property=\"og:title\" content=\"D\u00ebnohet aktin vandal t\u00eb ndezjes s\u00eb flamujve t\u00eb Shqip\u00ebris\u00eb dhe Kosov\u00ebs nga Ministria dhe nga EU - Lajme nga Ulqini\" \/>\n<meta property=\"og:description\" content=\"Ministria p\u00ebr pun\u00eb t\u00eb jashtme dhe integrimet evropiane, Aleanca qytetare dhe\u00a0 Partia boshnjake kan\u00eb d\u00ebnuar ndezjen e flamujve shqiptar\u00eb dhe t\u00eb Kosov\u00ebs n\u00eb\" \/>\n<meta property=\"og:url\" content=\"https:\/\/www.visit-ulcinj.com\/blog\/2016\/04\/15\/denohet-aktin-vandal-te-ndezjes-se-flamujve-te-shqiperise-dhe-kosoves-nga-ministria-dhe-nga-eu\/\" \/>\n<meta property=\"og:site_name\" content=\"Lajme nga Ulqini\" \/>\n<meta property=\"article:published_time\" content=\"2016-04-15T18:06:36+00:00\" \/>\n<meta property=\"article:modified_time\" content=\"2016-04-18T18:59:46+00:00\" \/>\n<meta property=\"og:image\" content=\"http:\/\/www.visit-ulcinj.com\/blog\/wp-content\/uploads\/2014\/12\/crna-gora-EU.jpg\" \/>\n<meta name=\"twitter:label1\" content=\"Written by\" \/>\n\t<meta name=\"twitter:data1\" content=\"ulqini\" \/>\n\t<meta name=\"twitter:label2\" content=\"Est. reading time\" \/>\n\t<meta name=\"twitter:data2\" content=\"1 minute\" \/>\n<script type=\"application\/ld+json\" class=\"yoast-schema-graph\">{\"@context\":\"https:\/\/schema.org\",\"@graph\":[{\"@type\":\"WebSite\",\"@id\":\"https:\/\/www.visit-ulcinj.com\/blog\/#website\",\"url\":\"https:\/\/www.visit-ulcinj.com\/blog\/\",\"name\":\"Lajme nga Ulqini\",\"description\":\"Lajme,Vijesti,Ulqini,Ulqin,Crna Gora,Mali i Zi\",\"potentialAction\":[{\"@type\":\"SearchAction\",\"target\":{\"@type\":\"EntryPoint\",\"urlTemplate\":\"https:\/\/www.visit-ulcinj.com\/blog\/?s={search_term_string}\"},\"query-input\":\"required name=search_term_string\"}],\"inLanguage\":\"en-US\"},{\"@type\":\"ImageObject\",\"inLanguage\":\"en-US\",\"@id\":\"https:\/\/www.visit-ulcinj.com\/blog\/2016\/04\/15\/denohet-aktin-vandal-te-ndezjes-se-flamujve-te-shqiperise-dhe-kosoves-nga-ministria-dhe-nga-eu\/#primaryimage\",\"url\":\"https:\/\/www.visit-ulcinj.com\/blog\/wp-content\/uploads\/2014\/12\/crna-gora-EU.jpg\",\"contentUrl\":\"https:\/\/www.visit-ulcinj.com\/blog\/wp-content\/uploads\/2014\/12\/crna-gora-EU.jpg\",\"width\":660,\"height\":330},{\"@type\":\"WebPage\",\"@id\":\"https:\/\/www.visit-ulcinj.com\/blog\/2016\/04\/15\/denohet-aktin-vandal-te-ndezjes-se-flamujve-te-shqiperise-dhe-kosoves-nga-ministria-dhe-nga-eu\/#webpage\",\"url\":\"https:\/\/www.visit-ulcinj.com\/blog\/2016\/04\/15\/denohet-aktin-vandal-te-ndezjes-se-flamujve-te-shqiperise-dhe-kosoves-nga-ministria-dhe-nga-eu\/\",\"name\":\"D\u00ebnohet aktin vandal t\u00eb ndezjes s\u00eb flamujve t\u00eb Shqip\u00ebris\u00eb dhe Kosov\u00ebs nga Ministria dhe nga EU - Lajme nga Ulqini\",\"isPartOf\":{\"@id\":\"https:\/\/www.visit-ulcinj.com\/blog\/#website\"},\"primaryImageOfPage\":{\"@id\":\"https:\/\/www.visit-ulcinj.com\/blog\/2016\/04\/15\/denohet-aktin-vandal-te-ndezjes-se-flamujve-te-shqiperise-dhe-kosoves-nga-ministria-dhe-nga-eu\/#primaryimage\"},\"datePublished\":\"2016-04-15T18:06:36+00:00\",\"dateModified\":\"2016-04-18T18:59:46+00:00\",\"author\":{\"@id\":\"https:\/\/www.visit-ulcinj.com\/blog\/#\/schema\/person\/dcab619c614d3038751c63bc2aadc06d\"},\"description\":\"Ministria p\u00ebr pun\u00eb t\u00eb jashtme dhe integrimet evropiane, Aleanca qytetare dhe\u00a0 Partia boshnjake kan\u00eb d\u00ebnuar ndezjen e flamujve shqiptar\u00eb dhe t\u00eb Kosov\u00ebs n\u00eb\",\"breadcrumb\":{\"@id\":\"https:\/\/www.visit-ulcinj.com\/blog\/2016\/04\/15\/denohet-aktin-vandal-te-ndezjes-se-flamujve-te-shqiperise-dhe-kosoves-nga-ministria-dhe-nga-eu\/#breadcrumb\"},\"inLanguage\":\"en-US\",\"potentialAction\":[{\"@type\":\"ReadAction\",\"target\":[\"https:\/\/www.visit-ulcinj.com\/blog\/2016\/04\/15\/denohet-aktin-vandal-te-ndezjes-se-flamujve-te-shqiperise-dhe-kosoves-nga-ministria-dhe-nga-eu\/\"]}]},{\"@type\":\"BreadcrumbList\",\"@id\":\"https:\/\/www.visit-ulcinj.com\/blog\/2016\/04\/15\/denohet-aktin-vandal-te-ndezjes-se-flamujve-te-shqiperise-dhe-kosoves-nga-ministria-dhe-nga-eu\/#breadcrumb\",\"itemListElement\":[{\"@type\":\"ListItem\",\"position\":1,\"name\":\"D\u00ebnohet aktin vandal t\u00eb ndezjes s\u00eb flamujve t\u00eb Shqip\u00ebris\u00eb dhe Kosov\u00ebs nga Ministria dhe nga EU\"}]},{\"@type\":\"Person\",\"@id\":\"https:\/\/www.visit-ulcinj.com\/blog\/#\/schema\/person\/dcab619c614d3038751c63bc2aadc06d\",\"name\":\"ulqini\",\"sameAs\":[\"http:\/\/www.visit-ulcinj.com\"],\"url\":\"https:\/\/www.visit-ulcinj.com\/blog\/author\/admin\/\"}]}<\/script>\n<!-- \/ Yoast SEO plugin. -->","yoast_head_json":{"title":"D\u00ebnohet aktin vandal t\u00eb ndezjes s\u00eb flamujve t\u00eb Shqip\u00ebris\u00eb dhe Kosov\u00ebs nga Ministria dhe nga EU - Lajme nga Ulqini","description":"Ministria p\u00ebr pun\u00eb t\u00eb jashtme dhe integrimet evropiane, Aleanca qytetare dhe\u00a0 Partia boshnjake kan\u00eb d\u00ebnuar ndezjen e flamujve shqiptar\u00eb dhe t\u00eb Kosov\u00ebs n\u00eb","robots":{"index":"index","follow":"follow","max-snippet":"max-snippet:-1","max-image-preview":"max-image-preview:large","max-video-preview":"max-video-preview:-1"},"canonical":"https:\/\/www.visit-ulcinj.com\/blog\/2016\/04\/15\/denohet-aktin-vandal-te-ndezjes-se-flamujve-te-shqiperise-dhe-kosoves-nga-ministria-dhe-nga-eu\/","og_locale":"en_US","og_type":"article","og_title":"D\u00ebnohet aktin vandal t\u00eb ndezjes s\u00eb flamujve t\u00eb Shqip\u00ebris\u00eb dhe Kosov\u00ebs nga Ministria dhe nga EU - Lajme nga Ulqini","og_description":"Ministria p\u00ebr pun\u00eb t\u00eb jashtme dhe integrimet evropiane, Aleanca qytetare dhe\u00a0 Partia boshnjake kan\u00eb d\u00ebnuar ndezjen e flamujve shqiptar\u00eb dhe t\u00eb Kosov\u00ebs n\u00eb","og_url":"https:\/\/www.visit-ulcinj.com\/blog\/2016\/04\/15\/denohet-aktin-vandal-te-ndezjes-se-flamujve-te-shqiperise-dhe-kosoves-nga-ministria-dhe-nga-eu\/","og_site_name":"Lajme nga Ulqini","article_published_time":"2016-04-15T18:06:36+00:00","article_modified_time":"2016-04-18T18:59:46+00:00","og_image":[{"url":"http:\/\/www.visit-ulcinj.com\/blog\/wp-content\/uploads\/2014\/12\/crna-gora-EU.jpg"}],"twitter_misc":{"Written by":"ulqini","Est. reading time":"1 minute"},"schema":{"@context":"https:\/\/schema.org","@graph":[{"@type":"WebSite","@id":"https:\/\/www.visit-ulcinj.com\/blog\/#website","url":"https:\/\/www.visit-ulcinj.com\/blog\/","name":"Lajme nga Ulqini","description":"Lajme,Vijesti,Ulqini,Ulqin,Crna Gora,Mali i Zi","potentialAction":[{"@type":"SearchAction","target":{"@type":"EntryPoint","urlTemplate":"https:\/\/www.visit-ulcinj.com\/blog\/?s={search_term_string}"},"query-input":"required name=search_term_string"}],"inLanguage":"en-US"},{"@type":"ImageObject","inLanguage":"en-US","@id":"https:\/\/www.visit-ulcinj.com\/blog\/2016\/04\/15\/denohet-aktin-vandal-te-ndezjes-se-flamujve-te-shqiperise-dhe-kosoves-nga-ministria-dhe-nga-eu\/#primaryimage","url":"https:\/\/www.visit-ulcinj.com\/blog\/wp-content\/uploads\/2014\/12\/crna-gora-EU.jpg","contentUrl":"https:\/\/www.visit-ulcinj.com\/blog\/wp-content\/uploads\/2014\/12\/crna-gora-EU.jpg","width":660,"height":330},{"@type":"WebPage","@id":"https:\/\/www.visit-ulcinj.com\/blog\/2016\/04\/15\/denohet-aktin-vandal-te-ndezjes-se-flamujve-te-shqiperise-dhe-kosoves-nga-ministria-dhe-nga-eu\/#webpage","url":"https:\/\/www.visit-ulcinj.com\/blog\/2016\/04\/15\/denohet-aktin-vandal-te-ndezjes-se-flamujve-te-shqiperise-dhe-kosoves-nga-ministria-dhe-nga-eu\/","name":"D\u00ebnohet aktin vandal t\u00eb ndezjes s\u00eb flamujve t\u00eb Shqip\u00ebris\u00eb dhe Kosov\u00ebs nga Ministria dhe nga EU - Lajme nga Ulqini","isPartOf":{"@id":"https:\/\/www.visit-ulcinj.com\/blog\/#website"},"primaryImageOfPage":{"@id":"https:\/\/www.visit-ulcinj.com\/blog\/2016\/04\/15\/denohet-aktin-vandal-te-ndezjes-se-flamujve-te-shqiperise-dhe-kosoves-nga-ministria-dhe-nga-eu\/#primaryimage"},"datePublished":"2016-04-15T18:06:36+00:00","dateModified":"2016-04-18T18:59:46+00:00","author":{"@id":"https:\/\/www.visit-ulcinj.com\/blog\/#\/schema\/person\/dcab619c614d3038751c63bc2aadc06d"},"description":"Ministria p\u00ebr pun\u00eb t\u00eb jashtme dhe integrimet evropiane, Aleanca qytetare dhe\u00a0 Partia boshnjake kan\u00eb d\u00ebnuar ndezjen e flamujve shqiptar\u00eb dhe t\u00eb Kosov\u00ebs n\u00eb","breadcrumb":{"@id":"https:\/\/www.visit-ulcinj.com\/blog\/2016\/04\/15\/denohet-aktin-vandal-te-ndezjes-se-flamujve-te-shqiperise-dhe-kosoves-nga-ministria-dhe-nga-eu\/#breadcrumb"},"inLanguage":"en-US","potentialAction":[{"@type":"ReadAction","target":["https:\/\/www.visit-ulcinj.com\/blog\/2016\/04\/15\/denohet-aktin-vandal-te-ndezjes-se-flamujve-te-shqiperise-dhe-kosoves-nga-ministria-dhe-nga-eu\/"]}]},{"@type":"BreadcrumbList","@id":"https:\/\/www.visit-ulcinj.com\/blog\/2016\/04\/15\/denohet-aktin-vandal-te-ndezjes-se-flamujve-te-shqiperise-dhe-kosoves-nga-ministria-dhe-nga-eu\/#breadcrumb","itemListElement":[{"@type":"ListItem","position":1,"name":"D\u00ebnohet aktin vandal t\u00eb ndezjes s\u00eb flamujve t\u00eb Shqip\u00ebris\u00eb dhe Kosov\u00ebs nga Ministria dhe nga EU"}]},{"@type":"Person","@id":"https:\/\/www.visit-ulcinj.com\/blog\/#\/schema\/person\/dcab619c614d3038751c63bc2aadc06d","name":"ulqini","sameAs":["http:\/\/www.visit-ulcinj.com"],"url":"https:\/\/www.visit-ulcinj.com\/blog\/author\/admin\/"}]}},"jetpack_featured_media_url":"","jetpack_sharing_enabled":true,"jetpack_shortlink":"https:\/\/wp.me\/pe6lTn-p26","_links":{"self":[{"href":"https:\/\/www.visit-ulcinj.com\/blog\/wp-json\/wp\/v2\/posts\/96230"}],"collection":[{"href":"https:\/\/www.visit-ulcinj.com\/blog\/wp-json\/wp\/v2\/posts"}],"about":[{"href":"https:\/\/www.visit-ulcinj.com\/blog\/wp-json\/wp\/v2\/types\/post"}],"author":[{"embeddable":true,"href":"https:\/\/www.visit-ulcinj.com\/blog\/wp-json\/wp\/v2\/users\/1"}],"replies":[{"embeddable":true,"href":"https:\/\/www.visit-ulcinj.com\/blog\/wp-json\/wp\/v2\/comments?post=96230"}],"version-history":[{"count":1,"href":"https:\/\/www.visit-ulcinj.com\/blog\/wp-json\/wp\/v2\/posts\/96230\/revisions"}],"predecessor-version":[{"id":96231,"href":"https:\/\/www.visit-ulcinj.com\/blog\/wp-json\/wp\/v2\/posts\/96230\/revisions\/96231"}],"wp:attachment":[{"href":"https:\/\/www.visit-ulcinj.com\/blog\/wp-json\/wp\/v2\/media?parent=96230"}],"wp:term":[{"taxonomy":"category","embeddable":true,"href":"https:\/\/www.visit-ulcinj.com\/blog\/wp-json\/wp\/v2\/categories?post=96230"},{"taxonomy":"post_tag","embeddable":true,"href":"https:\/\/www.visit-ulcinj.com\/blog\/wp-json\/wp\/v2\/tags?post=96230"}],"curies":[{"name":"wp","href":"https:\/\/api.w.org\/{rel}","templated":true}]}}