{"id":96235,"date":"2016-04-15T19:22:21","date_gmt":"2016-04-15T18:22:21","guid":{"rendered":"http:\/\/www.visit-ulcinj.com\/blog\/?p=96235"},"modified":"2016-04-16T09:11:31","modified_gmt":"2016-04-16T08:11:31","slug":"demokratske-partije-fatmira-deke-paljenje-zastava-albanije-kosova-u-podgorici-predstavlja-primitivan-anticivilizacijski-cin","status":"publish","type":"post","link":"https:\/\/www.visit-ulcinj.com\/blog\/2016\/04\/15\/demokratske-partije-fatmira-deke-paljenje-zastava-albanije-kosova-u-podgorici-predstavlja-primitivan-anticivilizacijski-cin\/","title":{"rendered":"Demokratske partije Fatmira \u0110eke: Paljenje zastava Albanije i Kosova u Podgorici predstavlja primitivan i anticivilizacijski \u010din"},"content":{"rendered":"<div class=\"iconTitle\">\n<p class=\"title\"><strong><a href=\"http:\/\/www.visit-ulcinj.com\/blog\/wp-content\/uploads\/2012\/10\/Fatmir-Gjeka-Lider-PD.jpg\"><img loading=\"lazy\" class=\"alignleft wp-image-64444\" src=\"http:\/\/www.visit-ulcinj.com\/blog\/wp-content\/uploads\/2012\/10\/Fatmir-Gjeka-Lider-PD.jpg\" alt=\"Fatmir Gjeka - Lider PD\" width=\"508\" height=\"319\" srcset=\"https:\/\/www.visit-ulcinj.com\/blog\/wp-content\/uploads\/2012\/10\/Fatmir-Gjeka-Lider-PD.jpg 392w, https:\/\/www.visit-ulcinj.com\/blog\/wp-content\/uploads\/2012\/10\/Fatmir-Gjeka-Lider-PD-300x188.jpg 300w\" sizes=\"(max-width: 508px) 100vw, 508px\" \/><\/a>NSA: \u010cin netolerancije prema jednoj naciji<\/strong><\/p>\n<\/div>\n<p class=\"lead\">Paljenje albanske i kosovske zastave, koje se dogodilo sino\u0107 u Podgorici, ispred objekta Capital Plaza, \u010din je izra\u017eavanja mr\u017enje, nepo\u0161tovanja i netolerancije prema jednoj naciji, ocijenili su iz Albanskog nacionalnog savjeta u Crnoj Gori. U tom Savjetu se nadaju da se ovakvi slu\u010dajevi ne\u0107e ponavljati i da \u0107e zemlje regiona sa\u010duvati me\u0111usobne dobre odnose i ubrzati put prema demokratizaciji, emancipaciji, kao i Euroatlantske integracije. \u201cVjerovali smo da su takvi sramni postupci daleko iza nas. Na\u017ealost, nijesmo bili u pravu&#8221;, ka\u017eu iz Demokratske partije Fatmira \u0110eke.<\/p>\n<p>&#8220;Nacionalni Savjet Albanaca u Crnoj Gori izra\u017eava duboku zabrinutost i o\u0161tro osu\u0111uje vandalski \u010din, paljenje albanske i kosovske zastave ispred objekata ambasada u Podgorici. Ovakve pojave su neprimjeren \u010din, izra\u017eavanje mr\u017enje, nepo\u0161tovanja i netolerancije prema jednoj naciji. Zato mi kao dru\u0161tvo imamo potrebu da vi\u0161e radimo na integrisanju i unaprje\u0111enju demokratskih, kulturnih i me\u0111uetni\u010dkih vrijednosti&#8221;, kazali su iz Albanskog nacionalnog savjeta.<\/p>\n<p>Predsjednik NSA Genci Nimanbegu danas razgovarao sa ambasadorom Albanije Ernalom Filom i predstavnikom Ambasade Kosova Blerimom D\u017eemajlijem i informisao se o detaljima doga\u0111aja.<\/p>\n<p>&#8220;Nimanbegu je izrazio zabrinutost zbog doga\u0111aja, o\u010dekuju\u0107i da \u0107e akteri biti identifikovani i privedeni pravdi. Nadamo se da se ovakvi slu\u010dajevi ne\u0107e ponoviti ubudu\u0107e, i da \u0107e zemlje regiona sa\u010duvati me\u0111usobno dobre odnose, kao i ubrzati njihov put prema demokratizaciji, emancipaciji i Euroalantskim integracijama.<\/p>\n<p><strong>DP: Primitivan i anticivilizacijski \u010din<\/strong><\/p>\n<p>Demokratska partija Fatmira \u0110eke ocijenila je da paljenje zastava Albanije i Kosova u Podgorici predstavlja primitivan i anticivilizacijski \u010din.<\/p>\n<p>\u201cVjerovali smo da su takvi sramni postupci daleko iza nas. Na\u017ealost, nijesmo bili u pravu, jer i ovaj slu\u010daj pokazuje da jo\u0161 uvijek postoje oni kojima ne odgovara saradnja i prijateljstvo u na\u0161em regionu\u201d, ka\u017eu u toj stranci.<\/p>\n<p>Iz DP izra\u017eavaju zadovoljstvo <strong><a href=\"http:\/\/www.rtcg.me\/vijesti\/politika\/125635\/osudili-paljenje-zastava-kosova-i-albanije.html\">brzom reakcijom Ministarstva vanjskih poslova i evropskih integracija Crne Gore, kao i nekih stranaka<\/a>.<\/strong><\/p>\n<p>\u201cTra\u017eimo od nadle\u017enih organa da \u0161to prije otkriju po\u010dinioce ovog zlodjela i primjereno ih kazne\u201d, dodaju iz DP-a.<\/p>\n<p><strong>Izvor: RTCG<\/strong><\/p>\n<p>&nbsp;<\/p>\n<p style=\"text-align: center;\"><strong>Osudili paljenje zastava Kosova i Albanije<\/strong><\/p>\n<p>&nbsp;<\/p>\n<p>Ministarstvo vanjskih poslova i evropskih integracija (MVPEI), Socijaldemokrate, Bo\u0161nja\u010dka stranka i Gra\u0111anska alijansa osudili su paljenje albanske i kosovske zastave u Podgorici. Za\u0161titnik ljudskih prava i sloboda od nadle\u017enih o\u010dekuje efikasnu akciju u otkrivanju po\u010dinioca.<\/p>\n<p>Naime, nepoznati po\u010dinioci zapalili su sino\u0107 zastave Albanije i Kosova, ispred poslovnog objekta Kapital Plaza u Podgorici.<\/p>\n<p>U Kapital Plazi nalaze se prostorije ambasade Kosova.<\/p>\n<p>&#8220;Ministarstvo izra\u017eava \u017ealjenje i\u00a0najo\u0161trije osu\u0111uje vandalski i neprimjereni \u010din paljenja albanske i kosovske zastave ispred objekata ambasada Albanije i Kosova u Podgorici&#8221;, saop\u0161teno je iz Ministarstva vanjskih poslova i evropskih integracija (MVPEI).<\/p>\n<p>Iz ovog resora su istakli da su u stalnoj komunikaciji sa ambasadama.<\/p>\n<p>&#8220;Nadle\u017eni organi preduzimaju sve neophodne radnje na rasvjetljavanju slu\u010daja i \u00a0otkrivanju po\u010dinilaca&#8221;, istalkli su iz MVPEI.<\/p>\n<p>Navode kako su ubije\u0111eni da ovakvi izolovani slu\u010dajevi ne mogu uticati na dobre bilateralne i prijateljske odnose na\u0161ih dr\u017eava.<\/p>\n<p><strong>Za\u0161titnik o\u010dekuje da \u0107e nadle\u017eni organi efikasno reagovati<\/strong><\/p>\n<p>Za\u0161titnik ljudskih prava i sloboda Crne Gore smatra krajnje neprimjerenim i neprihvatljivim paljenje zastava Albanije i Kosova ispred objekata njihovih ambasada u Podgorici, saop\u0161tili su iz te institucije.<\/p>\n<p>&#8220;Podsje\u0107amo da nacionalna zastava nije samo zvani\u010dni administrativni ve\u0107 je i va\u017ean simbol zajedni\u0161tva i prijateljstva naroda i za svaku je osudu skrnavljenje zastave bilo koje dr\u017eave&#8221;, navodi se u reagovanju.<\/p>\n<p>Kako ka\u017eu iz institucije Za\u0161titinika, ovakvi doga\u0111aji nijesu u duhu uspostavljenog sistema multieti\u010dkog, nacionalnog i vjerskog sklada kao velikih vrijednosti i ponosa demokratske Crne Gore.<\/p>\n<p>&#8220;Za\u0161titnik vjeruje da na to ne\u0107e negativno uticati doga\u0111aj iz Podgorice, kao i nedavani iz Ulcinja kada su tako\u0111e napadnuta nacionalna obilje\u017eja jer oni treba da budu shva\u0107eni kao izolovani incidenti, koji zaslu\u017euju najo\u0161triju osudu. Za\u0161titnik o\u010dekuje da \u0107e nadle\u017eni organi efikasno procesuirati po\u010dinioce ovog doga\u0111aja&#8221;, zaklju\u010duje se u reagovanju.<\/p>\n<p><strong>Socijaldemokrate<\/strong> su o\u0161tro osudile vandalski i primitivan \u010din paljenja zastava na\u0161ih susjeda Albanije i Kosova.<\/p>\n<p>U toj partiji vjeruju da \u0107e nadle\u017eni organi preduzeti sve neophodne aktivnosti kako bi po\u010dinioci bili sankcionisani i ubudu\u0107e sprije\u010dilo ponavljanje ovih incidenata. To je, kako ka\u017eu Socijaldemokrate, svakako u interesu budu\u0107ih dobrosusjedskih odnosa.<\/p>\n<p>&#8220;Zajedni\u010dkim naporima moramo suzbijati svaki oblik raspirivanja nacionalne netrepeljivosti i mr\u017enje, samim tim jer smo dr\u017eava koja ba\u0161tini gra\u0111anske i demokratske vrijednosti i ne smijemo dozvoliti da se ovakvim pojedni\u010danim istupcima to na bilo koji na\u010din naru\u0161i&#8221;, poru\u010duju Socijaldemokrate.<\/p>\n<p><strong>Gra\u0111anska alijansa<\/strong> (GA)\u00a0pozvala je nadle\u017ene da sprovedu hitnu istragu, otkriju i dalje procesuiraju po\u010dinioce ovog nedjela.<\/p>\n<p>&#8220;Podsje\u0107amo da je etni\u010dka distanca u Crnoj Gori izrazito visoka i da je ona posljedica neadekvatnog odnosa dr\u017eavnih institucija kako po pitanju procesuiranja ratnih zlo\u010dina tokom devedesetih godina, koji su bili motivisani vjerskom i nacionalnom mr\u017enjom, tako i zbog izostanka adekvatne reakcije u brojnim pojedina\u010dnim slu\u010dajevima koji su se doga\u0111ali nakon toga. Napominjemo da ve\u0107 godinama ukazujemo da smo dru\u0161tvo u kom su dr\u017eavne institucije zatvorene za pripadnike manjinskih naroda i da visoki funkcioneri vlasti i dalje \u0161alju nacionalisti\u010dke izjave i podr\u017eavaju nacionaliste kojima se sudi za najte\u017ea krivi\u010dna djela protiv \u010dovje\u010dnosti&#8221;, saop\u0161tili su iz Gra\u0111anske alijanse.<\/p>\n<p><strong>Bo\u0161nja\u010dka stranka<\/strong> najo\u0161tije je osudila &#8220;vandalizam i antigra\u0111anski \u010din koji su pokazali nepoznati po\u010dinioci zapaliv\u0161i zastave dviju susjednih zemalja, Albanije i Kosova&#8221;.<\/p>\n<p>Takav postupak je, kako navode iz BS, apsolutno neprihvatljiv u dana\u0161njem civilizacijskom sistemu.<\/p>\n<p>&#8220;A naro\u010dito jer se radi o prijateljskim dr\u017eavama Crne Gore. Ovakvo pona\u0161anje ima za cilj podstrekivanje nacionalne netrpeljivosti koje je u suprotnosti sa vrijednostima i idealima demokratskog dru\u0161tva. BS apeluje na nadle\u017ene organe da preduzmu sve neophodne radnje koje \u0107e dovesti do otkrivanja po\u010dinioca i njihovog daljeg procesuiranja&#8221;, dodaje se u saop\u0161tenju.<\/p>\n<p><strong>Izvor: RTCG<\/strong><\/p>\n","protected":false},"excerpt":{"rendered":"<p>NSA: \u010cin netolerancije prema jednoj naciji Paljenje albanske i kosovske zastave, koje se dogodilo sino\u0107 u Podgorici, ispred objekta Capital Plaza, \u010din je izra\u017eavanja mr\u017enje, nepo\u0161tovanja i netolerancije prema jednoj naciji, ocijenili su iz Albanskog nacionalnog savjeta u Crnoj Gori. U tom Savjetu se nadaju da se ovakvi slu\u010dajevi ne\u0107e ponavljati i da \u0107e zemlje [&hellip;]<\/p>\n","protected":false},"author":1,"featured_media":0,"comment_status":"closed","ping_status":"closed","sticky":false,"template":"","format":"standard","meta":{"spay_email":"","jetpack_publicize_message":"","jetpack_is_tweetstorm":false,"jetpack_publicize_feature_enabled":true},"categories":[6950],"tags":[],"jetpack_publicize_connections":[],"yoast_head":"<!-- This site is optimized with the Yoast SEO plugin v19.1 - https:\/\/yoast.com\/wordpress\/plugins\/seo\/ -->\n<title>Demokratske partije Fatmira \u0110eke: Paljenje zastava Albanije i Kosova u Podgorici predstavlja primitivan i anticivilizacijski \u010din - Lajme nga Ulqini<\/title>\n<meta name=\"description\" content=\"NSA: \u010cin netolerancije prema jednoj naciji Paljenje albanske i kosovske zastave, koje se dogodilo sino\u0107 u Podgorici, ispred objekta Capital Plaza, \u010din je\" \/>\n<meta name=\"robots\" content=\"index, follow, max-snippet:-1, max-image-preview:large, max-video-preview:-1\" \/>\n<link rel=\"canonical\" href=\"https:\/\/www.visit-ulcinj.com\/blog\/2016\/04\/15\/demokratske-partije-fatmira-deke-paljenje-zastava-albanije-kosova-u-podgorici-predstavlja-primitivan-anticivilizacijski-cin\/\" \/>\n<meta property=\"og:locale\" content=\"en_US\" \/>\n<meta property=\"og:type\" content=\"article\" \/>\n<meta property=\"og:title\" content=\"Demokratske partije Fatmira \u0110eke: Paljenje zastava Albanije i Kosova u Podgorici predstavlja primitivan i anticivilizacijski \u010din - Lajme nga Ulqini\" \/>\n<meta property=\"og:description\" content=\"NSA: \u010cin netolerancije prema jednoj naciji Paljenje albanske i kosovske zastave, koje se dogodilo sino\u0107 u Podgorici, ispred objekta Capital Plaza, \u010din je\" \/>\n<meta property=\"og:url\" content=\"https:\/\/www.visit-ulcinj.com\/blog\/2016\/04\/15\/demokratske-partije-fatmira-deke-paljenje-zastava-albanije-kosova-u-podgorici-predstavlja-primitivan-anticivilizacijski-cin\/\" \/>\n<meta property=\"og:site_name\" content=\"Lajme nga Ulqini\" \/>\n<meta property=\"article:published_time\" content=\"2016-04-15T18:22:21+00:00\" \/>\n<meta property=\"article:modified_time\" content=\"2016-04-16T08:11:31+00:00\" \/>\n<meta property=\"og:image\" content=\"http:\/\/www.visit-ulcinj.com\/blog\/wp-content\/uploads\/2012\/10\/Fatmir-Gjeka-Lider-PD.jpg\" \/>\n<meta name=\"twitter:label1\" content=\"Written by\" \/>\n\t<meta name=\"twitter:data1\" content=\"ulqini\" \/>\n\t<meta name=\"twitter:label2\" content=\"Est. reading time\" \/>\n\t<meta name=\"twitter:data2\" content=\"5 minutes\" \/>\n<script type=\"application\/ld+json\" class=\"yoast-schema-graph\">{\"@context\":\"https:\/\/schema.org\",\"@graph\":[{\"@type\":\"WebSite\",\"@id\":\"https:\/\/www.visit-ulcinj.com\/blog\/#website\",\"url\":\"https:\/\/www.visit-ulcinj.com\/blog\/\",\"name\":\"Lajme nga Ulqini\",\"description\":\"Lajme,Vijesti,Ulqini,Ulqin,Crna Gora,Mali i Zi\",\"potentialAction\":[{\"@type\":\"SearchAction\",\"target\":{\"@type\":\"EntryPoint\",\"urlTemplate\":\"https:\/\/www.visit-ulcinj.com\/blog\/?s={search_term_string}\"},\"query-input\":\"required name=search_term_string\"}],\"inLanguage\":\"en-US\"},{\"@type\":\"ImageObject\",\"inLanguage\":\"en-US\",\"@id\":\"https:\/\/www.visit-ulcinj.com\/blog\/2016\/04\/15\/demokratske-partije-fatmira-deke-paljenje-zastava-albanije-kosova-u-podgorici-predstavlja-primitivan-anticivilizacijski-cin\/#primaryimage\",\"url\":\"https:\/\/www.visit-ulcinj.com\/blog\/wp-content\/uploads\/2012\/10\/Fatmir-Gjeka-Lider-PD.jpg\",\"contentUrl\":\"https:\/\/www.visit-ulcinj.com\/blog\/wp-content\/uploads\/2012\/10\/Fatmir-Gjeka-Lider-PD.jpg\",\"width\":\"392\",\"height\":\"246\"},{\"@type\":\"WebPage\",\"@id\":\"https:\/\/www.visit-ulcinj.com\/blog\/2016\/04\/15\/demokratske-partije-fatmira-deke-paljenje-zastava-albanije-kosova-u-podgorici-predstavlja-primitivan-anticivilizacijski-cin\/#webpage\",\"url\":\"https:\/\/www.visit-ulcinj.com\/blog\/2016\/04\/15\/demokratske-partije-fatmira-deke-paljenje-zastava-albanije-kosova-u-podgorici-predstavlja-primitivan-anticivilizacijski-cin\/\",\"name\":\"Demokratske partije Fatmira \u0110eke: Paljenje zastava Albanije i Kosova u Podgorici predstavlja primitivan i anticivilizacijski \u010din - Lajme nga Ulqini\",\"isPartOf\":{\"@id\":\"https:\/\/www.visit-ulcinj.com\/blog\/#website\"},\"primaryImageOfPage\":{\"@id\":\"https:\/\/www.visit-ulcinj.com\/blog\/2016\/04\/15\/demokratske-partije-fatmira-deke-paljenje-zastava-albanije-kosova-u-podgorici-predstavlja-primitivan-anticivilizacijski-cin\/#primaryimage\"},\"datePublished\":\"2016-04-15T18:22:21+00:00\",\"dateModified\":\"2016-04-16T08:11:31+00:00\",\"author\":{\"@id\":\"https:\/\/www.visit-ulcinj.com\/blog\/#\/schema\/person\/dcab619c614d3038751c63bc2aadc06d\"},\"description\":\"NSA: \u010cin netolerancije prema jednoj naciji Paljenje albanske i kosovske zastave, koje se dogodilo sino\u0107 u Podgorici, ispred objekta Capital Plaza, \u010din je\",\"breadcrumb\":{\"@id\":\"https:\/\/www.visit-ulcinj.com\/blog\/2016\/04\/15\/demokratske-partije-fatmira-deke-paljenje-zastava-albanije-kosova-u-podgorici-predstavlja-primitivan-anticivilizacijski-cin\/#breadcrumb\"},\"inLanguage\":\"en-US\",\"potentialAction\":[{\"@type\":\"ReadAction\",\"target\":[\"https:\/\/www.visit-ulcinj.com\/blog\/2016\/04\/15\/demokratske-partije-fatmira-deke-paljenje-zastava-albanije-kosova-u-podgorici-predstavlja-primitivan-anticivilizacijski-cin\/\"]}]},{\"@type\":\"BreadcrumbList\",\"@id\":\"https:\/\/www.visit-ulcinj.com\/blog\/2016\/04\/15\/demokratske-partije-fatmira-deke-paljenje-zastava-albanije-kosova-u-podgorici-predstavlja-primitivan-anticivilizacijski-cin\/#breadcrumb\",\"itemListElement\":[{\"@type\":\"ListItem\",\"position\":1,\"name\":\"Demokratske partije Fatmira \u0110eke: Paljenje zastava Albanije i Kosova u Podgorici predstavlja primitivan i anticivilizacijski \u010din\"}]},{\"@type\":\"Person\",\"@id\":\"https:\/\/www.visit-ulcinj.com\/blog\/#\/schema\/person\/dcab619c614d3038751c63bc2aadc06d\",\"name\":\"ulqini\",\"sameAs\":[\"http:\/\/www.visit-ulcinj.com\"],\"url\":\"https:\/\/www.visit-ulcinj.com\/blog\/author\/admin\/\"}]}<\/script>\n<!-- \/ Yoast SEO plugin. -->","yoast_head_json":{"title":"Demokratske partije Fatmira \u0110eke: Paljenje zastava Albanije i Kosova u Podgorici predstavlja primitivan i anticivilizacijski \u010din - Lajme nga Ulqini","description":"NSA: \u010cin netolerancije prema jednoj naciji Paljenje albanske i kosovske zastave, koje se dogodilo sino\u0107 u Podgorici, ispred objekta Capital Plaza, \u010din je","robots":{"index":"index","follow":"follow","max-snippet":"max-snippet:-1","max-image-preview":"max-image-preview:large","max-video-preview":"max-video-preview:-1"},"canonical":"https:\/\/www.visit-ulcinj.com\/blog\/2016\/04\/15\/demokratske-partije-fatmira-deke-paljenje-zastava-albanije-kosova-u-podgorici-predstavlja-primitivan-anticivilizacijski-cin\/","og_locale":"en_US","og_type":"article","og_title":"Demokratske partije Fatmira \u0110eke: Paljenje zastava Albanije i Kosova u Podgorici predstavlja primitivan i anticivilizacijski \u010din - Lajme nga Ulqini","og_description":"NSA: \u010cin netolerancije prema jednoj naciji Paljenje albanske i kosovske zastave, koje se dogodilo sino\u0107 u Podgorici, ispred objekta Capital Plaza, \u010din je","og_url":"https:\/\/www.visit-ulcinj.com\/blog\/2016\/04\/15\/demokratske-partije-fatmira-deke-paljenje-zastava-albanije-kosova-u-podgorici-predstavlja-primitivan-anticivilizacijski-cin\/","og_site_name":"Lajme nga Ulqini","article_published_time":"2016-04-15T18:22:21+00:00","article_modified_time":"2016-04-16T08:11:31+00:00","og_image":[{"url":"http:\/\/www.visit-ulcinj.com\/blog\/wp-content\/uploads\/2012\/10\/Fatmir-Gjeka-Lider-PD.jpg"}],"twitter_misc":{"Written by":"ulqini","Est. reading time":"5 minutes"},"schema":{"@context":"https:\/\/schema.org","@graph":[{"@type":"WebSite","@id":"https:\/\/www.visit-ulcinj.com\/blog\/#website","url":"https:\/\/www.visit-ulcinj.com\/blog\/","name":"Lajme nga Ulqini","description":"Lajme,Vijesti,Ulqini,Ulqin,Crna Gora,Mali i Zi","potentialAction":[{"@type":"SearchAction","target":{"@type":"EntryPoint","urlTemplate":"https:\/\/www.visit-ulcinj.com\/blog\/?s={search_term_string}"},"query-input":"required name=search_term_string"}],"inLanguage":"en-US"},{"@type":"ImageObject","inLanguage":"en-US","@id":"https:\/\/www.visit-ulcinj.com\/blog\/2016\/04\/15\/demokratske-partije-fatmira-deke-paljenje-zastava-albanije-kosova-u-podgorici-predstavlja-primitivan-anticivilizacijski-cin\/#primaryimage","url":"https:\/\/www.visit-ulcinj.com\/blog\/wp-content\/uploads\/2012\/10\/Fatmir-Gjeka-Lider-PD.jpg","contentUrl":"https:\/\/www.visit-ulcinj.com\/blog\/wp-content\/uploads\/2012\/10\/Fatmir-Gjeka-Lider-PD.jpg","width":"392","height":"246"},{"@type":"WebPage","@id":"https:\/\/www.visit-ulcinj.com\/blog\/2016\/04\/15\/demokratske-partije-fatmira-deke-paljenje-zastava-albanije-kosova-u-podgorici-predstavlja-primitivan-anticivilizacijski-cin\/#webpage","url":"https:\/\/www.visit-ulcinj.com\/blog\/2016\/04\/15\/demokratske-partije-fatmira-deke-paljenje-zastava-albanije-kosova-u-podgorici-predstavlja-primitivan-anticivilizacijski-cin\/","name":"Demokratske partije Fatmira \u0110eke: Paljenje zastava Albanije i Kosova u Podgorici predstavlja primitivan i anticivilizacijski \u010din - Lajme nga Ulqini","isPartOf":{"@id":"https:\/\/www.visit-ulcinj.com\/blog\/#website"},"primaryImageOfPage":{"@id":"https:\/\/www.visit-ulcinj.com\/blog\/2016\/04\/15\/demokratske-partije-fatmira-deke-paljenje-zastava-albanije-kosova-u-podgorici-predstavlja-primitivan-anticivilizacijski-cin\/#primaryimage"},"datePublished":"2016-04-15T18:22:21+00:00","dateModified":"2016-04-16T08:11:31+00:00","author":{"@id":"https:\/\/www.visit-ulcinj.com\/blog\/#\/schema\/person\/dcab619c614d3038751c63bc2aadc06d"},"description":"NSA: \u010cin netolerancije prema jednoj naciji Paljenje albanske i kosovske zastave, koje se dogodilo sino\u0107 u Podgorici, ispred objekta Capital Plaza, \u010din je","breadcrumb":{"@id":"https:\/\/www.visit-ulcinj.com\/blog\/2016\/04\/15\/demokratske-partije-fatmira-deke-paljenje-zastava-albanije-kosova-u-podgorici-predstavlja-primitivan-anticivilizacijski-cin\/#breadcrumb"},"inLanguage":"en-US","potentialAction":[{"@type":"ReadAction","target":["https:\/\/www.visit-ulcinj.com\/blog\/2016\/04\/15\/demokratske-partije-fatmira-deke-paljenje-zastava-albanije-kosova-u-podgorici-predstavlja-primitivan-anticivilizacijski-cin\/"]}]},{"@type":"BreadcrumbList","@id":"https:\/\/www.visit-ulcinj.com\/blog\/2016\/04\/15\/demokratske-partije-fatmira-deke-paljenje-zastava-albanije-kosova-u-podgorici-predstavlja-primitivan-anticivilizacijski-cin\/#breadcrumb","itemListElement":[{"@type":"ListItem","position":1,"name":"Demokratske partije Fatmira \u0110eke: Paljenje zastava Albanije i Kosova u Podgorici predstavlja primitivan i anticivilizacijski \u010din"}]},{"@type":"Person","@id":"https:\/\/www.visit-ulcinj.com\/blog\/#\/schema\/person\/dcab619c614d3038751c63bc2aadc06d","name":"ulqini","sameAs":["http:\/\/www.visit-ulcinj.com"],"url":"https:\/\/www.visit-ulcinj.com\/blog\/author\/admin\/"}]}},"jetpack_featured_media_url":"","jetpack_sharing_enabled":true,"jetpack_shortlink":"https:\/\/wp.me\/pe6lTn-p2b","_links":{"self":[{"href":"https:\/\/www.visit-ulcinj.com\/blog\/wp-json\/wp\/v2\/posts\/96235"}],"collection":[{"href":"https:\/\/www.visit-ulcinj.com\/blog\/wp-json\/wp\/v2\/posts"}],"about":[{"href":"https:\/\/www.visit-ulcinj.com\/blog\/wp-json\/wp\/v2\/types\/post"}],"author":[{"embeddable":true,"href":"https:\/\/www.visit-ulcinj.com\/blog\/wp-json\/wp\/v2\/users\/1"}],"replies":[{"embeddable":true,"href":"https:\/\/www.visit-ulcinj.com\/blog\/wp-json\/wp\/v2\/comments?post=96235"}],"version-history":[{"count":4,"href":"https:\/\/www.visit-ulcinj.com\/blog\/wp-json\/wp\/v2\/posts\/96235\/revisions"}],"predecessor-version":[{"id":96239,"href":"https:\/\/www.visit-ulcinj.com\/blog\/wp-json\/wp\/v2\/posts\/96235\/revisions\/96239"}],"wp:attachment":[{"href":"https:\/\/www.visit-ulcinj.com\/blog\/wp-json\/wp\/v2\/media?parent=96235"}],"wp:term":[{"taxonomy":"category","embeddable":true,"href":"https:\/\/www.visit-ulcinj.com\/blog\/wp-json\/wp\/v2\/categories?post=96235"},{"taxonomy":"post_tag","embeddable":true,"href":"https:\/\/www.visit-ulcinj.com\/blog\/wp-json\/wp\/v2\/tags?post=96235"}],"curies":[{"name":"wp","href":"https:\/\/api.w.org\/{rel}","templated":true}]}}