{"id":96242,"date":"2016-04-15T19:36:32","date_gmt":"2016-04-15T18:36:32","guid":{"rendered":"http:\/\/www.visit-ulcinj.com\/blog\/?p=96242"},"modified":"2016-04-16T09:12:09","modified_gmt":"2016-04-16T08:12:09","slug":"nacionalni-savjet-albanaca-u-crnoj-gori-nepostovanje-netolerancija-prema-naciji","status":"publish","type":"post","link":"https:\/\/www.visit-ulcinj.com\/blog\/2016\/04\/15\/nacionalni-savjet-albanaca-u-crnoj-gori-nepostovanje-netolerancija-prema-naciji\/","title":{"rendered":"Nacionalni savjet Albanaca u Crnoj Gori: Nepo\u0161tovanje i netolerancija prema naciji"},"content":{"rendered":"<p><strong> <a href=\"http:\/\/www.visit-ulcinj.com\/blog\/wp-content\/uploads\/2015\/11\/Ambasadori-Filo-Nimanbegu.jpg\"><img loading=\"lazy\" class=\"alignleft wp-image-93340\" src=\"http:\/\/www.visit-ulcinj.com\/blog\/wp-content\/uploads\/2015\/11\/Ambasadori-Filo-Nimanbegu.jpg\" alt=\"Ambasadori-Filo-Nimanbegu\" width=\"508\" height=\"381\" srcset=\"https:\/\/www.visit-ulcinj.com\/blog\/wp-content\/uploads\/2015\/11\/Ambasadori-Filo-Nimanbegu.jpg 632w, https:\/\/www.visit-ulcinj.com\/blog\/wp-content\/uploads\/2015\/11\/Ambasadori-Filo-Nimanbegu-300x225.jpg 300w\" sizes=\"(max-width: 508px) 100vw, 508px\" \/><\/a>Nacionalni savjet Albanaca NSA u Crnoj Gori osudio je paljenje albanske i kosovske zastave ispred objekata ambasada u Podgorici. <\/strong><\/p>\n<p>\u201cOvakve pojave su neprimjereni \u010din, izra\u017eavanje mr\u017enje, nepo\u0161tovanje i netolerancija prema jednoj naciji, zato mi kao dru\u0161tvo imamo potrebu da vi\u0161e radimo na integrisanju i unapre\u0111enju demokratskih, kulturnih i me\u0111uetni\u010dkih vrijednosti\u201d, saop\u0161teno je iz Nacionalnog savjeta Albanaca.<\/p>\n<p>Predsjednik NSA Genci Nimanbegu je danas razgovarao sa ambasadorom Albanije Ernalom Filo i predstavnikom Ambasade Kosovo Blerimom D\u017eemajli i informisao se o detaljima doga\u0111aja.<\/p>\n<p>Nimanbegu je izrazio zabrinutost zbog nastalog doga\u0111aja, o\u010dekuju\u0107i da \u0107e se akteri ovog slu\u010daja identifikovati i na\u0107i pred pravdom.<\/p>\n<p>\u201cNadamo se da se ovakvi slu\u010dajevi ne\u0107e ponoviti ubudu\u0107e, i da \u0107e zemlje regiona sa\u010duvati me\u0111usobne dobre odnose kao i ubrzati njihov put prema demokratizaciji, emancipaciji i evroatlantskih integracija\u201d, poru\u010duju u NSA.<\/p>\n<p><strong>Izvor: CDM<\/strong><\/p>\n","protected":false},"excerpt":{"rendered":"<p>Nacionalni savjet Albanaca NSA u Crnoj Gori osudio je paljenje albanske i kosovske zastave ispred objekata ambasada u Podgorici. \u201cOvakve pojave su neprimjereni \u010din, izra\u017eavanje mr\u017enje, nepo\u0161tovanje i netolerancija prema jednoj naciji, zato mi kao dru\u0161tvo imamo potrebu da vi\u0161e radimo na integrisanju i unapre\u0111enju demokratskih, kulturnih i me\u0111uetni\u010dkih vrijednosti\u201d, saop\u0161teno je iz Nacionalnog savjeta [&hellip;]<\/p>\n","protected":false},"author":1,"featured_media":0,"comment_status":"closed","ping_status":"closed","sticky":false,"template":"","format":"standard","meta":{"spay_email":"","jetpack_publicize_message":"","jetpack_is_tweetstorm":false,"jetpack_publicize_feature_enabled":true},"categories":[8337],"tags":[],"jetpack_publicize_connections":[],"yoast_head":"<!-- This site is optimized with the Yoast SEO plugin v19.1 - https:\/\/yoast.com\/wordpress\/plugins\/seo\/ -->\n<title>Nacionalni savjet Albanaca u Crnoj Gori: Nepo\u0161tovanje i netolerancija prema naciji - Lajme nga Ulqini<\/title>\n<meta name=\"description\" content=\"Nacionalni savjet Albanaca NSA u Crnoj Gori osudio je paljenje albanske i kosovske zastave ispred objekata ambasada u Podgorici. \u201cOvakve pojave su\" \/>\n<meta name=\"robots\" content=\"index, follow, max-snippet:-1, max-image-preview:large, max-video-preview:-1\" \/>\n<link rel=\"canonical\" href=\"https:\/\/www.visit-ulcinj.com\/blog\/2016\/04\/15\/nacionalni-savjet-albanaca-u-crnoj-gori-nepostovanje-netolerancija-prema-naciji\/\" \/>\n<meta property=\"og:locale\" content=\"en_US\" \/>\n<meta property=\"og:type\" content=\"article\" \/>\n<meta property=\"og:title\" content=\"Nacionalni savjet Albanaca u Crnoj Gori: Nepo\u0161tovanje i netolerancija prema naciji - Lajme nga Ulqini\" \/>\n<meta property=\"og:description\" content=\"Nacionalni savjet Albanaca NSA u Crnoj Gori osudio je paljenje albanske i kosovske zastave ispred objekata ambasada u Podgorici. \u201cOvakve pojave su\" \/>\n<meta property=\"og:url\" content=\"https:\/\/www.visit-ulcinj.com\/blog\/2016\/04\/15\/nacionalni-savjet-albanaca-u-crnoj-gori-nepostovanje-netolerancija-prema-naciji\/\" \/>\n<meta property=\"og:site_name\" content=\"Lajme nga Ulqini\" \/>\n<meta property=\"article:published_time\" content=\"2016-04-15T18:36:32+00:00\" \/>\n<meta property=\"article:modified_time\" content=\"2016-04-16T08:12:09+00:00\" \/>\n<meta property=\"og:image\" content=\"http:\/\/www.visit-ulcinj.com\/blog\/wp-content\/uploads\/2015\/11\/Ambasadori-Filo-Nimanbegu.jpg\" \/>\n<meta name=\"twitter:label1\" content=\"Written by\" \/>\n\t<meta name=\"twitter:data1\" content=\"ulqini\" \/>\n\t<meta name=\"twitter:label2\" content=\"Est. reading time\" \/>\n\t<meta name=\"twitter:data2\" content=\"1 minute\" \/>\n<script type=\"application\/ld+json\" class=\"yoast-schema-graph\">{\"@context\":\"https:\/\/schema.org\",\"@graph\":[{\"@type\":\"WebSite\",\"@id\":\"https:\/\/www.visit-ulcinj.com\/blog\/#website\",\"url\":\"https:\/\/www.visit-ulcinj.com\/blog\/\",\"name\":\"Lajme nga Ulqini\",\"description\":\"Lajme,Vijesti,Ulqini,Ulqin,Crna Gora,Mali i Zi\",\"potentialAction\":[{\"@type\":\"SearchAction\",\"target\":{\"@type\":\"EntryPoint\",\"urlTemplate\":\"https:\/\/www.visit-ulcinj.com\/blog\/?s={search_term_string}\"},\"query-input\":\"required name=search_term_string\"}],\"inLanguage\":\"en-US\"},{\"@type\":\"ImageObject\",\"inLanguage\":\"en-US\",\"@id\":\"https:\/\/www.visit-ulcinj.com\/blog\/2016\/04\/15\/nacionalni-savjet-albanaca-u-crnoj-gori-nepostovanje-netolerancija-prema-naciji\/#primaryimage\",\"url\":\"https:\/\/www.visit-ulcinj.com\/blog\/wp-content\/uploads\/2015\/11\/Ambasadori-Filo-Nimanbegu.jpg\",\"contentUrl\":\"https:\/\/www.visit-ulcinj.com\/blog\/wp-content\/uploads\/2015\/11\/Ambasadori-Filo-Nimanbegu.jpg\",\"width\":632,\"height\":474},{\"@type\":\"WebPage\",\"@id\":\"https:\/\/www.visit-ulcinj.com\/blog\/2016\/04\/15\/nacionalni-savjet-albanaca-u-crnoj-gori-nepostovanje-netolerancija-prema-naciji\/#webpage\",\"url\":\"https:\/\/www.visit-ulcinj.com\/blog\/2016\/04\/15\/nacionalni-savjet-albanaca-u-crnoj-gori-nepostovanje-netolerancija-prema-naciji\/\",\"name\":\"Nacionalni savjet Albanaca u Crnoj Gori: Nepo\u0161tovanje i netolerancija prema naciji - Lajme nga Ulqini\",\"isPartOf\":{\"@id\":\"https:\/\/www.visit-ulcinj.com\/blog\/#website\"},\"primaryImageOfPage\":{\"@id\":\"https:\/\/www.visit-ulcinj.com\/blog\/2016\/04\/15\/nacionalni-savjet-albanaca-u-crnoj-gori-nepostovanje-netolerancija-prema-naciji\/#primaryimage\"},\"datePublished\":\"2016-04-15T18:36:32+00:00\",\"dateModified\":\"2016-04-16T08:12:09+00:00\",\"author\":{\"@id\":\"https:\/\/www.visit-ulcinj.com\/blog\/#\/schema\/person\/dcab619c614d3038751c63bc2aadc06d\"},\"description\":\"Nacionalni savjet Albanaca NSA u Crnoj Gori osudio je paljenje albanske i kosovske zastave ispred objekata ambasada u Podgorici. \u201cOvakve pojave su\",\"breadcrumb\":{\"@id\":\"https:\/\/www.visit-ulcinj.com\/blog\/2016\/04\/15\/nacionalni-savjet-albanaca-u-crnoj-gori-nepostovanje-netolerancija-prema-naciji\/#breadcrumb\"},\"inLanguage\":\"en-US\",\"potentialAction\":[{\"@type\":\"ReadAction\",\"target\":[\"https:\/\/www.visit-ulcinj.com\/blog\/2016\/04\/15\/nacionalni-savjet-albanaca-u-crnoj-gori-nepostovanje-netolerancija-prema-naciji\/\"]}]},{\"@type\":\"BreadcrumbList\",\"@id\":\"https:\/\/www.visit-ulcinj.com\/blog\/2016\/04\/15\/nacionalni-savjet-albanaca-u-crnoj-gori-nepostovanje-netolerancija-prema-naciji\/#breadcrumb\",\"itemListElement\":[{\"@type\":\"ListItem\",\"position\":1,\"name\":\"Nacionalni savjet Albanaca u Crnoj Gori: Nepo\u0161tovanje i netolerancija prema naciji\"}]},{\"@type\":\"Person\",\"@id\":\"https:\/\/www.visit-ulcinj.com\/blog\/#\/schema\/person\/dcab619c614d3038751c63bc2aadc06d\",\"name\":\"ulqini\",\"sameAs\":[\"http:\/\/www.visit-ulcinj.com\"],\"url\":\"https:\/\/www.visit-ulcinj.com\/blog\/author\/admin\/\"}]}<\/script>\n<!-- \/ Yoast SEO plugin. -->","yoast_head_json":{"title":"Nacionalni savjet Albanaca u Crnoj Gori: Nepo\u0161tovanje i netolerancija prema naciji - Lajme nga Ulqini","description":"Nacionalni savjet Albanaca NSA u Crnoj Gori osudio je paljenje albanske i kosovske zastave ispred objekata ambasada u Podgorici. \u201cOvakve pojave su","robots":{"index":"index","follow":"follow","max-snippet":"max-snippet:-1","max-image-preview":"max-image-preview:large","max-video-preview":"max-video-preview:-1"},"canonical":"https:\/\/www.visit-ulcinj.com\/blog\/2016\/04\/15\/nacionalni-savjet-albanaca-u-crnoj-gori-nepostovanje-netolerancija-prema-naciji\/","og_locale":"en_US","og_type":"article","og_title":"Nacionalni savjet Albanaca u Crnoj Gori: Nepo\u0161tovanje i netolerancija prema naciji - Lajme nga Ulqini","og_description":"Nacionalni savjet Albanaca NSA u Crnoj Gori osudio je paljenje albanske i kosovske zastave ispred objekata ambasada u Podgorici. \u201cOvakve pojave su","og_url":"https:\/\/www.visit-ulcinj.com\/blog\/2016\/04\/15\/nacionalni-savjet-albanaca-u-crnoj-gori-nepostovanje-netolerancija-prema-naciji\/","og_site_name":"Lajme nga Ulqini","article_published_time":"2016-04-15T18:36:32+00:00","article_modified_time":"2016-04-16T08:12:09+00:00","og_image":[{"url":"http:\/\/www.visit-ulcinj.com\/blog\/wp-content\/uploads\/2015\/11\/Ambasadori-Filo-Nimanbegu.jpg"}],"twitter_misc":{"Written by":"ulqini","Est. reading time":"1 minute"},"schema":{"@context":"https:\/\/schema.org","@graph":[{"@type":"WebSite","@id":"https:\/\/www.visit-ulcinj.com\/blog\/#website","url":"https:\/\/www.visit-ulcinj.com\/blog\/","name":"Lajme nga Ulqini","description":"Lajme,Vijesti,Ulqini,Ulqin,Crna Gora,Mali i Zi","potentialAction":[{"@type":"SearchAction","target":{"@type":"EntryPoint","urlTemplate":"https:\/\/www.visit-ulcinj.com\/blog\/?s={search_term_string}"},"query-input":"required name=search_term_string"}],"inLanguage":"en-US"},{"@type":"ImageObject","inLanguage":"en-US","@id":"https:\/\/www.visit-ulcinj.com\/blog\/2016\/04\/15\/nacionalni-savjet-albanaca-u-crnoj-gori-nepostovanje-netolerancija-prema-naciji\/#primaryimage","url":"https:\/\/www.visit-ulcinj.com\/blog\/wp-content\/uploads\/2015\/11\/Ambasadori-Filo-Nimanbegu.jpg","contentUrl":"https:\/\/www.visit-ulcinj.com\/blog\/wp-content\/uploads\/2015\/11\/Ambasadori-Filo-Nimanbegu.jpg","width":632,"height":474},{"@type":"WebPage","@id":"https:\/\/www.visit-ulcinj.com\/blog\/2016\/04\/15\/nacionalni-savjet-albanaca-u-crnoj-gori-nepostovanje-netolerancija-prema-naciji\/#webpage","url":"https:\/\/www.visit-ulcinj.com\/blog\/2016\/04\/15\/nacionalni-savjet-albanaca-u-crnoj-gori-nepostovanje-netolerancija-prema-naciji\/","name":"Nacionalni savjet Albanaca u Crnoj Gori: Nepo\u0161tovanje i netolerancija prema naciji - Lajme nga Ulqini","isPartOf":{"@id":"https:\/\/www.visit-ulcinj.com\/blog\/#website"},"primaryImageOfPage":{"@id":"https:\/\/www.visit-ulcinj.com\/blog\/2016\/04\/15\/nacionalni-savjet-albanaca-u-crnoj-gori-nepostovanje-netolerancija-prema-naciji\/#primaryimage"},"datePublished":"2016-04-15T18:36:32+00:00","dateModified":"2016-04-16T08:12:09+00:00","author":{"@id":"https:\/\/www.visit-ulcinj.com\/blog\/#\/schema\/person\/dcab619c614d3038751c63bc2aadc06d"},"description":"Nacionalni savjet Albanaca NSA u Crnoj Gori osudio je paljenje albanske i kosovske zastave ispred objekata ambasada u Podgorici. \u201cOvakve pojave su","breadcrumb":{"@id":"https:\/\/www.visit-ulcinj.com\/blog\/2016\/04\/15\/nacionalni-savjet-albanaca-u-crnoj-gori-nepostovanje-netolerancija-prema-naciji\/#breadcrumb"},"inLanguage":"en-US","potentialAction":[{"@type":"ReadAction","target":["https:\/\/www.visit-ulcinj.com\/blog\/2016\/04\/15\/nacionalni-savjet-albanaca-u-crnoj-gori-nepostovanje-netolerancija-prema-naciji\/"]}]},{"@type":"BreadcrumbList","@id":"https:\/\/www.visit-ulcinj.com\/blog\/2016\/04\/15\/nacionalni-savjet-albanaca-u-crnoj-gori-nepostovanje-netolerancija-prema-naciji\/#breadcrumb","itemListElement":[{"@type":"ListItem","position":1,"name":"Nacionalni savjet Albanaca u Crnoj Gori: Nepo\u0161tovanje i netolerancija prema naciji"}]},{"@type":"Person","@id":"https:\/\/www.visit-ulcinj.com\/blog\/#\/schema\/person\/dcab619c614d3038751c63bc2aadc06d","name":"ulqini","sameAs":["http:\/\/www.visit-ulcinj.com"],"url":"https:\/\/www.visit-ulcinj.com\/blog\/author\/admin\/"}]}},"jetpack_featured_media_url":"","jetpack_sharing_enabled":true,"jetpack_shortlink":"https:\/\/wp.me\/pe6lTn-p2i","_links":{"self":[{"href":"https:\/\/www.visit-ulcinj.com\/blog\/wp-json\/wp\/v2\/posts\/96242"}],"collection":[{"href":"https:\/\/www.visit-ulcinj.com\/blog\/wp-json\/wp\/v2\/posts"}],"about":[{"href":"https:\/\/www.visit-ulcinj.com\/blog\/wp-json\/wp\/v2\/types\/post"}],"author":[{"embeddable":true,"href":"https:\/\/www.visit-ulcinj.com\/blog\/wp-json\/wp\/v2\/users\/1"}],"replies":[{"embeddable":true,"href":"https:\/\/www.visit-ulcinj.com\/blog\/wp-json\/wp\/v2\/comments?post=96242"}],"version-history":[{"count":1,"href":"https:\/\/www.visit-ulcinj.com\/blog\/wp-json\/wp\/v2\/posts\/96242\/revisions"}],"predecessor-version":[{"id":96243,"href":"https:\/\/www.visit-ulcinj.com\/blog\/wp-json\/wp\/v2\/posts\/96242\/revisions\/96243"}],"wp:attachment":[{"href":"https:\/\/www.visit-ulcinj.com\/blog\/wp-json\/wp\/v2\/media?parent=96242"}],"wp:term":[{"taxonomy":"category","embeddable":true,"href":"https:\/\/www.visit-ulcinj.com\/blog\/wp-json\/wp\/v2\/categories?post=96242"},{"taxonomy":"post_tag","embeddable":true,"href":"https:\/\/www.visit-ulcinj.com\/blog\/wp-json\/wp\/v2\/tags?post=96242"}],"curies":[{"name":"wp","href":"https:\/\/api.w.org\/{rel}","templated":true}]}}