{"id":96286,"date":"2016-04-16T08:19:03","date_gmt":"2016-04-16T07:19:03","guid":{"rendered":"http:\/\/www.visit-ulcinj.com\/blog\/?p=96286"},"modified":"2016-04-16T10:26:52","modified_gmt":"2016-04-16T09:26:52","slug":"fed-cup-ulcinj-tennis-sandra-et-zarah-engagees-au-montenegro","status":"publish","type":"post","link":"https:\/\/www.visit-ulcinj.com\/blog\/2016\/04\/16\/fed-cup-ulcinj-tennis-sandra-et-zarah-engagees-au-montenegro\/","title":{"rendered":"Fed Cup Ulcinj Tennis \u2013 Sandra et Zarah engag\u00e9es au Mont\u00e9n\u00e9gro"},"content":{"rendered":"<p><a href=\"http:\/\/www.visit-ulcinj.com\/blog\/wp-content\/uploads\/2016\/04\/Zarah-Tenis.jpg\"><img loading=\"lazy\" class=\"alignleft wp-image-96283\" src=\"http:\/\/www.visit-ulcinj.com\/blog\/wp-content\/uploads\/2016\/04\/Zarah-Tenis.jpg\" alt=\"Zarah-Tenis\" width=\"508\" height=\"251\" \/><\/a>Madagascar engagera sa s\u00e9lection en Fed Cup cette ann\u00e9e, contrairement \u00e0 2015. La Grande \u00eele sera en lice dans le Groupe III au Mont\u00e9n\u00e9gro, du 11 au 16 avril, soit dans deux semaines. A cette occasion, \u00ab Seheno Razafindramaso et Faniry Andrianjafitrimo int\u00e8greront l\u2019\u00e9quipe nationale, toujours dirig\u00e9e par Natacha Randriantefy \u00bb, d\u2019apr\u00e8s les informations recueillies aupr\u00e8s de la F\u00e9d\u00e9ration Malgache de Tennis.<br \/>\nLes deux autres mem\u00adbres de la s\u00e9lection sont Sandra Andriamarosoa et Zarah Razafimahatratra. Ces deux derni\u00e8res avaient remport\u00e9 le double au tournoi ITF 10.000 dollars, au Country Club \u00e0 Ilafy.<br \/>\n\u00ab Sandra sera notre t\u00eate d\u2019affiche. Quant \u00e0 Zarah, nous cherchons toujours un moyen de relancer sa carri\u00e8re, en lui offrant des occasions de disputer des rencontres internationales et en esp\u00e9rant qu\u2019elle se fasse remarquer \u00e0 l\u2019\u00e9tranger \u00bb, explique-t-on aupr\u00e8s de la FMT.<\/p>\n<p><a href=\"http:\/\/www.visit-ulcinj.com\/blog\/wp-content\/uploads\/2016\/04\/Fed-Cup-Tenis-Ulqin-Ulcinj-Montenegro-3.jpg\"><img loading=\"lazy\" class=\"alignleft wp-image-96287\" src=\"http:\/\/www.visit-ulcinj.com\/blog\/wp-content\/uploads\/2016\/04\/Fed-Cup-Tenis-Ulqin-Ulcinj-Montenegro-3.jpg\" alt=\"Fed-Cup-Tenis-Ulqin-Ulcinj-Montenegro-3\" width=\"508\" height=\"338\" srcset=\"https:\/\/www.visit-ulcinj.com\/blog\/wp-content\/uploads\/2016\/04\/Fed-Cup-Tenis-Ulqin-Ulcinj-Montenegro-3.jpg 960w, https:\/\/www.visit-ulcinj.com\/blog\/wp-content\/uploads\/2016\/04\/Fed-Cup-Tenis-Ulqin-Ulcinj-Montenegro-3-300x199.jpg 300w\" sizes=\"(max-width: 508px) 100vw, 508px\" \/><\/a><br \/>\nLors de la derni\u00e8re apparition malgache dans cette comp\u00e9tition, en 2014, l\u2019\u00e9quipe nationale avait \u00e9t\u00e9 compos\u00e9e de trois \u00e9l\u00e9ments, en l\u2019occurrence Sandra Andria\u00admarosoa, Nantenaina Ramalalaharivololona et Oc\u00e9ane Razakaboana.<br \/>\nLe rendez-vous de cette ann\u00e9e est fix\u00e9 dans la ville d\u2019Ulcinj, situ\u00e9e dans la partie Sud-Est du Mont\u00e9n\u00e9gro. Les matches se joueront surterre battue.<br \/>\nMadagascar \u00e9voluera en compagnie de dix-neuf autres nations, \u00e0 savoir l\u2019Alg\u00e9rie, l\u2019Angola, l\u2019Arm\u00e9nie, le Cameroun, le Congo, Chypre, la Gr\u00e8ce, l\u2019Islande, l\u2019Irlande, le Kosovo, le Luxembourg, la Mac\u00e9doine, Malte, la Moldavie, le Mont\u00e9n\u00e9gro, le Maroc, le Mozambique, la Norv\u00e8ge et la Tunisie.<br \/>\nCes vingt pays seront divis\u00e9s en quatre groupes de cinq. Les premiers de chaque groupe acc\u00e8deront au dernier carr\u00e9. Et les gagnants de ces demi-finales grimperont en Groupe II Europe\/Afrique l\u2019an prochain.<\/p>\n<p><a href=\"http:\/\/www.lexpressmada.com\/blog\/actualites\/tennis-fed-cup-sandra-et-zarah-engagees-au-montenegro-58885\/\" target=\"_blank\"><strong>Source: L&#8217;Express de Madagascar<\/strong><\/a><\/p>\n<p><iframe loading=\"lazy\" src=\"\/\/www.dailymotion.com\/embed\/video\/x44f0yf?autoPlay=1\" width=\"508\" height=\"315\" frameborder=\"0\" allowfullscreen=\"allowfullscreen\"><\/iframe><\/p>\n","protected":false},"excerpt":{"rendered":"<p>Madagascar engagera sa s\u00e9lection en Fed Cup cette ann\u00e9e, contrairement \u00e0 2015. La Grande \u00eele sera en lice dans le Groupe III au Mont\u00e9n\u00e9gro, du 11 au 16 avril, soit dans deux semaines. A cette occasion, \u00ab Seheno Razafindramaso et Faniry Andrianjafitrimo int\u00e8greront l\u2019\u00e9quipe nationale, toujours dirig\u00e9e par Natacha Randriantefy \u00bb, d\u2019apr\u00e8s les informations recueillies [&hellip;]<\/p>\n","protected":false},"author":1,"featured_media":0,"comment_status":"closed","ping_status":"closed","sticky":false,"template":"","format":"standard","meta":{"spay_email":"","jetpack_publicize_message":"","jetpack_is_tweetstorm":false,"jetpack_publicize_feature_enabled":true},"categories":[6950],"tags":[],"jetpack_publicize_connections":[],"yoast_head":"<!-- This site is optimized with the Yoast SEO plugin v19.1 - https:\/\/yoast.com\/wordpress\/plugins\/seo\/ -->\n<title>Fed Cup Ulcinj Tennis \u2013 Sandra et Zarah engag\u00e9es au Mont\u00e9n\u00e9gro - Lajme nga Ulqini<\/title>\n<meta name=\"description\" content=\"Madagascar engagera sa s\u00e9lection en Fed Cup cette ann\u00e9e, contrairement \u00e0 2015. La Grande \u00eele sera en lice dans le Groupe III au Mont\u00e9n\u00e9gro, du 11 au 16\" \/>\n<meta name=\"robots\" content=\"index, follow, max-snippet:-1, max-image-preview:large, max-video-preview:-1\" \/>\n<link rel=\"canonical\" href=\"https:\/\/www.visit-ulcinj.com\/blog\/2016\/04\/16\/fed-cup-ulcinj-tennis-sandra-et-zarah-engagees-au-montenegro\/\" \/>\n<meta property=\"og:locale\" content=\"en_US\" \/>\n<meta property=\"og:type\" content=\"article\" \/>\n<meta property=\"og:title\" content=\"Fed Cup Ulcinj Tennis \u2013 Sandra et Zarah engag\u00e9es au Mont\u00e9n\u00e9gro - Lajme nga Ulqini\" \/>\n<meta property=\"og:description\" content=\"Madagascar engagera sa s\u00e9lection en Fed Cup cette ann\u00e9e, contrairement \u00e0 2015. La Grande \u00eele sera en lice dans le Groupe III au Mont\u00e9n\u00e9gro, du 11 au 16\" \/>\n<meta property=\"og:url\" content=\"https:\/\/www.visit-ulcinj.com\/blog\/2016\/04\/16\/fed-cup-ulcinj-tennis-sandra-et-zarah-engagees-au-montenegro\/\" \/>\n<meta property=\"og:site_name\" content=\"Lajme nga Ulqini\" \/>\n<meta property=\"article:published_time\" content=\"2016-04-16T07:19:03+00:00\" \/>\n<meta property=\"article:modified_time\" content=\"2016-04-16T09:26:52+00:00\" \/>\n<meta property=\"og:image\" content=\"http:\/\/www.visit-ulcinj.com\/blog\/wp-content\/uploads\/2016\/04\/Zarah-Tenis.jpg\" \/>\n<meta name=\"twitter:label1\" content=\"Written by\" \/>\n\t<meta name=\"twitter:data1\" content=\"ulqini\" \/>\n\t<meta name=\"twitter:label2\" content=\"Est. reading time\" \/>\n\t<meta name=\"twitter:data2\" content=\"2 minutes\" \/>\n<script type=\"application\/ld+json\" class=\"yoast-schema-graph\">{\"@context\":\"https:\/\/schema.org\",\"@graph\":[{\"@type\":\"WebSite\",\"@id\":\"https:\/\/www.visit-ulcinj.com\/blog\/#website\",\"url\":\"https:\/\/www.visit-ulcinj.com\/blog\/\",\"name\":\"Lajme nga Ulqini\",\"description\":\"Lajme,Vijesti,Ulqini,Ulqin,Crna Gora,Mali i Zi\",\"potentialAction\":[{\"@type\":\"SearchAction\",\"target\":{\"@type\":\"EntryPoint\",\"urlTemplate\":\"https:\/\/www.visit-ulcinj.com\/blog\/?s={search_term_string}\"},\"query-input\":\"required name=search_term_string\"}],\"inLanguage\":\"en-US\"},{\"@type\":\"ImageObject\",\"inLanguage\":\"en-US\",\"@id\":\"https:\/\/www.visit-ulcinj.com\/blog\/2016\/04\/16\/fed-cup-ulcinj-tennis-sandra-et-zarah-engagees-au-montenegro\/#primaryimage\",\"url\":\"http:\/\/www.visit-ulcinj.com\/blog\/wp-content\/uploads\/2016\/04\/Zarah-Tenis.jpg\",\"contentUrl\":\"http:\/\/www.visit-ulcinj.com\/blog\/wp-content\/uploads\/2016\/04\/Zarah-Tenis.jpg\"},{\"@type\":\"WebPage\",\"@id\":\"https:\/\/www.visit-ulcinj.com\/blog\/2016\/04\/16\/fed-cup-ulcinj-tennis-sandra-et-zarah-engagees-au-montenegro\/#webpage\",\"url\":\"https:\/\/www.visit-ulcinj.com\/blog\/2016\/04\/16\/fed-cup-ulcinj-tennis-sandra-et-zarah-engagees-au-montenegro\/\",\"name\":\"Fed Cup Ulcinj Tennis \u2013 Sandra et Zarah engag\u00e9es au Mont\u00e9n\u00e9gro - Lajme nga Ulqini\",\"isPartOf\":{\"@id\":\"https:\/\/www.visit-ulcinj.com\/blog\/#website\"},\"primaryImageOfPage\":{\"@id\":\"https:\/\/www.visit-ulcinj.com\/blog\/2016\/04\/16\/fed-cup-ulcinj-tennis-sandra-et-zarah-engagees-au-montenegro\/#primaryimage\"},\"datePublished\":\"2016-04-16T07:19:03+00:00\",\"dateModified\":\"2016-04-16T09:26:52+00:00\",\"author\":{\"@id\":\"https:\/\/www.visit-ulcinj.com\/blog\/#\/schema\/person\/dcab619c614d3038751c63bc2aadc06d\"},\"description\":\"Madagascar engagera sa s\u00e9lection en Fed Cup cette ann\u00e9e, contrairement \u00e0 2015. La Grande \u00eele sera en lice dans le Groupe III au Mont\u00e9n\u00e9gro, du 11 au 16\",\"breadcrumb\":{\"@id\":\"https:\/\/www.visit-ulcinj.com\/blog\/2016\/04\/16\/fed-cup-ulcinj-tennis-sandra-et-zarah-engagees-au-montenegro\/#breadcrumb\"},\"inLanguage\":\"en-US\",\"potentialAction\":[{\"@type\":\"ReadAction\",\"target\":[\"https:\/\/www.visit-ulcinj.com\/blog\/2016\/04\/16\/fed-cup-ulcinj-tennis-sandra-et-zarah-engagees-au-montenegro\/\"]}]},{\"@type\":\"BreadcrumbList\",\"@id\":\"https:\/\/www.visit-ulcinj.com\/blog\/2016\/04\/16\/fed-cup-ulcinj-tennis-sandra-et-zarah-engagees-au-montenegro\/#breadcrumb\",\"itemListElement\":[{\"@type\":\"ListItem\",\"position\":1,\"name\":\"Fed Cup Ulcinj Tennis \u2013 Sandra et Zarah engag\u00e9es au Mont\u00e9n\u00e9gro\"}]},{\"@type\":\"Person\",\"@id\":\"https:\/\/www.visit-ulcinj.com\/blog\/#\/schema\/person\/dcab619c614d3038751c63bc2aadc06d\",\"name\":\"ulqini\",\"sameAs\":[\"http:\/\/www.visit-ulcinj.com\"],\"url\":\"https:\/\/www.visit-ulcinj.com\/blog\/author\/admin\/\"}]}<\/script>\n<!-- \/ Yoast SEO plugin. -->","yoast_head_json":{"title":"Fed Cup Ulcinj Tennis \u2013 Sandra et Zarah engag\u00e9es au Mont\u00e9n\u00e9gro - Lajme nga Ulqini","description":"Madagascar engagera sa s\u00e9lection en Fed Cup cette ann\u00e9e, contrairement \u00e0 2015. La Grande \u00eele sera en lice dans le Groupe III au Mont\u00e9n\u00e9gro, du 11 au 16","robots":{"index":"index","follow":"follow","max-snippet":"max-snippet:-1","max-image-preview":"max-image-preview:large","max-video-preview":"max-video-preview:-1"},"canonical":"https:\/\/www.visit-ulcinj.com\/blog\/2016\/04\/16\/fed-cup-ulcinj-tennis-sandra-et-zarah-engagees-au-montenegro\/","og_locale":"en_US","og_type":"article","og_title":"Fed Cup Ulcinj Tennis \u2013 Sandra et Zarah engag\u00e9es au Mont\u00e9n\u00e9gro - Lajme nga Ulqini","og_description":"Madagascar engagera sa s\u00e9lection en Fed Cup cette ann\u00e9e, contrairement \u00e0 2015. La Grande \u00eele sera en lice dans le Groupe III au Mont\u00e9n\u00e9gro, du 11 au 16","og_url":"https:\/\/www.visit-ulcinj.com\/blog\/2016\/04\/16\/fed-cup-ulcinj-tennis-sandra-et-zarah-engagees-au-montenegro\/","og_site_name":"Lajme nga Ulqini","article_published_time":"2016-04-16T07:19:03+00:00","article_modified_time":"2016-04-16T09:26:52+00:00","og_image":[{"url":"http:\/\/www.visit-ulcinj.com\/blog\/wp-content\/uploads\/2016\/04\/Zarah-Tenis.jpg"}],"twitter_misc":{"Written by":"ulqini","Est. reading time":"2 minutes"},"schema":{"@context":"https:\/\/schema.org","@graph":[{"@type":"WebSite","@id":"https:\/\/www.visit-ulcinj.com\/blog\/#website","url":"https:\/\/www.visit-ulcinj.com\/blog\/","name":"Lajme nga Ulqini","description":"Lajme,Vijesti,Ulqini,Ulqin,Crna Gora,Mali i Zi","potentialAction":[{"@type":"SearchAction","target":{"@type":"EntryPoint","urlTemplate":"https:\/\/www.visit-ulcinj.com\/blog\/?s={search_term_string}"},"query-input":"required name=search_term_string"}],"inLanguage":"en-US"},{"@type":"ImageObject","inLanguage":"en-US","@id":"https:\/\/www.visit-ulcinj.com\/blog\/2016\/04\/16\/fed-cup-ulcinj-tennis-sandra-et-zarah-engagees-au-montenegro\/#primaryimage","url":"http:\/\/www.visit-ulcinj.com\/blog\/wp-content\/uploads\/2016\/04\/Zarah-Tenis.jpg","contentUrl":"http:\/\/www.visit-ulcinj.com\/blog\/wp-content\/uploads\/2016\/04\/Zarah-Tenis.jpg"},{"@type":"WebPage","@id":"https:\/\/www.visit-ulcinj.com\/blog\/2016\/04\/16\/fed-cup-ulcinj-tennis-sandra-et-zarah-engagees-au-montenegro\/#webpage","url":"https:\/\/www.visit-ulcinj.com\/blog\/2016\/04\/16\/fed-cup-ulcinj-tennis-sandra-et-zarah-engagees-au-montenegro\/","name":"Fed Cup Ulcinj Tennis \u2013 Sandra et Zarah engag\u00e9es au Mont\u00e9n\u00e9gro - Lajme nga Ulqini","isPartOf":{"@id":"https:\/\/www.visit-ulcinj.com\/blog\/#website"},"primaryImageOfPage":{"@id":"https:\/\/www.visit-ulcinj.com\/blog\/2016\/04\/16\/fed-cup-ulcinj-tennis-sandra-et-zarah-engagees-au-montenegro\/#primaryimage"},"datePublished":"2016-04-16T07:19:03+00:00","dateModified":"2016-04-16T09:26:52+00:00","author":{"@id":"https:\/\/www.visit-ulcinj.com\/blog\/#\/schema\/person\/dcab619c614d3038751c63bc2aadc06d"},"description":"Madagascar engagera sa s\u00e9lection en Fed Cup cette ann\u00e9e, contrairement \u00e0 2015. La Grande \u00eele sera en lice dans le Groupe III au Mont\u00e9n\u00e9gro, du 11 au 16","breadcrumb":{"@id":"https:\/\/www.visit-ulcinj.com\/blog\/2016\/04\/16\/fed-cup-ulcinj-tennis-sandra-et-zarah-engagees-au-montenegro\/#breadcrumb"},"inLanguage":"en-US","potentialAction":[{"@type":"ReadAction","target":["https:\/\/www.visit-ulcinj.com\/blog\/2016\/04\/16\/fed-cup-ulcinj-tennis-sandra-et-zarah-engagees-au-montenegro\/"]}]},{"@type":"BreadcrumbList","@id":"https:\/\/www.visit-ulcinj.com\/blog\/2016\/04\/16\/fed-cup-ulcinj-tennis-sandra-et-zarah-engagees-au-montenegro\/#breadcrumb","itemListElement":[{"@type":"ListItem","position":1,"name":"Fed Cup Ulcinj Tennis \u2013 Sandra et Zarah engag\u00e9es au Mont\u00e9n\u00e9gro"}]},{"@type":"Person","@id":"https:\/\/www.visit-ulcinj.com\/blog\/#\/schema\/person\/dcab619c614d3038751c63bc2aadc06d","name":"ulqini","sameAs":["http:\/\/www.visit-ulcinj.com"],"url":"https:\/\/www.visit-ulcinj.com\/blog\/author\/admin\/"}]}},"jetpack_featured_media_url":"","jetpack_sharing_enabled":true,"jetpack_shortlink":"https:\/\/wp.me\/pe6lTn-p30","_links":{"self":[{"href":"https:\/\/www.visit-ulcinj.com\/blog\/wp-json\/wp\/v2\/posts\/96286"}],"collection":[{"href":"https:\/\/www.visit-ulcinj.com\/blog\/wp-json\/wp\/v2\/posts"}],"about":[{"href":"https:\/\/www.visit-ulcinj.com\/blog\/wp-json\/wp\/v2\/types\/post"}],"author":[{"embeddable":true,"href":"https:\/\/www.visit-ulcinj.com\/blog\/wp-json\/wp\/v2\/users\/1"}],"replies":[{"embeddable":true,"href":"https:\/\/www.visit-ulcinj.com\/blog\/wp-json\/wp\/v2\/comments?post=96286"}],"version-history":[{"count":1,"href":"https:\/\/www.visit-ulcinj.com\/blog\/wp-json\/wp\/v2\/posts\/96286\/revisions"}],"predecessor-version":[{"id":96288,"href":"https:\/\/www.visit-ulcinj.com\/blog\/wp-json\/wp\/v2\/posts\/96286\/revisions\/96288"}],"wp:attachment":[{"href":"https:\/\/www.visit-ulcinj.com\/blog\/wp-json\/wp\/v2\/media?parent=96286"}],"wp:term":[{"taxonomy":"category","embeddable":true,"href":"https:\/\/www.visit-ulcinj.com\/blog\/wp-json\/wp\/v2\/categories?post=96286"},{"taxonomy":"post_tag","embeddable":true,"href":"https:\/\/www.visit-ulcinj.com\/blog\/wp-json\/wp\/v2\/tags?post=96286"}],"curies":[{"name":"wp","href":"https:\/\/api.w.org\/{rel}","templated":true}]}}