{"id":96315,"date":"2016-04-17T15:53:20","date_gmt":"2016-04-17T14:53:20","guid":{"rendered":"http:\/\/www.visit-ulcinj.com\/blog\/?p=96315"},"modified":"2016-04-18T17:15:56","modified_gmt":"2016-04-18T16:15:56","slug":"levizja-ura-themeloi-forumin-e-gruas-ne-ulqin","status":"publish","type":"post","link":"https:\/\/www.visit-ulcinj.com\/blog\/2016\/04\/17\/levizja-ura-themeloi-forumin-e-gruas-ne-ulqin\/","title":{"rendered":"L\u00ebvizja URA themeloi Forumin e Gruas n\u00eb Ulqin"},"content":{"rendered":"<p><a href=\"http:\/\/www.visit-ulcinj.com\/blog\/wp-content\/uploads\/2016\/04\/Aida-Llunji-Lika-URA-Ulqin-Ulcinj-2.jpg\"><img loading=\"lazy\" class=\"alignleft wp-image-96336\" src=\"http:\/\/www.visit-ulcinj.com\/blog\/wp-content\/uploads\/2016\/04\/Aida-Llunji-Lika-URA-Ulqin-Ulcinj-2.jpg\" alt=\"Aida-Llunji-Lika-URA-Ulqin-Ulcinj-2\" width=\"508\" height=\"286\" srcset=\"https:\/\/www.visit-ulcinj.com\/blog\/wp-content\/uploads\/2016\/04\/Aida-Llunji-Lika-URA-Ulqin-Ulcinj-2.jpg 999w, https:\/\/www.visit-ulcinj.com\/blog\/wp-content\/uploads\/2016\/04\/Aida-Llunji-Lika-URA-Ulqin-Ulcinj-2-300x169.jpg 300w\" sizes=\"(max-width: 508px) 100vw, 508px\" \/><\/a>N\u00eb Ulqin\u00a0<span class=\"st\">mbr\u00ebm\u00eb<\/span> u b\u00eb themelimi i Forumit t\u00eb Gruas t\u00eb L\u00ebvizjes URA. Kuvendaret e zgjodh\u00ebn p\u00ebr kryetare t\u00eb k\u00ebtij Forumi, profesoreshen Aida Llunji &#8211; Lika, nj\u00ebherit an\u00ebtare e Kryesis\u00eb Qendrore.<\/p>\n<p>Profesoresha Aida Llunji-Lika u p\u00ebrzgjodh t\u00eb shtun\u00ebn mbr\u00ebma p\u00ebr kryetare t\u00eb Forumit t\u00eb gruas t\u00eb L\u00ebvizjes qytetare URA p\u00ebr Ulqin, raporton portali Ul.info.<\/p>\n<p>N\u00eb Konferenc\u00eb, n\u00eb t\u00eb cil\u00ebn mor\u00ebn pjes\u00eb mbi 30 delegat\u00eb, n\u00eb Forum u p\u00ebrzgjodh\u00ebn edhe shtat\u00eb gra aktiviste t\u00eb k\u00ebtij grupimi politik.<\/p>\n<p>T\u00eb pranishm\u00ebve iu drejtua n\u00ebnkryetarja e URA-s\u00eb, prof. Bozhena Jellushiq, e cila n\u00eb ve\u00e7anti foli p\u00ebr nevoj\u00ebn e luft\u00ebs p\u00ebr t\u00eb drejtat e femrave.<\/p>\n<p>Fjalimet p\u00ebrsh\u00ebndet\u00ebse n\u00eb k\u00ebt\u00eb tubim, i cili u mbajt n\u00eb hotelin \u201cOtrant\u201d, i kishin kryetari i K\u00ebshillit komunal Omer Bajraktari, sekretari Ilir Harasani dhe an\u00ebtari i K\u00ebshillit Sasha Pogjanin.<\/p>\n<p><a href=\"http:\/\/www.visit-ulcinj.com\/blog\/wp-content\/uploads\/2016\/04\/Aida-Llunji-Lika-URA-Ulqin-Ulcinj.jpg\"><img loading=\"lazy\" class=\"alignleft wp-image-96316\" src=\"http:\/\/www.visit-ulcinj.com\/blog\/wp-content\/uploads\/2016\/04\/Aida-Llunji-Lika-URA-Ulqin-Ulcinj.jpg\" alt=\"Aida-Llunji-Lika-URA-Ulqin-Ulcinj\" width=\"508\" height=\"339\" srcset=\"https:\/\/www.visit-ulcinj.com\/blog\/wp-content\/uploads\/2016\/04\/Aida-Llunji-Lika-URA-Ulqin-Ulcinj.jpg 960w, https:\/\/www.visit-ulcinj.com\/blog\/wp-content\/uploads\/2016\/04\/Aida-Llunji-Lika-URA-Ulqin-Ulcinj-300x200.jpg 300w\" sizes=\"(max-width: 508px) 100vw, 508px\" \/><\/a><\/p>\n<p style=\"text-align: center;\"><strong>Di\u00e7ka mbi Aida Llunji &#8211; Lika<\/strong><\/p>\n<p>Linda dhe jetoj n\u00eb qytetin m\u00eb t\u00eb bukur t\u00eb bregdetit ton\u00eb, aty ku nga liqeni buron lumi i cili derdhet n\u00eb det. Shpesh her\u00eb kujtimet me kthejn n\u00eb ato dit\u00eb dhe ato vite kur me bukurit dhe begatit\u00eb e qytetit tim u k\u00ebnaqeshin turistet nga mbar Evropa por edhe m\u00eb gjer\u00eb.<\/p>\n<p>Sot ato koh\u00ebra i quajm\u00eb \u2018koh\u00ebra t\u00eb arta\u2019. Nuk mundem t\u00eb mos pyetem si \u00ebsht\u00eb e mundur q\u00eb nj\u00eb qytet bregdetar t\u00eb jet\u00eb m\u00eb i zhvilluar dhe m\u00eb i bukur n\u00eb shekullin e kaluar sesa sot. Athua se kujt i konvenon kjo gjendje dhe kush po p\u00ebrfiton nga e nj\u00ebjta. Sinqerisht, mendova t\u00eb flas p\u00ebr njerin prej shume problemeve me t\u00eb cil\u00ebt un\u00eb dhe bashkqytetar\u00ebt e mi po ballafaqohemi dita dit\u00ebs dhe vite me rradh\u00eb, mir\u00ebpo \u00ebsht\u00eb pothuajse e pamundur t\u00eb p\u00ebrqendrohesh vet\u00ebm n\u00eb njerin prej tyre.. Perderisa n\u00ebp\u00ebr bot\u00eb po nd\u00ebrtohen qytete t\u00eb t\u00ebra n\u00ebp\u00ebr uj\u00ebra ne do vazhdojm\u00eb q\u00eb ne rrjetat sociale t\u00eb k\u00ebnaqemi me skicat e aqua parkut, hotelit n\u00eb Suk\u00eb, do t\u00eb nd\u00ebgjojm\u00eb p\u00ebrrallat p\u00ebr Arab\u00ebt q\u00eb Plazhin e madh do ta sh\u00ebndrrojn\u00eb n\u00eb Dubai, do t\u00eb besojm\u00eb se Port Milena do ta fitoj pamjen e dikurshme, se kriporja e ulqinit do vazhdoj\u00eb me prodhimin e kripes, \u00a0se n\u00eb fushat pjellore t\u00eb Anes s\u00eb malit do t\u00eb filloj\u00eb prodhimi i ushqimit organik.<br \/>\nMe nje fjal\u00eb do t\u00eb vazhdojm\u00eb ta kujtojm\u00eb t\u00eb kaluar\u00ebn me nostalgji, t\u00eb end\u00ebrrojm\u00eb p\u00ebrrallen e s\u00eb ardhmes dhe do q\u00ebndrojm\u00eb n\u00eb nj\u00eb v\u00ebnd n\u00eb t\u00eb tashmen.<\/p>\n<p>T\u00eb nd\u00ebruar, \u00a0sapo e tregova tregimin q\u00eb e keni nd\u00ebgjuar shum\u00eb e shum\u00eb her\u00eb, \u00a0po sikur t\u00eb \u00e7ojm duar edhe nga fjala cfar do i mbetet gjeneratave t\u00eb ardhme n\u00eb trashegimi\u2026<\/p>\n<p><a href=\"http:\/\/www.visit-ulcinj.com\/blog\/wp-content\/uploads\/2016\/04\/Aida-Llunji-Lika-URA-Ulqin-Ulcinj-1.jpg\"><img loading=\"lazy\" class=\"alignleft wp-image-96318\" src=\"http:\/\/www.visit-ulcinj.com\/blog\/wp-content\/uploads\/2016\/04\/Aida-Llunji-Lika-URA-Ulqin-Ulcinj-1.jpg\" alt=\"Aida-Llunji-Lika-URA-Ulqin-Ulcinj-1\" width=\"508\" height=\"339\" srcset=\"https:\/\/www.visit-ulcinj.com\/blog\/wp-content\/uploads\/2016\/04\/Aida-Llunji-Lika-URA-Ulqin-Ulcinj-1.jpg 960w, https:\/\/www.visit-ulcinj.com\/blog\/wp-content\/uploads\/2016\/04\/Aida-Llunji-Lika-URA-Ulqin-Ulcinj-1-300x200.jpg 300w\" sizes=\"(max-width: 508px) 100vw, 508px\" \/><\/a><\/p>\n","protected":false},"excerpt":{"rendered":"<p>N\u00eb Ulqin\u00a0mbr\u00ebm\u00eb u b\u00eb themelimi i Forumit t\u00eb Gruas t\u00eb L\u00ebvizjes URA. Kuvendaret e zgjodh\u00ebn p\u00ebr kryetare t\u00eb k\u00ebtij Forumi, profesoreshen Aida Llunji &#8211; Lika, nj\u00ebherit an\u00ebtare e Kryesis\u00eb Qendrore. Profesoresha Aida Llunji-Lika u p\u00ebrzgjodh t\u00eb shtun\u00ebn mbr\u00ebma p\u00ebr kryetare t\u00eb Forumit t\u00eb gruas t\u00eb L\u00ebvizjes qytetare URA p\u00ebr Ulqin, raporton portali Ul.info. N\u00eb Konferenc\u00eb, [&hellip;]<\/p>\n","protected":false},"author":1,"featured_media":0,"comment_status":"closed","ping_status":"closed","sticky":false,"template":"","format":"standard","meta":{"spay_email":"","jetpack_publicize_message":"","jetpack_is_tweetstorm":false,"jetpack_publicize_feature_enabled":true},"categories":[1,11],"tags":[],"jetpack_publicize_connections":[],"yoast_head":"<!-- This site is optimized with the Yoast SEO plugin v19.1 - https:\/\/yoast.com\/wordpress\/plugins\/seo\/ -->\n<title>L\u00ebvizja URA themeloi Forumin e Gruas n\u00eb Ulqin - Lajme nga Ulqini<\/title>\n<meta name=\"description\" content=\"N\u00eb Ulqin\u00a0mbr\u00ebm\u00eb u b\u00eb themelimi i Forumit t\u00eb Gruas t\u00eb L\u00ebvizjes URA. Kuvendaret e zgjodh\u00ebn p\u00ebr kryetare t\u00eb k\u00ebtij Forumi, profesoreshen Aida Llunji - Lika,\" \/>\n<meta name=\"robots\" content=\"index, follow, max-snippet:-1, max-image-preview:large, max-video-preview:-1\" \/>\n<link rel=\"canonical\" href=\"https:\/\/www.visit-ulcinj.com\/blog\/2016\/04\/17\/levizja-ura-themeloi-forumin-e-gruas-ne-ulqin\/\" \/>\n<meta property=\"og:locale\" content=\"en_US\" \/>\n<meta property=\"og:type\" content=\"article\" \/>\n<meta property=\"og:title\" content=\"L\u00ebvizja URA themeloi Forumin e Gruas n\u00eb Ulqin - Lajme nga Ulqini\" \/>\n<meta property=\"og:description\" content=\"N\u00eb Ulqin\u00a0mbr\u00ebm\u00eb u b\u00eb themelimi i Forumit t\u00eb Gruas t\u00eb L\u00ebvizjes URA. Kuvendaret e zgjodh\u00ebn p\u00ebr kryetare t\u00eb k\u00ebtij Forumi, profesoreshen Aida Llunji - Lika,\" \/>\n<meta property=\"og:url\" content=\"https:\/\/www.visit-ulcinj.com\/blog\/2016\/04\/17\/levizja-ura-themeloi-forumin-e-gruas-ne-ulqin\/\" \/>\n<meta property=\"og:site_name\" content=\"Lajme nga Ulqini\" \/>\n<meta property=\"article:published_time\" content=\"2016-04-17T14:53:20+00:00\" \/>\n<meta property=\"article:modified_time\" content=\"2016-04-18T16:15:56+00:00\" \/>\n<meta property=\"og:image\" content=\"http:\/\/www.visit-ulcinj.com\/blog\/wp-content\/uploads\/2016\/04\/Aida-Llunji-Lika-URA-Ulqin-Ulcinj-2.jpg\" \/>\n<meta name=\"twitter:label1\" content=\"Written by\" \/>\n\t<meta name=\"twitter:data1\" content=\"ulqini\" \/>\n\t<meta name=\"twitter:label2\" content=\"Est. reading time\" \/>\n\t<meta name=\"twitter:data2\" content=\"2 minutes\" \/>\n<script type=\"application\/ld+json\" class=\"yoast-schema-graph\">{\"@context\":\"https:\/\/schema.org\",\"@graph\":[{\"@type\":\"WebSite\",\"@id\":\"https:\/\/www.visit-ulcinj.com\/blog\/#website\",\"url\":\"https:\/\/www.visit-ulcinj.com\/blog\/\",\"name\":\"Lajme nga Ulqini\",\"description\":\"Lajme,Vijesti,Ulqini,Ulqin,Crna Gora,Mali i Zi\",\"potentialAction\":[{\"@type\":\"SearchAction\",\"target\":{\"@type\":\"EntryPoint\",\"urlTemplate\":\"https:\/\/www.visit-ulcinj.com\/blog\/?s={search_term_string}\"},\"query-input\":\"required name=search_term_string\"}],\"inLanguage\":\"en-US\"},{\"@type\":\"ImageObject\",\"inLanguage\":\"en-US\",\"@id\":\"https:\/\/www.visit-ulcinj.com\/blog\/2016\/04\/17\/levizja-ura-themeloi-forumin-e-gruas-ne-ulqin\/#primaryimage\",\"url\":\"https:\/\/www.visit-ulcinj.com\/blog\/wp-content\/uploads\/2016\/04\/Aida-Llunji-Lika-URA-Ulqin-Ulcinj-2.jpg\",\"contentUrl\":\"https:\/\/www.visit-ulcinj.com\/blog\/wp-content\/uploads\/2016\/04\/Aida-Llunji-Lika-URA-Ulqin-Ulcinj-2.jpg\",\"width\":999,\"height\":562},{\"@type\":\"WebPage\",\"@id\":\"https:\/\/www.visit-ulcinj.com\/blog\/2016\/04\/17\/levizja-ura-themeloi-forumin-e-gruas-ne-ulqin\/#webpage\",\"url\":\"https:\/\/www.visit-ulcinj.com\/blog\/2016\/04\/17\/levizja-ura-themeloi-forumin-e-gruas-ne-ulqin\/\",\"name\":\"L\u00ebvizja URA themeloi Forumin e Gruas n\u00eb Ulqin - Lajme nga Ulqini\",\"isPartOf\":{\"@id\":\"https:\/\/www.visit-ulcinj.com\/blog\/#website\"},\"primaryImageOfPage\":{\"@id\":\"https:\/\/www.visit-ulcinj.com\/blog\/2016\/04\/17\/levizja-ura-themeloi-forumin-e-gruas-ne-ulqin\/#primaryimage\"},\"datePublished\":\"2016-04-17T14:53:20+00:00\",\"dateModified\":\"2016-04-18T16:15:56+00:00\",\"author\":{\"@id\":\"https:\/\/www.visit-ulcinj.com\/blog\/#\/schema\/person\/dcab619c614d3038751c63bc2aadc06d\"},\"description\":\"N\u00eb Ulqin\u00a0mbr\u00ebm\u00eb u b\u00eb themelimi i Forumit t\u00eb Gruas t\u00eb L\u00ebvizjes URA. Kuvendaret e zgjodh\u00ebn p\u00ebr kryetare t\u00eb k\u00ebtij Forumi, profesoreshen Aida Llunji - Lika,\",\"breadcrumb\":{\"@id\":\"https:\/\/www.visit-ulcinj.com\/blog\/2016\/04\/17\/levizja-ura-themeloi-forumin-e-gruas-ne-ulqin\/#breadcrumb\"},\"inLanguage\":\"en-US\",\"potentialAction\":[{\"@type\":\"ReadAction\",\"target\":[\"https:\/\/www.visit-ulcinj.com\/blog\/2016\/04\/17\/levizja-ura-themeloi-forumin-e-gruas-ne-ulqin\/\"]}]},{\"@type\":\"BreadcrumbList\",\"@id\":\"https:\/\/www.visit-ulcinj.com\/blog\/2016\/04\/17\/levizja-ura-themeloi-forumin-e-gruas-ne-ulqin\/#breadcrumb\",\"itemListElement\":[{\"@type\":\"ListItem\",\"position\":1,\"name\":\"L\u00ebvizja URA themeloi Forumin e Gruas n\u00eb Ulqin\"}]},{\"@type\":\"Person\",\"@id\":\"https:\/\/www.visit-ulcinj.com\/blog\/#\/schema\/person\/dcab619c614d3038751c63bc2aadc06d\",\"name\":\"ulqini\",\"sameAs\":[\"http:\/\/www.visit-ulcinj.com\"],\"url\":\"https:\/\/www.visit-ulcinj.com\/blog\/author\/admin\/\"}]}<\/script>\n<!-- \/ Yoast SEO plugin. -->","yoast_head_json":{"title":"L\u00ebvizja URA themeloi Forumin e Gruas n\u00eb Ulqin - Lajme nga Ulqini","description":"N\u00eb Ulqin\u00a0mbr\u00ebm\u00eb u b\u00eb themelimi i Forumit t\u00eb Gruas t\u00eb L\u00ebvizjes URA. Kuvendaret e zgjodh\u00ebn p\u00ebr kryetare t\u00eb k\u00ebtij Forumi, profesoreshen Aida Llunji - Lika,","robots":{"index":"index","follow":"follow","max-snippet":"max-snippet:-1","max-image-preview":"max-image-preview:large","max-video-preview":"max-video-preview:-1"},"canonical":"https:\/\/www.visit-ulcinj.com\/blog\/2016\/04\/17\/levizja-ura-themeloi-forumin-e-gruas-ne-ulqin\/","og_locale":"en_US","og_type":"article","og_title":"L\u00ebvizja URA themeloi Forumin e Gruas n\u00eb Ulqin - Lajme nga Ulqini","og_description":"N\u00eb Ulqin\u00a0mbr\u00ebm\u00eb u b\u00eb themelimi i Forumit t\u00eb Gruas t\u00eb L\u00ebvizjes URA. Kuvendaret e zgjodh\u00ebn p\u00ebr kryetare t\u00eb k\u00ebtij Forumi, profesoreshen Aida Llunji - Lika,","og_url":"https:\/\/www.visit-ulcinj.com\/blog\/2016\/04\/17\/levizja-ura-themeloi-forumin-e-gruas-ne-ulqin\/","og_site_name":"Lajme nga Ulqini","article_published_time":"2016-04-17T14:53:20+00:00","article_modified_time":"2016-04-18T16:15:56+00:00","og_image":[{"url":"http:\/\/www.visit-ulcinj.com\/blog\/wp-content\/uploads\/2016\/04\/Aida-Llunji-Lika-URA-Ulqin-Ulcinj-2.jpg"}],"twitter_misc":{"Written by":"ulqini","Est. reading time":"2 minutes"},"schema":{"@context":"https:\/\/schema.org","@graph":[{"@type":"WebSite","@id":"https:\/\/www.visit-ulcinj.com\/blog\/#website","url":"https:\/\/www.visit-ulcinj.com\/blog\/","name":"Lajme nga Ulqini","description":"Lajme,Vijesti,Ulqini,Ulqin,Crna Gora,Mali i Zi","potentialAction":[{"@type":"SearchAction","target":{"@type":"EntryPoint","urlTemplate":"https:\/\/www.visit-ulcinj.com\/blog\/?s={search_term_string}"},"query-input":"required name=search_term_string"}],"inLanguage":"en-US"},{"@type":"ImageObject","inLanguage":"en-US","@id":"https:\/\/www.visit-ulcinj.com\/blog\/2016\/04\/17\/levizja-ura-themeloi-forumin-e-gruas-ne-ulqin\/#primaryimage","url":"https:\/\/www.visit-ulcinj.com\/blog\/wp-content\/uploads\/2016\/04\/Aida-Llunji-Lika-URA-Ulqin-Ulcinj-2.jpg","contentUrl":"https:\/\/www.visit-ulcinj.com\/blog\/wp-content\/uploads\/2016\/04\/Aida-Llunji-Lika-URA-Ulqin-Ulcinj-2.jpg","width":999,"height":562},{"@type":"WebPage","@id":"https:\/\/www.visit-ulcinj.com\/blog\/2016\/04\/17\/levizja-ura-themeloi-forumin-e-gruas-ne-ulqin\/#webpage","url":"https:\/\/www.visit-ulcinj.com\/blog\/2016\/04\/17\/levizja-ura-themeloi-forumin-e-gruas-ne-ulqin\/","name":"L\u00ebvizja URA themeloi Forumin e Gruas n\u00eb Ulqin - Lajme nga Ulqini","isPartOf":{"@id":"https:\/\/www.visit-ulcinj.com\/blog\/#website"},"primaryImageOfPage":{"@id":"https:\/\/www.visit-ulcinj.com\/blog\/2016\/04\/17\/levizja-ura-themeloi-forumin-e-gruas-ne-ulqin\/#primaryimage"},"datePublished":"2016-04-17T14:53:20+00:00","dateModified":"2016-04-18T16:15:56+00:00","author":{"@id":"https:\/\/www.visit-ulcinj.com\/blog\/#\/schema\/person\/dcab619c614d3038751c63bc2aadc06d"},"description":"N\u00eb Ulqin\u00a0mbr\u00ebm\u00eb u b\u00eb themelimi i Forumit t\u00eb Gruas t\u00eb L\u00ebvizjes URA. Kuvendaret e zgjodh\u00ebn p\u00ebr kryetare t\u00eb k\u00ebtij Forumi, profesoreshen Aida Llunji - Lika,","breadcrumb":{"@id":"https:\/\/www.visit-ulcinj.com\/blog\/2016\/04\/17\/levizja-ura-themeloi-forumin-e-gruas-ne-ulqin\/#breadcrumb"},"inLanguage":"en-US","potentialAction":[{"@type":"ReadAction","target":["https:\/\/www.visit-ulcinj.com\/blog\/2016\/04\/17\/levizja-ura-themeloi-forumin-e-gruas-ne-ulqin\/"]}]},{"@type":"BreadcrumbList","@id":"https:\/\/www.visit-ulcinj.com\/blog\/2016\/04\/17\/levizja-ura-themeloi-forumin-e-gruas-ne-ulqin\/#breadcrumb","itemListElement":[{"@type":"ListItem","position":1,"name":"L\u00ebvizja URA themeloi Forumin e Gruas n\u00eb Ulqin"}]},{"@type":"Person","@id":"https:\/\/www.visit-ulcinj.com\/blog\/#\/schema\/person\/dcab619c614d3038751c63bc2aadc06d","name":"ulqini","sameAs":["http:\/\/www.visit-ulcinj.com"],"url":"https:\/\/www.visit-ulcinj.com\/blog\/author\/admin\/"}]}},"jetpack_featured_media_url":"","jetpack_sharing_enabled":true,"jetpack_shortlink":"https:\/\/wp.me\/pe6lTn-p3t","_links":{"self":[{"href":"https:\/\/www.visit-ulcinj.com\/blog\/wp-json\/wp\/v2\/posts\/96315"}],"collection":[{"href":"https:\/\/www.visit-ulcinj.com\/blog\/wp-json\/wp\/v2\/posts"}],"about":[{"href":"https:\/\/www.visit-ulcinj.com\/blog\/wp-json\/wp\/v2\/types\/post"}],"author":[{"embeddable":true,"href":"https:\/\/www.visit-ulcinj.com\/blog\/wp-json\/wp\/v2\/users\/1"}],"replies":[{"embeddable":true,"href":"https:\/\/www.visit-ulcinj.com\/blog\/wp-json\/wp\/v2\/comments?post=96315"}],"version-history":[{"count":2,"href":"https:\/\/www.visit-ulcinj.com\/blog\/wp-json\/wp\/v2\/posts\/96315\/revisions"}],"predecessor-version":[{"id":96337,"href":"https:\/\/www.visit-ulcinj.com\/blog\/wp-json\/wp\/v2\/posts\/96315\/revisions\/96337"}],"wp:attachment":[{"href":"https:\/\/www.visit-ulcinj.com\/blog\/wp-json\/wp\/v2\/media?parent=96315"}],"wp:term":[{"taxonomy":"category","embeddable":true,"href":"https:\/\/www.visit-ulcinj.com\/blog\/wp-json\/wp\/v2\/categories?post=96315"},{"taxonomy":"post_tag","embeddable":true,"href":"https:\/\/www.visit-ulcinj.com\/blog\/wp-json\/wp\/v2\/tags?post=96315"}],"curies":[{"name":"wp","href":"https:\/\/api.w.org\/{rel}","templated":true}]}}