{"id":96324,"date":"2016-04-17T16:43:01","date_gmt":"2016-04-17T15:43:01","guid":{"rendered":"http:\/\/www.visit-ulcinj.com\/blog\/?p=96324"},"modified":"2016-04-17T17:01:35","modified_gmt":"2016-04-17T16:01:35","slug":"diaspora-shqiptare-ne-shba-denon-djegien-e-flamujve-shqiptare-ne-podgorice","status":"publish","type":"post","link":"https:\/\/www.visit-ulcinj.com\/blog\/2016\/04\/17\/diaspora-shqiptare-ne-shba-denon-djegien-e-flamujve-shqiptare-ne-podgorice\/","title":{"rendered":"Diaspora shqiptare n\u00eb SHBA d\u00ebnon djegien e flamujve shqiptar\u00eb n\u00eb Podgoric\u00eb"},"content":{"rendered":"<h4><a href=\"http:\/\/www.visit-ulcinj.com\/blog\/wp-content\/uploads\/2015\/03\/diaspora_.jpg\"><img loading=\"lazy\" class=\"alignleft wp-image-89321\" src=\"http:\/\/www.visit-ulcinj.com\/blog\/wp-content\/uploads\/2015\/03\/diaspora_.jpg\" alt=\"diaspora_\" width=\"508\" height=\"157\" srcset=\"https:\/\/www.visit-ulcinj.com\/blog\/wp-content\/uploads\/2015\/03\/diaspora_.jpg 550w, https:\/\/www.visit-ulcinj.com\/blog\/wp-content\/uploads\/2015\/03\/diaspora_-300x93.jpg 300w\" sizes=\"(max-width: 508px) 100vw, 508px\" \/><\/a><\/h4>\n<div class=\"inside-text-paragraphs\">\n<p>Gjat\u00eb shoqata t\u00eb diaspor\u00ebs shqiptare n\u00eb Shtetet e Bashkuara t\u00eb Amerik\u00ebs, kan\u00eb reaguar ndaj djegies s\u00eb flamujve komb\u00ebtar dhe shtet\u00ebror t\u00eb Shqip\u00ebris\u00eb dhe Kosov\u00ebs pran ambasadave t\u00eb tyre n\u00eb Podgoric\u00eb, duke th\u00ebn\u00eb se ky \u00ebsht\u00eb nj\u00eb akt vandal i mentaliteteve primitive t\u00eb fqinj\u00ebve tan\u00eb ballkanas.<\/p>\n<p>Sipas k\u00ebtyre shoqatave, aktet e tilla t\u00eb urrejtjes ndaj shqiptar\u00ebve dhe shteteve t\u00eb tyre qesin n\u00eb pah nivelin e lart t\u00eb urrejt\u00ebs q\u00eb mbizot\u00ebron n\u00eb mentalitetet e shoq\u00ebris\u00eb malaziase p\u00ebr \u00e7dogj\u00eb q\u00eb ka t\u00eb b\u00ebj me qenien shqiptare si t\u00ebrsi.<\/p>\n<p>P\u00ebrmes nj\u00eb komunikate p\u00ebr media, diaspora shqiptare n\u00eb SHBA shprehet e zhg\u00ebnjyer thell\u00ebsisht me m\u00ebnyr\u00ebn se si vall\u00eb p\u00ebr akte t\u00eb k\u00ebsaj natyre shteti i ashtuquajtur \u201cdemokratik\u201d malazias asnj\u00ebher\u00eb nuk arrit t\u00eb i qes para drejt\u00ebsis\u00eb kryesit e k\u00ebtyre sulmeve q\u00eb n\u00eb vazhdim\u00ebsi po p\u00ebrs\u00ebriten duke acaruar deri n\u00eb pik\u00eb t\u00eb vlimit marr\u00ebdh\u00ebniet nd\u00ebretnike dhe nd\u00ebrshtet\u00ebrore, transmeton zeri.info.<\/p>\n<p><strong>Reagimi i plot\u00eb:\u00a0<\/strong><\/p>\n<p>Djeg\u00ebja e flamujve komb\u00ebtar dhe shtet\u00ebror t\u00eb Shqip\u00ebris\u00eb dhe Kosov\u00ebs pran ambasadave t\u00eb tyre n\u00eb Podgoric\u00eb \u00ebsht\u00eb nj\u00eb akt vandal i mentaliteteve primitive t\u00eb fqinj\u00ebve tan\u00eb ballkanas.<\/p>\n<p>Aktet e tilla t\u00eb urrejtjes ndaj shqiptar\u00ebve dhe shteteve t\u00eb tyre qesin n\u00eb pah nivelin e lart t\u00eb urrejt\u00ebs q\u00eb mbizot\u00ebron n\u00eb mentalitetet e shoq\u00ebris\u00eb malaziase p\u00ebr \u00e7do gj\u00eb q\u00eb ka t\u00eb b\u00ebj me qenien shqiptare si tersi.<\/p>\n<p>Diaspora shqiptare n\u00eb SHBA \u00ebsht\u00eb e zhg\u00ebnjyer thell\u00ebsisht me m\u00ebnyr\u00ebn se si vall\u00eb \u00a0p\u00ebr akte t\u00eb k\u00ebsaj natyre shteti i ashtuquajtur \u201cdemokratik\u201d malazias asnj\u00ebher\u00eb nuk arrit t\u00eb i qes para drejt\u00ebsis\u00eb kryesit e k\u00ebtyre sulmeve q\u00eb n\u00eb vazhdim\u00ebsi po p\u00ebrs\u00ebriten duke acaruar deri n\u00eb pik\u00eb t\u00eb vlimit marr\u00ebdh\u00ebniet nd\u00ebretnike dhe nd\u00ebrshtet\u00ebrore .<\/p>\n<p>Diaspora shqiptare e cila ka qen\u00eb shpeshher\u00eb katalizator i shum\u00eb l\u00ebvizjeve t\u00eb m\u00ebdha komb\u00ebtare, t\u00ebrheq v\u00ebmendjen\u00a0 me p\u00ebrfundimin e qart\u00eb \u00a0se n\u00ebse nuk merren masa adekuate p\u00ebr parandalimin e k\u00ebtyre veprimeve antishqiptare,\u00a0 reagimi i jon\u00eb do jet\u00eb i vrullsh\u00ebm dhe shume energjik, dhe se do k\u00ebrkojm\u00eb q\u00eb trevat e cop\u00ebtuara padrejt\u00ebsisht shqiptare t\u00eb i kthehen trungut t\u00eb ndar\u00eb atdheut deri me ndryshimin e kufijve artificial t\u00eb vendosur n\u00eb mes t\u00eb shqiptar\u00ebve me forc\u00eb nga t\u00eb tjer\u00ebt.<\/p>\n<p><strong>Shoqatat:<\/strong><\/p>\n<p><strong>Shoqata Atdhetare \u2019\u2019Ana e Malit\u2019\u2019-New York<\/strong><\/p>\n<p><strong>Shoqata Atdhetare \u2018\u2019Mal\u00ebsia e Madhe\u2019\u2019- Detroit<\/strong><\/p>\n<p><strong>Fondacioni \u2018\u2019Plav\u00eb Guci\u2019\u2019- New York<\/strong><\/p>\n<p><strong>\u00a0Shoqata \u2018\u2019Mal\u00ebsi e Madhe\u2019\u2019- New York<\/strong><\/p>\n<p><strong>\u00a0Fondacioni \u2018\u2019Dom Simon Filipaj\u2019\u2019- New York<\/strong><\/p>\n<p><strong>\u00a0Shoqata Atdhetare \u2018\u2019Kraja\u2019\u2019- New York<\/strong><\/p>\n<p>&nbsp;<\/p>\n<p>New York, Detroit<\/p>\n<p>16 Prill 2016<\/p>\n<p><strong>Z\u00ebri<\/strong><\/p>\n<\/div>\n","protected":false},"excerpt":{"rendered":"<p>Gjat\u00eb shoqata t\u00eb diaspor\u00ebs shqiptare n\u00eb Shtetet e Bashkuara t\u00eb Amerik\u00ebs, kan\u00eb reaguar ndaj djegies s\u00eb flamujve komb\u00ebtar dhe shtet\u00ebror t\u00eb Shqip\u00ebris\u00eb dhe Kosov\u00ebs pran ambasadave t\u00eb tyre n\u00eb Podgoric\u00eb, duke th\u00ebn\u00eb se ky \u00ebsht\u00eb nj\u00eb akt vandal i mentaliteteve primitive t\u00eb fqinj\u00ebve tan\u00eb ballkanas. Sipas k\u00ebtyre shoqatave, aktet e tilla t\u00eb urrejtjes ndaj shqiptar\u00ebve [&hellip;]<\/p>\n","protected":false},"author":1,"featured_media":0,"comment_status":"closed","ping_status":"closed","sticky":false,"template":"","format":"standard","meta":{"spay_email":"","jetpack_publicize_message":"","jetpack_is_tweetstorm":false,"jetpack_publicize_feature_enabled":true},"categories":[7],"tags":[],"jetpack_publicize_connections":[],"yoast_head":"<!-- This site is optimized with the Yoast SEO plugin v19.1 - https:\/\/yoast.com\/wordpress\/plugins\/seo\/ -->\n<title>Diaspora shqiptare n\u00eb SHBA d\u00ebnon djegien e flamujve shqiptar\u00eb n\u00eb Podgoric\u00eb - Lajme nga Ulqini<\/title>\n<meta name=\"description\" content=\"Gjat\u00eb shoqata t\u00eb diaspor\u00ebs shqiptare n\u00eb Shtetet e Bashkuara t\u00eb Amerik\u00ebs, kan\u00eb reaguar ndaj djegies s\u00eb flamujve komb\u00ebtar dhe shtet\u00ebror t\u00eb Shqip\u00ebris\u00eb dhe\" \/>\n<meta name=\"robots\" content=\"index, follow, max-snippet:-1, max-image-preview:large, max-video-preview:-1\" \/>\n<link rel=\"canonical\" href=\"https:\/\/www.visit-ulcinj.com\/blog\/2016\/04\/17\/diaspora-shqiptare-ne-shba-denon-djegien-e-flamujve-shqiptare-ne-podgorice\/\" \/>\n<meta property=\"og:locale\" content=\"en_US\" \/>\n<meta property=\"og:type\" content=\"article\" \/>\n<meta property=\"og:title\" content=\"Diaspora shqiptare n\u00eb SHBA d\u00ebnon djegien e flamujve shqiptar\u00eb n\u00eb Podgoric\u00eb - Lajme nga Ulqini\" \/>\n<meta property=\"og:description\" content=\"Gjat\u00eb shoqata t\u00eb diaspor\u00ebs shqiptare n\u00eb Shtetet e Bashkuara t\u00eb Amerik\u00ebs, kan\u00eb reaguar ndaj djegies s\u00eb flamujve komb\u00ebtar dhe shtet\u00ebror t\u00eb Shqip\u00ebris\u00eb dhe\" \/>\n<meta property=\"og:url\" content=\"https:\/\/www.visit-ulcinj.com\/blog\/2016\/04\/17\/diaspora-shqiptare-ne-shba-denon-djegien-e-flamujve-shqiptare-ne-podgorice\/\" \/>\n<meta property=\"og:site_name\" content=\"Lajme nga Ulqini\" \/>\n<meta property=\"article:published_time\" content=\"2016-04-17T15:43:01+00:00\" \/>\n<meta property=\"article:modified_time\" content=\"2016-04-17T16:01:35+00:00\" \/>\n<meta property=\"og:image\" content=\"http:\/\/www.visit-ulcinj.com\/blog\/wp-content\/uploads\/2015\/03\/diaspora_.jpg\" \/>\n<meta name=\"twitter:label1\" content=\"Written by\" \/>\n\t<meta name=\"twitter:data1\" content=\"ulqini\" \/>\n\t<meta name=\"twitter:label2\" content=\"Est. reading time\" \/>\n\t<meta name=\"twitter:data2\" content=\"2 minutes\" \/>\n<script type=\"application\/ld+json\" class=\"yoast-schema-graph\">{\"@context\":\"https:\/\/schema.org\",\"@graph\":[{\"@type\":\"WebSite\",\"@id\":\"https:\/\/www.visit-ulcinj.com\/blog\/#website\",\"url\":\"https:\/\/www.visit-ulcinj.com\/blog\/\",\"name\":\"Lajme nga Ulqini\",\"description\":\"Lajme,Vijesti,Ulqini,Ulqin,Crna Gora,Mali i Zi\",\"potentialAction\":[{\"@type\":\"SearchAction\",\"target\":{\"@type\":\"EntryPoint\",\"urlTemplate\":\"https:\/\/www.visit-ulcinj.com\/blog\/?s={search_term_string}\"},\"query-input\":\"required name=search_term_string\"}],\"inLanguage\":\"en-US\"},{\"@type\":\"ImageObject\",\"inLanguage\":\"en-US\",\"@id\":\"https:\/\/www.visit-ulcinj.com\/blog\/2016\/04\/17\/diaspora-shqiptare-ne-shba-denon-djegien-e-flamujve-shqiptare-ne-podgorice\/#primaryimage\",\"url\":\"https:\/\/www.visit-ulcinj.com\/blog\/wp-content\/uploads\/2015\/03\/diaspora_.jpg\",\"contentUrl\":\"https:\/\/www.visit-ulcinj.com\/blog\/wp-content\/uploads\/2015\/03\/diaspora_.jpg\",\"width\":550,\"height\":170},{\"@type\":\"WebPage\",\"@id\":\"https:\/\/www.visit-ulcinj.com\/blog\/2016\/04\/17\/diaspora-shqiptare-ne-shba-denon-djegien-e-flamujve-shqiptare-ne-podgorice\/#webpage\",\"url\":\"https:\/\/www.visit-ulcinj.com\/blog\/2016\/04\/17\/diaspora-shqiptare-ne-shba-denon-djegien-e-flamujve-shqiptare-ne-podgorice\/\",\"name\":\"Diaspora shqiptare n\u00eb SHBA d\u00ebnon djegien e flamujve shqiptar\u00eb n\u00eb Podgoric\u00eb - Lajme nga Ulqini\",\"isPartOf\":{\"@id\":\"https:\/\/www.visit-ulcinj.com\/blog\/#website\"},\"primaryImageOfPage\":{\"@id\":\"https:\/\/www.visit-ulcinj.com\/blog\/2016\/04\/17\/diaspora-shqiptare-ne-shba-denon-djegien-e-flamujve-shqiptare-ne-podgorice\/#primaryimage\"},\"datePublished\":\"2016-04-17T15:43:01+00:00\",\"dateModified\":\"2016-04-17T16:01:35+00:00\",\"author\":{\"@id\":\"https:\/\/www.visit-ulcinj.com\/blog\/#\/schema\/person\/dcab619c614d3038751c63bc2aadc06d\"},\"description\":\"Gjat\u00eb shoqata t\u00eb diaspor\u00ebs shqiptare n\u00eb Shtetet e Bashkuara t\u00eb Amerik\u00ebs, kan\u00eb reaguar ndaj djegies s\u00eb flamujve komb\u00ebtar dhe shtet\u00ebror t\u00eb Shqip\u00ebris\u00eb dhe\",\"breadcrumb\":{\"@id\":\"https:\/\/www.visit-ulcinj.com\/blog\/2016\/04\/17\/diaspora-shqiptare-ne-shba-denon-djegien-e-flamujve-shqiptare-ne-podgorice\/#breadcrumb\"},\"inLanguage\":\"en-US\",\"potentialAction\":[{\"@type\":\"ReadAction\",\"target\":[\"https:\/\/www.visit-ulcinj.com\/blog\/2016\/04\/17\/diaspora-shqiptare-ne-shba-denon-djegien-e-flamujve-shqiptare-ne-podgorice\/\"]}]},{\"@type\":\"BreadcrumbList\",\"@id\":\"https:\/\/www.visit-ulcinj.com\/blog\/2016\/04\/17\/diaspora-shqiptare-ne-shba-denon-djegien-e-flamujve-shqiptare-ne-podgorice\/#breadcrumb\",\"itemListElement\":[{\"@type\":\"ListItem\",\"position\":1,\"name\":\"Diaspora shqiptare n\u00eb SHBA d\u00ebnon djegien e flamujve shqiptar\u00eb n\u00eb Podgoric\u00eb\"}]},{\"@type\":\"Person\",\"@id\":\"https:\/\/www.visit-ulcinj.com\/blog\/#\/schema\/person\/dcab619c614d3038751c63bc2aadc06d\",\"name\":\"ulqini\",\"sameAs\":[\"http:\/\/www.visit-ulcinj.com\"],\"url\":\"https:\/\/www.visit-ulcinj.com\/blog\/author\/admin\/\"}]}<\/script>\n<!-- \/ Yoast SEO plugin. -->","yoast_head_json":{"title":"Diaspora shqiptare n\u00eb SHBA d\u00ebnon djegien e flamujve shqiptar\u00eb n\u00eb Podgoric\u00eb - Lajme nga Ulqini","description":"Gjat\u00eb shoqata t\u00eb diaspor\u00ebs shqiptare n\u00eb Shtetet e Bashkuara t\u00eb Amerik\u00ebs, kan\u00eb reaguar ndaj djegies s\u00eb flamujve komb\u00ebtar dhe shtet\u00ebror t\u00eb Shqip\u00ebris\u00eb dhe","robots":{"index":"index","follow":"follow","max-snippet":"max-snippet:-1","max-image-preview":"max-image-preview:large","max-video-preview":"max-video-preview:-1"},"canonical":"https:\/\/www.visit-ulcinj.com\/blog\/2016\/04\/17\/diaspora-shqiptare-ne-shba-denon-djegien-e-flamujve-shqiptare-ne-podgorice\/","og_locale":"en_US","og_type":"article","og_title":"Diaspora shqiptare n\u00eb SHBA d\u00ebnon djegien e flamujve shqiptar\u00eb n\u00eb Podgoric\u00eb - Lajme nga Ulqini","og_description":"Gjat\u00eb shoqata t\u00eb diaspor\u00ebs shqiptare n\u00eb Shtetet e Bashkuara t\u00eb Amerik\u00ebs, kan\u00eb reaguar ndaj djegies s\u00eb flamujve komb\u00ebtar dhe shtet\u00ebror t\u00eb Shqip\u00ebris\u00eb dhe","og_url":"https:\/\/www.visit-ulcinj.com\/blog\/2016\/04\/17\/diaspora-shqiptare-ne-shba-denon-djegien-e-flamujve-shqiptare-ne-podgorice\/","og_site_name":"Lajme nga Ulqini","article_published_time":"2016-04-17T15:43:01+00:00","article_modified_time":"2016-04-17T16:01:35+00:00","og_image":[{"url":"http:\/\/www.visit-ulcinj.com\/blog\/wp-content\/uploads\/2015\/03\/diaspora_.jpg"}],"twitter_misc":{"Written by":"ulqini","Est. reading time":"2 minutes"},"schema":{"@context":"https:\/\/schema.org","@graph":[{"@type":"WebSite","@id":"https:\/\/www.visit-ulcinj.com\/blog\/#website","url":"https:\/\/www.visit-ulcinj.com\/blog\/","name":"Lajme nga Ulqini","description":"Lajme,Vijesti,Ulqini,Ulqin,Crna Gora,Mali i Zi","potentialAction":[{"@type":"SearchAction","target":{"@type":"EntryPoint","urlTemplate":"https:\/\/www.visit-ulcinj.com\/blog\/?s={search_term_string}"},"query-input":"required name=search_term_string"}],"inLanguage":"en-US"},{"@type":"ImageObject","inLanguage":"en-US","@id":"https:\/\/www.visit-ulcinj.com\/blog\/2016\/04\/17\/diaspora-shqiptare-ne-shba-denon-djegien-e-flamujve-shqiptare-ne-podgorice\/#primaryimage","url":"https:\/\/www.visit-ulcinj.com\/blog\/wp-content\/uploads\/2015\/03\/diaspora_.jpg","contentUrl":"https:\/\/www.visit-ulcinj.com\/blog\/wp-content\/uploads\/2015\/03\/diaspora_.jpg","width":550,"height":170},{"@type":"WebPage","@id":"https:\/\/www.visit-ulcinj.com\/blog\/2016\/04\/17\/diaspora-shqiptare-ne-shba-denon-djegien-e-flamujve-shqiptare-ne-podgorice\/#webpage","url":"https:\/\/www.visit-ulcinj.com\/blog\/2016\/04\/17\/diaspora-shqiptare-ne-shba-denon-djegien-e-flamujve-shqiptare-ne-podgorice\/","name":"Diaspora shqiptare n\u00eb SHBA d\u00ebnon djegien e flamujve shqiptar\u00eb n\u00eb Podgoric\u00eb - Lajme nga Ulqini","isPartOf":{"@id":"https:\/\/www.visit-ulcinj.com\/blog\/#website"},"primaryImageOfPage":{"@id":"https:\/\/www.visit-ulcinj.com\/blog\/2016\/04\/17\/diaspora-shqiptare-ne-shba-denon-djegien-e-flamujve-shqiptare-ne-podgorice\/#primaryimage"},"datePublished":"2016-04-17T15:43:01+00:00","dateModified":"2016-04-17T16:01:35+00:00","author":{"@id":"https:\/\/www.visit-ulcinj.com\/blog\/#\/schema\/person\/dcab619c614d3038751c63bc2aadc06d"},"description":"Gjat\u00eb shoqata t\u00eb diaspor\u00ebs shqiptare n\u00eb Shtetet e Bashkuara t\u00eb Amerik\u00ebs, kan\u00eb reaguar ndaj djegies s\u00eb flamujve komb\u00ebtar dhe shtet\u00ebror t\u00eb Shqip\u00ebris\u00eb dhe","breadcrumb":{"@id":"https:\/\/www.visit-ulcinj.com\/blog\/2016\/04\/17\/diaspora-shqiptare-ne-shba-denon-djegien-e-flamujve-shqiptare-ne-podgorice\/#breadcrumb"},"inLanguage":"en-US","potentialAction":[{"@type":"ReadAction","target":["https:\/\/www.visit-ulcinj.com\/blog\/2016\/04\/17\/diaspora-shqiptare-ne-shba-denon-djegien-e-flamujve-shqiptare-ne-podgorice\/"]}]},{"@type":"BreadcrumbList","@id":"https:\/\/www.visit-ulcinj.com\/blog\/2016\/04\/17\/diaspora-shqiptare-ne-shba-denon-djegien-e-flamujve-shqiptare-ne-podgorice\/#breadcrumb","itemListElement":[{"@type":"ListItem","position":1,"name":"Diaspora shqiptare n\u00eb SHBA d\u00ebnon djegien e flamujve shqiptar\u00eb n\u00eb Podgoric\u00eb"}]},{"@type":"Person","@id":"https:\/\/www.visit-ulcinj.com\/blog\/#\/schema\/person\/dcab619c614d3038751c63bc2aadc06d","name":"ulqini","sameAs":["http:\/\/www.visit-ulcinj.com"],"url":"https:\/\/www.visit-ulcinj.com\/blog\/author\/admin\/"}]}},"jetpack_featured_media_url":"","jetpack_sharing_enabled":true,"jetpack_shortlink":"https:\/\/wp.me\/pe6lTn-p3C","_links":{"self":[{"href":"https:\/\/www.visit-ulcinj.com\/blog\/wp-json\/wp\/v2\/posts\/96324"}],"collection":[{"href":"https:\/\/www.visit-ulcinj.com\/blog\/wp-json\/wp\/v2\/posts"}],"about":[{"href":"https:\/\/www.visit-ulcinj.com\/blog\/wp-json\/wp\/v2\/types\/post"}],"author":[{"embeddable":true,"href":"https:\/\/www.visit-ulcinj.com\/blog\/wp-json\/wp\/v2\/users\/1"}],"replies":[{"embeddable":true,"href":"https:\/\/www.visit-ulcinj.com\/blog\/wp-json\/wp\/v2\/comments?post=96324"}],"version-history":[{"count":3,"href":"https:\/\/www.visit-ulcinj.com\/blog\/wp-json\/wp\/v2\/posts\/96324\/revisions"}],"predecessor-version":[{"id":96330,"href":"https:\/\/www.visit-ulcinj.com\/blog\/wp-json\/wp\/v2\/posts\/96324\/revisions\/96330"}],"wp:attachment":[{"href":"https:\/\/www.visit-ulcinj.com\/blog\/wp-json\/wp\/v2\/media?parent=96324"}],"wp:term":[{"taxonomy":"category","embeddable":true,"href":"https:\/\/www.visit-ulcinj.com\/blog\/wp-json\/wp\/v2\/categories?post=96324"},{"taxonomy":"post_tag","embeddable":true,"href":"https:\/\/www.visit-ulcinj.com\/blog\/wp-json\/wp\/v2\/tags?post=96324"}],"curies":[{"name":"wp","href":"https:\/\/api.w.org\/{rel}","templated":true}]}}