{"id":96338,"date":"2016-04-17T18:00:04","date_gmt":"2016-04-17T17:00:04","guid":{"rendered":"http:\/\/www.visit-ulcinj.com\/blog\/?p=96338"},"modified":"2016-04-17T18:00:04","modified_gmt":"2016-04-17T17:00:04","slug":"ministarstvo-odgovorilo-svadereru-o-ulcinjskoj-solani","status":"publish","type":"post","link":"https:\/\/www.visit-ulcinj.com\/blog\/2016\/04\/17\/ministarstvo-odgovorilo-svadereru-o-ulcinjskoj-solani\/","title":{"rendered":"Ministarstvo odgovorilo \u0160vadereru o ulcinjskoj Solani"},"content":{"rendered":"<p><strong><a href=\"http:\/\/www.visit-ulcinj.com\/blog\/wp-content\/uploads\/2015\/01\/Ulcinjska-solana.jpg\"><img loading=\"lazy\" class=\"alignleft wp-image-88038\" src=\"http:\/\/www.visit-ulcinj.com\/blog\/wp-content\/uploads\/2015\/01\/Ulcinjska-solana.jpg\" alt=\"Ulcinjska-solana\" width=\"508\" height=\"226\" srcset=\"https:\/\/www.visit-ulcinj.com\/blog\/wp-content\/uploads\/2015\/01\/Ulcinjska-solana.jpg 960w, https:\/\/www.visit-ulcinj.com\/blog\/wp-content\/uploads\/2015\/01\/Ulcinjska-solana-300x133.jpg 300w\" sizes=\"(max-width: 508px) 100vw, 508px\" \/><\/a>D\u017eaba jezik grmi, ako snaga \u0161apu\u0107e<\/strong><\/p>\n<p><strong>Tvrde da su neta\u010dni navodi da Solana mo\u017ee biti uni\u0161tena pod naletima masovnog turizma<\/strong><\/p>\n<p><strong><span class=\"credits__author\"> Autor: Dejan Peruni\u010di\u0107 <\/span><\/strong><\/p>\n<p>Iz Ministarstva odr\u017eivog razvoja i turizma ocijenili su neozbiljnim tvrdnje izvr\u0161nog direktora organizacije EuroNatur Gabrijela \u0160vaderera koji je <a href=\"http:\/\/www.vijesti.me\/vijesti\/solana-je-korupcija-u-velikom-stilu-883941\" target=\"_blank\"><em><strong>optu\u017eio Vladu da \u017eeli da uni\u0161ti Solanu i da sve ukazuje na \u201ckorupciju u velikom stilu\u201d<\/strong><\/em><\/a>.<\/p>\n<p>&#8220;&#8216;Korupcija u velikom stilu&#8217;, &#8216;kako trenutno stvari stoje oni planiraju uni\u0161tenje Solane&#8217;, Solana &#8216;u opasnosti da bude \u017ertva pod naletima masovnog turizma&#8217;, &#8216;Solana ve\u0107 definisana kao privatno vlasni\u0161tvo&#8217;, Ministarstvo je &#8216;istu pjesmu pjevalo&#8217; i na konferenciji 2015&#8230; Iako moramo priznati odre\u0111enu jezi\u010dku dosjetljivost i prijem\u010divost, na koju se o\u010digledno i ciljalo, d\u017eaba &#8216;jezik grmi ako snaga \u0161apu\u0107e&#8217;\u201d, saop\u0161teno je iz Ministarstva.<\/p>\n<p>Oni su naveli da je neta\u010dna tvrdnja \u0160vaderera da \u00a0\u201cSolana mo\u017ee biti uni\u0161tena pod naletima masovnog turizma\u201c, jer \u00a0ne postoji formalno-pravna mogu\u0107nost da se na njoj izda gra\u0111evinska dozvola, s obzirom na to da je Prostorni plan posebne namjene za obalno podru\u010dje u fazi izrade, kao i prostorno-urbanisti\u010dki plan op\u0161tine Ulcinj.<\/p>\n<p>\u201cAko govorimo o planovima za budu\u0107nost, na 1.500 hektara Solane nema nikakvog &#8216;naleta masovnog turizma&#8217;, osim ako se pod tim \u00a0ne podrazumijeva izgradnju eko rizorta sa komplementarnim djelatnostima na oko \u0161est hektara, i to na podru\u010dju koje je ve\u0107 izgra\u0111eno\u201d, pi\u0161e u reagovanju<\/p>\n<p>Na navode da je u Planu Solana \u201eve\u0107 definisana kao privatno vlasni\u0161tvo\u201c, iz Ministartva odgovaraju \u00a0da je op\u0161tepoznato da planski dokument ne odre\u0111uje strukturu vlasni\u0161tva.<\/p>\n<p>\u201cSolana zaista nije stavljena pod za\u0161titu do kraja pro\u0161le godine. Kako je zakonski preduslov za to, izme\u0111u ostalog, izrada Studije za\u0161tite, a za koju se, tokom procesa dono\u0161enja, pokazalo da joj je potrebno revidovanje, tako je, prirodno, do\u0161lo do odre\u0111enog pomjeranja svih rokova, a nikako kr\u0161enja ranije preuzetih obaveza. Na kraju, ne \u010dini nam se nelogi\u010dnim ni pitanje kako strana nevladina organizacija, koja se bavi \u017eivotnom sredinom, ima kapacitete da nedvosmisleno utvrdi \u201ekorupciju u velikom stilu\u201c i sa tim \u201ezaklju\u010dkom\u201c lagodno i bez problema iza\u0111e u javnost, osim ako nije u me\u0111uvremenu preuzela funkciju pravosudnih organa\u201d.<\/p>\n<p><strong>Izvor: Vijesti Online<\/strong><\/p>\n","protected":false},"excerpt":{"rendered":"<p>D\u017eaba jezik grmi, ako snaga \u0161apu\u0107e Tvrde da su neta\u010dni navodi da Solana mo\u017ee biti uni\u0161tena pod naletima masovnog turizma Autor: Dejan Peruni\u010di\u0107 Iz Ministarstva odr\u017eivog razvoja i turizma ocijenili su neozbiljnim tvrdnje izvr\u0161nog direktora organizacije EuroNatur Gabrijela \u0160vaderera koji je optu\u017eio Vladu da \u017eeli da uni\u0161ti Solanu i da sve ukazuje na \u201ckorupciju u [&hellip;]<\/p>\n","protected":false},"author":1,"featured_media":0,"comment_status":"closed","ping_status":"closed","sticky":false,"template":"","format":"standard","meta":{"spay_email":"","jetpack_publicize_message":"","jetpack_is_tweetstorm":false,"jetpack_publicize_feature_enabled":true},"categories":[6950],"tags":[],"jetpack_publicize_connections":[],"yoast_head":"<!-- This site is optimized with the Yoast SEO plugin v19.1 - https:\/\/yoast.com\/wordpress\/plugins\/seo\/ -->\n<title>Ministarstvo odgovorilo \u0160vadereru o ulcinjskoj Solani - Lajme nga Ulqini<\/title>\n<meta name=\"description\" content=\"D\u017eaba jezik grmi, ako snaga \u0161apu\u0107e Tvrde da su neta\u010dni navodi da Solana mo\u017ee biti uni\u0161tena pod naletima masovnog turizma Autor: Dejan Peruni\u010di\u0107 Iz\" \/>\n<meta name=\"robots\" content=\"index, follow, max-snippet:-1, max-image-preview:large, max-video-preview:-1\" \/>\n<link rel=\"canonical\" href=\"https:\/\/www.visit-ulcinj.com\/blog\/2016\/04\/17\/ministarstvo-odgovorilo-svadereru-o-ulcinjskoj-solani\/\" \/>\n<meta property=\"og:locale\" content=\"en_US\" \/>\n<meta property=\"og:type\" content=\"article\" \/>\n<meta property=\"og:title\" content=\"Ministarstvo odgovorilo \u0160vadereru o ulcinjskoj Solani - Lajme nga Ulqini\" \/>\n<meta property=\"og:description\" content=\"D\u017eaba jezik grmi, ako snaga \u0161apu\u0107e Tvrde da su neta\u010dni navodi da Solana mo\u017ee biti uni\u0161tena pod naletima masovnog turizma Autor: Dejan Peruni\u010di\u0107 Iz\" \/>\n<meta property=\"og:url\" content=\"https:\/\/www.visit-ulcinj.com\/blog\/2016\/04\/17\/ministarstvo-odgovorilo-svadereru-o-ulcinjskoj-solani\/\" \/>\n<meta property=\"og:site_name\" content=\"Lajme nga Ulqini\" \/>\n<meta property=\"article:published_time\" content=\"2016-04-17T17:00:04+00:00\" \/>\n<meta property=\"og:image\" content=\"http:\/\/www.visit-ulcinj.com\/blog\/wp-content\/uploads\/2015\/01\/Ulcinjska-solana.jpg\" \/>\n<meta name=\"twitter:label1\" content=\"Written by\" \/>\n\t<meta name=\"twitter:data1\" content=\"ulqini\" \/>\n\t<meta name=\"twitter:label2\" content=\"Est. reading time\" \/>\n\t<meta name=\"twitter:data2\" content=\"2 minutes\" \/>\n<script type=\"application\/ld+json\" class=\"yoast-schema-graph\">{\"@context\":\"https:\/\/schema.org\",\"@graph\":[{\"@type\":\"WebSite\",\"@id\":\"https:\/\/www.visit-ulcinj.com\/blog\/#website\",\"url\":\"https:\/\/www.visit-ulcinj.com\/blog\/\",\"name\":\"Lajme nga Ulqini\",\"description\":\"Lajme,Vijesti,Ulqini,Ulqin,Crna Gora,Mali i Zi\",\"potentialAction\":[{\"@type\":\"SearchAction\",\"target\":{\"@type\":\"EntryPoint\",\"urlTemplate\":\"https:\/\/www.visit-ulcinj.com\/blog\/?s={search_term_string}\"},\"query-input\":\"required name=search_term_string\"}],\"inLanguage\":\"en-US\"},{\"@type\":\"ImageObject\",\"inLanguage\":\"en-US\",\"@id\":\"https:\/\/www.visit-ulcinj.com\/blog\/2016\/04\/17\/ministarstvo-odgovorilo-svadereru-o-ulcinjskoj-solani\/#primaryimage\",\"url\":\"https:\/\/www.visit-ulcinj.com\/blog\/wp-content\/uploads\/2015\/01\/Ulcinjska-solana.jpg\",\"contentUrl\":\"https:\/\/www.visit-ulcinj.com\/blog\/wp-content\/uploads\/2015\/01\/Ulcinjska-solana.jpg\",\"width\":960,\"height\":428},{\"@type\":\"WebPage\",\"@id\":\"https:\/\/www.visit-ulcinj.com\/blog\/2016\/04\/17\/ministarstvo-odgovorilo-svadereru-o-ulcinjskoj-solani\/#webpage\",\"url\":\"https:\/\/www.visit-ulcinj.com\/blog\/2016\/04\/17\/ministarstvo-odgovorilo-svadereru-o-ulcinjskoj-solani\/\",\"name\":\"Ministarstvo odgovorilo \u0160vadereru o ulcinjskoj Solani - Lajme nga Ulqini\",\"isPartOf\":{\"@id\":\"https:\/\/www.visit-ulcinj.com\/blog\/#website\"},\"primaryImageOfPage\":{\"@id\":\"https:\/\/www.visit-ulcinj.com\/blog\/2016\/04\/17\/ministarstvo-odgovorilo-svadereru-o-ulcinjskoj-solani\/#primaryimage\"},\"datePublished\":\"2016-04-17T17:00:04+00:00\",\"dateModified\":\"2016-04-17T17:00:04+00:00\",\"author\":{\"@id\":\"https:\/\/www.visit-ulcinj.com\/blog\/#\/schema\/person\/dcab619c614d3038751c63bc2aadc06d\"},\"description\":\"D\u017eaba jezik grmi, ako snaga \u0161apu\u0107e Tvrde da su neta\u010dni navodi da Solana mo\u017ee biti uni\u0161tena pod naletima masovnog turizma Autor: Dejan Peruni\u010di\u0107 Iz\",\"breadcrumb\":{\"@id\":\"https:\/\/www.visit-ulcinj.com\/blog\/2016\/04\/17\/ministarstvo-odgovorilo-svadereru-o-ulcinjskoj-solani\/#breadcrumb\"},\"inLanguage\":\"en-US\",\"potentialAction\":[{\"@type\":\"ReadAction\",\"target\":[\"https:\/\/www.visit-ulcinj.com\/blog\/2016\/04\/17\/ministarstvo-odgovorilo-svadereru-o-ulcinjskoj-solani\/\"]}]},{\"@type\":\"BreadcrumbList\",\"@id\":\"https:\/\/www.visit-ulcinj.com\/blog\/2016\/04\/17\/ministarstvo-odgovorilo-svadereru-o-ulcinjskoj-solani\/#breadcrumb\",\"itemListElement\":[{\"@type\":\"ListItem\",\"position\":1,\"name\":\"Ministarstvo odgovorilo \u0160vadereru o ulcinjskoj Solani\"}]},{\"@type\":\"Person\",\"@id\":\"https:\/\/www.visit-ulcinj.com\/blog\/#\/schema\/person\/dcab619c614d3038751c63bc2aadc06d\",\"name\":\"ulqini\",\"sameAs\":[\"http:\/\/www.visit-ulcinj.com\"],\"url\":\"https:\/\/www.visit-ulcinj.com\/blog\/author\/admin\/\"}]}<\/script>\n<!-- \/ Yoast SEO plugin. -->","yoast_head_json":{"title":"Ministarstvo odgovorilo \u0160vadereru o ulcinjskoj Solani - Lajme nga Ulqini","description":"D\u017eaba jezik grmi, ako snaga \u0161apu\u0107e Tvrde da su neta\u010dni navodi da Solana mo\u017ee biti uni\u0161tena pod naletima masovnog turizma Autor: Dejan Peruni\u010di\u0107 Iz","robots":{"index":"index","follow":"follow","max-snippet":"max-snippet:-1","max-image-preview":"max-image-preview:large","max-video-preview":"max-video-preview:-1"},"canonical":"https:\/\/www.visit-ulcinj.com\/blog\/2016\/04\/17\/ministarstvo-odgovorilo-svadereru-o-ulcinjskoj-solani\/","og_locale":"en_US","og_type":"article","og_title":"Ministarstvo odgovorilo \u0160vadereru o ulcinjskoj Solani - Lajme nga Ulqini","og_description":"D\u017eaba jezik grmi, ako snaga \u0161apu\u0107e Tvrde da su neta\u010dni navodi da Solana mo\u017ee biti uni\u0161tena pod naletima masovnog turizma Autor: Dejan Peruni\u010di\u0107 Iz","og_url":"https:\/\/www.visit-ulcinj.com\/blog\/2016\/04\/17\/ministarstvo-odgovorilo-svadereru-o-ulcinjskoj-solani\/","og_site_name":"Lajme nga Ulqini","article_published_time":"2016-04-17T17:00:04+00:00","og_image":[{"url":"http:\/\/www.visit-ulcinj.com\/blog\/wp-content\/uploads\/2015\/01\/Ulcinjska-solana.jpg"}],"twitter_misc":{"Written by":"ulqini","Est. reading time":"2 minutes"},"schema":{"@context":"https:\/\/schema.org","@graph":[{"@type":"WebSite","@id":"https:\/\/www.visit-ulcinj.com\/blog\/#website","url":"https:\/\/www.visit-ulcinj.com\/blog\/","name":"Lajme nga Ulqini","description":"Lajme,Vijesti,Ulqini,Ulqin,Crna Gora,Mali i Zi","potentialAction":[{"@type":"SearchAction","target":{"@type":"EntryPoint","urlTemplate":"https:\/\/www.visit-ulcinj.com\/blog\/?s={search_term_string}"},"query-input":"required name=search_term_string"}],"inLanguage":"en-US"},{"@type":"ImageObject","inLanguage":"en-US","@id":"https:\/\/www.visit-ulcinj.com\/blog\/2016\/04\/17\/ministarstvo-odgovorilo-svadereru-o-ulcinjskoj-solani\/#primaryimage","url":"https:\/\/www.visit-ulcinj.com\/blog\/wp-content\/uploads\/2015\/01\/Ulcinjska-solana.jpg","contentUrl":"https:\/\/www.visit-ulcinj.com\/blog\/wp-content\/uploads\/2015\/01\/Ulcinjska-solana.jpg","width":960,"height":428},{"@type":"WebPage","@id":"https:\/\/www.visit-ulcinj.com\/blog\/2016\/04\/17\/ministarstvo-odgovorilo-svadereru-o-ulcinjskoj-solani\/#webpage","url":"https:\/\/www.visit-ulcinj.com\/blog\/2016\/04\/17\/ministarstvo-odgovorilo-svadereru-o-ulcinjskoj-solani\/","name":"Ministarstvo odgovorilo \u0160vadereru o ulcinjskoj Solani - Lajme nga Ulqini","isPartOf":{"@id":"https:\/\/www.visit-ulcinj.com\/blog\/#website"},"primaryImageOfPage":{"@id":"https:\/\/www.visit-ulcinj.com\/blog\/2016\/04\/17\/ministarstvo-odgovorilo-svadereru-o-ulcinjskoj-solani\/#primaryimage"},"datePublished":"2016-04-17T17:00:04+00:00","dateModified":"2016-04-17T17:00:04+00:00","author":{"@id":"https:\/\/www.visit-ulcinj.com\/blog\/#\/schema\/person\/dcab619c614d3038751c63bc2aadc06d"},"description":"D\u017eaba jezik grmi, ako snaga \u0161apu\u0107e Tvrde da su neta\u010dni navodi da Solana mo\u017ee biti uni\u0161tena pod naletima masovnog turizma Autor: Dejan Peruni\u010di\u0107 Iz","breadcrumb":{"@id":"https:\/\/www.visit-ulcinj.com\/blog\/2016\/04\/17\/ministarstvo-odgovorilo-svadereru-o-ulcinjskoj-solani\/#breadcrumb"},"inLanguage":"en-US","potentialAction":[{"@type":"ReadAction","target":["https:\/\/www.visit-ulcinj.com\/blog\/2016\/04\/17\/ministarstvo-odgovorilo-svadereru-o-ulcinjskoj-solani\/"]}]},{"@type":"BreadcrumbList","@id":"https:\/\/www.visit-ulcinj.com\/blog\/2016\/04\/17\/ministarstvo-odgovorilo-svadereru-o-ulcinjskoj-solani\/#breadcrumb","itemListElement":[{"@type":"ListItem","position":1,"name":"Ministarstvo odgovorilo \u0160vadereru o ulcinjskoj Solani"}]},{"@type":"Person","@id":"https:\/\/www.visit-ulcinj.com\/blog\/#\/schema\/person\/dcab619c614d3038751c63bc2aadc06d","name":"ulqini","sameAs":["http:\/\/www.visit-ulcinj.com"],"url":"https:\/\/www.visit-ulcinj.com\/blog\/author\/admin\/"}]}},"jetpack_featured_media_url":"","jetpack_sharing_enabled":true,"jetpack_shortlink":"https:\/\/wp.me\/pe6lTn-p3Q","_links":{"self":[{"href":"https:\/\/www.visit-ulcinj.com\/blog\/wp-json\/wp\/v2\/posts\/96338"}],"collection":[{"href":"https:\/\/www.visit-ulcinj.com\/blog\/wp-json\/wp\/v2\/posts"}],"about":[{"href":"https:\/\/www.visit-ulcinj.com\/blog\/wp-json\/wp\/v2\/types\/post"}],"author":[{"embeddable":true,"href":"https:\/\/www.visit-ulcinj.com\/blog\/wp-json\/wp\/v2\/users\/1"}],"replies":[{"embeddable":true,"href":"https:\/\/www.visit-ulcinj.com\/blog\/wp-json\/wp\/v2\/comments?post=96338"}],"version-history":[{"count":1,"href":"https:\/\/www.visit-ulcinj.com\/blog\/wp-json\/wp\/v2\/posts\/96338\/revisions"}],"predecessor-version":[{"id":96339,"href":"https:\/\/www.visit-ulcinj.com\/blog\/wp-json\/wp\/v2\/posts\/96338\/revisions\/96339"}],"wp:attachment":[{"href":"https:\/\/www.visit-ulcinj.com\/blog\/wp-json\/wp\/v2\/media?parent=96338"}],"wp:term":[{"taxonomy":"category","embeddable":true,"href":"https:\/\/www.visit-ulcinj.com\/blog\/wp-json\/wp\/v2\/categories?post=96338"},{"taxonomy":"post_tag","embeddable":true,"href":"https:\/\/www.visit-ulcinj.com\/blog\/wp-json\/wp\/v2\/tags?post=96338"}],"curies":[{"name":"wp","href":"https:\/\/api.w.org\/{rel}","templated":true}]}}