{"id":9634,"date":"2009-01-22T20:42:32","date_gmt":"2009-01-22T19:42:32","guid":{"rendered":"http:\/\/www.visit-ulcinj.com\/blog\/?p=9634"},"modified":"2009-01-22T20:42:37","modified_gmt":"2009-01-22T19:42:37","slug":"djukanovic-s%e2%80%99ka-lidhje-me-vrasjen","status":"publish","type":"post","link":"https:\/\/www.visit-ulcinj.com\/blog\/2009\/01\/22\/djukanovic-s%e2%80%99ka-lidhje-me-vrasjen\/","title":{"rendered":"Djukanovic s\u2019ka lidhje me vrasjen"},"content":{"rendered":"<p><a rel=\"attachment wp-att-9635\" href=\"http:\/\/www.visit-ulcinj.com\/blog\/2009\/01\/22\/djukanovic-s%e2%80%99ka-lidhje-me-vrasjen\/veselin-veljovic_drejtori-i-drejtoratit-te-policise-se-malit-te-zi\/\"><img loading=\"lazy\" class=\"alignleft size-full wp-image-9635\" title=\"veselin-veljovic_drejtori-i-drejtoratit-te-policise-se-malit-te-zi\" src=\"http:\/\/www.visit-ulcinj.com\/blog\/wp-content\/uploads\/2009\/01\/veselin-veljovic_drejtori-i-drejtoratit-te-policise-se-malit-te-zi.jpg\" alt=\"veselin-veljovic_drejtori-i-drejtoratit-te-policise-se-malit-te-zi\" width=\"570\" height=\"400\" \/><\/a>Drejtori i Drejtoratit t\u00eb Policis\u00eb s\u00eb Malit t\u00eb Zi, Veselin Veljovic, i demantoi ashp\u00ebr pohimet e revist\u00ebs kroate \u2018Nacional\u2019, se kryeministri malazez, Djukanovic, dinte se p\u00ebr p\u00ebrgatitej vrasja e pronarit t\u00eb saj, Ivo Pukanic.<br \/>\n\u201cInformatat e Nacional, q\u00eb lidhen me deklaratat e disa zyrtar\u00ebve rreth p\u00ebrfshirjes ose njohurive p\u00ebr vrasjen e Ivo Pukanic, e n\u00eb t\u00eb cilat n\u00eb k\u00ebt\u00eb kontekst p\u00ebrmendet emri i Milo Djukanovic, jan\u00eb absolutisht t\u00eb pasakta\u201d, i tha Veljovic gazet\u00ebs malazeze \u2018Vjesti\u2019.<br \/>\n\u2018Nacional\u2019, n\u00eb tekstin \u201cMPB e Serbis\u00eb ndihmon, Mali i Zi saboton\u201d, vrasjen e Pukanic e lidhte me shkrimet p\u00ebr mafian e duhanit dhe me k\u00ebrc\u00ebnimet e biznesmenit serb, Stanko Subotic, i cili prezantohej si mik i kryeministrit Djukanovic.<br \/>\n<strong>Gazeta Express<\/strong><\/p>\n","protected":false},"excerpt":{"rendered":"<p>Drejtori i Drejtoratit t\u00eb Policis\u00eb s\u00eb Malit t\u00eb Zi, Veselin Veljovic, i demantoi ashp\u00ebr pohimet e revist\u00ebs kroate \u2018Nacional\u2019, se kryeministri malazez, Djukanovic, dinte se p\u00ebr p\u00ebrgatitej vrasja e pronarit t\u00eb saj, Ivo Pukanic. \u201cInformatat e Nacional, q\u00eb lidhen me deklaratat e disa zyrtar\u00ebve rreth p\u00ebrfshirjes ose njohurive p\u00ebr vrasjen e Ivo Pukanic, e n\u00eb [&hellip;]<\/p>\n","protected":false},"author":1,"featured_media":0,"comment_status":"open","ping_status":"closed","sticky":false,"template":"","format":"standard","meta":{"spay_email":"","jetpack_publicize_message":"","jetpack_is_tweetstorm":false,"jetpack_publicize_feature_enabled":true},"categories":[1],"tags":[6028,4913,95,1964,6031,6030,6029],"jetpack_publicize_connections":[],"yoast_head":"<!-- This site is optimized with the Yoast SEO plugin v19.1 - https:\/\/yoast.com\/wordpress\/plugins\/seo\/ -->\n<title>Djukanovic s\u2019ka lidhje me vrasjen - Lajme nga Ulqini<\/title>\n<meta name=\"description\" content=\"Drejtori i Drejtoratit t\u00eb Policis\u00eb s\u00eb Malit t\u00eb Zi, Veselin Veljovic, i demantoi ashp\u00ebr pohimet e revist\u00ebs kroate \u2018Nacional\u2019, se kryeministri malazez,\" \/>\n<meta name=\"robots\" content=\"index, follow, max-snippet:-1, max-image-preview:large, max-video-preview:-1\" \/>\n<link rel=\"canonical\" href=\"https:\/\/www.visit-ulcinj.com\/blog\/2009\/01\/22\/djukanovic-s\u2019ka-lidhje-me-vrasjen\/\" \/>\n<meta property=\"og:locale\" content=\"en_US\" \/>\n<meta property=\"og:type\" content=\"article\" \/>\n<meta property=\"og:title\" content=\"Djukanovic s\u2019ka lidhje me vrasjen - Lajme nga Ulqini\" \/>\n<meta property=\"og:description\" content=\"Drejtori i Drejtoratit t\u00eb Policis\u00eb s\u00eb Malit t\u00eb Zi, Veselin Veljovic, i demantoi ashp\u00ebr pohimet e revist\u00ebs kroate \u2018Nacional\u2019, se kryeministri malazez,\" \/>\n<meta property=\"og:url\" content=\"https:\/\/www.visit-ulcinj.com\/blog\/2009\/01\/22\/djukanovic-s\u2019ka-lidhje-me-vrasjen\/\" \/>\n<meta property=\"og:site_name\" content=\"Lajme nga Ulqini\" \/>\n<meta property=\"article:published_time\" content=\"2009-01-22T19:42:32+00:00\" \/>\n<meta property=\"article:modified_time\" content=\"2009-01-22T19:42:37+00:00\" \/>\n<meta property=\"og:image\" content=\"http:\/\/www.visit-ulcinj.com\/blog\/wp-content\/uploads\/2009\/01\/veselin-veljovic_drejtori-i-drejtoratit-te-policise-se-malit-te-zi.jpg\" \/>\n<meta name=\"twitter:label1\" content=\"Written by\" \/>\n\t<meta name=\"twitter:data1\" content=\"ulqini\" \/>\n\t<meta name=\"twitter:label2\" content=\"Est. reading time\" \/>\n\t<meta name=\"twitter:data2\" content=\"1 minute\" \/>\n<script type=\"application\/ld+json\" class=\"yoast-schema-graph\">{\"@context\":\"https:\/\/schema.org\",\"@graph\":[{\"@type\":\"WebSite\",\"@id\":\"https:\/\/www.visit-ulcinj.com\/blog\/#website\",\"url\":\"https:\/\/www.visit-ulcinj.com\/blog\/\",\"name\":\"Lajme nga Ulqini\",\"description\":\"Lajme,Vijesti,Ulqini,Ulqin,Crna Gora,Mali i Zi\",\"potentialAction\":[{\"@type\":\"SearchAction\",\"target\":{\"@type\":\"EntryPoint\",\"urlTemplate\":\"https:\/\/www.visit-ulcinj.com\/blog\/?s={search_term_string}\"},\"query-input\":\"required name=search_term_string\"}],\"inLanguage\":\"en-US\"},{\"@type\":\"ImageObject\",\"inLanguage\":\"en-US\",\"@id\":\"https:\/\/www.visit-ulcinj.com\/blog\/2009\/01\/22\/djukanovic-s%e2%80%99ka-lidhje-me-vrasjen\/#primaryimage\",\"url\":\"http:\/\/www.visit-ulcinj.com\/blog\/wp-content\/uploads\/2009\/01\/veselin-veljovic_drejtori-i-drejtoratit-te-policise-se-malit-te-zi.jpg\",\"contentUrl\":\"http:\/\/www.visit-ulcinj.com\/blog\/wp-content\/uploads\/2009\/01\/veselin-veljovic_drejtori-i-drejtoratit-te-policise-se-malit-te-zi.jpg\"},{\"@type\":\"WebPage\",\"@id\":\"https:\/\/www.visit-ulcinj.com\/blog\/2009\/01\/22\/djukanovic-s%e2%80%99ka-lidhje-me-vrasjen\/#webpage\",\"url\":\"https:\/\/www.visit-ulcinj.com\/blog\/2009\/01\/22\/djukanovic-s%e2%80%99ka-lidhje-me-vrasjen\/\",\"name\":\"Djukanovic s\u2019ka lidhje me vrasjen - Lajme nga Ulqini\",\"isPartOf\":{\"@id\":\"https:\/\/www.visit-ulcinj.com\/blog\/#website\"},\"primaryImageOfPage\":{\"@id\":\"https:\/\/www.visit-ulcinj.com\/blog\/2009\/01\/22\/djukanovic-s%e2%80%99ka-lidhje-me-vrasjen\/#primaryimage\"},\"datePublished\":\"2009-01-22T19:42:32+00:00\",\"dateModified\":\"2009-01-22T19:42:37+00:00\",\"author\":{\"@id\":\"https:\/\/www.visit-ulcinj.com\/blog\/#\/schema\/person\/dcab619c614d3038751c63bc2aadc06d\"},\"description\":\"Drejtori i Drejtoratit t\u00eb Policis\u00eb s\u00eb Malit t\u00eb Zi, Veselin Veljovic, i demantoi ashp\u00ebr pohimet e revist\u00ebs kroate \u2018Nacional\u2019, se kryeministri malazez,\",\"breadcrumb\":{\"@id\":\"https:\/\/www.visit-ulcinj.com\/blog\/2009\/01\/22\/djukanovic-s%e2%80%99ka-lidhje-me-vrasjen\/#breadcrumb\"},\"inLanguage\":\"en-US\",\"potentialAction\":[{\"@type\":\"ReadAction\",\"target\":[\"https:\/\/www.visit-ulcinj.com\/blog\/2009\/01\/22\/djukanovic-s%e2%80%99ka-lidhje-me-vrasjen\/\"]}]},{\"@type\":\"BreadcrumbList\",\"@id\":\"https:\/\/www.visit-ulcinj.com\/blog\/2009\/01\/22\/djukanovic-s%e2%80%99ka-lidhje-me-vrasjen\/#breadcrumb\",\"itemListElement\":[{\"@type\":\"ListItem\",\"position\":1,\"name\":\"Djukanovic s\u2019ka lidhje me vrasjen\"}]},{\"@type\":\"Person\",\"@id\":\"https:\/\/www.visit-ulcinj.com\/blog\/#\/schema\/person\/dcab619c614d3038751c63bc2aadc06d\",\"name\":\"ulqini\",\"sameAs\":[\"http:\/\/www.visit-ulcinj.com\"],\"url\":\"https:\/\/www.visit-ulcinj.com\/blog\/author\/admin\/\"}]}<\/script>\n<!-- \/ Yoast SEO plugin. -->","yoast_head_json":{"title":"Djukanovic s\u2019ka lidhje me vrasjen - Lajme nga Ulqini","description":"Drejtori i Drejtoratit t\u00eb Policis\u00eb s\u00eb Malit t\u00eb Zi, Veselin Veljovic, i demantoi ashp\u00ebr pohimet e revist\u00ebs kroate \u2018Nacional\u2019, se kryeministri malazez,","robots":{"index":"index","follow":"follow","max-snippet":"max-snippet:-1","max-image-preview":"max-image-preview:large","max-video-preview":"max-video-preview:-1"},"canonical":"https:\/\/www.visit-ulcinj.com\/blog\/2009\/01\/22\/djukanovic-s\u2019ka-lidhje-me-vrasjen\/","og_locale":"en_US","og_type":"article","og_title":"Djukanovic s\u2019ka lidhje me vrasjen - Lajme nga Ulqini","og_description":"Drejtori i Drejtoratit t\u00eb Policis\u00eb s\u00eb Malit t\u00eb Zi, Veselin Veljovic, i demantoi ashp\u00ebr pohimet e revist\u00ebs kroate \u2018Nacional\u2019, se kryeministri malazez,","og_url":"https:\/\/www.visit-ulcinj.com\/blog\/2009\/01\/22\/djukanovic-s\u2019ka-lidhje-me-vrasjen\/","og_site_name":"Lajme nga Ulqini","article_published_time":"2009-01-22T19:42:32+00:00","article_modified_time":"2009-01-22T19:42:37+00:00","og_image":[{"url":"http:\/\/www.visit-ulcinj.com\/blog\/wp-content\/uploads\/2009\/01\/veselin-veljovic_drejtori-i-drejtoratit-te-policise-se-malit-te-zi.jpg"}],"twitter_misc":{"Written by":"ulqini","Est. reading time":"1 minute"},"schema":{"@context":"https:\/\/schema.org","@graph":[{"@type":"WebSite","@id":"https:\/\/www.visit-ulcinj.com\/blog\/#website","url":"https:\/\/www.visit-ulcinj.com\/blog\/","name":"Lajme nga Ulqini","description":"Lajme,Vijesti,Ulqini,Ulqin,Crna Gora,Mali i Zi","potentialAction":[{"@type":"SearchAction","target":{"@type":"EntryPoint","urlTemplate":"https:\/\/www.visit-ulcinj.com\/blog\/?s={search_term_string}"},"query-input":"required name=search_term_string"}],"inLanguage":"en-US"},{"@type":"ImageObject","inLanguage":"en-US","@id":"https:\/\/www.visit-ulcinj.com\/blog\/2009\/01\/22\/djukanovic-s%e2%80%99ka-lidhje-me-vrasjen\/#primaryimage","url":"http:\/\/www.visit-ulcinj.com\/blog\/wp-content\/uploads\/2009\/01\/veselin-veljovic_drejtori-i-drejtoratit-te-policise-se-malit-te-zi.jpg","contentUrl":"http:\/\/www.visit-ulcinj.com\/blog\/wp-content\/uploads\/2009\/01\/veselin-veljovic_drejtori-i-drejtoratit-te-policise-se-malit-te-zi.jpg"},{"@type":"WebPage","@id":"https:\/\/www.visit-ulcinj.com\/blog\/2009\/01\/22\/djukanovic-s%e2%80%99ka-lidhje-me-vrasjen\/#webpage","url":"https:\/\/www.visit-ulcinj.com\/blog\/2009\/01\/22\/djukanovic-s%e2%80%99ka-lidhje-me-vrasjen\/","name":"Djukanovic s\u2019ka lidhje me vrasjen - Lajme nga Ulqini","isPartOf":{"@id":"https:\/\/www.visit-ulcinj.com\/blog\/#website"},"primaryImageOfPage":{"@id":"https:\/\/www.visit-ulcinj.com\/blog\/2009\/01\/22\/djukanovic-s%e2%80%99ka-lidhje-me-vrasjen\/#primaryimage"},"datePublished":"2009-01-22T19:42:32+00:00","dateModified":"2009-01-22T19:42:37+00:00","author":{"@id":"https:\/\/www.visit-ulcinj.com\/blog\/#\/schema\/person\/dcab619c614d3038751c63bc2aadc06d"},"description":"Drejtori i Drejtoratit t\u00eb Policis\u00eb s\u00eb Malit t\u00eb Zi, Veselin Veljovic, i demantoi ashp\u00ebr pohimet e revist\u00ebs kroate \u2018Nacional\u2019, se kryeministri malazez,","breadcrumb":{"@id":"https:\/\/www.visit-ulcinj.com\/blog\/2009\/01\/22\/djukanovic-s%e2%80%99ka-lidhje-me-vrasjen\/#breadcrumb"},"inLanguage":"en-US","potentialAction":[{"@type":"ReadAction","target":["https:\/\/www.visit-ulcinj.com\/blog\/2009\/01\/22\/djukanovic-s%e2%80%99ka-lidhje-me-vrasjen\/"]}]},{"@type":"BreadcrumbList","@id":"https:\/\/www.visit-ulcinj.com\/blog\/2009\/01\/22\/djukanovic-s%e2%80%99ka-lidhje-me-vrasjen\/#breadcrumb","itemListElement":[{"@type":"ListItem","position":1,"name":"Djukanovic s\u2019ka lidhje me vrasjen"}]},{"@type":"Person","@id":"https:\/\/www.visit-ulcinj.com\/blog\/#\/schema\/person\/dcab619c614d3038751c63bc2aadc06d","name":"ulqini","sameAs":["http:\/\/www.visit-ulcinj.com"],"url":"https:\/\/www.visit-ulcinj.com\/blog\/author\/admin\/"}]}},"jetpack_featured_media_url":"","jetpack_sharing_enabled":true,"jetpack_shortlink":"https:\/\/wp.me\/pe6lTn-2vo","_links":{"self":[{"href":"https:\/\/www.visit-ulcinj.com\/blog\/wp-json\/wp\/v2\/posts\/9634"}],"collection":[{"href":"https:\/\/www.visit-ulcinj.com\/blog\/wp-json\/wp\/v2\/posts"}],"about":[{"href":"https:\/\/www.visit-ulcinj.com\/blog\/wp-json\/wp\/v2\/types\/post"}],"author":[{"embeddable":true,"href":"https:\/\/www.visit-ulcinj.com\/blog\/wp-json\/wp\/v2\/users\/1"}],"replies":[{"embeddable":true,"href":"https:\/\/www.visit-ulcinj.com\/blog\/wp-json\/wp\/v2\/comments?post=9634"}],"version-history":[{"count":0,"href":"https:\/\/www.visit-ulcinj.com\/blog\/wp-json\/wp\/v2\/posts\/9634\/revisions"}],"wp:attachment":[{"href":"https:\/\/www.visit-ulcinj.com\/blog\/wp-json\/wp\/v2\/media?parent=9634"}],"wp:term":[{"taxonomy":"category","embeddable":true,"href":"https:\/\/www.visit-ulcinj.com\/blog\/wp-json\/wp\/v2\/categories?post=9634"},{"taxonomy":"post_tag","embeddable":true,"href":"https:\/\/www.visit-ulcinj.com\/blog\/wp-json\/wp\/v2\/tags?post=9634"}],"curies":[{"name":"wp","href":"https:\/\/api.w.org\/{rel}","templated":true}]}}