{"id":96347,"date":"2016-04-17T20:44:57","date_gmt":"2016-04-17T19:44:57","guid":{"rendered":"http:\/\/www.visit-ulcinj.com\/blog\/?p=96347"},"modified":"2016-04-17T20:47:37","modified_gmt":"2016-04-17T19:47:37","slug":"i-karamanaga-homazhe-per-te-ndjerin-rasim-becin","status":"publish","type":"post","link":"https:\/\/www.visit-ulcinj.com\/blog\/2016\/04\/17\/i-karamanaga-homazhe-per-te-ndjerin-rasim-becin\/","title":{"rendered":"I. Karamanaga: Homazhe per te ndjerin Rasim Becin"},"content":{"rendered":"<p><a href=\"http:\/\/www.visit-ulcinj.com\/blog\/wp-content\/uploads\/2016\/04\/Rasim-Beci-Hajro-Ulqinaku-Ulqin.jpg\"><img loading=\"lazy\" class=\"alignleft wp-image-96348\" src=\"http:\/\/www.visit-ulcinj.com\/blog\/wp-content\/uploads\/2016\/04\/Rasim-Beci-Hajro-Ulqinaku-Ulqin.jpg\" alt=\"Rasim-Beci-Hajro-Ulqinaku-Ulqin\" width=\"508\" height=\"381\" srcset=\"https:\/\/www.visit-ulcinj.com\/blog\/wp-content\/uploads\/2016\/04\/Rasim-Beci-Hajro-Ulqinaku-Ulqin.jpg 960w, https:\/\/www.visit-ulcinj.com\/blog\/wp-content\/uploads\/2016\/04\/Rasim-Beci-Hajro-Ulqinaku-Ulqin-300x225.jpg 300w\" sizes=\"(max-width: 508px) 100vw, 508px\" \/><\/a>U ba mi nap rahmet. Inshalla shpirti i tij \u00ebsht\u00eb n\u00eb Xhehnet. M\u00eb vjen shum\u00eb mir\u00eb q\u00eb e keni gjet\u00eb k\u00ebt\u00eb foto n\u00eb arkivin tim.<br \/>\nNe se m\u00eb lejohet ti shkruaj disa fjal\u00eb p\u00ebr k\u00ebt\u00eb nj\u00ebri kaq\u00eb t\u00eb dashur nga t\u00eb gjith\u00eb qytetar\u00ebt e Ulqinit , pa dallim feje apo nacionaliteti. M\u00eb duket se t\u00eb gjith\u00eb kan\u00eb pasur nj\u00eb respekt t\u00eb ve\u00e7ant\u00eb p\u00ebr Rasimin.<br \/>\nEdhe un\u00eb e kam dashur shum\u00eb, shpesh her\u00eb kemi pir\u00eb kafe n\u00eb Ran\u00eb. Edhe ai ndai meje ka pasur respekt.<br \/>\nM\u00eb duket se i <span class=\"text_exposed_show\">ka dashur t\u00eb gjith\u00eb Kalalit\u00eb, pasi q\u00eb edhe n\u00ebna e tij z. Laje ka qen\u00eb Kalalesh. P\u00ebr te edhe kjo dashuri p\u00ebr Kala dhe p\u00ebr Kalali. Edhe nj\u00eb fjali, p\u00ebr k\u00ebt\u00eb figur t\u00eb qytetit ton\u00eb e cila nuk jeton m\u00eb, por e cila ka l\u00ebn\u00eb gjurm\u00eb t\u00eb pashlyera n\u00eb Ulqin. Rasim Beci ka qen\u00eb nj\u00eb nd\u00ebr figurat m\u00eb markante t\u00eb qytetit ton\u00eb, i pash\u00ebm, i bukur i folur.<br \/>\nN\u00eb popullin ton\u00eb ka mbetur shprehja, se n\u00eb Ulqin gjithmon\u00eb jan\u00eb dalluar Rasim Beci dhe Bahri Mollazeqiri. Rahmet pa\u00e7in.<\/span><\/p>\n<p class=\"_5pbw\" data-ft=\"{&quot;tn&quot;:&quot;C&quot;}\"><strong><span class=\"fwn fcg\"><span class=\"fcg\"><span class=\"fwb\"><a class=\"profileLink\" href=\"https:\/\/www.facebook.com\/ismet.karamanaga\" data-ft=\"{&quot;tn&quot;:&quot;l&quot;}\" data-hovercard=\"\/ajax\/hovercard\/user.php?id=1359492972\">Ismet Karamanaga Facebook<\/a><\/span><\/span><\/span><\/strong><\/p>\n<p class=\"_5pbw\" data-ft=\"{&quot;tn&quot;:&quot;C&quot;}\"><strong>Edhe Nazif Veliqi i jep homazh\u00eb Rasim Becit nga faq\u00ebja Facebook<\/strong><\/p>\n<p class=\"_5pbw\" data-ft=\"{&quot;tn&quot;:&quot;C&quot;}\"><strong><a id=\"js_8v\" class=\" UFICommentActorName\" dir=\"ltr\" href=\"https:\/\/www.facebook.com\/nveliq?fref=ufi\" data-hovercard=\"\/ajax\/hovercard\/hovercard.php?id=586134273&amp;extragetparams=%7B%22is_public%22%3Afalse%2C%22hc_location%22%3A%22ufi%22%7D\" data-ft=\"{&quot;tn&quot;:&quot;;&quot;}\">Nazif Veliq<\/a><\/strong> <span data-ft=\"{&quot;tn&quot;:&quot;K&quot;}\"><span class=\"UFICommentBody _1n4g\">Edhe une kam kenaqesi ta kujtoj kete person te nderuar, te ndjerin Rasim Beci.<br \/>\nHORIZONTI i RI adresen e pare zyrtare e ka pasur ne shtepine qe Rasimi sapo kishte blere, perballe Gjimnazit. Aty kemi qendruar plot 7 vite dhe Rasimi eshte kujdesur per ne si per familjaret e tij. Vazhdimisht na ka keshilluar e na ka udhezuar me nje &#8220;shkolle te madhe jete&#8221; qe ai posedonte. Eksperiencat e tij jetesore kane qene te papershkrueshme, per cdoke interesante dhe perfituese.<\/p>\n<p>Pasardhesve te Rasimit iu deshiroj fat e shendet ne jete.<\/span><\/span><\/p>\n","protected":false},"excerpt":{"rendered":"<p>U ba mi nap rahmet. Inshalla shpirti i tij \u00ebsht\u00eb n\u00eb Xhehnet. M\u00eb vjen shum\u00eb mir\u00eb q\u00eb e keni gjet\u00eb k\u00ebt\u00eb foto n\u00eb arkivin tim. Ne se m\u00eb lejohet ti shkruaj disa fjal\u00eb p\u00ebr k\u00ebt\u00eb nj\u00ebri kaq\u00eb t\u00eb dashur nga t\u00eb gjith\u00eb qytetar\u00ebt e Ulqinit , pa dallim feje apo nacionaliteti. M\u00eb duket se t\u00eb [&hellip;]<\/p>\n","protected":false},"author":1,"featured_media":0,"comment_status":"closed","ping_status":"closed","sticky":false,"template":"","format":"standard","meta":{"spay_email":"","jetpack_publicize_message":"","jetpack_is_tweetstorm":false,"jetpack_publicize_feature_enabled":true},"categories":[6950],"tags":[],"jetpack_publicize_connections":[],"yoast_head":"<!-- This site is optimized with the Yoast SEO plugin v19.1 - https:\/\/yoast.com\/wordpress\/plugins\/seo\/ -->\n<title>I. Karamanaga: Homazhe per te ndjerin Rasim Becin - Lajme nga Ulqini<\/title>\n<meta name=\"description\" content=\"U ba mi nap rahmet. Inshalla shpirti i tij \u00ebsht\u00eb n\u00eb Xhehnet. M\u00eb vjen shum\u00eb mir\u00eb q\u00eb e keni gjet\u00eb k\u00ebt\u00eb foto n\u00eb arkivin tim. Ne se m\u00eb lejohet ti shkruaj disa\" \/>\n<meta name=\"robots\" content=\"index, follow, max-snippet:-1, max-image-preview:large, max-video-preview:-1\" \/>\n<link rel=\"canonical\" href=\"https:\/\/www.visit-ulcinj.com\/blog\/2016\/04\/17\/i-karamanaga-homazhe-per-te-ndjerin-rasim-becin\/\" \/>\n<meta property=\"og:locale\" content=\"en_US\" \/>\n<meta property=\"og:type\" content=\"article\" \/>\n<meta property=\"og:title\" content=\"I. Karamanaga: Homazhe per te ndjerin Rasim Becin - Lajme nga Ulqini\" \/>\n<meta property=\"og:description\" content=\"U ba mi nap rahmet. Inshalla shpirti i tij \u00ebsht\u00eb n\u00eb Xhehnet. M\u00eb vjen shum\u00eb mir\u00eb q\u00eb e keni gjet\u00eb k\u00ebt\u00eb foto n\u00eb arkivin tim. Ne se m\u00eb lejohet ti shkruaj disa\" \/>\n<meta property=\"og:url\" content=\"https:\/\/www.visit-ulcinj.com\/blog\/2016\/04\/17\/i-karamanaga-homazhe-per-te-ndjerin-rasim-becin\/\" \/>\n<meta property=\"og:site_name\" content=\"Lajme nga Ulqini\" \/>\n<meta property=\"article:published_time\" content=\"2016-04-17T19:44:57+00:00\" \/>\n<meta property=\"article:modified_time\" content=\"2016-04-17T19:47:37+00:00\" \/>\n<meta property=\"og:image\" content=\"http:\/\/www.visit-ulcinj.com\/blog\/wp-content\/uploads\/2016\/04\/Rasim-Beci-Hajro-Ulqinaku-Ulqin.jpg\" \/>\n<meta name=\"twitter:label1\" content=\"Written by\" \/>\n\t<meta name=\"twitter:data1\" content=\"ulqini\" \/>\n\t<meta name=\"twitter:label2\" content=\"Est. reading time\" \/>\n\t<meta name=\"twitter:data2\" content=\"1 minute\" \/>\n<script type=\"application\/ld+json\" class=\"yoast-schema-graph\">{\"@context\":\"https:\/\/schema.org\",\"@graph\":[{\"@type\":\"WebSite\",\"@id\":\"https:\/\/www.visit-ulcinj.com\/blog\/#website\",\"url\":\"https:\/\/www.visit-ulcinj.com\/blog\/\",\"name\":\"Lajme nga Ulqini\",\"description\":\"Lajme,Vijesti,Ulqini,Ulqin,Crna Gora,Mali i Zi\",\"potentialAction\":[{\"@type\":\"SearchAction\",\"target\":{\"@type\":\"EntryPoint\",\"urlTemplate\":\"https:\/\/www.visit-ulcinj.com\/blog\/?s={search_term_string}\"},\"query-input\":\"required name=search_term_string\"}],\"inLanguage\":\"en-US\"},{\"@type\":\"ImageObject\",\"inLanguage\":\"en-US\",\"@id\":\"https:\/\/www.visit-ulcinj.com\/blog\/2016\/04\/17\/i-karamanaga-homazhe-per-te-ndjerin-rasim-becin\/#primaryimage\",\"url\":\"https:\/\/www.visit-ulcinj.com\/blog\/wp-content\/uploads\/2016\/04\/Rasim-Beci-Hajro-Ulqinaku-Ulqin.jpg\",\"contentUrl\":\"https:\/\/www.visit-ulcinj.com\/blog\/wp-content\/uploads\/2016\/04\/Rasim-Beci-Hajro-Ulqinaku-Ulqin.jpg\",\"width\":960,\"height\":720},{\"@type\":\"WebPage\",\"@id\":\"https:\/\/www.visit-ulcinj.com\/blog\/2016\/04\/17\/i-karamanaga-homazhe-per-te-ndjerin-rasim-becin\/#webpage\",\"url\":\"https:\/\/www.visit-ulcinj.com\/blog\/2016\/04\/17\/i-karamanaga-homazhe-per-te-ndjerin-rasim-becin\/\",\"name\":\"I. Karamanaga: Homazhe per te ndjerin Rasim Becin - Lajme nga Ulqini\",\"isPartOf\":{\"@id\":\"https:\/\/www.visit-ulcinj.com\/blog\/#website\"},\"primaryImageOfPage\":{\"@id\":\"https:\/\/www.visit-ulcinj.com\/blog\/2016\/04\/17\/i-karamanaga-homazhe-per-te-ndjerin-rasim-becin\/#primaryimage\"},\"datePublished\":\"2016-04-17T19:44:57+00:00\",\"dateModified\":\"2016-04-17T19:47:37+00:00\",\"author\":{\"@id\":\"https:\/\/www.visit-ulcinj.com\/blog\/#\/schema\/person\/dcab619c614d3038751c63bc2aadc06d\"},\"description\":\"U ba mi nap rahmet. Inshalla shpirti i tij \u00ebsht\u00eb n\u00eb Xhehnet. M\u00eb vjen shum\u00eb mir\u00eb q\u00eb e keni gjet\u00eb k\u00ebt\u00eb foto n\u00eb arkivin tim. Ne se m\u00eb lejohet ti shkruaj disa\",\"breadcrumb\":{\"@id\":\"https:\/\/www.visit-ulcinj.com\/blog\/2016\/04\/17\/i-karamanaga-homazhe-per-te-ndjerin-rasim-becin\/#breadcrumb\"},\"inLanguage\":\"en-US\",\"potentialAction\":[{\"@type\":\"ReadAction\",\"target\":[\"https:\/\/www.visit-ulcinj.com\/blog\/2016\/04\/17\/i-karamanaga-homazhe-per-te-ndjerin-rasim-becin\/\"]}]},{\"@type\":\"BreadcrumbList\",\"@id\":\"https:\/\/www.visit-ulcinj.com\/blog\/2016\/04\/17\/i-karamanaga-homazhe-per-te-ndjerin-rasim-becin\/#breadcrumb\",\"itemListElement\":[{\"@type\":\"ListItem\",\"position\":1,\"name\":\"I. Karamanaga: Homazhe per te ndjerin Rasim Becin\"}]},{\"@type\":\"Person\",\"@id\":\"https:\/\/www.visit-ulcinj.com\/blog\/#\/schema\/person\/dcab619c614d3038751c63bc2aadc06d\",\"name\":\"ulqini\",\"sameAs\":[\"http:\/\/www.visit-ulcinj.com\"],\"url\":\"https:\/\/www.visit-ulcinj.com\/blog\/author\/admin\/\"}]}<\/script>\n<!-- \/ Yoast SEO plugin. -->","yoast_head_json":{"title":"I. Karamanaga: Homazhe per te ndjerin Rasim Becin - Lajme nga Ulqini","description":"U ba mi nap rahmet. Inshalla shpirti i tij \u00ebsht\u00eb n\u00eb Xhehnet. M\u00eb vjen shum\u00eb mir\u00eb q\u00eb e keni gjet\u00eb k\u00ebt\u00eb foto n\u00eb arkivin tim. Ne se m\u00eb lejohet ti shkruaj disa","robots":{"index":"index","follow":"follow","max-snippet":"max-snippet:-1","max-image-preview":"max-image-preview:large","max-video-preview":"max-video-preview:-1"},"canonical":"https:\/\/www.visit-ulcinj.com\/blog\/2016\/04\/17\/i-karamanaga-homazhe-per-te-ndjerin-rasim-becin\/","og_locale":"en_US","og_type":"article","og_title":"I. Karamanaga: Homazhe per te ndjerin Rasim Becin - Lajme nga Ulqini","og_description":"U ba mi nap rahmet. Inshalla shpirti i tij \u00ebsht\u00eb n\u00eb Xhehnet. M\u00eb vjen shum\u00eb mir\u00eb q\u00eb e keni gjet\u00eb k\u00ebt\u00eb foto n\u00eb arkivin tim. Ne se m\u00eb lejohet ti shkruaj disa","og_url":"https:\/\/www.visit-ulcinj.com\/blog\/2016\/04\/17\/i-karamanaga-homazhe-per-te-ndjerin-rasim-becin\/","og_site_name":"Lajme nga Ulqini","article_published_time":"2016-04-17T19:44:57+00:00","article_modified_time":"2016-04-17T19:47:37+00:00","og_image":[{"url":"http:\/\/www.visit-ulcinj.com\/blog\/wp-content\/uploads\/2016\/04\/Rasim-Beci-Hajro-Ulqinaku-Ulqin.jpg"}],"twitter_misc":{"Written by":"ulqini","Est. reading time":"1 minute"},"schema":{"@context":"https:\/\/schema.org","@graph":[{"@type":"WebSite","@id":"https:\/\/www.visit-ulcinj.com\/blog\/#website","url":"https:\/\/www.visit-ulcinj.com\/blog\/","name":"Lajme nga Ulqini","description":"Lajme,Vijesti,Ulqini,Ulqin,Crna Gora,Mali i Zi","potentialAction":[{"@type":"SearchAction","target":{"@type":"EntryPoint","urlTemplate":"https:\/\/www.visit-ulcinj.com\/blog\/?s={search_term_string}"},"query-input":"required name=search_term_string"}],"inLanguage":"en-US"},{"@type":"ImageObject","inLanguage":"en-US","@id":"https:\/\/www.visit-ulcinj.com\/blog\/2016\/04\/17\/i-karamanaga-homazhe-per-te-ndjerin-rasim-becin\/#primaryimage","url":"https:\/\/www.visit-ulcinj.com\/blog\/wp-content\/uploads\/2016\/04\/Rasim-Beci-Hajro-Ulqinaku-Ulqin.jpg","contentUrl":"https:\/\/www.visit-ulcinj.com\/blog\/wp-content\/uploads\/2016\/04\/Rasim-Beci-Hajro-Ulqinaku-Ulqin.jpg","width":960,"height":720},{"@type":"WebPage","@id":"https:\/\/www.visit-ulcinj.com\/blog\/2016\/04\/17\/i-karamanaga-homazhe-per-te-ndjerin-rasim-becin\/#webpage","url":"https:\/\/www.visit-ulcinj.com\/blog\/2016\/04\/17\/i-karamanaga-homazhe-per-te-ndjerin-rasim-becin\/","name":"I. Karamanaga: Homazhe per te ndjerin Rasim Becin - Lajme nga Ulqini","isPartOf":{"@id":"https:\/\/www.visit-ulcinj.com\/blog\/#website"},"primaryImageOfPage":{"@id":"https:\/\/www.visit-ulcinj.com\/blog\/2016\/04\/17\/i-karamanaga-homazhe-per-te-ndjerin-rasim-becin\/#primaryimage"},"datePublished":"2016-04-17T19:44:57+00:00","dateModified":"2016-04-17T19:47:37+00:00","author":{"@id":"https:\/\/www.visit-ulcinj.com\/blog\/#\/schema\/person\/dcab619c614d3038751c63bc2aadc06d"},"description":"U ba mi nap rahmet. Inshalla shpirti i tij \u00ebsht\u00eb n\u00eb Xhehnet. M\u00eb vjen shum\u00eb mir\u00eb q\u00eb e keni gjet\u00eb k\u00ebt\u00eb foto n\u00eb arkivin tim. Ne se m\u00eb lejohet ti shkruaj disa","breadcrumb":{"@id":"https:\/\/www.visit-ulcinj.com\/blog\/2016\/04\/17\/i-karamanaga-homazhe-per-te-ndjerin-rasim-becin\/#breadcrumb"},"inLanguage":"en-US","potentialAction":[{"@type":"ReadAction","target":["https:\/\/www.visit-ulcinj.com\/blog\/2016\/04\/17\/i-karamanaga-homazhe-per-te-ndjerin-rasim-becin\/"]}]},{"@type":"BreadcrumbList","@id":"https:\/\/www.visit-ulcinj.com\/blog\/2016\/04\/17\/i-karamanaga-homazhe-per-te-ndjerin-rasim-becin\/#breadcrumb","itemListElement":[{"@type":"ListItem","position":1,"name":"I. Karamanaga: Homazhe per te ndjerin Rasim Becin"}]},{"@type":"Person","@id":"https:\/\/www.visit-ulcinj.com\/blog\/#\/schema\/person\/dcab619c614d3038751c63bc2aadc06d","name":"ulqini","sameAs":["http:\/\/www.visit-ulcinj.com"],"url":"https:\/\/www.visit-ulcinj.com\/blog\/author\/admin\/"}]}},"jetpack_featured_media_url":"","jetpack_sharing_enabled":true,"jetpack_shortlink":"https:\/\/wp.me\/pe6lTn-p3Z","_links":{"self":[{"href":"https:\/\/www.visit-ulcinj.com\/blog\/wp-json\/wp\/v2\/posts\/96347"}],"collection":[{"href":"https:\/\/www.visit-ulcinj.com\/blog\/wp-json\/wp\/v2\/posts"}],"about":[{"href":"https:\/\/www.visit-ulcinj.com\/blog\/wp-json\/wp\/v2\/types\/post"}],"author":[{"embeddable":true,"href":"https:\/\/www.visit-ulcinj.com\/blog\/wp-json\/wp\/v2\/users\/1"}],"replies":[{"embeddable":true,"href":"https:\/\/www.visit-ulcinj.com\/blog\/wp-json\/wp\/v2\/comments?post=96347"}],"version-history":[{"count":3,"href":"https:\/\/www.visit-ulcinj.com\/blog\/wp-json\/wp\/v2\/posts\/96347\/revisions"}],"predecessor-version":[{"id":96351,"href":"https:\/\/www.visit-ulcinj.com\/blog\/wp-json\/wp\/v2\/posts\/96347\/revisions\/96351"}],"wp:attachment":[{"href":"https:\/\/www.visit-ulcinj.com\/blog\/wp-json\/wp\/v2\/media?parent=96347"}],"wp:term":[{"taxonomy":"category","embeddable":true,"href":"https:\/\/www.visit-ulcinj.com\/blog\/wp-json\/wp\/v2\/categories?post=96347"},{"taxonomy":"post_tag","embeddable":true,"href":"https:\/\/www.visit-ulcinj.com\/blog\/wp-json\/wp\/v2\/tags?post=96347"}],"curies":[{"name":"wp","href":"https:\/\/api.w.org\/{rel}","templated":true}]}}