{"id":96382,"date":"2016-04-20T17:37:53","date_gmt":"2016-04-20T16:37:53","guid":{"rendered":"http:\/\/www.visit-ulcinj.com\/blog\/?p=96382"},"modified":"2016-04-21T15:11:38","modified_gmt":"2016-04-21T14:11:38","slug":"ulqinaket-joshin-kosovaret-per-pushime","status":"publish","type":"post","link":"https:\/\/www.visit-ulcinj.com\/blog\/2016\/04\/20\/ulqinaket-joshin-kosovaret-per-pushime\/","title":{"rendered":"Ulqinak\u00ebt joshin kosovar\u00ebt p\u00ebr pushime"},"content":{"rendered":"<div class=\"entry-content\">\n<p><a href=\"http:\/\/www.visit-ulcinj.com\/blog\/wp-content\/uploads\/2016\/04\/Pamje-mahnit\u00ebse-nga-Ulqini.jpg\"><img loading=\"lazy\" class=\"alignleft wp-image-95970\" src=\"http:\/\/www.visit-ulcinj.com\/blog\/wp-content\/uploads\/2016\/04\/Pamje-mahnit\u00ebse-nga-Ulqini.jpg\" alt=\"Pamje mahnit\u00ebse nga Ulqini\" width=\"508\" height=\"260\" srcset=\"https:\/\/www.visit-ulcinj.com\/blog\/wp-content\/uploads\/2016\/04\/Pamje-mahnit\u00ebse-nga-Ulqini.jpg 853w, https:\/\/www.visit-ulcinj.com\/blog\/wp-content\/uploads\/2016\/04\/Pamje-mahnit\u00ebse-nga-Ulqini-300x154.jpg 300w\" sizes=\"(max-width: 508px) 100vw, 508px\" \/><\/a>Me ngritjen e temperaturave\u00a0 jo vet\u00ebm qytetar\u00ebt, por edhe pronar\u00ebt e \u00a0fush\u00ebs s\u00eb hotelieris\u00eb, \u00a0organizata e agjcionet turiztike dhe Komuna e Ulqinit, kan\u00eb nisur me p\u00ebrgatitjet p\u00ebr pritjen e tuyrist\u00ebve.<\/p>\n<p>Gjithandej Ulqinit shihen \u00a0njer\u00ebz duke punuar e disa t\u00eb tjer\u00eb pritet q\u00eb n\u00eb dit\u00ebt n\u00eb vijim t\u00eb jen\u00eb gati p\u00ebr t\u00eb pritur turist\u00ebt dhe at\u00eb nga 1 maji, kur edhe num\u00ebr i madh i turist\u00ebve sidomos nga Kosova ia m\u00ebsyejn\u00eb bregdetit t\u00eb Ulqinit.<\/p>\n<p>Edhe kryetari i ri i Komun\u00ebs s\u00eb Ulqinit, Nazif Cungu, me t\u00eb nisur mandatin e ka garantuar nj\u00eb angazhim maksimal t\u00eb t\u00eb gjitha strukturave dhe marrjen e masave p\u00ebr t\u00eb pasur nj\u00eb sezon turistik sa m\u00eb t\u00eb suksessh\u00ebm.<\/p>\n<p>Ai menj\u00ebher\u00eb ka takuar plazhist\u00ebt, p\u00ebrfaq\u00ebsuesit e agjencive turistike, afarist\u00ebt, pronar\u00ebt e hoteleve dhe restoranteve, duke siguaruar \u00a0nga t\u00eb gjith\u00eb p\u00ebr p\u00ebrgatitjet e sezonit turistik,<\/p>\n<p>Nazif Cungur, kryetar i Komun\u00ebs s\u00eb Ulqinit, tha p\u00ebr portalin \u201cToskanapress.info\u201d, se jan\u00eb b\u00ebr\u00eb p\u00ebrgatitjet adekuate p\u00ebr k\u00ebt\u00eb sezon\u00eb turistike \u00a0me q\u00ebllim t\u00eb rrjedh\u00ebs normale t\u00eb saj.<\/p>\n<p>Ai pret q\u00eb edhe sivjet numri m\u00eb i madh i turist\u00ebve t\u00eb jet\u00eb nga Kosova, t\u00eb cil\u00ebt tashm\u00eb Ulqinin tradicionalisht e shfryt\u00ebzojn\u00eb p\u00ebr pushime.<\/p>\n<p>Ulqini do t\u00eb ofroj p\u00ebr turist\u00ebt past\u00ebrti, furnizim me uj\u00eb, energji elektrike dhe ku mikpritja tradicionale dhe sjellja e kulturuar e t\u00eb gjith\u00ebve edhe k\u00ebt\u00eb sezon t\u00eb b\u00ebj\u00eb p\u00ebr\u00a0 vehte mysafir\u00ebt q\u00eb t\u00eb vizitojn\u00eb masovikisht Ulqinin.<\/p>\n<p>Zyrtar\u00ebt e lart\u00eb t\u00eb Komun\u00ebs s\u00eb Ulqinit, ata t\u00eb organizat\u00ebs Turistike, plazhist\u00ebt, p\u00ebrfaq\u00ebsuesit e agjencive turistike, afarist\u00ebt, pronar\u00ebt e hoteleve dhe restoranteve, \u00a0tashm\u00eb kan\u00eb ardhur n\u00eb Prishtin\u00eb p\u00ebr t\u00eb prmovuar Ulqinin si nj\u00eb atraksion t\u00eb v\u00ebrtet para qytetar\u00ebve t\u00eb Kosov\u00ebs n\u00eb Panairin e Turizmit.<\/p>\n<p><strong> Toskanapress.info<\/strong><\/p>\n<p><iframe loading=\"lazy\" src=\"\/\/www.dailymotion.com\/embed\/video\/x44f0yf?autoPlay=1\" width=\"508\" height=\"315\" frameborder=\"0\" allowfullscreen=\"allowfullscreen\"><\/iframe><\/p>\n<\/div>\n","protected":false},"excerpt":{"rendered":"<p>Me ngritjen e temperaturave\u00a0 jo vet\u00ebm qytetar\u00ebt, por edhe pronar\u00ebt e \u00a0fush\u00ebs s\u00eb hotelieris\u00eb, \u00a0organizata e agjcionet turiztike dhe Komuna e Ulqinit, kan\u00eb nisur me p\u00ebrgatitjet p\u00ebr pritjen e tuyrist\u00ebve. Gjithandej Ulqinit shihen \u00a0njer\u00ebz duke punuar e disa t\u00eb tjer\u00eb pritet q\u00eb n\u00eb dit\u00ebt n\u00eb vijim t\u00eb jen\u00eb gati p\u00ebr t\u00eb pritur turist\u00ebt dhe at\u00eb [&hellip;]<\/p>\n","protected":false},"author":1,"featured_media":0,"comment_status":"closed","ping_status":"closed","sticky":false,"template":"","format":"standard","meta":{"spay_email":"","jetpack_publicize_message":"","jetpack_is_tweetstorm":false,"jetpack_publicize_feature_enabled":true},"categories":[1,15],"tags":[],"jetpack_publicize_connections":[],"yoast_head":"<!-- This site is optimized with the Yoast SEO plugin v19.1 - https:\/\/yoast.com\/wordpress\/plugins\/seo\/ -->\n<title>Ulqinak\u00ebt joshin kosovar\u00ebt p\u00ebr pushime - Lajme nga Ulqini<\/title>\n<meta name=\"description\" content=\"Me ngritjen e temperaturave\u00a0 jo vet\u00ebm qytetar\u00ebt, por edhe pronar\u00ebt e \u00a0fush\u00ebs s\u00eb hotelieris\u00eb, \u00a0organizata e agjcionet turiztike dhe Komuna e Ulqinit, kan\u00eb\" \/>\n<meta name=\"robots\" content=\"index, follow, max-snippet:-1, max-image-preview:large, max-video-preview:-1\" \/>\n<link rel=\"canonical\" href=\"https:\/\/www.visit-ulcinj.com\/blog\/2016\/04\/20\/ulqinaket-joshin-kosovaret-per-pushime\/\" \/>\n<meta property=\"og:locale\" content=\"en_US\" \/>\n<meta property=\"og:type\" content=\"article\" \/>\n<meta property=\"og:title\" content=\"Ulqinak\u00ebt joshin kosovar\u00ebt p\u00ebr pushime - Lajme nga Ulqini\" \/>\n<meta property=\"og:description\" content=\"Me ngritjen e temperaturave\u00a0 jo vet\u00ebm qytetar\u00ebt, por edhe pronar\u00ebt e \u00a0fush\u00ebs s\u00eb hotelieris\u00eb, \u00a0organizata e agjcionet turiztike dhe Komuna e Ulqinit, kan\u00eb\" \/>\n<meta property=\"og:url\" content=\"https:\/\/www.visit-ulcinj.com\/blog\/2016\/04\/20\/ulqinaket-joshin-kosovaret-per-pushime\/\" \/>\n<meta property=\"og:site_name\" content=\"Lajme nga Ulqini\" \/>\n<meta property=\"article:published_time\" content=\"2016-04-20T16:37:53+00:00\" \/>\n<meta property=\"article:modified_time\" content=\"2016-04-21T14:11:38+00:00\" \/>\n<meta name=\"twitter:label1\" content=\"Written by\" \/>\n\t<meta name=\"twitter:data1\" content=\"ulqini\" \/>\n\t<meta name=\"twitter:label2\" content=\"Est. reading time\" \/>\n\t<meta name=\"twitter:data2\" content=\"2 minutes\" \/>\n<script type=\"application\/ld+json\" class=\"yoast-schema-graph\">{\"@context\":\"https:\/\/schema.org\",\"@graph\":[{\"@type\":\"WebSite\",\"@id\":\"https:\/\/www.visit-ulcinj.com\/blog\/#website\",\"url\":\"https:\/\/www.visit-ulcinj.com\/blog\/\",\"name\":\"Lajme nga Ulqini\",\"description\":\"Lajme,Vijesti,Ulqini,Ulqin,Crna Gora,Mali i Zi\",\"potentialAction\":[{\"@type\":\"SearchAction\",\"target\":{\"@type\":\"EntryPoint\",\"urlTemplate\":\"https:\/\/www.visit-ulcinj.com\/blog\/?s={search_term_string}\"},\"query-input\":\"required name=search_term_string\"}],\"inLanguage\":\"en-US\"},{\"@type\":\"WebPage\",\"@id\":\"https:\/\/www.visit-ulcinj.com\/blog\/2016\/04\/20\/ulqinaket-joshin-kosovaret-per-pushime\/#webpage\",\"url\":\"https:\/\/www.visit-ulcinj.com\/blog\/2016\/04\/20\/ulqinaket-joshin-kosovaret-per-pushime\/\",\"name\":\"Ulqinak\u00ebt joshin kosovar\u00ebt p\u00ebr pushime - Lajme nga Ulqini\",\"isPartOf\":{\"@id\":\"https:\/\/www.visit-ulcinj.com\/blog\/#website\"},\"datePublished\":\"2016-04-20T16:37:53+00:00\",\"dateModified\":\"2016-04-21T14:11:38+00:00\",\"author\":{\"@id\":\"https:\/\/www.visit-ulcinj.com\/blog\/#\/schema\/person\/dcab619c614d3038751c63bc2aadc06d\"},\"description\":\"Me ngritjen e temperaturave\u00a0 jo vet\u00ebm qytetar\u00ebt, por edhe pronar\u00ebt e \u00a0fush\u00ebs s\u00eb hotelieris\u00eb, \u00a0organizata e agjcionet turiztike dhe Komuna e Ulqinit, kan\u00eb\",\"breadcrumb\":{\"@id\":\"https:\/\/www.visit-ulcinj.com\/blog\/2016\/04\/20\/ulqinaket-joshin-kosovaret-per-pushime\/#breadcrumb\"},\"inLanguage\":\"en-US\",\"potentialAction\":[{\"@type\":\"ReadAction\",\"target\":[\"https:\/\/www.visit-ulcinj.com\/blog\/2016\/04\/20\/ulqinaket-joshin-kosovaret-per-pushime\/\"]}]},{\"@type\":\"BreadcrumbList\",\"@id\":\"https:\/\/www.visit-ulcinj.com\/blog\/2016\/04\/20\/ulqinaket-joshin-kosovaret-per-pushime\/#breadcrumb\",\"itemListElement\":[{\"@type\":\"ListItem\",\"position\":1,\"name\":\"Ulqinak\u00ebt joshin kosovar\u00ebt p\u00ebr pushime\"}]},{\"@type\":\"Person\",\"@id\":\"https:\/\/www.visit-ulcinj.com\/blog\/#\/schema\/person\/dcab619c614d3038751c63bc2aadc06d\",\"name\":\"ulqini\",\"sameAs\":[\"http:\/\/www.visit-ulcinj.com\"],\"url\":\"https:\/\/www.visit-ulcinj.com\/blog\/author\/admin\/\"}]}<\/script>\n<!-- \/ Yoast SEO plugin. -->","yoast_head_json":{"title":"Ulqinak\u00ebt joshin kosovar\u00ebt p\u00ebr pushime - Lajme nga Ulqini","description":"Me ngritjen e temperaturave\u00a0 jo vet\u00ebm qytetar\u00ebt, por edhe pronar\u00ebt e \u00a0fush\u00ebs s\u00eb hotelieris\u00eb, \u00a0organizata e agjcionet turiztike dhe Komuna e Ulqinit, kan\u00eb","robots":{"index":"index","follow":"follow","max-snippet":"max-snippet:-1","max-image-preview":"max-image-preview:large","max-video-preview":"max-video-preview:-1"},"canonical":"https:\/\/www.visit-ulcinj.com\/blog\/2016\/04\/20\/ulqinaket-joshin-kosovaret-per-pushime\/","og_locale":"en_US","og_type":"article","og_title":"Ulqinak\u00ebt joshin kosovar\u00ebt p\u00ebr pushime - Lajme nga Ulqini","og_description":"Me ngritjen e temperaturave\u00a0 jo vet\u00ebm qytetar\u00ebt, por edhe pronar\u00ebt e \u00a0fush\u00ebs s\u00eb hotelieris\u00eb, \u00a0organizata e agjcionet turiztike dhe Komuna e Ulqinit, kan\u00eb","og_url":"https:\/\/www.visit-ulcinj.com\/blog\/2016\/04\/20\/ulqinaket-joshin-kosovaret-per-pushime\/","og_site_name":"Lajme nga Ulqini","article_published_time":"2016-04-20T16:37:53+00:00","article_modified_time":"2016-04-21T14:11:38+00:00","twitter_misc":{"Written by":"ulqini","Est. reading time":"2 minutes"},"schema":{"@context":"https:\/\/schema.org","@graph":[{"@type":"WebSite","@id":"https:\/\/www.visit-ulcinj.com\/blog\/#website","url":"https:\/\/www.visit-ulcinj.com\/blog\/","name":"Lajme nga Ulqini","description":"Lajme,Vijesti,Ulqini,Ulqin,Crna Gora,Mali i Zi","potentialAction":[{"@type":"SearchAction","target":{"@type":"EntryPoint","urlTemplate":"https:\/\/www.visit-ulcinj.com\/blog\/?s={search_term_string}"},"query-input":"required name=search_term_string"}],"inLanguage":"en-US"},{"@type":"WebPage","@id":"https:\/\/www.visit-ulcinj.com\/blog\/2016\/04\/20\/ulqinaket-joshin-kosovaret-per-pushime\/#webpage","url":"https:\/\/www.visit-ulcinj.com\/blog\/2016\/04\/20\/ulqinaket-joshin-kosovaret-per-pushime\/","name":"Ulqinak\u00ebt joshin kosovar\u00ebt p\u00ebr pushime - Lajme nga Ulqini","isPartOf":{"@id":"https:\/\/www.visit-ulcinj.com\/blog\/#website"},"datePublished":"2016-04-20T16:37:53+00:00","dateModified":"2016-04-21T14:11:38+00:00","author":{"@id":"https:\/\/www.visit-ulcinj.com\/blog\/#\/schema\/person\/dcab619c614d3038751c63bc2aadc06d"},"description":"Me ngritjen e temperaturave\u00a0 jo vet\u00ebm qytetar\u00ebt, por edhe pronar\u00ebt e \u00a0fush\u00ebs s\u00eb hotelieris\u00eb, \u00a0organizata e agjcionet turiztike dhe Komuna e Ulqinit, kan\u00eb","breadcrumb":{"@id":"https:\/\/www.visit-ulcinj.com\/blog\/2016\/04\/20\/ulqinaket-joshin-kosovaret-per-pushime\/#breadcrumb"},"inLanguage":"en-US","potentialAction":[{"@type":"ReadAction","target":["https:\/\/www.visit-ulcinj.com\/blog\/2016\/04\/20\/ulqinaket-joshin-kosovaret-per-pushime\/"]}]},{"@type":"BreadcrumbList","@id":"https:\/\/www.visit-ulcinj.com\/blog\/2016\/04\/20\/ulqinaket-joshin-kosovaret-per-pushime\/#breadcrumb","itemListElement":[{"@type":"ListItem","position":1,"name":"Ulqinak\u00ebt joshin kosovar\u00ebt p\u00ebr pushime"}]},{"@type":"Person","@id":"https:\/\/www.visit-ulcinj.com\/blog\/#\/schema\/person\/dcab619c614d3038751c63bc2aadc06d","name":"ulqini","sameAs":["http:\/\/www.visit-ulcinj.com"],"url":"https:\/\/www.visit-ulcinj.com\/blog\/author\/admin\/"}]}},"jetpack_featured_media_url":"","jetpack_sharing_enabled":true,"jetpack_shortlink":"https:\/\/wp.me\/pe6lTn-p4y","_links":{"self":[{"href":"https:\/\/www.visit-ulcinj.com\/blog\/wp-json\/wp\/v2\/posts\/96382"}],"collection":[{"href":"https:\/\/www.visit-ulcinj.com\/blog\/wp-json\/wp\/v2\/posts"}],"about":[{"href":"https:\/\/www.visit-ulcinj.com\/blog\/wp-json\/wp\/v2\/types\/post"}],"author":[{"embeddable":true,"href":"https:\/\/www.visit-ulcinj.com\/blog\/wp-json\/wp\/v2\/users\/1"}],"replies":[{"embeddable":true,"href":"https:\/\/www.visit-ulcinj.com\/blog\/wp-json\/wp\/v2\/comments?post=96382"}],"version-history":[{"count":2,"href":"https:\/\/www.visit-ulcinj.com\/blog\/wp-json\/wp\/v2\/posts\/96382\/revisions"}],"predecessor-version":[{"id":96394,"href":"https:\/\/www.visit-ulcinj.com\/blog\/wp-json\/wp\/v2\/posts\/96382\/revisions\/96394"}],"wp:attachment":[{"href":"https:\/\/www.visit-ulcinj.com\/blog\/wp-json\/wp\/v2\/media?parent=96382"}],"wp:term":[{"taxonomy":"category","embeddable":true,"href":"https:\/\/www.visit-ulcinj.com\/blog\/wp-json\/wp\/v2\/categories?post=96382"},{"taxonomy":"post_tag","embeddable":true,"href":"https:\/\/www.visit-ulcinj.com\/blog\/wp-json\/wp\/v2\/tags?post=96382"}],"curies":[{"name":"wp","href":"https:\/\/api.w.org\/{rel}","templated":true}]}}