{"id":96387,"date":"2016-04-20T18:06:57","date_gmt":"2016-04-20T17:06:57","guid":{"rendered":"http:\/\/www.visit-ulcinj.com\/blog\/?p=96387"},"modified":"2016-04-26T10:09:09","modified_gmt":"2016-04-26T09:09:09","slug":"nishani-dekoron-cafo-beg-ulqinin-titullin-kalores-urdhrit-te-skenderbeut","status":"publish","type":"post","link":"https:\/\/www.visit-ulcinj.com\/blog\/2016\/04\/20\/nishani-dekoron-cafo-beg-ulqinin-titullin-kalores-urdhrit-te-skenderbeut\/","title":{"rendered":"Nishani dekoron Cafo Beg Ulqinin me Titullin \u201cKalor\u00ebs i Urdhrit t\u00eb Sk\u00ebnderbeut\u201d &#8211; Video"},"content":{"rendered":"<p><strong><a href=\"http:\/\/www.visit-ulcinj.com\/blog\/wp-content\/uploads\/2016\/04\/Cafo_Beg_Ulqini-1.jpg\"><img loading=\"lazy\" class=\"alignleft wp-image-96388\" src=\"http:\/\/www.visit-ulcinj.com\/blog\/wp-content\/uploads\/2016\/04\/Cafo_Beg_Ulqini-1.jpg\" alt=\"Cafo_Beg_Ulqini-1\" width=\"508\" height=\"748\" srcset=\"https:\/\/www.visit-ulcinj.com\/blog\/wp-content\/uploads\/2016\/04\/Cafo_Beg_Ulqini-1.jpg 484w, https:\/\/www.visit-ulcinj.com\/blog\/wp-content\/uploads\/2016\/04\/Cafo_Beg_Ulqini-1-204x300.jpg 204w\" sizes=\"(max-width: 508px) 100vw, 508px\" \/><\/a>Presidenti i Republik\u00ebs, Bujar Nishani vler\u00ebson luft\u00ebtar\u00eb e atdhetar\u00eb t\u00eb shquar t\u00eb q\u00ebndres\u00ebs dhe \u00e7\u00ebshtjes komb\u00ebtare shqiptare<\/strong><\/p>\n<p>N\u00eb nj\u00eb ceremoni solemne, t\u00eb mbajtur n\u00eb Institucionin e Presidentit t\u00eb Republik\u00ebs, Kreu i Shtetit, Sh.T.Z. Bujar Nishani vler\u00ebsoi sot disa prej figurave m\u00eb t\u00eb shquara t\u00eb Ulqinit, Mal\u00ebsis\u00eb s\u00eb Gjakov\u00ebs e t\u00eb trojeve t\u00eb tjera shqiptare, atdhetar\u00eb e prij\u00ebs aktiv\u00eb me ndikim t\u00eb madh n\u00eb q\u00ebndres\u00ebn komb\u00ebtare dhe \u00e7\u00ebshtjen shqiptare.<\/p>\n<p><a href=\"http:\/\/www.visit-ulcinj.com\/blog\/wp-content\/uploads\/2016\/04\/Cafo_Beg_Ulqini-Pas-vdekjes.jpg\"><img loading=\"lazy\" class=\"alignleft wp-image-96490\" src=\"http:\/\/www.visit-ulcinj.com\/blog\/wp-content\/uploads\/2016\/04\/Cafo_Beg_Ulqini-Pas-vdekjes.jpg\" alt=\"Cafo_Beg_Ulqini-Pas vdekjes\" width=\"508\" height=\"508\" srcset=\"https:\/\/www.visit-ulcinj.com\/blog\/wp-content\/uploads\/2016\/04\/Cafo_Beg_Ulqini-Pas-vdekjes.jpg 960w, https:\/\/www.visit-ulcinj.com\/blog\/wp-content\/uploads\/2016\/04\/Cafo_Beg_Ulqini-Pas-vdekjes-150x150.jpg 150w, https:\/\/www.visit-ulcinj.com\/blog\/wp-content\/uploads\/2016\/04\/Cafo_Beg_Ulqini-Pas-vdekjes-300x300.jpg 300w\" sizes=\"(max-width: 508px) 100vw, 508px\" \/><\/a><\/p>\n<p><a href=\"http:\/\/www.visit-ulcinj.com\/blog\/wp-content\/uploads\/2016\/04\/Bujar-Nishani-dekoron-Cafo-Beg-Ulqinin-Cungu.jpg\"><img loading=\"lazy\" class=\"alignleft wp-image-96389\" src=\"http:\/\/www.visit-ulcinj.com\/blog\/wp-content\/uploads\/2016\/04\/Bujar-Nishani-dekoron-Cafo-Beg-Ulqinin-Cungu.jpg\" alt=\"Bujar-Nishani dekoron Cafo Beg Ulqinin-Cungu\" width=\"508\" height=\"336\" srcset=\"https:\/\/www.visit-ulcinj.com\/blog\/wp-content\/uploads\/2016\/04\/Bujar-Nishani-dekoron-Cafo-Beg-Ulqinin-Cungu.jpg 840w, https:\/\/www.visit-ulcinj.com\/blog\/wp-content\/uploads\/2016\/04\/Bujar-Nishani-dekoron-Cafo-Beg-Ulqinin-Cungu-300x199.jpg 300w\" sizes=\"(max-width: 508px) 100vw, 508px\" \/><\/a><\/p>\n<p>Gjithashtu n\u00eb k\u00ebt\u00eb veprimtari vler\u00ebsimi dhe nderimi historik, Kreu i Shtetit shqiptar vler\u00ebsoi Kryetarin e par\u00eb shqiptar t\u00eb Ulqinit, <strong>Cafo Beg-Ulqinin (pas vdekjes)<\/strong> me <strong>Titullin \u201cKalor\u00ebs i Urdhrit t\u00eb Sk\u00ebnderbeut\u201d<\/strong> me motivacionin <em>\u201cN\u00eb nderim t\u00eb figur\u00ebs s\u00eb tij t\u00eb respektuar, t\u00eb atdhetarizmit e veprimtaris\u00eb s\u00eb tij politike dhe patriotike, si Kryetar i Par\u00eb Shqiptar i Bashkis\u00eb s\u00eb Ulqinit p\u00ebr dy dekada n\u00eb mes t\u00eb dy luft\u00ebrave bot\u00ebrore, si dhe deputet i Ulqinit n\u00eb Parlamentin e Shqip\u00ebris\u00eb, para Luft\u00ebs s\u00eb Dyt\u00eb Bot\u00ebrore, frym\u00ebzim p\u00ebr komb\u00ebtarizim dhe atdhedashuri\u201d<\/em>;<\/p>\n<p>N\u00eb k\u00ebt\u00eb ceremoni ku ishin t\u00eb pranish\u00ebm Ambasadori i Kosov\u00ebs Ramiz Lladrovci, deputet\u00eb t\u00eb Kuvendit t\u00eb Shqip\u00ebris\u00eb, familjar\u00eb dhe personalitete nga Kosova dhe viset e tjera t\u00eb banuara nga shqiptar\u00ebt n\u00eb rajon, Presidenti Nishani nderoi <strong>Binak Alin\u00eb (pas vdekjes)<\/strong> me <strong>Titullin \u201cKalor\u00ebs i Urdhrit t\u00eb Sk\u00ebnderbeut\u201d<\/strong> me motivacionin <em>\u201cN\u00eb vler\u00ebsim t\u00eb figur\u00ebs s\u00eb tij t\u00eb shquar si prij\u00ebs popullor i kryengritjeve anti-osmane t\u00eb Mal\u00ebsis\u00eb s\u00eb Gjakov\u00ebs dhe Rrafshit t\u00eb Dukagjinit, n\u00eb vitet 1840-1880, atdhetar e p\u00ebrfaq\u00ebsues i Mal\u00ebsis\u00eb s\u00eb Gjakov\u00ebs n\u00eb Lidhjen e Prizrenit, si dhe p\u00ebr rolin e \u00e7muar si pleqnar i men\u00e7ur, nd\u00ebrmjet\u00ebs e pajtues i shum\u00eb gjaqeve e mosmarr\u00ebveshjeve n\u00eb gjith\u00eb Veriun e vendit dhe Kosov\u00eb\u201d<\/em> si dhe <strong>Ali Ib\u00ebr Nezaj (pas vdekjes)<\/strong> me <strong>Titullin \u201cKalor\u00ebs i Urdhrit t\u00eb Sk\u00ebnderbeut\u201d<\/strong>: <em>\u201cN\u00eb vler\u00ebsim t\u00eb figur\u00ebs s\u00eb tij t\u00eb shquar si atdhetar e prij\u00ebs aktiv me ndikim t\u00eb madh n\u00eb q\u00ebndres\u00ebn komb\u00ebtare shqiptare t\u00eb fundit t\u00eb shekullit XIX, si nj\u00eb nga figurat qendrore t\u00eb Lidhjes s\u00eb Prizrenit, p\u00ebrfaq\u00ebsues i denj\u00eb i mal\u00ebsor\u00ebve t\u00eb Krasniqes dhe mbar\u00eb Mal\u00ebsis\u00eb s\u00eb Gjakov\u00ebs\u201d.<\/em><\/p>\n<p><a href=\"http:\/\/www.visit-ulcinj.com\/blog\/wp-content\/uploads\/2016\/04\/Bujar-Nishani-dekoron-Cafo-Beg-Ulqinin-Cungu-1.jpg\"><img loading=\"lazy\" class=\"alignleft wp-image-96390\" src=\"http:\/\/www.visit-ulcinj.com\/blog\/wp-content\/uploads\/2016\/04\/Bujar-Nishani-dekoron-Cafo-Beg-Ulqinin-Cungu-1.jpg\" alt=\"Bujar-Nishani dekoron Cafo Beg Ulqinin-Cungu-1\" width=\"508\" height=\"334\" srcset=\"https:\/\/www.visit-ulcinj.com\/blog\/wp-content\/uploads\/2016\/04\/Bujar-Nishani-dekoron-Cafo-Beg-Ulqinin-Cungu-1.jpg 840w, https:\/\/www.visit-ulcinj.com\/blog\/wp-content\/uploads\/2016\/04\/Bujar-Nishani-dekoron-Cafo-Beg-Ulqinin-Cungu-1-300x198.jpg 300w\" sizes=\"(max-width: 508px) 100vw, 508px\" \/><\/a><\/p>\n<p><strong>Isa Demajn (pas vdekjes)<\/strong> me <strong>Titullin \u201cKalor\u00ebs i Urdhrit t\u00eb Sk\u00ebnderbeut\u201d<\/strong> <em>\u201cN\u00eb vler\u00ebsim t\u00eb veprimtaris\u00eb s\u00eb tij t\u00eb shquar si nj\u00eb nga organizator\u00ebt dhe prij\u00ebsit e demonstratave t\u00eb vitit 1968 n\u00eb Kosov\u00eb, n\u00eb k\u00ebrkim t\u00eb liris\u00eb, p\u00ebrdorimit t\u00eb Flamurit Komb\u00ebtar dhe gjuh\u00ebs shqipe n\u00eb administrat\u00eb, themelimit t\u00eb universitetit, p\u00ebr Kosov\u00ebn <\/em><\/p>\n<p><em>Republik\u00eb dhe vet\u00ebvendosje p\u00ebr shqiptar\u00ebt n\u00eb territoret e tyre n\u00eb ish- Jugosllavi\u201d<\/em>; si dhe <strong>Mexhid Mehmetin<\/strong> me <strong>Titullin \u201cNaim Frash\u00ebri\u201d<\/strong> <em>\u201cN\u00eb vler\u00ebsim t\u00eb figur\u00ebs s\u00eb tij t\u00eb shquar si nj\u00eb m\u00ebsimdh\u00ebn\u00ebs, poet, prozator e gazetar q\u00eb, me personalitetin e vepr\u00ebn e tij, ka frym\u00ebzuar e frym\u00ebzon brezat e rinj jo vet\u00ebm n\u00eb Lugin\u00ebn e Preshev\u00ebs, por dhe n\u00eb mbar\u00eb trojet shqiptare\u201d.<\/em><\/p>\n<div><strong> President.al <\/strong><strong>\u00a9 Republika e Shqip\u00ebris\u00eb 2013<\/strong><\/div>\n<p><iframe loading=\"lazy\" frameborder=\"0\" width=\"508\" height=\"315\" src=\"\/\/www.dailymotion.com\/embed\/video\/x46deq1?autoPlay=1\" allowfullscreen><\/iframe><\/p>\n","protected":false},"excerpt":{"rendered":"<p>Presidenti i Republik\u00ebs, Bujar Nishani vler\u00ebson luft\u00ebtar\u00eb e atdhetar\u00eb t\u00eb shquar t\u00eb q\u00ebndres\u00ebs dhe \u00e7\u00ebshtjes komb\u00ebtare shqiptare N\u00eb nj\u00eb ceremoni solemne, t\u00eb mbajtur n\u00eb Institucionin e Presidentit t\u00eb Republik\u00ebs, Kreu i Shtetit, Sh.T.Z. Bujar Nishani vler\u00ebsoi sot disa prej figurave m\u00eb t\u00eb shquara t\u00eb Ulqinit, Mal\u00ebsis\u00eb s\u00eb Gjakov\u00ebs e t\u00eb trojeve t\u00eb tjera shqiptare, atdhetar\u00eb [&hellip;]<\/p>\n","protected":false},"author":1,"featured_media":0,"comment_status":"closed","ping_status":"closed","sticky":false,"template":"","format":"standard","meta":{"spay_email":"","jetpack_publicize_message":"","jetpack_is_tweetstorm":false,"jetpack_publicize_feature_enabled":true},"categories":[7],"tags":[],"jetpack_publicize_connections":[],"yoast_head":"<!-- This site is optimized with the Yoast SEO plugin v19.1 - https:\/\/yoast.com\/wordpress\/plugins\/seo\/ -->\n<title>Nishani dekoron Cafo Beg Ulqinin me Titullin \u201cKalor\u00ebs i Urdhrit t\u00eb Sk\u00ebnderbeut\u201d - Video - Lajme nga Ulqini<\/title>\n<meta name=\"description\" content=\"Presidenti i Republik\u00ebs, Bujar Nishani vler\u00ebson luft\u00ebtar\u00eb e atdhetar\u00eb t\u00eb shquar t\u00eb q\u00ebndres\u00ebs dhe \u00e7\u00ebshtjes komb\u00ebtare shqiptare N\u00eb nj\u00eb ceremoni solemne, t\u00eb\" \/>\n<meta name=\"robots\" content=\"index, follow, max-snippet:-1, max-image-preview:large, max-video-preview:-1\" \/>\n<link rel=\"canonical\" href=\"https:\/\/www.visit-ulcinj.com\/blog\/2016\/04\/20\/nishani-dekoron-cafo-beg-ulqinin-titullin-kalores-urdhrit-te-skenderbeut\/\" \/>\n<meta property=\"og:locale\" content=\"en_US\" \/>\n<meta property=\"og:type\" content=\"article\" \/>\n<meta property=\"og:title\" content=\"Nishani dekoron Cafo Beg Ulqinin me Titullin \u201cKalor\u00ebs i Urdhrit t\u00eb Sk\u00ebnderbeut\u201d - Video - Lajme nga Ulqini\" \/>\n<meta property=\"og:description\" content=\"Presidenti i Republik\u00ebs, Bujar Nishani vler\u00ebson luft\u00ebtar\u00eb e atdhetar\u00eb t\u00eb shquar t\u00eb q\u00ebndres\u00ebs dhe \u00e7\u00ebshtjes komb\u00ebtare shqiptare N\u00eb nj\u00eb ceremoni solemne, t\u00eb\" \/>\n<meta property=\"og:url\" content=\"https:\/\/www.visit-ulcinj.com\/blog\/2016\/04\/20\/nishani-dekoron-cafo-beg-ulqinin-titullin-kalores-urdhrit-te-skenderbeut\/\" \/>\n<meta property=\"og:site_name\" content=\"Lajme nga Ulqini\" \/>\n<meta property=\"article:published_time\" content=\"2016-04-20T17:06:57+00:00\" \/>\n<meta property=\"article:modified_time\" content=\"2016-04-26T09:09:09+00:00\" \/>\n<meta property=\"og:image\" content=\"http:\/\/www.visit-ulcinj.com\/blog\/wp-content\/uploads\/2016\/04\/Cafo_Beg_Ulqini-1.jpg\" \/>\n<meta name=\"twitter:label1\" content=\"Written by\" \/>\n\t<meta name=\"twitter:data1\" content=\"ulqini\" \/>\n\t<meta name=\"twitter:label2\" content=\"Est. reading time\" \/>\n\t<meta name=\"twitter:data2\" content=\"3 minutes\" \/>\n<script type=\"application\/ld+json\" class=\"yoast-schema-graph\">{\"@context\":\"https:\/\/schema.org\",\"@graph\":[{\"@type\":\"WebSite\",\"@id\":\"https:\/\/www.visit-ulcinj.com\/blog\/#website\",\"url\":\"https:\/\/www.visit-ulcinj.com\/blog\/\",\"name\":\"Lajme nga Ulqini\",\"description\":\"Lajme,Vijesti,Ulqini,Ulqin,Crna Gora,Mali i Zi\",\"potentialAction\":[{\"@type\":\"SearchAction\",\"target\":{\"@type\":\"EntryPoint\",\"urlTemplate\":\"https:\/\/www.visit-ulcinj.com\/blog\/?s={search_term_string}\"},\"query-input\":\"required name=search_term_string\"}],\"inLanguage\":\"en-US\"},{\"@type\":\"ImageObject\",\"inLanguage\":\"en-US\",\"@id\":\"https:\/\/www.visit-ulcinj.com\/blog\/2016\/04\/20\/nishani-dekoron-cafo-beg-ulqinin-titullin-kalores-urdhrit-te-skenderbeut\/#primaryimage\",\"url\":\"https:\/\/www.visit-ulcinj.com\/blog\/wp-content\/uploads\/2016\/04\/Cafo_Beg_Ulqini-1.jpg\",\"contentUrl\":\"https:\/\/www.visit-ulcinj.com\/blog\/wp-content\/uploads\/2016\/04\/Cafo_Beg_Ulqini-1.jpg\",\"width\":484,\"height\":713},{\"@type\":\"WebPage\",\"@id\":\"https:\/\/www.visit-ulcinj.com\/blog\/2016\/04\/20\/nishani-dekoron-cafo-beg-ulqinin-titullin-kalores-urdhrit-te-skenderbeut\/#webpage\",\"url\":\"https:\/\/www.visit-ulcinj.com\/blog\/2016\/04\/20\/nishani-dekoron-cafo-beg-ulqinin-titullin-kalores-urdhrit-te-skenderbeut\/\",\"name\":\"Nishani dekoron Cafo Beg Ulqinin me Titullin \u201cKalor\u00ebs i Urdhrit t\u00eb Sk\u00ebnderbeut\u201d - Video - Lajme nga Ulqini\",\"isPartOf\":{\"@id\":\"https:\/\/www.visit-ulcinj.com\/blog\/#website\"},\"primaryImageOfPage\":{\"@id\":\"https:\/\/www.visit-ulcinj.com\/blog\/2016\/04\/20\/nishani-dekoron-cafo-beg-ulqinin-titullin-kalores-urdhrit-te-skenderbeut\/#primaryimage\"},\"datePublished\":\"2016-04-20T17:06:57+00:00\",\"dateModified\":\"2016-04-26T09:09:09+00:00\",\"author\":{\"@id\":\"https:\/\/www.visit-ulcinj.com\/blog\/#\/schema\/person\/dcab619c614d3038751c63bc2aadc06d\"},\"description\":\"Presidenti i Republik\u00ebs, Bujar Nishani vler\u00ebson luft\u00ebtar\u00eb e atdhetar\u00eb t\u00eb shquar t\u00eb q\u00ebndres\u00ebs dhe \u00e7\u00ebshtjes komb\u00ebtare shqiptare N\u00eb nj\u00eb ceremoni solemne, t\u00eb\",\"breadcrumb\":{\"@id\":\"https:\/\/www.visit-ulcinj.com\/blog\/2016\/04\/20\/nishani-dekoron-cafo-beg-ulqinin-titullin-kalores-urdhrit-te-skenderbeut\/#breadcrumb\"},\"inLanguage\":\"en-US\",\"potentialAction\":[{\"@type\":\"ReadAction\",\"target\":[\"https:\/\/www.visit-ulcinj.com\/blog\/2016\/04\/20\/nishani-dekoron-cafo-beg-ulqinin-titullin-kalores-urdhrit-te-skenderbeut\/\"]}]},{\"@type\":\"BreadcrumbList\",\"@id\":\"https:\/\/www.visit-ulcinj.com\/blog\/2016\/04\/20\/nishani-dekoron-cafo-beg-ulqinin-titullin-kalores-urdhrit-te-skenderbeut\/#breadcrumb\",\"itemListElement\":[{\"@type\":\"ListItem\",\"position\":1,\"name\":\"Nishani dekoron Cafo Beg Ulqinin me Titullin \u201cKalor\u00ebs i Urdhrit t\u00eb Sk\u00ebnderbeut\u201d &#8211; Video\"}]},{\"@type\":\"Person\",\"@id\":\"https:\/\/www.visit-ulcinj.com\/blog\/#\/schema\/person\/dcab619c614d3038751c63bc2aadc06d\",\"name\":\"ulqini\",\"sameAs\":[\"http:\/\/www.visit-ulcinj.com\"],\"url\":\"https:\/\/www.visit-ulcinj.com\/blog\/author\/admin\/\"}]}<\/script>\n<!-- \/ Yoast SEO plugin. -->","yoast_head_json":{"title":"Nishani dekoron Cafo Beg Ulqinin me Titullin \u201cKalor\u00ebs i Urdhrit t\u00eb Sk\u00ebnderbeut\u201d - Video - Lajme nga Ulqini","description":"Presidenti i Republik\u00ebs, Bujar Nishani vler\u00ebson luft\u00ebtar\u00eb e atdhetar\u00eb t\u00eb shquar t\u00eb q\u00ebndres\u00ebs dhe \u00e7\u00ebshtjes komb\u00ebtare shqiptare N\u00eb nj\u00eb ceremoni solemne, t\u00eb","robots":{"index":"index","follow":"follow","max-snippet":"max-snippet:-1","max-image-preview":"max-image-preview:large","max-video-preview":"max-video-preview:-1"},"canonical":"https:\/\/www.visit-ulcinj.com\/blog\/2016\/04\/20\/nishani-dekoron-cafo-beg-ulqinin-titullin-kalores-urdhrit-te-skenderbeut\/","og_locale":"en_US","og_type":"article","og_title":"Nishani dekoron Cafo Beg Ulqinin me Titullin \u201cKalor\u00ebs i Urdhrit t\u00eb Sk\u00ebnderbeut\u201d - Video - Lajme nga Ulqini","og_description":"Presidenti i Republik\u00ebs, Bujar Nishani vler\u00ebson luft\u00ebtar\u00eb e atdhetar\u00eb t\u00eb shquar t\u00eb q\u00ebndres\u00ebs dhe \u00e7\u00ebshtjes komb\u00ebtare shqiptare N\u00eb nj\u00eb ceremoni solemne, t\u00eb","og_url":"https:\/\/www.visit-ulcinj.com\/blog\/2016\/04\/20\/nishani-dekoron-cafo-beg-ulqinin-titullin-kalores-urdhrit-te-skenderbeut\/","og_site_name":"Lajme nga Ulqini","article_published_time":"2016-04-20T17:06:57+00:00","article_modified_time":"2016-04-26T09:09:09+00:00","og_image":[{"url":"http:\/\/www.visit-ulcinj.com\/blog\/wp-content\/uploads\/2016\/04\/Cafo_Beg_Ulqini-1.jpg"}],"twitter_misc":{"Written by":"ulqini","Est. reading time":"3 minutes"},"schema":{"@context":"https:\/\/schema.org","@graph":[{"@type":"WebSite","@id":"https:\/\/www.visit-ulcinj.com\/blog\/#website","url":"https:\/\/www.visit-ulcinj.com\/blog\/","name":"Lajme nga Ulqini","description":"Lajme,Vijesti,Ulqini,Ulqin,Crna Gora,Mali i Zi","potentialAction":[{"@type":"SearchAction","target":{"@type":"EntryPoint","urlTemplate":"https:\/\/www.visit-ulcinj.com\/blog\/?s={search_term_string}"},"query-input":"required name=search_term_string"}],"inLanguage":"en-US"},{"@type":"ImageObject","inLanguage":"en-US","@id":"https:\/\/www.visit-ulcinj.com\/blog\/2016\/04\/20\/nishani-dekoron-cafo-beg-ulqinin-titullin-kalores-urdhrit-te-skenderbeut\/#primaryimage","url":"https:\/\/www.visit-ulcinj.com\/blog\/wp-content\/uploads\/2016\/04\/Cafo_Beg_Ulqini-1.jpg","contentUrl":"https:\/\/www.visit-ulcinj.com\/blog\/wp-content\/uploads\/2016\/04\/Cafo_Beg_Ulqini-1.jpg","width":484,"height":713},{"@type":"WebPage","@id":"https:\/\/www.visit-ulcinj.com\/blog\/2016\/04\/20\/nishani-dekoron-cafo-beg-ulqinin-titullin-kalores-urdhrit-te-skenderbeut\/#webpage","url":"https:\/\/www.visit-ulcinj.com\/blog\/2016\/04\/20\/nishani-dekoron-cafo-beg-ulqinin-titullin-kalores-urdhrit-te-skenderbeut\/","name":"Nishani dekoron Cafo Beg Ulqinin me Titullin \u201cKalor\u00ebs i Urdhrit t\u00eb Sk\u00ebnderbeut\u201d - Video - Lajme nga Ulqini","isPartOf":{"@id":"https:\/\/www.visit-ulcinj.com\/blog\/#website"},"primaryImageOfPage":{"@id":"https:\/\/www.visit-ulcinj.com\/blog\/2016\/04\/20\/nishani-dekoron-cafo-beg-ulqinin-titullin-kalores-urdhrit-te-skenderbeut\/#primaryimage"},"datePublished":"2016-04-20T17:06:57+00:00","dateModified":"2016-04-26T09:09:09+00:00","author":{"@id":"https:\/\/www.visit-ulcinj.com\/blog\/#\/schema\/person\/dcab619c614d3038751c63bc2aadc06d"},"description":"Presidenti i Republik\u00ebs, Bujar Nishani vler\u00ebson luft\u00ebtar\u00eb e atdhetar\u00eb t\u00eb shquar t\u00eb q\u00ebndres\u00ebs dhe \u00e7\u00ebshtjes komb\u00ebtare shqiptare N\u00eb nj\u00eb ceremoni solemne, t\u00eb","breadcrumb":{"@id":"https:\/\/www.visit-ulcinj.com\/blog\/2016\/04\/20\/nishani-dekoron-cafo-beg-ulqinin-titullin-kalores-urdhrit-te-skenderbeut\/#breadcrumb"},"inLanguage":"en-US","potentialAction":[{"@type":"ReadAction","target":["https:\/\/www.visit-ulcinj.com\/blog\/2016\/04\/20\/nishani-dekoron-cafo-beg-ulqinin-titullin-kalores-urdhrit-te-skenderbeut\/"]}]},{"@type":"BreadcrumbList","@id":"https:\/\/www.visit-ulcinj.com\/blog\/2016\/04\/20\/nishani-dekoron-cafo-beg-ulqinin-titullin-kalores-urdhrit-te-skenderbeut\/#breadcrumb","itemListElement":[{"@type":"ListItem","position":1,"name":"Nishani dekoron Cafo Beg Ulqinin me Titullin \u201cKalor\u00ebs i Urdhrit t\u00eb Sk\u00ebnderbeut\u201d &#8211; Video"}]},{"@type":"Person","@id":"https:\/\/www.visit-ulcinj.com\/blog\/#\/schema\/person\/dcab619c614d3038751c63bc2aadc06d","name":"ulqini","sameAs":["http:\/\/www.visit-ulcinj.com"],"url":"https:\/\/www.visit-ulcinj.com\/blog\/author\/admin\/"}]}},"jetpack_featured_media_url":"","jetpack_sharing_enabled":true,"jetpack_shortlink":"https:\/\/wp.me\/pe6lTn-p4D","_links":{"self":[{"href":"https:\/\/www.visit-ulcinj.com\/blog\/wp-json\/wp\/v2\/posts\/96387"}],"collection":[{"href":"https:\/\/www.visit-ulcinj.com\/blog\/wp-json\/wp\/v2\/posts"}],"about":[{"href":"https:\/\/www.visit-ulcinj.com\/blog\/wp-json\/wp\/v2\/types\/post"}],"author":[{"embeddable":true,"href":"https:\/\/www.visit-ulcinj.com\/blog\/wp-json\/wp\/v2\/users\/1"}],"replies":[{"embeddable":true,"href":"https:\/\/www.visit-ulcinj.com\/blog\/wp-json\/wp\/v2\/comments?post=96387"}],"version-history":[{"count":6,"href":"https:\/\/www.visit-ulcinj.com\/blog\/wp-json\/wp\/v2\/posts\/96387\/revisions"}],"predecessor-version":[{"id":96552,"href":"https:\/\/www.visit-ulcinj.com\/blog\/wp-json\/wp\/v2\/posts\/96387\/revisions\/96552"}],"wp:attachment":[{"href":"https:\/\/www.visit-ulcinj.com\/blog\/wp-json\/wp\/v2\/media?parent=96387"}],"wp:term":[{"taxonomy":"category","embeddable":true,"href":"https:\/\/www.visit-ulcinj.com\/blog\/wp-json\/wp\/v2\/categories?post=96387"},{"taxonomy":"post_tag","embeddable":true,"href":"https:\/\/www.visit-ulcinj.com\/blog\/wp-json\/wp\/v2\/tags?post=96387"}],"curies":[{"name":"wp","href":"https:\/\/api.w.org\/{rel}","templated":true}]}}