{"id":96395,"date":"2016-04-21T14:31:04","date_gmt":"2016-04-21T13:31:04","guid":{"rendered":"http:\/\/www.visit-ulcinj.com\/blog\/?p=96395"},"modified":"2016-04-21T14:33:21","modified_gmt":"2016-04-21T13:33:21","slug":"fuad-lamezevic-formirati-sekretarijat-za-poljoprivredu-u-ulcinju","status":"publish","type":"post","link":"https:\/\/www.visit-ulcinj.com\/blog\/2016\/04\/21\/fuad-lamezevic-formirati-sekretarijat-za-poljoprivredu-u-ulcinju\/","title":{"rendered":"Fuad Lame\u017eevi\u0107: Formirati Sekretarijat za poljoprivredu u Ulcinju"},"content":{"rendered":"<p><strong><a href=\"http:\/\/www.visit-ulcinj.com\/blog\/wp-content\/uploads\/2016\/04\/Fuad-Lamezevic-pozitivna-Ulcinj.jpg\"><img loading=\"lazy\" class=\"alignleft wp-image-96160\" src=\"http:\/\/www.visit-ulcinj.com\/blog\/wp-content\/uploads\/2016\/04\/Fuad-Lamezevic-pozitivna-Ulcinj.jpg\" alt=\"Fuad-Lamezevic-pozitivna-Ulcinj\" width=\"1\" height=\"1\" srcset=\"https:\/\/www.visit-ulcinj.com\/blog\/wp-content\/uploads\/2016\/04\/Fuad-Lamezevic-pozitivna-Ulcinj.jpg 999w, https:\/\/www.visit-ulcinj.com\/blog\/wp-content\/uploads\/2016\/04\/Fuad-Lamezevic-pozitivna-Ulcinj-150x150.jpg 150w, https:\/\/www.visit-ulcinj.com\/blog\/wp-content\/uploads\/2016\/04\/Fuad-Lamezevic-pozitivna-Ulcinj-300x200.jpg 300w\" sizes=\"(max-width: 1px) 100vw, 1px\" \/><\/a><\/strong><\/p>\n<div><a href=\"http:\/\/www.visit-ulcinj.com\/blog\/wp-content\/uploads\/2016\/04\/Fuad-Lamezevic-pozitivna-Ulcinj.jpg\"><img loading=\"lazy\" class=\"alignleft wp-image-96160\" src=\"http:\/\/www.visit-ulcinj.com\/blog\/wp-content\/uploads\/2016\/04\/Fuad-Lamezevic-pozitivna-Ulcinj.jpg\" alt=\"Fuad-Lamezevic-pozitivna-Ulcinj\" width=\"508\" height=\"339\" srcset=\"https:\/\/www.visit-ulcinj.com\/blog\/wp-content\/uploads\/2016\/04\/Fuad-Lamezevic-pozitivna-Ulcinj.jpg 999w, https:\/\/www.visit-ulcinj.com\/blog\/wp-content\/uploads\/2016\/04\/Fuad-Lamezevic-pozitivna-Ulcinj-300x200.jpg 300w\" sizes=\"(max-width: 508px) 100vw, 508px\" \/><\/a><\/div>\n<div><strong>Pozitivna Crna Gora za rje\u0161enje problema ulcinjskih poljoprivrednika vidi u formiranju Sekretarijata za poljoprivredu.<\/strong><\/p>\n<p>Sekretarijat bi kao nosilac razvoja omogu\u0107io izradu strategije i plana na osnovu kojih bi se u mnogome olak\u0161alo poljoprivrednicima Ulcinja. Na taj na\u010din bi se uspostavila kvalitetnija komunikacija izme\u0111u op\u0161tine i resornog ministarstva, kao i zna\u010dajno ve\u0107a finansijska podr\u0161ka poljoprivrednicima.<\/p>\n<p>Op\u0161tina Ulcinj, pored turizma ima ogromnu razvojnu \u0161ansu kroz poljoprivredu i toga nadle\u017eni treba da budu svjesni.<br \/>\nStoga, \u0107e Pozitivna pokrenuti kampanju kako bi gra\u0111ane i stanovnike seoskih podru\u010dja Ulcinja upoznala sa Modalitetima izlaska iz krize i programom razvoja poljoprivrede.<br \/>\n od nadle\u017enih da \u0107e, u interesu gra\u0111ana i Ulcinja, razmotriti \u00a0program razvoja i inicijativu o formiranju sekretarijata za poljoprivredu, koje \u0107emo im dostaviti na uvid.<\/p>\n<p><strong>Izvor: pozitivnacrnagora.me<\/strong><\/p>\n","protected":false},"excerpt":{"rendered":"<p>Pozitivna Crna Gora za rje\u0161enje problema ulcinjskih poljoprivrednika vidi u formiranju Sekretarijata za poljoprivredu. Sekretarijat bi kao nosilac razvoja omogu\u0107io izradu strategije i plana na osnovu kojih bi se u mnogome olak\u0161alo poljoprivrednicima Ulcinja. Na taj na\u010din bi se uspostavila kvalitetnija komunikacija izme\u0111u op\u0161tine i resornog ministarstva, kao i zna\u010dajno ve\u0107a finansijska podr\u0161ka poljoprivrednicima. Op\u0161tina [&hellip;]<\/p>\n","protected":false},"author":1,"featured_media":0,"comment_status":"closed","ping_status":"closed","sticky":false,"template":"","format":"standard","meta":{"spay_email":"","jetpack_publicize_message":"","jetpack_is_tweetstorm":false,"jetpack_publicize_feature_enabled":true},"categories":[8337],"tags":[],"jetpack_publicize_connections":[],"yoast_head":"<!-- This site is optimized with the Yoast SEO plugin v19.1 - https:\/\/yoast.com\/wordpress\/plugins\/seo\/ -->\n<title>Fuad Lame\u017eevi\u0107: Formirati Sekretarijat za poljoprivredu u Ulcinju - Lajme nga Ulqini<\/title>\n<meta name=\"description\" content=\"Pozitivna Crna Gora za rje\u0161enje problema ulcinjskih poljoprivrednika vidi u formiranju Sekretarijata za poljoprivredu. Sekretarijat bi kao nosilac razvoja\" \/>\n<meta name=\"robots\" content=\"index, follow, max-snippet:-1, max-image-preview:large, max-video-preview:-1\" \/>\n<link rel=\"canonical\" href=\"https:\/\/www.visit-ulcinj.com\/blog\/2016\/04\/21\/fuad-lamezevic-formirati-sekretarijat-za-poljoprivredu-u-ulcinju\/\" \/>\n<meta property=\"og:locale\" content=\"en_US\" \/>\n<meta property=\"og:type\" content=\"article\" \/>\n<meta property=\"og:title\" content=\"Fuad Lame\u017eevi\u0107: Formirati Sekretarijat za poljoprivredu u Ulcinju - Lajme nga Ulqini\" \/>\n<meta property=\"og:description\" content=\"Pozitivna Crna Gora za rje\u0161enje problema ulcinjskih poljoprivrednika vidi u formiranju Sekretarijata za poljoprivredu. Sekretarijat bi kao nosilac razvoja\" \/>\n<meta property=\"og:url\" content=\"https:\/\/www.visit-ulcinj.com\/blog\/2016\/04\/21\/fuad-lamezevic-formirati-sekretarijat-za-poljoprivredu-u-ulcinju\/\" \/>\n<meta property=\"og:site_name\" content=\"Lajme nga Ulqini\" \/>\n<meta property=\"article:published_time\" content=\"2016-04-21T13:31:04+00:00\" \/>\n<meta property=\"article:modified_time\" content=\"2016-04-21T13:33:21+00:00\" \/>\n<meta property=\"og:image\" content=\"http:\/\/www.visit-ulcinj.com\/blog\/wp-content\/uploads\/2016\/04\/Fuad-Lamezevic-pozitivna-Ulcinj.jpg\" \/>\n<meta name=\"twitter:label1\" content=\"Written by\" \/>\n\t<meta name=\"twitter:data1\" content=\"ulqini\" \/>\n\t<meta name=\"twitter:label2\" content=\"Est. reading time\" \/>\n\t<meta name=\"twitter:data2\" content=\"1 minute\" \/>\n<script type=\"application\/ld+json\" class=\"yoast-schema-graph\">{\"@context\":\"https:\/\/schema.org\",\"@graph\":[{\"@type\":\"WebSite\",\"@id\":\"https:\/\/www.visit-ulcinj.com\/blog\/#website\",\"url\":\"https:\/\/www.visit-ulcinj.com\/blog\/\",\"name\":\"Lajme nga Ulqini\",\"description\":\"Lajme,Vijesti,Ulqini,Ulqin,Crna Gora,Mali i Zi\",\"potentialAction\":[{\"@type\":\"SearchAction\",\"target\":{\"@type\":\"EntryPoint\",\"urlTemplate\":\"https:\/\/www.visit-ulcinj.com\/blog\/?s={search_term_string}\"},\"query-input\":\"required name=search_term_string\"}],\"inLanguage\":\"en-US\"},{\"@type\":\"ImageObject\",\"inLanguage\":\"en-US\",\"@id\":\"https:\/\/www.visit-ulcinj.com\/blog\/2016\/04\/21\/fuad-lamezevic-formirati-sekretarijat-za-poljoprivredu-u-ulcinju\/#primaryimage\",\"url\":\"https:\/\/www.visit-ulcinj.com\/blog\/wp-content\/uploads\/2016\/04\/Fuad-Lamezevic-pozitivna-Ulcinj.jpg\",\"contentUrl\":\"https:\/\/www.visit-ulcinj.com\/blog\/wp-content\/uploads\/2016\/04\/Fuad-Lamezevic-pozitivna-Ulcinj.jpg\",\"width\":999,\"height\":667},{\"@type\":\"WebPage\",\"@id\":\"https:\/\/www.visit-ulcinj.com\/blog\/2016\/04\/21\/fuad-lamezevic-formirati-sekretarijat-za-poljoprivredu-u-ulcinju\/#webpage\",\"url\":\"https:\/\/www.visit-ulcinj.com\/blog\/2016\/04\/21\/fuad-lamezevic-formirati-sekretarijat-za-poljoprivredu-u-ulcinju\/\",\"name\":\"Fuad Lame\u017eevi\u0107: Formirati Sekretarijat za poljoprivredu u Ulcinju - Lajme nga Ulqini\",\"isPartOf\":{\"@id\":\"https:\/\/www.visit-ulcinj.com\/blog\/#website\"},\"primaryImageOfPage\":{\"@id\":\"https:\/\/www.visit-ulcinj.com\/blog\/2016\/04\/21\/fuad-lamezevic-formirati-sekretarijat-za-poljoprivredu-u-ulcinju\/#primaryimage\"},\"datePublished\":\"2016-04-21T13:31:04+00:00\",\"dateModified\":\"2016-04-21T13:33:21+00:00\",\"author\":{\"@id\":\"https:\/\/www.visit-ulcinj.com\/blog\/#\/schema\/person\/dcab619c614d3038751c63bc2aadc06d\"},\"description\":\"Pozitivna Crna Gora za rje\u0161enje problema ulcinjskih poljoprivrednika vidi u formiranju Sekretarijata za poljoprivredu. Sekretarijat bi kao nosilac razvoja\",\"breadcrumb\":{\"@id\":\"https:\/\/www.visit-ulcinj.com\/blog\/2016\/04\/21\/fuad-lamezevic-formirati-sekretarijat-za-poljoprivredu-u-ulcinju\/#breadcrumb\"},\"inLanguage\":\"en-US\",\"potentialAction\":[{\"@type\":\"ReadAction\",\"target\":[\"https:\/\/www.visit-ulcinj.com\/blog\/2016\/04\/21\/fuad-lamezevic-formirati-sekretarijat-za-poljoprivredu-u-ulcinju\/\"]}]},{\"@type\":\"BreadcrumbList\",\"@id\":\"https:\/\/www.visit-ulcinj.com\/blog\/2016\/04\/21\/fuad-lamezevic-formirati-sekretarijat-za-poljoprivredu-u-ulcinju\/#breadcrumb\",\"itemListElement\":[{\"@type\":\"ListItem\",\"position\":1,\"name\":\"Fuad Lame\u017eevi\u0107: Formirati Sekretarijat za poljoprivredu u Ulcinju\"}]},{\"@type\":\"Person\",\"@id\":\"https:\/\/www.visit-ulcinj.com\/blog\/#\/schema\/person\/dcab619c614d3038751c63bc2aadc06d\",\"name\":\"ulqini\",\"sameAs\":[\"http:\/\/www.visit-ulcinj.com\"],\"url\":\"https:\/\/www.visit-ulcinj.com\/blog\/author\/admin\/\"}]}<\/script>\n<!-- \/ Yoast SEO plugin. -->","yoast_head_json":{"title":"Fuad Lame\u017eevi\u0107: Formirati Sekretarijat za poljoprivredu u Ulcinju - Lajme nga Ulqini","description":"Pozitivna Crna Gora za rje\u0161enje problema ulcinjskih poljoprivrednika vidi u formiranju Sekretarijata za poljoprivredu. Sekretarijat bi kao nosilac razvoja","robots":{"index":"index","follow":"follow","max-snippet":"max-snippet:-1","max-image-preview":"max-image-preview:large","max-video-preview":"max-video-preview:-1"},"canonical":"https:\/\/www.visit-ulcinj.com\/blog\/2016\/04\/21\/fuad-lamezevic-formirati-sekretarijat-za-poljoprivredu-u-ulcinju\/","og_locale":"en_US","og_type":"article","og_title":"Fuad Lame\u017eevi\u0107: Formirati Sekretarijat za poljoprivredu u Ulcinju - Lajme nga Ulqini","og_description":"Pozitivna Crna Gora za rje\u0161enje problema ulcinjskih poljoprivrednika vidi u formiranju Sekretarijata za poljoprivredu. Sekretarijat bi kao nosilac razvoja","og_url":"https:\/\/www.visit-ulcinj.com\/blog\/2016\/04\/21\/fuad-lamezevic-formirati-sekretarijat-za-poljoprivredu-u-ulcinju\/","og_site_name":"Lajme nga Ulqini","article_published_time":"2016-04-21T13:31:04+00:00","article_modified_time":"2016-04-21T13:33:21+00:00","og_image":[{"url":"http:\/\/www.visit-ulcinj.com\/blog\/wp-content\/uploads\/2016\/04\/Fuad-Lamezevic-pozitivna-Ulcinj.jpg"}],"twitter_misc":{"Written by":"ulqini","Est. reading time":"1 minute"},"schema":{"@context":"https:\/\/schema.org","@graph":[{"@type":"WebSite","@id":"https:\/\/www.visit-ulcinj.com\/blog\/#website","url":"https:\/\/www.visit-ulcinj.com\/blog\/","name":"Lajme nga Ulqini","description":"Lajme,Vijesti,Ulqini,Ulqin,Crna Gora,Mali i Zi","potentialAction":[{"@type":"SearchAction","target":{"@type":"EntryPoint","urlTemplate":"https:\/\/www.visit-ulcinj.com\/blog\/?s={search_term_string}"},"query-input":"required name=search_term_string"}],"inLanguage":"en-US"},{"@type":"ImageObject","inLanguage":"en-US","@id":"https:\/\/www.visit-ulcinj.com\/blog\/2016\/04\/21\/fuad-lamezevic-formirati-sekretarijat-za-poljoprivredu-u-ulcinju\/#primaryimage","url":"https:\/\/www.visit-ulcinj.com\/blog\/wp-content\/uploads\/2016\/04\/Fuad-Lamezevic-pozitivna-Ulcinj.jpg","contentUrl":"https:\/\/www.visit-ulcinj.com\/blog\/wp-content\/uploads\/2016\/04\/Fuad-Lamezevic-pozitivna-Ulcinj.jpg","width":999,"height":667},{"@type":"WebPage","@id":"https:\/\/www.visit-ulcinj.com\/blog\/2016\/04\/21\/fuad-lamezevic-formirati-sekretarijat-za-poljoprivredu-u-ulcinju\/#webpage","url":"https:\/\/www.visit-ulcinj.com\/blog\/2016\/04\/21\/fuad-lamezevic-formirati-sekretarijat-za-poljoprivredu-u-ulcinju\/","name":"Fuad Lame\u017eevi\u0107: Formirati Sekretarijat za poljoprivredu u Ulcinju - Lajme nga Ulqini","isPartOf":{"@id":"https:\/\/www.visit-ulcinj.com\/blog\/#website"},"primaryImageOfPage":{"@id":"https:\/\/www.visit-ulcinj.com\/blog\/2016\/04\/21\/fuad-lamezevic-formirati-sekretarijat-za-poljoprivredu-u-ulcinju\/#primaryimage"},"datePublished":"2016-04-21T13:31:04+00:00","dateModified":"2016-04-21T13:33:21+00:00","author":{"@id":"https:\/\/www.visit-ulcinj.com\/blog\/#\/schema\/person\/dcab619c614d3038751c63bc2aadc06d"},"description":"Pozitivna Crna Gora za rje\u0161enje problema ulcinjskih poljoprivrednika vidi u formiranju Sekretarijata za poljoprivredu. Sekretarijat bi kao nosilac razvoja","breadcrumb":{"@id":"https:\/\/www.visit-ulcinj.com\/blog\/2016\/04\/21\/fuad-lamezevic-formirati-sekretarijat-za-poljoprivredu-u-ulcinju\/#breadcrumb"},"inLanguage":"en-US","potentialAction":[{"@type":"ReadAction","target":["https:\/\/www.visit-ulcinj.com\/blog\/2016\/04\/21\/fuad-lamezevic-formirati-sekretarijat-za-poljoprivredu-u-ulcinju\/"]}]},{"@type":"BreadcrumbList","@id":"https:\/\/www.visit-ulcinj.com\/blog\/2016\/04\/21\/fuad-lamezevic-formirati-sekretarijat-za-poljoprivredu-u-ulcinju\/#breadcrumb","itemListElement":[{"@type":"ListItem","position":1,"name":"Fuad Lame\u017eevi\u0107: Formirati Sekretarijat za poljoprivredu u Ulcinju"}]},{"@type":"Person","@id":"https:\/\/www.visit-ulcinj.com\/blog\/#\/schema\/person\/dcab619c614d3038751c63bc2aadc06d","name":"ulqini","sameAs":["http:\/\/www.visit-ulcinj.com"],"url":"https:\/\/www.visit-ulcinj.com\/blog\/author\/admin\/"}]}},"jetpack_featured_media_url":"","jetpack_sharing_enabled":true,"jetpack_shortlink":"https:\/\/wp.me\/pe6lTn-p4L","_links":{"self":[{"href":"https:\/\/www.visit-ulcinj.com\/blog\/wp-json\/wp\/v2\/posts\/96395"}],"collection":[{"href":"https:\/\/www.visit-ulcinj.com\/blog\/wp-json\/wp\/v2\/posts"}],"about":[{"href":"https:\/\/www.visit-ulcinj.com\/blog\/wp-json\/wp\/v2\/types\/post"}],"author":[{"embeddable":true,"href":"https:\/\/www.visit-ulcinj.com\/blog\/wp-json\/wp\/v2\/users\/1"}],"replies":[{"embeddable":true,"href":"https:\/\/www.visit-ulcinj.com\/blog\/wp-json\/wp\/v2\/comments?post=96395"}],"version-history":[{"count":3,"href":"https:\/\/www.visit-ulcinj.com\/blog\/wp-json\/wp\/v2\/posts\/96395\/revisions"}],"predecessor-version":[{"id":96398,"href":"https:\/\/www.visit-ulcinj.com\/blog\/wp-json\/wp\/v2\/posts\/96395\/revisions\/96398"}],"wp:attachment":[{"href":"https:\/\/www.visit-ulcinj.com\/blog\/wp-json\/wp\/v2\/media?parent=96395"}],"wp:term":[{"taxonomy":"category","embeddable":true,"href":"https:\/\/www.visit-ulcinj.com\/blog\/wp-json\/wp\/v2\/categories?post=96395"},{"taxonomy":"post_tag","embeddable":true,"href":"https:\/\/www.visit-ulcinj.com\/blog\/wp-json\/wp\/v2\/tags?post=96395"}],"curies":[{"name":"wp","href":"https:\/\/api.w.org\/{rel}","templated":true}]}}